{"id":18747,"date":"2023-02-20T16:00:27","date_gmt":"2023-02-20T15:00:27","guid":{"rendered":"https:\/\/ahorn-camp.de\/?p=18747"},"modified":"2023-03-14T12:08:12","modified_gmt":"2023-03-14T11:08:12","slug":"operation-de-plantation-darbres","status":"publish","type":"post","link":"https:\/\/ahorn-camp.de\/fr\/baumpflanzaktion\/","title":{"rendered":"1000 nouveaux arbres pour la d\u00e9tente en for\u00eat de Mutterstadt"},"content":{"rendered":"<div class=\"wpb-content-wrapper\" id=\"wpb-content-root\"><div class=\"vc_row wpb_row vc_row-fluid\"><div class=\"wpb_column vc_column_container vc_col-sm-12\"><div class=\"vc_column-inner\"><div class=\"wpb_wrapper\"><div class=\"vc_row wpb_row vc_inner vc_row-fluid\"><div class=\"wpb_column vc_column_container vc_col-sm-6\"><div class=\"vc_column-inner\"><div class=\"wpb_wrapper\">\n\t<div class=\"wpb_text_column wpb_content_element\" >\n\t\t<div class=\"wpb_wrapper\">\n\t\t\t<p><span style=\"color: #1b508c;\"><strong>Spire.<\/strong><\/span> \u201e Nous sommes heureux d'avoir trouv\u00e9 un partenaire en la personne du constructeur de camping-cars AHORN Camp, qui s'engage \u00e0 nos c\u00f4t\u00e9s en faveur de la protection de l'environnement et du climat \u201c, explique Albert M\u00e4rkl, fondateur et pr\u00e9sident de l'association nationale WOHNmobil f\u00fcr Klimaschutz e.V.<\/p>\n<p>L'association \u00e0 but non lucratif, compos\u00e9e de camping-caristes et de campeurs, contribue de mani\u00e8re significative \u00e0 la protection de l'environnement et du climat gr\u00e2ce \u00e0 ses actions. \u201e Si nous prot\u00e9geons notre nature, nous prot\u00e9geons \u00e9galement notre climat \u201c, souligne M\u00e4rkl. Les campeurs actifs donnent et plantent des arbres dans toute l'Allemagne pour former une for\u00eat mixte climatiquement stable \u2013 pr\u00e8s de 5 000 jeunes plants jusqu'\u00e0 pr\u00e9sent \u2013 contribuant ainsi \u00e0 la protection d'habitats importants, tels que les tourbi\u00e8res et les vergers. De plus, l'association a cr\u00e9\u00e9 une certification \u00c9CO pour les aires de stationnement de camping-cars, r\u00e9compensant ainsi celles qui sont am\u00e9nag\u00e9es de mani\u00e8re \u00e9cologique.<\/p>\n<p>Pour son engagement, l'association recherche des partenaires dans le secteur du caravaning. L'entreprise AHORN Camp, bas\u00e9e \u00e0 Speyer, soutient les activit\u00e9s des campeurs depuis l'ann\u00e9e derni\u00e8re. \u201e En tant qu'entreprise, nous sommes conscients de notre responsabilit\u00e9 sociale en mati\u00e8re de protection du climat \u201c, d\u00e9clare Alexander Reichmann, directeur d'AHORN Camp. \u201e C'est pourquoi nous sommes ravis de reboiser les for\u00eats de notre r\u00e9gion en collaboration avec Wohnmobil f\u00fcr Klimaschutz. Les for\u00eats sont les poumons de la Terre. Et pour nous, les camping-cars et la protection du climat vont clairement de pair.<\/p>\n<p>Le vendredi 10 mars 2023, une premi\u00e8re op\u00e9ration commune de plantation d&#x27;arbres \u00e9tait au programme. Sous la houlette experte du garde forestier M. Georg Spang, des membres de l\u2019association et des collaboratrices et collaborateurs d\u2019AHORN Camp 750 ont plant\u00e9 des arbres offerts dans une parcelle de la for\u00eat de loisirs de Mutterstadt. Des partenaires commerciaux de Ahorn Camp ainsi que des repr\u00e9sentants de la presse et des responsables politiques r\u00e9gionaux \u00e9taient \u00e9galement pr\u00e9sents. Cela renforce non seulement la for\u00eat, mais aussi l&#x27;esprit communautaire et les \u00e9changes entre toutes les personnes impliqu\u00e9es.<\/p>\n<p>Toutes les informations sur le club : <strong><a href=\"http:\/\/www.wohnmobil-fuer-klimaschutz.de\" target=\"_blank\" rel=\"noopener\">www.wohnmobil-pour-la-protection-du-climat.de<\/a><\/strong><\/p>\n\n\t\t<\/div>\n\t<\/div>\n<\/div><\/div><\/div><div class=\"wpb_column vc_column_container vc_col-sm-6\"><div class=\"vc_column-inner\"><div class=\"wpb_wrapper\">\n\t<div  class=\"wpb_single_image wpb_content_element vc_align_left wpb_content_element\">\n\t\t\n\t\t<figure class=\"wpb_wrapper vc_figure\">\n\t\t\t<div class=\"vc_single_image-wrapper\"><img fetchpriority=\"high\" decoding=\"async\" width=\"1024\" height=\"668\" src=\"https:\/\/ahorn-camp.de\/wp-content\/uploads\/2023\/02\/Wohnmobil-fuer-Klimaschutza-1024x668.png\" class=\"vc_single_image-img attachment-large\" alt=\"Op\u00e9ration de plantation d&#039;arbres par Ahorn Camp et camping-car pour la protection du climat\" title=\"Op\u00e9ration de plantation d&#039;arbres par Ahorn Camp et camping-car pour la protection du climat\" srcset=\"https:\/\/ahorn-camp.de\/wp-content\/uploads\/2023\/02\/Wohnmobil-fuer-Klimaschutza-1024x668.png 1024w, https:\/\/ahorn-camp.de\/wp-content\/uploads\/2023\/02\/Wohnmobil-fuer-Klimaschutza-300x196.png 300w, https:\/\/ahorn-camp.de\/wp-content\/uploads\/2023\/02\/Wohnmobil-fuer-Klimaschutza-768x501.png 768w, https:\/\/ahorn-camp.de\/wp-content\/uploads\/2023\/02\/Wohnmobil-fuer-Klimaschutza-800x522.png 800w, https:\/\/ahorn-camp.de\/wp-content\/uploads\/2023\/02\/Wohnmobil-fuer-Klimaschutza-1536x1003.png 1536w, https:\/\/ahorn-camp.de\/wp-content\/uploads\/2023\/02\/Wohnmobil-fuer-Klimaschutza.png 1633w\" sizes=\"(max-width: 1024px) 100vw, 1024px\" \/><\/div>\n\t\t<\/figure>\n\t<\/div>\n<h3 style=\"text-align: left\" class=\"vc_custom_heading vc_do_custom_heading\" >T\u00c9L\u00c9CHARGER<\/h3>\n\t<div class=\"wpb_text_column wpb_content_element\" >\n\t\t<div class=\"wpb_wrapper\">\n\t\t\t<p><a href=\"https:\/\/ahorn-camp.de\/wp-content\/uploads\/2023\/03\/Pressemitteilung_Baumpflanzaktion-1.pdf\" target=\"_blank\" rel=\"noopener\">Communiqu\u00e9 de presse | PDF<\/a><br \/>\n<a href=\"https:\/\/www.dropbox.com\/scl\/fo\/ykufkd4m4m6sa37xo9wld\/h?dl=0&amp;rlkey=p30iknoztuvmyqky17wzp9egh\" target=\"_blank\" rel=\"noopener\">Mat\u00e9riel visuel | JPEG<\/a><\/p>\n\n\t\t<\/div>\n\t<\/div>\n<h3 style=\"text-align: left\" class=\"vc_custom_heading vc_do_custom_heading\" >CONTACT PRESSE<\/h3>\n\t<div class=\"wpb_text_column wpb_content_element\" >\n\t\t<div class=\"wpb_wrapper\">\n\t\t\t<p>Michelle Christin List<br \/>\nResponsable RP et Communication<br \/>\nE-Mail : m.list@ahorn-camp.de<br \/>\nT\u00e9l : +49 (0) 6232 10028 161<\/p>\n<p>Franziska Reichmann<br \/>\nResponsable du Marketing<br \/>\nCourriel : f.reichmann@ahorn-camp.de<br \/>\nT\u00e9l. : +49 (0) 6232 \/ 10028-165<br \/>\nFax : +49 (0) 6232 \/ 10028-105<\/p>\n\n\t\t<\/div>\n\t<\/div>\n<\/div><\/div><\/div><\/div><\/div><\/div><\/div><\/div>\n<\/div>","protected":false},"excerpt":{"rendered":"<p>Ahorn Camp lance une grande campagne de plantation d'arbres avec l'association Wohnmobil f\u00fcr Klimaschutz dans le refuge forestier de Mutterstadt pr\u00e8s de Spire et plante 1000 arbres.<\/p>","protected":false},"author":2,"featured_media":18750,"comment_status":"closed","ping_status":"closed","sticky":false,"template":"","format":"standard","meta":{"content-type":"","footnotes":""},"categories":[593,54,277,67],"tags":[],"class_list":["post-18747","post","type-post","status-publish","format-standard","has-post-thumbnail","hentry","category-auszeichnungen","category-messetermine","category-pressemitteilungen","category-unternehmen"],"yoast_head":"<!-- This site is optimized with the Yoast SEO plugin v28.4 - https:\/\/yoast.com\/product\/yoast-seo-wordpress\/ -->\n<title>1000 neue B\u00e4ume f\u00fcr die Walderholung Mutterstadt<\/title>\n<meta name=\"description\" content=\"Ahorn Camp startet gemeinsam mit dem Verein Wohnmobil f\u00fcr Klimaschutz eine gro\u00dfe Baumpflanzaktion in der Walderholung Mutterstadt bei Speyer.\" \/>\n<meta name=\"robots\" content=\"index, follow, max-snippet:-1, max-image-preview:large, max-video-preview:-1\" \/>\n<link rel=\"canonical\" href=\"https:\/\/ahorn-camp.de\/fr\/operation-de-plantation-darbres\/\" \/>\n<meta property=\"og:locale\" content=\"fr_FR\" \/>\n<meta property=\"og:type\" content=\"article\" \/>\n<meta property=\"og:title\" content=\"1000 neue B\u00e4ume f\u00fcr die Walderholung Mutterstadt\" \/>\n<meta property=\"og:description\" content=\"Ahorn Camp startet gemeinsam mit dem Verein Wohnmobil f\u00fcr Klimaschutz eine gro\u00dfe Baumpflanzaktion in der Walderholung Mutterstadt bei Speyer.\" \/>\n<meta property=\"og:url\" content=\"https:\/\/ahorn-camp.de\/fr\/operation-de-plantation-darbres\/\" \/>\n<meta property=\"og:site_name\" content=\"Ahorn Camp | Reisemobile und Kastenwagen\" \/>\n<meta property=\"article:publisher\" content=\"https:\/\/www.facebook.com\/ahorn.wohnmobile\/\" \/>\n<meta property=\"article:published_time\" content=\"2023-02-20T15:00:27+00:00\" \/>\n<meta property=\"article:modified_time\" content=\"2023-03-14T11:08:12+00:00\" \/>\n<meta property=\"og:image\" content=\"https:\/\/ahorn-camp.de\/wp-content\/uploads\/2023\/02\/Wohnmobil-fuer-Klimaschutza-1024x668.png\" \/>\n\t<meta property=\"og:image:width\" content=\"1024\" \/>\n\t<meta property=\"og:image:height\" content=\"668\" \/>\n\t<meta property=\"og:image:type\" content=\"image\/png\" \/>\n<meta name=\"author\" content=\"ahorn_admin\" \/>\n<meta name=\"twitter:card\" content=\"summary_large_image\" \/>\n<meta name=\"twitter:label1\" content=\"\u00c9crit par\" \/>\n\t<meta name=\"twitter:data1\" content=\"ahorn_admin\" \/>\n\t<meta name=\"twitter:label2\" content=\"Dur\u00e9e de lecture estim\u00e9e\" \/>\n\t<meta name=\"twitter:data2\" content=\"2 minutes\" \/>\n<script type=\"application\/ld+json\" class=\"yoast-schema-graph\">{\"@context\":\"https:\\\/\\\/schema.org\",\"@graph\":[{\"@type\":\"Article\",\"@id\":\"https:\\\/\\\/ahorn-camp.de\\\/baumpflanzaktion\\\/#article\",\"isPartOf\":{\"@id\":\"https:\\\/\\\/ahorn-camp.de\\\/baumpflanzaktion\\\/\"},\"author\":{\"name\":\"ahorn_admin\",\"@id\":\"https:\\\/\\\/ahorn-camp.de\\\/#\\\/schema\\\/person\\\/9b60761ba82d5cb8e6db215a88925044\"},\"headline\":\"1000 neue B\u00e4ume f\u00fcr die Walderholung Mutterstadt\",\"datePublished\":\"2023-02-20T15:00:27+00:00\",\"dateModified\":\"2023-03-14T11:08:12+00:00\",\"mainEntityOfPage\":{\"@id\":\"https:\\\/\\\/ahorn-camp.de\\\/baumpflanzaktion\\\/\"},\"wordCount\":429,\"publisher\":{\"@id\":\"https:\\\/\\\/ahorn-camp.de\\\/#organization\"},\"image\":{\"@id\":\"https:\\\/\\\/ahorn-camp.de\\\/baumpflanzaktion\\\/#primaryimage\"},\"thumbnailUrl\":\"https:\\\/\\\/ahorn-camp.de\\\/wp-content\\\/uploads\\\/2023\\\/02\\\/Wohnmobil-fuer-Klimaschutza.png\",\"articleSection\":[\"Auszeichnungen\",\"Events &amp; Messen\",\"Pressemitteilungen\",\"Unternehmen\"],\"inLanguage\":\"fr-FR\"},{\"@type\":\"WebPage\",\"@id\":\"https:\\\/\\\/ahorn-camp.de\\\/baumpflanzaktion\\\/\",\"url\":\"https:\\\/\\\/ahorn-camp.de\\\/baumpflanzaktion\\\/\",\"name\":\"1000 neue B\u00e4ume f\u00fcr die Walderholung Mutterstadt\",\"isPartOf\":{\"@id\":\"https:\\\/\\\/ahorn-camp.de\\\/#website\"},\"primaryImageOfPage\":{\"@id\":\"https:\\\/\\\/ahorn-camp.de\\\/baumpflanzaktion\\\/#primaryimage\"},\"image\":{\"@id\":\"https:\\\/\\\/ahorn-camp.de\\\/baumpflanzaktion\\\/#primaryimage\"},\"thumbnailUrl\":\"https:\\\/\\\/ahorn-camp.de\\\/wp-content\\\/uploads\\\/2023\\\/02\\\/Wohnmobil-fuer-Klimaschutza.png\",\"datePublished\":\"2023-02-20T15:00:27+00:00\",\"dateModified\":\"2023-03-14T11:08:12+00:00\",\"description\":\"Ahorn Camp startet gemeinsam mit dem Verein Wohnmobil f\u00fcr Klimaschutz eine gro\u00dfe Baumpflanzaktion in der Walderholung Mutterstadt bei Speyer.\",\"breadcrumb\":{\"@id\":\"https:\\\/\\\/ahorn-camp.de\\\/baumpflanzaktion\\\/#breadcrumb\"},\"inLanguage\":\"fr-FR\",\"potentialAction\":[{\"@type\":\"ReadAction\",\"target\":[\"https:\\\/\\\/ahorn-camp.de\\\/baumpflanzaktion\\\/\"]}]},{\"@type\":\"ImageObject\",\"inLanguage\":\"fr-FR\",\"@id\":\"https:\\\/\\\/ahorn-camp.de\\\/baumpflanzaktion\\\/#primaryimage\",\"url\":\"https:\\\/\\\/ahorn-camp.de\\\/wp-content\\\/uploads\\\/2023\\\/02\\\/Wohnmobil-fuer-Klimaschutza.png\",\"contentUrl\":\"https:\\\/\\\/ahorn-camp.de\\\/wp-content\\\/uploads\\\/2023\\\/02\\\/Wohnmobil-fuer-Klimaschutza.png\",\"width\":1633,\"height\":1066,\"caption\":\"Baumpflanzaktion von Ahorn Camp und Wohnmobil f\u00fcr Klimaschutz\"},{\"@type\":\"BreadcrumbList\",\"@id\":\"https:\\\/\\\/ahorn-camp.de\\\/baumpflanzaktion\\\/#breadcrumb\",\"itemListElement\":[{\"@type\":\"ListItem\",\"position\":1,\"name\":\"Startseite\",\"item\":\"https:\\\/\\\/ahorn-camp.de\\\/\"},{\"@type\":\"ListItem\",\"position\":2,\"name\":\"1000 neue B\u00e4ume f\u00fcr die Walderholung Mutterstadt\"}]},{\"@type\":\"WebSite\",\"@id\":\"https:\\\/\\\/ahorn-camp.de\\\/#website\",\"url\":\"https:\\\/\\\/ahorn-camp.de\\\/\",\"name\":\"Ahorn Camp | Reisemobile und Kastenwagen\",\"description\":\"Seit \u00fcber 30 Jahren vermarktet das Familienunternehmen, Ahorn Camp in Speyer, erfolgreich Wohnmobile und Kastenwagen zum besten Preis-Leistungsverh\u00e4ltnis.\",\"publisher\":{\"@id\":\"https:\\\/\\\/ahorn-camp.de\\\/#organization\"},\"potentialAction\":[{\"@type\":\"SearchAction\",\"target\":{\"@type\":\"EntryPoint\",\"urlTemplate\":\"https:\\\/\\\/ahorn-camp.de\\\/?s={search_term_string}\"},\"query-input\":{\"@type\":\"PropertyValueSpecification\",\"valueRequired\":true,\"valueName\":\"search_term_string\"}}],\"inLanguage\":\"fr-FR\"},{\"@type\":\"Organization\",\"@id\":\"https:\\\/\\\/ahorn-camp.de\\\/#organization\",\"name\":\"Ahorn Camp GmbH & Co. KG\",\"url\":\"https:\\\/\\\/ahorn-camp.de\\\/\",\"logo\":{\"@type\":\"ImageObject\",\"inLanguage\":\"fr-FR\",\"@id\":\"https:\\\/\\\/ahorn-camp.de\\\/#\\\/schema\\\/logo\\\/image\\\/\",\"url\":\"https:\\\/\\\/ahorn-camp.de\\\/wp-content\\\/uploads\\\/2018\\\/12\\\/Ahorn_Logo.jpg\",\"contentUrl\":\"https:\\\/\\\/ahorn-camp.de\\\/wp-content\\\/uploads\\\/2018\\\/12\\\/Ahorn_Logo.jpg\",\"width\":1437,\"height\":1000,\"caption\":\"Ahorn Camp GmbH & Co. KG\"},\"image\":{\"@id\":\"https:\\\/\\\/ahorn-camp.de\\\/#\\\/schema\\\/logo\\\/image\\\/\"},\"sameAs\":[\"https:\\\/\\\/www.facebook.com\\\/ahorn.wohnmobile\\\/\",\"https:\\\/\\\/www.instagram.com\\\/ahorn.camp\\\/\",\"https:\\\/\\\/www.youtube.com\\\/channel\\\/UCPFbPCts1JJ_A1k9vyH0yOQ\"]},{\"@type\":\"Person\",\"@id\":\"https:\\\/\\\/ahorn-camp.de\\\/#\\\/schema\\\/person\\\/9b60761ba82d5cb8e6db215a88925044\",\"name\":\"ahorn_admin\",\"image\":{\"@type\":\"ImageObject\",\"inLanguage\":\"fr-FR\",\"@id\":\"https:\\\/\\\/secure.gravatar.com\\\/avatar\\\/d96b9a078083b0c14cee48589feadd939c3cdd66547e2f3f1569470371daaaa5?s=96&d=mm&r=g\",\"url\":\"https:\\\/\\\/secure.gravatar.com\\\/avatar\\\/d96b9a078083b0c14cee48589feadd939c3cdd66547e2f3f1569470371daaaa5?s=96&d=mm&r=g\",\"contentUrl\":\"https:\\\/\\\/secure.gravatar.com\\\/avatar\\\/d96b9a078083b0c14cee48589feadd939c3cdd66547e2f3f1569470371daaaa5?s=96&d=mm&r=g\",\"caption\":\"ahorn_admin\"},\"sameAs\":[\"http:\\\/\\\/Ahorn%20Camp\"],\"url\":\"https:\\\/\\\/ahorn-camp.de\\\/fr\\\/author\\\/ahorn_admin\\\/\"}]}<\/script>\n<!-- \/ Yoast SEO plugin. -->","yoast_head_json":{"title":"1000 nouveaux arbres pour la d\u00e9tente en for\u00eat de Mutterstadt","description":"Ahorn Camp lance, en collaboration avec l&#x27;association \u00ab Wohnmobil f\u00fcr Klimaschutz \u00bb, une grande campagne de plantation d&#x27;arbres dans la zone de loisirs foresti\u00e8re de Mutterstadt, pr\u00e8s de Spire.","robots":{"index":"index","follow":"follow","max-snippet":"max-snippet:-1","max-image-preview":"max-image-preview:large","max-video-preview":"max-video-preview:-1"},"canonical":"https:\/\/ahorn-camp.de\/fr\/operation-de-plantation-darbres\/","og_locale":"fr_FR","og_type":"article","og_title":"1000 neue B\u00e4ume f\u00fcr die Walderholung Mutterstadt","og_description":"Ahorn Camp startet gemeinsam mit dem Verein Wohnmobil f\u00fcr Klimaschutz eine gro\u00dfe Baumpflanzaktion in der Walderholung Mutterstadt bei Speyer.","og_url":"https:\/\/ahorn-camp.de\/fr\/operation-de-plantation-darbres\/","og_site_name":"Ahorn Camp | Reisemobile und Kastenwagen","article_publisher":"https:\/\/www.facebook.com\/ahorn.wohnmobile\/","article_published_time":"2023-02-20T15:00:27+00:00","article_modified_time":"2023-03-14T11:08:12+00:00","og_image":[{"width":1024,"height":668,"url":"https:\/\/ahorn-camp.de\/wp-content\/uploads\/2023\/02\/Wohnmobil-fuer-Klimaschutza-1024x668.png","type":"image\/png"}],"author":"ahorn_admin","twitter_card":"summary_large_image","twitter_misc":{"\u00c9crit par":"ahorn_admin","Dur\u00e9e de lecture estim\u00e9e":"2 minutes"},"schema":{"@context":"https:\/\/schema.org","@graph":[{"@type":"Article","@id":"https:\/\/ahorn-camp.de\/baumpflanzaktion\/#article","isPartOf":{"@id":"https:\/\/ahorn-camp.de\/baumpflanzaktion\/"},"author":{"name":"ahorn_admin","@id":"https:\/\/ahorn-camp.de\/#\/schema\/person\/9b60761ba82d5cb8e6db215a88925044"},"headline":"1000 neue B\u00e4ume f\u00fcr die Walderholung Mutterstadt","datePublished":"2023-02-20T15:00:27+00:00","dateModified":"2023-03-14T11:08:12+00:00","mainEntityOfPage":{"@id":"https:\/\/ahorn-camp.de\/baumpflanzaktion\/"},"wordCount":429,"publisher":{"@id":"https:\/\/ahorn-camp.de\/#organization"},"image":{"@id":"https:\/\/ahorn-camp.de\/baumpflanzaktion\/#primaryimage"},"thumbnailUrl":"https:\/\/ahorn-camp.de\/wp-content\/uploads\/2023\/02\/Wohnmobil-fuer-Klimaschutza.png","articleSection":["Auszeichnungen","Events &amp; Messen","Pressemitteilungen","Unternehmen"],"inLanguage":"fr-FR"},{"@type":"WebPage","@id":"https:\/\/ahorn-camp.de\/baumpflanzaktion\/","url":"https:\/\/ahorn-camp.de\/baumpflanzaktion\/","name":"1000 nouveaux arbres pour la d\u00e9tente en for\u00eat de Mutterstadt","isPartOf":{"@id":"https:\/\/ahorn-camp.de\/#website"},"primaryImageOfPage":{"@id":"https:\/\/ahorn-camp.de\/baumpflanzaktion\/#primaryimage"},"image":{"@id":"https:\/\/ahorn-camp.de\/baumpflanzaktion\/#primaryimage"},"thumbnailUrl":"https:\/\/ahorn-camp.de\/wp-content\/uploads\/2023\/02\/Wohnmobil-fuer-Klimaschutza.png","datePublished":"2023-02-20T15:00:27+00:00","dateModified":"2023-03-14T11:08:12+00:00","description":"Ahorn Camp lance, en collaboration avec l&#x27;association \u00ab Wohnmobil f\u00fcr Klimaschutz \u00bb, une grande campagne de plantation d&#x27;arbres dans la zone de loisirs foresti\u00e8re de Mutterstadt, pr\u00e8s de Spire.","breadcrumb":{"@id":"https:\/\/ahorn-camp.de\/baumpflanzaktion\/#breadcrumb"},"inLanguage":"fr-FR","potentialAction":[{"@type":"ReadAction","target":["https:\/\/ahorn-camp.de\/baumpflanzaktion\/"]}]},{"@type":"ImageObject","inLanguage":"fr-FR","@id":"https:\/\/ahorn-camp.de\/baumpflanzaktion\/#primaryimage","url":"https:\/\/ahorn-camp.de\/wp-content\/uploads\/2023\/02\/Wohnmobil-fuer-Klimaschutza.png","contentUrl":"https:\/\/ahorn-camp.de\/wp-content\/uploads\/2023\/02\/Wohnmobil-fuer-Klimaschutza.png","width":1633,"height":1066,"caption":"Baumpflanzaktion von Ahorn Camp und Wohnmobil f\u00fcr Klimaschutz"},{"@type":"BreadcrumbList","@id":"https:\/\/ahorn-camp.de\/baumpflanzaktion\/#breadcrumb","itemListElement":[{"@type":"ListItem","position":1,"name":"Startseite","item":"https:\/\/ahorn-camp.de\/"},{"@type":"ListItem","position":2,"name":"1000 neue B\u00e4ume f\u00fcr die Walderholung Mutterstadt"}]},{"@type":"WebSite","@id":"https:\/\/ahorn-camp.de\/#website","url":"https:\/\/ahorn-camp.de\/","name":"Ahorn Camp | Camping-cars et fourgons am\u00e9nag\u00e9s","description":"Depuis plus de 30 ans, l'entreprise familiale, Ahorn Camp \u00e0 Speyer, commercialise avec succ\u00e8s des camping-cars et des fourgons au meilleur rapport qualit\u00e9-prix.","publisher":{"@id":"https:\/\/ahorn-camp.de\/#organization"},"potentialAction":[{"@type":"SearchAction","target":{"@type":"EntryPoint","urlTemplate":"https:\/\/ahorn-camp.de\/?s={search_term_string}"},"query-input":{"@type":"PropertyValueSpecification","valueRequired":true,"valueName":"search_term_string"}}],"inLanguage":"fr-FR"},{"@type":"Organization","@id":"https:\/\/ahorn-camp.de\/#organization","name":"Ahorn Camp GmbH &amp; Co. KG","url":"https:\/\/ahorn-camp.de\/","logo":{"@type":"ImageObject","inLanguage":"fr-FR","@id":"https:\/\/ahorn-camp.de\/#\/schema\/logo\/image\/","url":"https:\/\/ahorn-camp.de\/wp-content\/uploads\/2018\/12\/Ahorn_Logo.jpg","contentUrl":"https:\/\/ahorn-camp.de\/wp-content\/uploads\/2018\/12\/Ahorn_Logo.jpg","width":1437,"height":1000,"caption":"Ahorn Camp GmbH & Co. KG"},"image":{"@id":"https:\/\/ahorn-camp.de\/#\/schema\/logo\/image\/"},"sameAs":["https:\/\/www.facebook.com\/ahorn.wohnmobile\/","https:\/\/www.instagram.com\/ahorn.camp\/","https:\/\/www.youtube.com\/channel\/UCPFbPCts1JJ_A1k9vyH0yOQ"]},{"@type":"Person","@id":"https:\/\/ahorn-camp.de\/#\/schema\/person\/9b60761ba82d5cb8e6db215a88925044","name":"ahorn_admin","image":{"@type":"ImageObject","inLanguage":"fr-FR","@id":"https:\/\/secure.gravatar.com\/avatar\/d96b9a078083b0c14cee48589feadd939c3cdd66547e2f3f1569470371daaaa5?s=96&d=mm&r=g","url":"https:\/\/secure.gravatar.com\/avatar\/d96b9a078083b0c14cee48589feadd939c3cdd66547e2f3f1569470371daaaa5?s=96&d=mm&r=g","contentUrl":"https:\/\/secure.gravatar.com\/avatar\/d96b9a078083b0c14cee48589feadd939c3cdd66547e2f3f1569470371daaaa5?s=96&d=mm&r=g","caption":"ahorn_admin"},"sameAs":["http:\/\/Ahorn%20Camp"],"url":"https:\/\/ahorn-camp.de\/fr\/author\/ahorn_admin\/"}]}},"_links":{"self":[{"href":"https:\/\/ahorn-camp.de\/fr\/wp-json\/wp\/v2\/posts\/18747","targetHints":{"allow":["GET"]}}],"collection":[{"href":"https:\/\/ahorn-camp.de\/fr\/wp-json\/wp\/v2\/posts"}],"about":[{"href":"https:\/\/ahorn-camp.de\/fr\/wp-json\/wp\/v2\/types\/post"}],"author":[{"embeddable":true,"href":"https:\/\/ahorn-camp.de\/fr\/wp-json\/wp\/v2\/users\/2"}],"replies":[{"embeddable":true,"href":"https:\/\/ahorn-camp.de\/fr\/wp-json\/wp\/v2\/comments?post=18747"}],"version-history":[{"count":0,"href":"https:\/\/ahorn-camp.de\/fr\/wp-json\/wp\/v2\/posts\/18747\/revisions"}],"wp:featuredmedia":[{"embeddable":true,"href":"https:\/\/ahorn-camp.de\/fr\/wp-json\/wp\/v2\/media\/18750"}],"wp:attachment":[{"href":"https:\/\/ahorn-camp.de\/fr\/wp-json\/wp\/v2\/media?parent=18747"}],"wp:term":[{"taxonomy":"category","embeddable":true,"href":"https:\/\/ahorn-camp.de\/fr\/wp-json\/wp\/v2\/categories?post=18747"},{"taxonomy":"post_tag","embeddable":true,"href":"https:\/\/ahorn-camp.de\/fr\/wp-json\/wp\/v2\/tags?post=18747"}],"curies":[{"name":"wp","href":"https:\/\/api.w.org\/{rel}","templated":true}]}}