{"id":16536,"date":"2022-06-10T16:43:09","date_gmt":"2022-06-10T14:43:09","guid":{"rendered":"https:\/\/ahorn-camp.de\/?p=16536"},"modified":"2024-09-24T10:36:24","modified_gmt":"2024-09-24T08:36:24","slug":"quel-systeme-de-porte-velos-convient-a-mon-camping-car","status":"publish","type":"post","link":"https:\/\/ahorn-camp.de\/fr\/welches-fahrradtraegersystem-passt-fuer-mein-reisemobil\/","title":{"rendered":"Quel syst\u00e8me de porte-v\u00e9los convient \u00e0 mon camping-car ?"},"content":{"rendered":"<div class=\"wpb-content-wrapper\" id=\"wpb-content-root\"><div class=\"vc_row wpb_row vc_row-fluid\"><div class=\"wpb_column vc_column_container vc_col-sm-12\"><div class=\"vc_column-inner\"><div class=\"wpb_wrapper\">\n\t<div class=\"wpb_text_column wpb_content_element\" >\n\t\t<div class=\"wpb_wrapper\">\n\t\t\t<p>Vous souhaitez votre <a href=\"https:\/\/ahorn-camp.de\/fr\/6-conseils-pour-voyager-avec-un-porte-velo-sur-un-camping-car\/\">v\u00e9lo<\/a> \u00e0 emporter en camping-car et vous demandez comment vous y prendre ? Heureusement, les camping-cars et les vans am\u00e9nag\u00e9s offrent plusieurs solutions pratiques sous la forme de diff\u00e9rents syst\u00e8mes de porte-v\u00e9los. Pour vous \u00e9viter des recherches fastidieuses, nous avons dress\u00e9 pour vous les faits essentiels concernant les diff\u00e9rents syst\u00e8mes de porte-v\u00e9los.<\/p>\n\n\t\t<\/div>\n\t<\/div>\n<\/div><\/div><\/div><\/div><div class=\"vc_row wpb_row vc_row-fluid\"><div class=\"wpb_column vc_column_container vc_col-sm-12\"><div class=\"vc_column-inner\"><div class=\"wpb_wrapper\"><h2 style=\"font-size: 18px;text-align: left\" class=\"vc_custom_heading vc_do_custom_heading\" >Exclusivement pour camping-cars : syst\u00e8mes de garage<\/h2>\n\t<div class=\"wpb_text_column wpb_content_element\" >\n\t\t<div class=\"wpb_wrapper\">\n\t\t\t<p>Une m\u00e9thode populaire pour transporter un v\u00e9lo, mais qui n'est id\u00e9ale que pour <strong>camping-cars plus grands avec garage arri\u00e8re<\/strong> proposer, c'est le transport int\u00e9rieur via le garage. Cet espace de rangement offre suffisamment de place pour ranger ses propres v\u00e9los sans porte-v\u00e9los ext\u00e9rieur. N\u00e9anmoins, m\u00eame ici, il faudrait investir dans une certaine mesure <strong>\u00c9quipement de transport<\/strong> investis, faute de quoi des dommages de frottement pourraient survenir sur le v\u00e9lo ou sur les murs du garage. On peut s\u00e9curiser ses v\u00e9los par exemple \u00e0 l'aide de <strong>Rails de sol<\/strong>, dans lesquels les v\u00e9los sans roue avant sont fix\u00e9s, ou \u00e0 l'aide de <strong>Porteurs sur tra\u00eeneaux<\/strong>, par lesquelles les roues peuvent \u00eatre support\u00e9es vers le haut ou sur le c\u00f4t\u00e9. Sur certains mod\u00e8les, les rails sont fix\u00e9s de mani\u00e8re permanente, tandis que sur d'autres, ils peuvent \u00eatre extraits, ce qui facilite encore le chargement et le d\u00e9chargement. Si vous ne souhaitez transporter votre v\u00e9lo qu'occasionnellement \u00e0 l'arri\u00e8re, un bon syst\u00e8me d'arrimage, dans lequel votre v\u00e9lo est solidement fix\u00e9 \u00e0 l'aide d'une sangle d'arrimage, est \u00e9galement suffisant.<\/p>\n<p>Les syst\u00e8mes de garage offrent l'avantage de pouvoir transporter v\u00e9los et v\u00e9los \u00e9lectriques \u00e0 l'abri des intemp\u00e9ries et des regards indiscrets \u2013 et pour les propri\u00e9taires de v\u00e9los \u00e9lectriques, ils pr\u00e9sentent l'avantage suppl\u00e9mentaire de pouvoir y installer des possibilit\u00e9s de recharge. Cependant, l'espace de rangement pour, par exemple, des meubles de camping est r\u00e9duit par cette variante.<\/p>\n\n\t\t<\/div>\n\t<\/div>\n<\/div><\/div><\/div><\/div><div class=\"vc_row wpb_row vc_row-fluid\"><div class=\"wpb_column vc_column_container vc_col-sm-6\"><div class=\"vc_column-inner\"><div class=\"wpb_wrapper\"><h2 style=\"font-size: 18px;text-align: left\" class=\"vc_custom_heading vc_do_custom_heading\" >Pour camping-cars et vans am\u00e9nag\u00e9s : montage mural arri\u00e8re<\/h2>\n\t<div class=\"wpb_text_column wpb_content_element\" >\n\t\t<div class=\"wpb_wrapper\">\n\t\t\t<p>Cette variante est une solution populaire pour le transport des v\u00e9los, tant pour les camping-cars que pour les vans am\u00e9nag\u00e9s. Le support \u00e0 v\u00e9los y est fix\u00e9 \u00e0 l'arri\u00e8re du camping-car \u00e0 l'aide de vis autotaraudeuses ou d'une perceuse \u2013 le plus souvent sur le hayon ou le ch\u00e2ssis. <strong>Particularit\u00e9s int\u00e9ressantes pour vous : <\/strong>Les porte-v\u00e9los de hayon ont un faible poids \u00e0 vide et une charge utile \u00e9lev\u00e9e. Ils peuvent donc supporter jusqu'\u00e0 60 kilogrammes de charge utile, ce qui est suffisant pour transporter en moyenne deux v\u00e9los \u00e9lectriques lourds ou quatre v\u00e9los ordinaires. Cependant, pour les fourgonnettes, la charge utile n'est que de 35 kilogrammes.<\/p>\n<p>Cependant, comme la hauteur de chargement peut \u00eatre assez \u00e9lev\u00e9e et qu'elle pose souvent des probl\u00e8mes lors du chargement de v\u00e9los plus lourds (en particulier les v\u00e9los \u00e9lectriques), il est conseill\u00e9 de rechercher des rails abaissables qui peuvent \u00eatre abaiss\u00e9s \u00e0 une hauteur confortable au moyen d'une manivelle ou d'un abaissement motoris\u00e9. Cela peut \u00e9galement rendre le processus de chargement nettement plus agr\u00e9able pour les v\u00e9los ordinaires. Les porte-v\u00e9los arri\u00e8re offrent l'avantage suppl\u00e9mentaire d'\u00eatre rapidement amovibles avec peu d'outils et \u00e9galement bon march\u00e9. Les inconv\u00e9nients sont un espacement assez \u00e9troit des rails \u00e0 partir de trois v\u00e9los et une hauteur de chargement \u00e9lev\u00e9e, dans la mesure o\u00f9 aucun abaissement n'est pr\u00e9sent.<\/p>\n\n\t\t<\/div>\n\t<\/div>\n<\/div><\/div><\/div><div class=\"wpb_column vc_column_container vc_col-sm-6\"><div class=\"vc_column-inner\"><div class=\"wpb_wrapper\"><div class=\"vc_row wpb_row vc_inner vc_row-fluid\"><div class=\"wpb_column vc_column_container vc_col-sm-12\"><div class=\"vc_column-inner\"><div class=\"wpb_wrapper\"><\/div><\/div><\/div><\/div>\n\t<div  class=\"wpb_single_image wpb_content_element vc_align_left wpb_content_element\">\n\t\t\n\t\t<figure class=\"wpb_wrapper vc_figure\">\n\t\t\t<div class=\"vc_single_image-wrapper\"><img fetchpriority=\"high\" decoding=\"async\" class=\"vc_single_image-img\" src=\"https:\/\/ahorn-camp.de\/wp-content\/uploads\/2022\/06\/thule_excellent_short_2rails_309822-1500x1190.jpg\" width=\"1500\" height=\"1190\" alt=\"Le syst\u00e8me de porte-v\u00e9los pour montage sur hayon\" title=\"La fixation murale arri\u00e8re est un syst\u00e8me de porte-v\u00e9los populaire pour les camping-cars Ahorn.\" \/><\/div><figcaption class=\"vc_figure-caption\">Le montage sur hayon est une solution populaire pour le transport de v\u00e9los, tant pour les camping-cars que pour les vans am\u00e9nag\u00e9s. <\/figcaption>\n\t\t<\/figure>\n\t<\/div>\n<\/div><\/div><\/div><\/div><div class=\"vc_row wpb_row vc_row-fluid\"><div class=\"wpb_column vc_column_container vc_col-sm-12\"><div class=\"vc_column-inner\"><div class=\"wpb_wrapper\"><h2 style=\"font-size: 18px;text-align: left\" class=\"vc_custom_heading vc_do_custom_heading\" >Montage de ch\u00e2ssis<\/h2>\n\t<div class=\"wpb_text_column wpb_content_element\" >\n\t\t<div class=\"wpb_wrapper\">\n\t\t\t<p>Avec cette option, vous n'avez pas \u00e0 vous soucier de savoir si votre porte-v\u00e9los peut supporter vos v\u00e9los \u00e9lectriques, car les porte-charges permettent de transporter des charges utiles de plus de 150 kg. Cela permet m\u00eame de transporter un scooter ou une moto plus l\u00e9gers. Contrairement au montage sur la paroi arri\u00e8re, la faible hauteur de chargement \u00e9limine \u00e9galement le probl\u00e8me du chargement et du d\u00e9chargement. Il existe n\u00e9anmoins des rails d'acc\u00e8s qui facilitent la mont\u00e9e des v\u00e9los, et notamment des v\u00e9los \u00e9lectriques. De nombreux porte-v\u00e9los peuvent \u00eatre enti\u00e8rement retir\u00e9s et, pour prot\u00e9ger la charge, de nombreux fabricants proposent des housses de protection adapt\u00e9es. Ce syst\u00e8me de portage a toutefois un prix - et un poids propre assez \u00e9lev\u00e9. De plus, il faut monter des rallonges de cadre ainsi que le syst\u00e8me \u00e9lectrique pour un \u00e9clairage suppl\u00e9mentaire. Un ressort pneumatique suppl\u00e9mentaire pour l'essieu arri\u00e8re est \u00e9galement recommand\u00e9. Important : cette variante doit absolument \u00eatre mont\u00e9e par un expert.<\/p>\n\n\t\t<\/div>\n\t<\/div>\n<\/div><\/div><\/div><\/div><div class=\"vc_row wpb_row vc_row-fluid\"><div class=\"wpb_column vc_column_container vc_col-sm-6\"><div class=\"vc_column-inner\"><div class=\"wpb_wrapper\"><h2 style=\"font-size: 18px;text-align: left\" class=\"vc_custom_heading vc_do_custom_heading\" >Porte-v\u00e9lo pour attelage de remorque<\/h2>\n\t<div class=\"wpb_text_column wpb_content_element\" >\n\t\t<div class=\"wpb_wrapper\">\n\t\t\t<p>Ceux qui poss\u00e8dent un attelage de remorque peuvent utiliser une variante de porte-v\u00e9lo tr\u00e8s simple et donc populaire et monter un porte-v\u00e9lo sur l'attelage de remorque. Celui-ci peut \u00eatre viss\u00e9 ou clips\u00e9 rapidement et facilement, puis d\u00e9viss\u00e9 tout aussi rapidement \u2013 c'est pourquoi un expert n'est pas absolument n\u00e9cessaire pour cette variante.<\/p>\n<p>Cependant, il convient de noter ici que le porte-v\u00e9lo pour attelage de remorque dispose de son propre \u00e9clairage et de sa propre plaque d'immatriculation, \u00e9tant donn\u00e9 que l'\u00e9clairage et la plaque d'immatriculation sont dissimul\u00e9s par le camping-car ou le van am\u00e9nag\u00e9. Les co\u00fbts d'acquisition se situent dans la gamme moyenne \u2013 cependant, la charge d'appui \u2013 et donc la consommation de carburant \u2013 augmente consid\u00e9rablement. Pour pouvoir toujours ouvrir les portes, un support rabattable doit \u00e9galement \u00eatre mont\u00e9 sur les vans.<\/p>\n\n\t\t<\/div>\n\t<\/div>\n<\/div><\/div><\/div><div class=\"wpb_column vc_column_container vc_col-sm-6\"><div class=\"vc_column-inner\"><div class=\"wpb_wrapper\"><div class=\"vc_row wpb_row vc_inner vc_row-fluid\"><div class=\"wpb_column vc_column_container vc_col-sm-12\"><div class=\"vc_column-inner\"><div class=\"wpb_wrapper\"><\/div><\/div><\/div><\/div>\n\t<div  class=\"wpb_single_image wpb_content_element vc_align_left wpb_content_element\">\n\t\t\n\t\t<figure class=\"wpb_wrapper vc_figure\">\n\t\t\t<div class=\"vc_single_image-wrapper\"><img decoding=\"async\" width=\"300\" height=\"300\" src=\"https:\/\/ahorn-camp.de\/wp-content\/uploads\/2022\/06\/mikro_2_4_fahrraeder-300x300.jpg\" class=\"vc_single_image-img attachment-medium\" alt=\"Un support pour porte-v\u00e9los mont\u00e9 sur la barre d&#039;attelage d&#039;un Ahorn Camp camping-car.\" title=\"Le porte-v\u00e9lo pour attelage de remorque est un syst\u00e8me de porte-v\u00e9lo populaire pour les Ahorn Camp camping-cars.\" srcset=\"https:\/\/ahorn-camp.de\/wp-content\/uploads\/2022\/06\/mikro_2_4_fahrraeder-300x300.jpg 300w, https:\/\/ahorn-camp.de\/wp-content\/uploads\/2022\/06\/mikro_2_4_fahrraeder-1024x1024.jpg 1024w, https:\/\/ahorn-camp.de\/wp-content\/uploads\/2022\/06\/mikro_2_4_fahrraeder-150x150.jpg 150w, https:\/\/ahorn-camp.de\/wp-content\/uploads\/2022\/06\/mikro_2_4_fahrraeder-768x768.jpg 768w, https:\/\/ahorn-camp.de\/wp-content\/uploads\/2022\/06\/mikro_2_4_fahrraeder-600x600.jpg 600w, https:\/\/ahorn-camp.de\/wp-content\/uploads\/2022\/06\/mikro_2_4_fahrraeder-1536x1536.jpg 1536w, https:\/\/ahorn-camp.de\/wp-content\/uploads\/2022\/06\/mikro_2_4_fahrraeder-400x400.jpg 400w, https:\/\/ahorn-camp.de\/wp-content\/uploads\/2022\/06\/mikro_2_4_fahrraeder-800x800.jpg 800w, https:\/\/ahorn-camp.de\/wp-content\/uploads\/2022\/06\/mikro_2_4_fahrraeder-100x100.jpg 100w, https:\/\/ahorn-camp.de\/wp-content\/uploads\/2022\/06\/mikro_2_4_fahrraeder.jpg 1600w\" sizes=\"(max-width: 300px) 100vw, 300px\" \/><\/div><figcaption class=\"vc_figure-caption\">Un porte-v\u00e9lo sur attelage peut \u00eatre rapidement et facilement viss\u00e9 ou fix\u00e9 sur l'attelage.<\/figcaption>\n\t\t<\/figure>\n\t<\/div>\n<\/div><\/div><\/div><\/div><div class=\"vc_row wpb_row vc_row-fluid\"><div class=\"wpb_column vc_column_container vc_col-sm-12\"><div class=\"vc_column-inner\"><div class=\"wpb_wrapper\"><h2 style=\"font-size: 18px;text-align: left\" class=\"vc_custom_heading vc_do_custom_heading\" >Pour les camping-cars : montage de portes et montage de charni\u00e8res<\/h2>\n\t<div class=\"wpb_text_column wpb_content_element\" >\n\t\t<div class=\"wpb_wrapper\">\n\t\t\t<p>Comme vous l'avez maintenant appris, il existe \u00e9galement une vari\u00e9t\u00e9 d'options pour monter un porte-v\u00e9los sur un camping-car. Les variantes de montage sur porte et de montage sur charni\u00e8re conviennent particuli\u00e8rement \u00e0 cet effet.<\/p>\n<p>Lors du montage de la porte, le support est accroch\u00e9 \u00e0 la glissi\u00e8re fix\u00e9e \u00e0 la porte arri\u00e8re droite. Le montage de la porte pr\u00e9sente l'avantage d'\u00eatre relativement peu co\u00fbteux, d'avoir un faible poids propre et d'\u00eatre rapidement amovible apr\u00e8s le montage initial. Cependant, il ne permet qu'une charge utile allant jusqu'\u00e0 35 kilogrammes et la porte ainsi que les charni\u00e8res sont fortement sollicit\u00e9es, c'est pourquoi il ne convient pas au transport de v\u00e9los \u00e9lectriques. De plus, la vue de la fen\u00eatre est obstru\u00e9e par cette variante.<\/p>\n<p>Pour le transport de v\u00e9los \u00e9lectriques, le montage du porte-v\u00e9los sur le ch\u00e2ssis ou directement sur les charni\u00e8res est appropri\u00e9. Cette derni\u00e8re variante consiste \u00e0 fixer un porte-v\u00e9los aux boulons des charni\u00e8res de porte. Cependant, celles-ci doivent \u00eatre d\u00e9verrouill\u00e9es pour pouvoir \u00eatre pivot\u00e9es. Des charges utiles plus \u00e9lev\u00e9es allant jusqu'\u00e0 60 kilogrammes sont possibles ici et les portes elles-m\u00eames ne sont pas charg\u00e9es. Cependant, ils sont plus chers et plus lourds que les porte-v\u00e9los de porte.<\/p>\n\n\t\t<\/div>\n\t<\/div>\n<\/div><\/div><\/div><\/div><div class=\"vc_row wpb_row vc_row-fluid\"><div class=\"wpb_column vc_column_container vc_col-sm-12\"><div class=\"vc_column-inner\"><div class=\"wpb_wrapper\"><h2 style=\"font-size: 18px;text-align: left\" class=\"vc_custom_heading vc_do_custom_heading\" >Alternatives au porte-v\u00e9los<\/h2>\n\t<div class=\"wpb_text_column wpb_content_element\" >\n\t\t<div class=\"wpb_wrapper\">\n\t\t\t<p>Si vous n'avez pas absolument besoin de votre v\u00e9lo normal ou de votre v\u00e9lo \u00e9lectrique en vacances et que vous souhaitez en m\u00eame temps \u00e9conomiser de l'espace et du poids, nos v\u00e9los pliants pratiques peuvent \u00eatre la solution id\u00e9ale.<\/p>\n<p>Vous d\u00e9couvrirez ici tout ce qu'il faut savoir d'autre pour emporter des v\u00e9los. Amusez-vous bien lors de votre prochaine sortie en camping avec votre v\u00e9lo.<\/p>\n\n\t\t<\/div>\n\t<\/div>\n<\/div><\/div><\/div><\/div><div class=\"vc_row wpb_row vc_row-fluid\"><div class=\"wpb_column vc_column_container vc_col-sm-12\"><div class=\"vc_column-inner\"><div class=\"wpb_wrapper\">\n\t<div class=\"wpb_text_column wpb_content_element\" >\n\t\t<div class=\"wpb_wrapper\">\n\t\t\t<p><em>Images : Thule Sweden AB \/ ALOIS KOBER GMBH<\/em><\/p>\n\n\t\t<\/div>\n\t<\/div>\n<\/div><\/div><\/div><\/div>\n<\/div>","protected":false},"excerpt":{"rendered":"<p>Vous souhaitez emmener votre v\u00e9lo en camping-car et vous vous demandez comment faire ? Heureusement, aussi bien les camping-cars que les vans am\u00e9nag\u00e9s offrent des solutions pratiques \u00e0 cet \u00e9gard sous la forme de diff\u00e9rents syst\u00e8mes de porte-v\u00e9los. Pour vous \u00e9pargner des recherches fastidieuses, nous avons dress\u00e9 une liste des faits les plus importants concernant les diff\u00e9rents syst\u00e8mes de porte-v\u00e9los.<\/p>","protected":false},"author":2,"featured_media":16587,"comment_status":"open","ping_status":"open","sticky":false,"template":"","format":"standard","meta":{"content-type":"","footnotes":""},"categories":[208,291],"tags":[],"class_list":["post-16536","post","type-post","status-publish","format-standard","has-post-thumbnail","hentry","category-blog","category-nicht-kategorisiert-en-gb"],"yoast_head":"<!-- This site is optimized with the Yoast SEO plugin v28.4 - https:\/\/yoast.com\/product\/yoast-seo-wordpress\/ -->\n<title>Fahrradtr\u00e4gersystem f\u00fcr das Ahorn Reisemobil<\/title>\n<meta name=\"description\" content=\"Reisen mit Wohnmobil und Fahrrad: Welches Fahrradtr\u00e4gersystem passt f\u00fcr Sie? Wir zeigen die wichtigsten Eigenschaften und Unterschiede.\" \/>\n<meta name=\"robots\" content=\"index, follow, max-snippet:-1, max-image-preview:large, max-video-preview:-1\" \/>\n<link rel=\"canonical\" href=\"https:\/\/ahorn-camp.de\/fr\/quel-systeme-de-porte-velos-convient-a-mon-camping-car\/\" \/>\n<meta property=\"og:locale\" content=\"fr_FR\" \/>\n<meta property=\"og:type\" content=\"article\" \/>\n<meta property=\"og:title\" content=\"Fahrradtr\u00e4gersystem f\u00fcr das Ahorn Reisemobil\" \/>\n<meta property=\"og:description\" content=\"Reisen mit Wohnmobil und Fahrrad: Welches Fahrradtr\u00e4gersystem passt f\u00fcr Sie? Wir zeigen die wichtigsten Eigenschaften und Unterschiede.\" \/>\n<meta property=\"og:url\" content=\"https:\/\/ahorn-camp.de\/fr\/quel-systeme-de-porte-velos-convient-a-mon-camping-car\/\" \/>\n<meta property=\"og:site_name\" content=\"Ahorn Camp | Reisemobile und Kastenwagen\" \/>\n<meta property=\"article:publisher\" content=\"https:\/\/www.facebook.com\/ahorn.wohnmobile\/\" \/>\n<meta property=\"article:published_time\" content=\"2022-06-10T14:43:09+00:00\" \/>\n<meta property=\"article:modified_time\" content=\"2024-09-24T08:36:24+00:00\" \/>\n<meta property=\"og:image\" content=\"https:\/\/ahorn-camp.de\/wp-content\/uploads\/2022\/06\/Ahorn-Camp_-AlaskaTD_hikebike-11-scaled.jpg\" \/>\n\t<meta property=\"og:image:width\" content=\"2560\" \/>\n\t<meta property=\"og:image:height\" content=\"2048\" \/>\n\t<meta property=\"og:image:type\" content=\"image\/jpeg\" \/>\n<meta name=\"author\" content=\"ahorn_admin\" \/>\n<meta name=\"twitter:card\" content=\"summary_large_image\" \/>\n<meta name=\"twitter:label1\" content=\"\u00c9crit par\" \/>\n\t<meta name=\"twitter:data1\" content=\"ahorn_admin\" \/>\n\t<meta name=\"twitter:label2\" content=\"Dur\u00e9e de lecture estim\u00e9e\" \/>\n\t<meta name=\"twitter:data2\" content=\"6 minutes\" \/>\n<script type=\"application\/ld+json\" class=\"yoast-schema-graph\">{\"@context\":\"https:\\\/\\\/schema.org\",\"@graph\":[{\"@type\":\"Article\",\"@id\":\"https:\\\/\\\/ahorn-camp.de\\\/welches-fahrradtraegersystem-passt-fuer-mein-reisemobil\\\/#article\",\"isPartOf\":{\"@id\":\"https:\\\/\\\/ahorn-camp.de\\\/welches-fahrradtraegersystem-passt-fuer-mein-reisemobil\\\/\"},\"author\":{\"name\":\"ahorn_admin\",\"@id\":\"https:\\\/\\\/ahorn-camp.de\\\/#\\\/schema\\\/person\\\/9b60761ba82d5cb8e6db215a88925044\"},\"headline\":\"Welches Fahrradtr\u00e4gersystem passt f\u00fcr mein Reisemobil?\",\"datePublished\":\"2022-06-10T14:43:09+00:00\",\"dateModified\":\"2024-09-24T08:36:24+00:00\",\"mainEntityOfPage\":{\"@id\":\"https:\\\/\\\/ahorn-camp.de\\\/welches-fahrradtraegersystem-passt-fuer-mein-reisemobil\\\/\"},\"wordCount\":1289,\"commentCount\":0,\"publisher\":{\"@id\":\"https:\\\/\\\/ahorn-camp.de\\\/#organization\"},\"image\":{\"@id\":\"https:\\\/\\\/ahorn-camp.de\\\/welches-fahrradtraegersystem-passt-fuer-mein-reisemobil\\\/#primaryimage\"},\"thumbnailUrl\":\"https:\\\/\\\/ahorn-camp.de\\\/wp-content\\\/uploads\\\/2022\\\/06\\\/Ahorn-Camp_-AlaskaTD_hikebike-11-scaled.jpg\",\"articleSection\":[\"Blog\",\"Nicht kategorisiert\"],\"inLanguage\":\"fr-FR\",\"potentialAction\":[{\"@type\":\"CommentAction\",\"name\":\"Comment\",\"target\":[\"https:\\\/\\\/ahorn-camp.de\\\/welches-fahrradtraegersystem-passt-fuer-mein-reisemobil\\\/#respond\"]}]},{\"@type\":\"WebPage\",\"@id\":\"https:\\\/\\\/ahorn-camp.de\\\/welches-fahrradtraegersystem-passt-fuer-mein-reisemobil\\\/\",\"url\":\"https:\\\/\\\/ahorn-camp.de\\\/welches-fahrradtraegersystem-passt-fuer-mein-reisemobil\\\/\",\"name\":\"Fahrradtr\u00e4gersystem f\u00fcr das Ahorn Reisemobil\",\"isPartOf\":{\"@id\":\"https:\\\/\\\/ahorn-camp.de\\\/#website\"},\"primaryImageOfPage\":{\"@id\":\"https:\\\/\\\/ahorn-camp.de\\\/welches-fahrradtraegersystem-passt-fuer-mein-reisemobil\\\/#primaryimage\"},\"image\":{\"@id\":\"https:\\\/\\\/ahorn-camp.de\\\/welches-fahrradtraegersystem-passt-fuer-mein-reisemobil\\\/#primaryimage\"},\"thumbnailUrl\":\"https:\\\/\\\/ahorn-camp.de\\\/wp-content\\\/uploads\\\/2022\\\/06\\\/Ahorn-Camp_-AlaskaTD_hikebike-11-scaled.jpg\",\"datePublished\":\"2022-06-10T14:43:09+00:00\",\"dateModified\":\"2024-09-24T08:36:24+00:00\",\"description\":\"Reisen mit Wohnmobil und Fahrrad: Welches Fahrradtr\u00e4gersystem passt f\u00fcr Sie? Wir zeigen die wichtigsten Eigenschaften und Unterschiede.\",\"breadcrumb\":{\"@id\":\"https:\\\/\\\/ahorn-camp.de\\\/welches-fahrradtraegersystem-passt-fuer-mein-reisemobil\\\/#breadcrumb\"},\"inLanguage\":\"fr-FR\",\"potentialAction\":[{\"@type\":\"ReadAction\",\"target\":[\"https:\\\/\\\/ahorn-camp.de\\\/welches-fahrradtraegersystem-passt-fuer-mein-reisemobil\\\/\"]}]},{\"@type\":\"ImageObject\",\"inLanguage\":\"fr-FR\",\"@id\":\"https:\\\/\\\/ahorn-camp.de\\\/welches-fahrradtraegersystem-passt-fuer-mein-reisemobil\\\/#primaryimage\",\"url\":\"https:\\\/\\\/ahorn-camp.de\\\/wp-content\\\/uploads\\\/2022\\\/06\\\/Ahorn-Camp_-AlaskaTD_hikebike-11-scaled.jpg\",\"contentUrl\":\"https:\\\/\\\/ahorn-camp.de\\\/wp-content\\\/uploads\\\/2022\\\/06\\\/Ahorn-Camp_-AlaskaTD_hikebike-11-scaled.jpg\",\"width\":2560,\"height\":2048},{\"@type\":\"BreadcrumbList\",\"@id\":\"https:\\\/\\\/ahorn-camp.de\\\/welches-fahrradtraegersystem-passt-fuer-mein-reisemobil\\\/#breadcrumb\",\"itemListElement\":[{\"@type\":\"ListItem\",\"position\":1,\"name\":\"Startseite\",\"item\":\"https:\\\/\\\/ahorn-camp.de\\\/\"},{\"@type\":\"ListItem\",\"position\":2,\"name\":\"Welches Fahrradtr\u00e4gersystem passt f\u00fcr mein Reisemobil?\"}]},{\"@type\":\"WebSite\",\"@id\":\"https:\\\/\\\/ahorn-camp.de\\\/#website\",\"url\":\"https:\\\/\\\/ahorn-camp.de\\\/\",\"name\":\"Ahorn Camp | Reisemobile und Kastenwagen\",\"description\":\"Seit \u00fcber 30 Jahren vermarktet das Familienunternehmen, Ahorn Camp in Speyer, erfolgreich Wohnmobile und Kastenwagen zum besten Preis-Leistungsverh\u00e4ltnis.\",\"publisher\":{\"@id\":\"https:\\\/\\\/ahorn-camp.de\\\/#organization\"},\"potentialAction\":[{\"@type\":\"SearchAction\",\"target\":{\"@type\":\"EntryPoint\",\"urlTemplate\":\"https:\\\/\\\/ahorn-camp.de\\\/?s={search_term_string}\"},\"query-input\":{\"@type\":\"PropertyValueSpecification\",\"valueRequired\":true,\"valueName\":\"search_term_string\"}}],\"inLanguage\":\"fr-FR\"},{\"@type\":\"Organization\",\"@id\":\"https:\\\/\\\/ahorn-camp.de\\\/#organization\",\"name\":\"Ahorn Camp GmbH & Co. KG\",\"url\":\"https:\\\/\\\/ahorn-camp.de\\\/\",\"logo\":{\"@type\":\"ImageObject\",\"inLanguage\":\"fr-FR\",\"@id\":\"https:\\\/\\\/ahorn-camp.de\\\/#\\\/schema\\\/logo\\\/image\\\/\",\"url\":\"https:\\\/\\\/ahorn-camp.de\\\/wp-content\\\/uploads\\\/2018\\\/12\\\/Ahorn_Logo.jpg\",\"contentUrl\":\"https:\\\/\\\/ahorn-camp.de\\\/wp-content\\\/uploads\\\/2018\\\/12\\\/Ahorn_Logo.jpg\",\"width\":1437,\"height\":1000,\"caption\":\"Ahorn Camp GmbH & Co. KG\"},\"image\":{\"@id\":\"https:\\\/\\\/ahorn-camp.de\\\/#\\\/schema\\\/logo\\\/image\\\/\"},\"sameAs\":[\"https:\\\/\\\/www.facebook.com\\\/ahorn.wohnmobile\\\/\",\"https:\\\/\\\/www.instagram.com\\\/ahorn.camp\\\/\",\"https:\\\/\\\/www.youtube.com\\\/channel\\\/UCPFbPCts1JJ_A1k9vyH0yOQ\"]},{\"@type\":\"Person\",\"@id\":\"https:\\\/\\\/ahorn-camp.de\\\/#\\\/schema\\\/person\\\/9b60761ba82d5cb8e6db215a88925044\",\"name\":\"ahorn_admin\",\"image\":{\"@type\":\"ImageObject\",\"inLanguage\":\"fr-FR\",\"@id\":\"https:\\\/\\\/secure.gravatar.com\\\/avatar\\\/d96b9a078083b0c14cee48589feadd939c3cdd66547e2f3f1569470371daaaa5?s=96&d=mm&r=g\",\"url\":\"https:\\\/\\\/secure.gravatar.com\\\/avatar\\\/d96b9a078083b0c14cee48589feadd939c3cdd66547e2f3f1569470371daaaa5?s=96&d=mm&r=g\",\"contentUrl\":\"https:\\\/\\\/secure.gravatar.com\\\/avatar\\\/d96b9a078083b0c14cee48589feadd939c3cdd66547e2f3f1569470371daaaa5?s=96&d=mm&r=g\",\"caption\":\"ahorn_admin\"},\"sameAs\":[\"http:\\\/\\\/Ahorn%20Camp\"],\"url\":\"https:\\\/\\\/ahorn-camp.de\\\/fr\\\/author\\\/ahorn_admin\\\/\"}]}<\/script>\n<!-- \/ Yoast SEO plugin. -->","yoast_head_json":{"title":"Syst\u00e8me de porte-v\u00e9los pour le camping-car Ahorn","description":"Voyager en camping-car avec des v\u00e9los : quel syst\u00e8me de porte-v\u00e9los vous convient le mieux ? Nous vous pr\u00e9sentons les principales caract\u00e9ristiques et diff\u00e9rences.","robots":{"index":"index","follow":"follow","max-snippet":"max-snippet:-1","max-image-preview":"max-image-preview:large","max-video-preview":"max-video-preview:-1"},"canonical":"https:\/\/ahorn-camp.de\/fr\/quel-systeme-de-porte-velos-convient-a-mon-camping-car\/","og_locale":"fr_FR","og_type":"article","og_title":"Fahrradtr\u00e4gersystem f\u00fcr das Ahorn Reisemobil","og_description":"Reisen mit Wohnmobil und Fahrrad: Welches Fahrradtr\u00e4gersystem passt f\u00fcr Sie? Wir zeigen die wichtigsten Eigenschaften und Unterschiede.","og_url":"https:\/\/ahorn-camp.de\/fr\/quel-systeme-de-porte-velos-convient-a-mon-camping-car\/","og_site_name":"Ahorn Camp | Reisemobile und Kastenwagen","article_publisher":"https:\/\/www.facebook.com\/ahorn.wohnmobile\/","article_published_time":"2022-06-10T14:43:09+00:00","article_modified_time":"2024-09-24T08:36:24+00:00","og_image":[{"width":2560,"height":2048,"url":"https:\/\/ahorn-camp.de\/wp-content\/uploads\/2022\/06\/Ahorn-Camp_-AlaskaTD_hikebike-11-scaled.jpg","type":"image\/jpeg"}],"author":"ahorn_admin","twitter_card":"summary_large_image","twitter_misc":{"\u00c9crit par":"ahorn_admin","Dur\u00e9e de lecture estim\u00e9e":"6 minutes"},"schema":{"@context":"https:\/\/schema.org","@graph":[{"@type":"Article","@id":"https:\/\/ahorn-camp.de\/welches-fahrradtraegersystem-passt-fuer-mein-reisemobil\/#article","isPartOf":{"@id":"https:\/\/ahorn-camp.de\/welches-fahrradtraegersystem-passt-fuer-mein-reisemobil\/"},"author":{"name":"ahorn_admin","@id":"https:\/\/ahorn-camp.de\/#\/schema\/person\/9b60761ba82d5cb8e6db215a88925044"},"headline":"Welches Fahrradtr\u00e4gersystem passt f\u00fcr mein Reisemobil?","datePublished":"2022-06-10T14:43:09+00:00","dateModified":"2024-09-24T08:36:24+00:00","mainEntityOfPage":{"@id":"https:\/\/ahorn-camp.de\/welches-fahrradtraegersystem-passt-fuer-mein-reisemobil\/"},"wordCount":1289,"commentCount":0,"publisher":{"@id":"https:\/\/ahorn-camp.de\/#organization"},"image":{"@id":"https:\/\/ahorn-camp.de\/welches-fahrradtraegersystem-passt-fuer-mein-reisemobil\/#primaryimage"},"thumbnailUrl":"https:\/\/ahorn-camp.de\/wp-content\/uploads\/2022\/06\/Ahorn-Camp_-AlaskaTD_hikebike-11-scaled.jpg","articleSection":["Blog","Nicht kategorisiert"],"inLanguage":"fr-FR","potentialAction":[{"@type":"CommentAction","name":"Comment","target":["https:\/\/ahorn-camp.de\/welches-fahrradtraegersystem-passt-fuer-mein-reisemobil\/#respond"]}]},{"@type":"WebPage","@id":"https:\/\/ahorn-camp.de\/welches-fahrradtraegersystem-passt-fuer-mein-reisemobil\/","url":"https:\/\/ahorn-camp.de\/welches-fahrradtraegersystem-passt-fuer-mein-reisemobil\/","name":"Syst\u00e8me de porte-v\u00e9los pour le camping-car Ahorn","isPartOf":{"@id":"https:\/\/ahorn-camp.de\/#website"},"primaryImageOfPage":{"@id":"https:\/\/ahorn-camp.de\/welches-fahrradtraegersystem-passt-fuer-mein-reisemobil\/#primaryimage"},"image":{"@id":"https:\/\/ahorn-camp.de\/welches-fahrradtraegersystem-passt-fuer-mein-reisemobil\/#primaryimage"},"thumbnailUrl":"https:\/\/ahorn-camp.de\/wp-content\/uploads\/2022\/06\/Ahorn-Camp_-AlaskaTD_hikebike-11-scaled.jpg","datePublished":"2022-06-10T14:43:09+00:00","dateModified":"2024-09-24T08:36:24+00:00","description":"Voyager en camping-car avec des v\u00e9los : quel syst\u00e8me de porte-v\u00e9los vous convient le mieux ? Nous vous pr\u00e9sentons les principales caract\u00e9ristiques et diff\u00e9rences.","breadcrumb":{"@id":"https:\/\/ahorn-camp.de\/welches-fahrradtraegersystem-passt-fuer-mein-reisemobil\/#breadcrumb"},"inLanguage":"fr-FR","potentialAction":[{"@type":"ReadAction","target":["https:\/\/ahorn-camp.de\/welches-fahrradtraegersystem-passt-fuer-mein-reisemobil\/"]}]},{"@type":"ImageObject","inLanguage":"fr-FR","@id":"https:\/\/ahorn-camp.de\/welches-fahrradtraegersystem-passt-fuer-mein-reisemobil\/#primaryimage","url":"https:\/\/ahorn-camp.de\/wp-content\/uploads\/2022\/06\/Ahorn-Camp_-AlaskaTD_hikebike-11-scaled.jpg","contentUrl":"https:\/\/ahorn-camp.de\/wp-content\/uploads\/2022\/06\/Ahorn-Camp_-AlaskaTD_hikebike-11-scaled.jpg","width":2560,"height":2048},{"@type":"BreadcrumbList","@id":"https:\/\/ahorn-camp.de\/welches-fahrradtraegersystem-passt-fuer-mein-reisemobil\/#breadcrumb","itemListElement":[{"@type":"ListItem","position":1,"name":"Startseite","item":"https:\/\/ahorn-camp.de\/"},{"@type":"ListItem","position":2,"name":"Welches Fahrradtr\u00e4gersystem passt f\u00fcr mein Reisemobil?"}]},{"@type":"WebSite","@id":"https:\/\/ahorn-camp.de\/#website","url":"https:\/\/ahorn-camp.de\/","name":"Ahorn Camp | Camping-cars et fourgons am\u00e9nag\u00e9s","description":"Depuis plus de 30 ans, l'entreprise familiale, Ahorn Camp \u00e0 Speyer, commercialise avec succ\u00e8s des camping-cars et des fourgons au meilleur rapport qualit\u00e9-prix.","publisher":{"@id":"https:\/\/ahorn-camp.de\/#organization"},"potentialAction":[{"@type":"SearchAction","target":{"@type":"EntryPoint","urlTemplate":"https:\/\/ahorn-camp.de\/?s={search_term_string}"},"query-input":{"@type":"PropertyValueSpecification","valueRequired":true,"valueName":"search_term_string"}}],"inLanguage":"fr-FR"},{"@type":"Organization","@id":"https:\/\/ahorn-camp.de\/#organization","name":"Ahorn Camp GmbH &amp; Co. KG","url":"https:\/\/ahorn-camp.de\/","logo":{"@type":"ImageObject","inLanguage":"fr-FR","@id":"https:\/\/ahorn-camp.de\/#\/schema\/logo\/image\/","url":"https:\/\/ahorn-camp.de\/wp-content\/uploads\/2018\/12\/Ahorn_Logo.jpg","contentUrl":"https:\/\/ahorn-camp.de\/wp-content\/uploads\/2018\/12\/Ahorn_Logo.jpg","width":1437,"height":1000,"caption":"Ahorn Camp GmbH & Co. KG"},"image":{"@id":"https:\/\/ahorn-camp.de\/#\/schema\/logo\/image\/"},"sameAs":["https:\/\/www.facebook.com\/ahorn.wohnmobile\/","https:\/\/www.instagram.com\/ahorn.camp\/","https:\/\/www.youtube.com\/channel\/UCPFbPCts1JJ_A1k9vyH0yOQ"]},{"@type":"Person","@id":"https:\/\/ahorn-camp.de\/#\/schema\/person\/9b60761ba82d5cb8e6db215a88925044","name":"ahorn_admin","image":{"@type":"ImageObject","inLanguage":"fr-FR","@id":"https:\/\/secure.gravatar.com\/avatar\/d96b9a078083b0c14cee48589feadd939c3cdd66547e2f3f1569470371daaaa5?s=96&d=mm&r=g","url":"https:\/\/secure.gravatar.com\/avatar\/d96b9a078083b0c14cee48589feadd939c3cdd66547e2f3f1569470371daaaa5?s=96&d=mm&r=g","contentUrl":"https:\/\/secure.gravatar.com\/avatar\/d96b9a078083b0c14cee48589feadd939c3cdd66547e2f3f1569470371daaaa5?s=96&d=mm&r=g","caption":"ahorn_admin"},"sameAs":["http:\/\/Ahorn%20Camp"],"url":"https:\/\/ahorn-camp.de\/fr\/author\/ahorn_admin\/"}]}},"_links":{"self":[{"href":"https:\/\/ahorn-camp.de\/fr\/wp-json\/wp\/v2\/posts\/16536","targetHints":{"allow":["GET"]}}],"collection":[{"href":"https:\/\/ahorn-camp.de\/fr\/wp-json\/wp\/v2\/posts"}],"about":[{"href":"https:\/\/ahorn-camp.de\/fr\/wp-json\/wp\/v2\/types\/post"}],"author":[{"embeddable":true,"href":"https:\/\/ahorn-camp.de\/fr\/wp-json\/wp\/v2\/users\/2"}],"replies":[{"embeddable":true,"href":"https:\/\/ahorn-camp.de\/fr\/wp-json\/wp\/v2\/comments?post=16536"}],"version-history":[{"count":0,"href":"https:\/\/ahorn-camp.de\/fr\/wp-json\/wp\/v2\/posts\/16536\/revisions"}],"wp:featuredmedia":[{"embeddable":true,"href":"https:\/\/ahorn-camp.de\/fr\/wp-json\/wp\/v2\/media\/16587"}],"wp:attachment":[{"href":"https:\/\/ahorn-camp.de\/fr\/wp-json\/wp\/v2\/media?parent=16536"}],"wp:term":[{"taxonomy":"category","embeddable":true,"href":"https:\/\/ahorn-camp.de\/fr\/wp-json\/wp\/v2\/categories?post=16536"},{"taxonomy":"post_tag","embeddable":true,"href":"https:\/\/ahorn-camp.de\/fr\/wp-json\/wp\/v2\/tags?post=16536"}],"curies":[{"name":"wp","href":"https:\/\/api.w.org\/{rel}","templated":true}]}}