{"id":1637,"date":"2018-01-01T10:00:37","date_gmt":"2018-01-01T09:00:37","guid":{"rendered":"https:\/\/ahorn-camp.de\/?p=1637"},"modified":"2024-02-22T14:30:26","modified_gmt":"2024-02-22T13:30:26","slug":"la-nouvelle-mobilite-du-golf","status":"publish","type":"post","link":"https:\/\/ahorn-camp.de\/fr\/die-neue-golfmobilitaet\/","title":{"rendered":"La nouvelle mobilit\u00e9 de golf"},"content":{"rendered":"<p><img fetchpriority=\"high\" decoding=\"async\" class=\"alignnone wp-image-1641 size-full\" src=\"https:\/\/ahorn-camp.de\/wp-content\/uploads\/2019\/06\/aktuelles_die-neue-golfmobilitaet.jpg\" alt=\"\" width=\"844\" height=\"418\" \/><img decoding=\"async\" class=\"alignnone wp-image-1652 size-full\" src=\"https:\/\/ahorn-camp.de\/wp-content\/uploads\/2019\/06\/aktuelles_topmagazin-die-neue-golfmobilitaet.jpg\" alt=\"\" width=\"844\" height=\"418\" srcset=\"https:\/\/ahorn-camp.de\/wp-content\/uploads\/2019\/06\/aktuelles_topmagazin-die-neue-golfmobilitaet.jpg 844w, https:\/\/ahorn-camp.de\/wp-content\/uploads\/2019\/06\/aktuelles_topmagazin-die-neue-golfmobilitaet-800x396.jpg 800w, https:\/\/ahorn-camp.de\/wp-content\/uploads\/2019\/06\/aktuelles_topmagazin-die-neue-golfmobilitaet-300x149.jpg 300w, https:\/\/ahorn-camp.de\/wp-content\/uploads\/2019\/06\/aktuelles_topmagazin-die-neue-golfmobilitaet-768x380.jpg 768w\" sizes=\"(max-width: 844px) 100vw, 844px\" \/><\/p>\n<p>Apr\u00e8s avoir rendu compte dans le dernier num\u00e9ro de TOP d'un merveilleux voyage en camping-car dans le Palatinat, nous avons pu \u00e0 nouveau emprunter un camping-car \u00e0 la manufacture haut de gamme de Spire \u201eAhorn Camp\u201c et partir cette fois-ci vers des terrains de golf r\u00e9gionaux. Le camping-car est d\u00e9sormais accept\u00e9 partout dans le pays, pas seulement pour les vacances annuelles \u2013 il est \u00e9galement utilis\u00e9 comme \u201e golf-camper \u201c avec un grand succ\u00e8s.<\/p>\n<p><a href=\"https:\/\/ahorn-camp.de\/wp-content\/uploads\/2020\/10\/Golf_Neu_Ausg_3_TopMagazin_Wohnmobil.pdf\" target=\"_blank\" rel=\"noopener noreferrer\"><i class=\"fas fa-file-pdf fa\" style=\"color: #222222; font-size: 18px;\">\u00a0<\/i>Lire la presse<\/a><\/p>","protected":false},"excerpt":{"rendered":"<p>Apr\u00e8s avoir rendu compte lors du dernier num\u00e9ro de TOP d'une magnifique excursion en camping-car dans le Palatinat, nous avons pu \u00e0 nouveau emprunter un camping-car \u00e0 l'atelier premium de Spire, \u201eAhorn Camp\u201c, et cette fois nous nous sommes dirig\u00e9s vers des parcours de golf r\u00e9gionaux.<\/p>","protected":false},"author":2,"featured_media":1652,"comment_status":"closed","ping_status":"closed","sticky":false,"template":"","format":"standard","meta":{"content-type":"","footnotes":""},"categories":[68],"tags":[],"class_list":["post-1637","post","type-post","status-publish","format-standard","has-post-thumbnail","hentry","category-fahrzeugberichte"],"yoast_head":"<!-- This site is optimized with the Yoast SEO plugin v27.4 - https:\/\/yoast.com\/product\/yoast-seo-wordpress\/ -->\n<title>Die neue Golfmobilit\u00e4t<\/title>\n<meta name=\"description\" content=\"Entdecken Sie die Ahorn Camp Reisemobile und die Vielseitigkeit! Auch als Ausflug zum Golfplatz mehr als zu empfehlen.\" \/>\n<meta name=\"robots\" content=\"index, follow, max-snippet:-1, max-image-preview:large, max-video-preview:-1\" \/>\n<link rel=\"canonical\" href=\"https:\/\/ahorn-camp.de\/fr\/la-nouvelle-mobilite-du-golf\/\" \/>\n<meta property=\"og:locale\" content=\"fr_FR\" \/>\n<meta property=\"og:type\" content=\"article\" \/>\n<meta property=\"og:title\" content=\"Die neue Golfmobilit\u00e4t\" \/>\n<meta property=\"og:description\" content=\"Entdecken Sie die Ahorn Camp Reisemobile und die Vielseitigkeit! Auch als Ausflug zum Golfplatz mehr als zu empfehlen.\" \/>\n<meta property=\"og:url\" content=\"https:\/\/ahorn-camp.de\/fr\/la-nouvelle-mobilite-du-golf\/\" \/>\n<meta property=\"og:site_name\" content=\"Ahorn Camp | Reisemobile und Kastenwagen\" \/>\n<meta property=\"article:publisher\" content=\"https:\/\/www.facebook.com\/ahorn.wohnmobile\/\" \/>\n<meta property=\"article:published_time\" content=\"2018-01-01T09:00:37+00:00\" \/>\n<meta property=\"article:modified_time\" content=\"2024-02-22T13:30:26+00:00\" \/>\n<meta property=\"og:image\" content=\"https:\/\/ahorn-camp.de\/wp-content\/uploads\/2019\/06\/aktuelles_topmagazin-die-neue-golfmobilitaet.jpg\" \/>\n\t<meta property=\"og:image:width\" content=\"844\" \/>\n\t<meta property=\"og:image:height\" content=\"418\" \/>\n\t<meta property=\"og:image:type\" content=\"image\/jpeg\" \/>\n<meta name=\"author\" content=\"ahorn_admin\" \/>\n<meta name=\"twitter:card\" content=\"summary_large_image\" \/>\n<meta name=\"twitter:label1\" content=\"\u00c9crit par\" \/>\n\t<meta name=\"twitter:data1\" content=\"ahorn_admin\" \/>\n\t<meta name=\"twitter:label2\" content=\"Dur\u00e9e de lecture estim\u00e9e\" \/>\n\t<meta name=\"twitter:data2\" content=\"1 minute\" \/>\n<script type=\"application\/ld+json\" class=\"yoast-schema-graph\">{\"@context\":\"https:\\\/\\\/schema.org\",\"@graph\":[{\"@type\":\"Article\",\"@id\":\"https:\\\/\\\/ahorn-camp.de\\\/die-neue-golfmobilitaet\\\/#article\",\"isPartOf\":{\"@id\":\"https:\\\/\\\/ahorn-camp.de\\\/die-neue-golfmobilitaet\\\/\"},\"author\":{\"name\":\"ahorn_admin\",\"@id\":\"https:\\\/\\\/ahorn-camp.de\\\/#\\\/schema\\\/person\\\/9b60761ba82d5cb8e6db215a88925044\"},\"headline\":\"Die neue Golfmobilit\u00e4t\",\"datePublished\":\"2018-01-01T09:00:37+00:00\",\"dateModified\":\"2024-02-22T13:30:26+00:00\",\"mainEntityOfPage\":{\"@id\":\"https:\\\/\\\/ahorn-camp.de\\\/die-neue-golfmobilitaet\\\/\"},\"wordCount\":75,\"publisher\":{\"@id\":\"https:\\\/\\\/ahorn-camp.de\\\/#organization\"},\"image\":{\"@id\":\"https:\\\/\\\/ahorn-camp.de\\\/die-neue-golfmobilitaet\\\/#primaryimage\"},\"thumbnailUrl\":\"https:\\\/\\\/ahorn-camp.de\\\/wp-content\\\/uploads\\\/2019\\\/06\\\/aktuelles_topmagazin-die-neue-golfmobilitaet.jpg\",\"articleSection\":[\"Fahrzeugberichte\"],\"inLanguage\":\"fr-FR\"},{\"@type\":\"WebPage\",\"@id\":\"https:\\\/\\\/ahorn-camp.de\\\/die-neue-golfmobilitaet\\\/\",\"url\":\"https:\\\/\\\/ahorn-camp.de\\\/die-neue-golfmobilitaet\\\/\",\"name\":\"Die neue Golfmobilit\u00e4t\",\"isPartOf\":{\"@id\":\"https:\\\/\\\/ahorn-camp.de\\\/#website\"},\"primaryImageOfPage\":{\"@id\":\"https:\\\/\\\/ahorn-camp.de\\\/die-neue-golfmobilitaet\\\/#primaryimage\"},\"image\":{\"@id\":\"https:\\\/\\\/ahorn-camp.de\\\/die-neue-golfmobilitaet\\\/#primaryimage\"},\"thumbnailUrl\":\"https:\\\/\\\/ahorn-camp.de\\\/wp-content\\\/uploads\\\/2019\\\/06\\\/aktuelles_topmagazin-die-neue-golfmobilitaet.jpg\",\"datePublished\":\"2018-01-01T09:00:37+00:00\",\"dateModified\":\"2024-02-22T13:30:26+00:00\",\"description\":\"Entdecken Sie die Ahorn Camp Reisemobile und die Vielseitigkeit! Auch als Ausflug zum Golfplatz mehr als zu empfehlen.\",\"breadcrumb\":{\"@id\":\"https:\\\/\\\/ahorn-camp.de\\\/die-neue-golfmobilitaet\\\/#breadcrumb\"},\"inLanguage\":\"fr-FR\",\"potentialAction\":[{\"@type\":\"ReadAction\",\"target\":[\"https:\\\/\\\/ahorn-camp.de\\\/die-neue-golfmobilitaet\\\/\"]}]},{\"@type\":\"ImageObject\",\"inLanguage\":\"fr-FR\",\"@id\":\"https:\\\/\\\/ahorn-camp.de\\\/die-neue-golfmobilitaet\\\/#primaryimage\",\"url\":\"https:\\\/\\\/ahorn-camp.de\\\/wp-content\\\/uploads\\\/2019\\\/06\\\/aktuelles_topmagazin-die-neue-golfmobilitaet.jpg\",\"contentUrl\":\"https:\\\/\\\/ahorn-camp.de\\\/wp-content\\\/uploads\\\/2019\\\/06\\\/aktuelles_topmagazin-die-neue-golfmobilitaet.jpg\",\"width\":844,\"height\":418},{\"@type\":\"BreadcrumbList\",\"@id\":\"https:\\\/\\\/ahorn-camp.de\\\/die-neue-golfmobilitaet\\\/#breadcrumb\",\"itemListElement\":[{\"@type\":\"ListItem\",\"position\":1,\"name\":\"Startseite\",\"item\":\"https:\\\/\\\/ahorn-camp.de\\\/\"},{\"@type\":\"ListItem\",\"position\":2,\"name\":\"Die neue Golfmobilit\u00e4t\"}]},{\"@type\":\"WebSite\",\"@id\":\"https:\\\/\\\/ahorn-camp.de\\\/#website\",\"url\":\"https:\\\/\\\/ahorn-camp.de\\\/\",\"name\":\"Ahorn Camp | Reisemobile und Kastenwagen\",\"description\":\"Seit \u00fcber 30 Jahren vermarktet das Familienunternehmen, Ahorn Camp in Speyer, erfolgreich Wohnmobile und Kastenwagen zum besten Preis-Leistungsverh\u00e4ltnis.\",\"publisher\":{\"@id\":\"https:\\\/\\\/ahorn-camp.de\\\/#organization\"},\"potentialAction\":[{\"@type\":\"SearchAction\",\"target\":{\"@type\":\"EntryPoint\",\"urlTemplate\":\"https:\\\/\\\/ahorn-camp.de\\\/?s={search_term_string}\"},\"query-input\":{\"@type\":\"PropertyValueSpecification\",\"valueRequired\":true,\"valueName\":\"search_term_string\"}}],\"inLanguage\":\"fr-FR\"},{\"@type\":\"Organization\",\"@id\":\"https:\\\/\\\/ahorn-camp.de\\\/#organization\",\"name\":\"Ahorn Camp GmbH & Co. KG\",\"url\":\"https:\\\/\\\/ahorn-camp.de\\\/\",\"logo\":{\"@type\":\"ImageObject\",\"inLanguage\":\"fr-FR\",\"@id\":\"https:\\\/\\\/ahorn-camp.de\\\/#\\\/schema\\\/logo\\\/image\\\/\",\"url\":\"https:\\\/\\\/ahorn-camp.de\\\/wp-content\\\/uploads\\\/2018\\\/12\\\/Ahorn_Logo.jpg\",\"contentUrl\":\"https:\\\/\\\/ahorn-camp.de\\\/wp-content\\\/uploads\\\/2018\\\/12\\\/Ahorn_Logo.jpg\",\"width\":1437,\"height\":1000,\"caption\":\"Ahorn Camp GmbH & Co. KG\"},\"image\":{\"@id\":\"https:\\\/\\\/ahorn-camp.de\\\/#\\\/schema\\\/logo\\\/image\\\/\"},\"sameAs\":[\"https:\\\/\\\/www.facebook.com\\\/ahorn.wohnmobile\\\/\",\"https:\\\/\\\/www.instagram.com\\\/ahorn.camp\\\/\",\"https:\\\/\\\/www.youtube.com\\\/channel\\\/UCPFbPCts1JJ_A1k9vyH0yOQ\"]},{\"@type\":\"Person\",\"@id\":\"https:\\\/\\\/ahorn-camp.de\\\/#\\\/schema\\\/person\\\/9b60761ba82d5cb8e6db215a88925044\",\"name\":\"ahorn_admin\",\"image\":{\"@type\":\"ImageObject\",\"inLanguage\":\"fr-FR\",\"@id\":\"https:\\\/\\\/secure.gravatar.com\\\/avatar\\\/d96b9a078083b0c14cee48589feadd939c3cdd66547e2f3f1569470371daaaa5?s=96&d=mm&r=g\",\"url\":\"https:\\\/\\\/secure.gravatar.com\\\/avatar\\\/d96b9a078083b0c14cee48589feadd939c3cdd66547e2f3f1569470371daaaa5?s=96&d=mm&r=g\",\"contentUrl\":\"https:\\\/\\\/secure.gravatar.com\\\/avatar\\\/d96b9a078083b0c14cee48589feadd939c3cdd66547e2f3f1569470371daaaa5?s=96&d=mm&r=g\",\"caption\":\"ahorn_admin\"},\"sameAs\":[\"http:\\\/\\\/Ahorn%20Camp\"],\"url\":\"https:\\\/\\\/ahorn-camp.de\\\/fr\\\/author\\\/ahorn_admin\\\/\"}]}<\/script>\n<!-- \/ Yoast SEO plugin. -->","yoast_head_json":{"title":"La nouvelle mobilit\u00e9 de golf","description":"D\u00e9couvrez les Ahorn Camp camping-cars et leur polyvalence ! Fortement recommand\u00e9, m\u00eame pour une excursion au golf.","robots":{"index":"index","follow":"follow","max-snippet":"max-snippet:-1","max-image-preview":"max-image-preview:large","max-video-preview":"max-video-preview:-1"},"canonical":"https:\/\/ahorn-camp.de\/fr\/la-nouvelle-mobilite-du-golf\/","og_locale":"fr_FR","og_type":"article","og_title":"Die neue Golfmobilit\u00e4t","og_description":"Entdecken Sie die Ahorn Camp Reisemobile und die Vielseitigkeit! Auch als Ausflug zum Golfplatz mehr als zu empfehlen.","og_url":"https:\/\/ahorn-camp.de\/fr\/la-nouvelle-mobilite-du-golf\/","og_site_name":"Ahorn Camp | Reisemobile und Kastenwagen","article_publisher":"https:\/\/www.facebook.com\/ahorn.wohnmobile\/","article_published_time":"2018-01-01T09:00:37+00:00","article_modified_time":"2024-02-22T13:30:26+00:00","og_image":[{"width":844,"height":418,"url":"https:\/\/ahorn-camp.de\/wp-content\/uploads\/2019\/06\/aktuelles_topmagazin-die-neue-golfmobilitaet.jpg","type":"image\/jpeg"}],"author":"ahorn_admin","twitter_card":"summary_large_image","twitter_misc":{"\u00c9crit par":"ahorn_admin","Dur\u00e9e de lecture estim\u00e9e":"1 minute"},"schema":{"@context":"https:\/\/schema.org","@graph":[{"@type":"Article","@id":"https:\/\/ahorn-camp.de\/die-neue-golfmobilitaet\/#article","isPartOf":{"@id":"https:\/\/ahorn-camp.de\/die-neue-golfmobilitaet\/"},"author":{"name":"ahorn_admin","@id":"https:\/\/ahorn-camp.de\/#\/schema\/person\/9b60761ba82d5cb8e6db215a88925044"},"headline":"Die neue Golfmobilit\u00e4t","datePublished":"2018-01-01T09:00:37+00:00","dateModified":"2024-02-22T13:30:26+00:00","mainEntityOfPage":{"@id":"https:\/\/ahorn-camp.de\/die-neue-golfmobilitaet\/"},"wordCount":75,"publisher":{"@id":"https:\/\/ahorn-camp.de\/#organization"},"image":{"@id":"https:\/\/ahorn-camp.de\/die-neue-golfmobilitaet\/#primaryimage"},"thumbnailUrl":"https:\/\/ahorn-camp.de\/wp-content\/uploads\/2019\/06\/aktuelles_topmagazin-die-neue-golfmobilitaet.jpg","articleSection":["Fahrzeugberichte"],"inLanguage":"fr-FR"},{"@type":"WebPage","@id":"https:\/\/ahorn-camp.de\/die-neue-golfmobilitaet\/","url":"https:\/\/ahorn-camp.de\/die-neue-golfmobilitaet\/","name":"La nouvelle mobilit\u00e9 de golf","isPartOf":{"@id":"https:\/\/ahorn-camp.de\/#website"},"primaryImageOfPage":{"@id":"https:\/\/ahorn-camp.de\/die-neue-golfmobilitaet\/#primaryimage"},"image":{"@id":"https:\/\/ahorn-camp.de\/die-neue-golfmobilitaet\/#primaryimage"},"thumbnailUrl":"https:\/\/ahorn-camp.de\/wp-content\/uploads\/2019\/06\/aktuelles_topmagazin-die-neue-golfmobilitaet.jpg","datePublished":"2018-01-01T09:00:37+00:00","dateModified":"2024-02-22T13:30:26+00:00","description":"D\u00e9couvrez les Ahorn Camp camping-cars et leur polyvalence ! Fortement recommand\u00e9, m\u00eame pour une excursion au golf.","breadcrumb":{"@id":"https:\/\/ahorn-camp.de\/die-neue-golfmobilitaet\/#breadcrumb"},"inLanguage":"fr-FR","potentialAction":[{"@type":"ReadAction","target":["https:\/\/ahorn-camp.de\/die-neue-golfmobilitaet\/"]}]},{"@type":"ImageObject","inLanguage":"fr-FR","@id":"https:\/\/ahorn-camp.de\/die-neue-golfmobilitaet\/#primaryimage","url":"https:\/\/ahorn-camp.de\/wp-content\/uploads\/2019\/06\/aktuelles_topmagazin-die-neue-golfmobilitaet.jpg","contentUrl":"https:\/\/ahorn-camp.de\/wp-content\/uploads\/2019\/06\/aktuelles_topmagazin-die-neue-golfmobilitaet.jpg","width":844,"height":418},{"@type":"BreadcrumbList","@id":"https:\/\/ahorn-camp.de\/die-neue-golfmobilitaet\/#breadcrumb","itemListElement":[{"@type":"ListItem","position":1,"name":"Startseite","item":"https:\/\/ahorn-camp.de\/"},{"@type":"ListItem","position":2,"name":"Die neue Golfmobilit\u00e4t"}]},{"@type":"WebSite","@id":"https:\/\/ahorn-camp.de\/#website","url":"https:\/\/ahorn-camp.de\/","name":"Ahorn Camp | Camping-cars et fourgons am\u00e9nag\u00e9s","description":"Depuis plus de 30 ans, l'entreprise familiale, Ahorn Camp \u00e0 Speyer, commercialise avec succ\u00e8s des camping-cars et des fourgons au meilleur rapport qualit\u00e9-prix.","publisher":{"@id":"https:\/\/ahorn-camp.de\/#organization"},"potentialAction":[{"@type":"SearchAction","target":{"@type":"EntryPoint","urlTemplate":"https:\/\/ahorn-camp.de\/?s={search_term_string}"},"query-input":{"@type":"PropertyValueSpecification","valueRequired":true,"valueName":"search_term_string"}}],"inLanguage":"fr-FR"},{"@type":"Organization","@id":"https:\/\/ahorn-camp.de\/#organization","name":"Ahorn Camp GmbH &amp; Co. KG","url":"https:\/\/ahorn-camp.de\/","logo":{"@type":"ImageObject","inLanguage":"fr-FR","@id":"https:\/\/ahorn-camp.de\/#\/schema\/logo\/image\/","url":"https:\/\/ahorn-camp.de\/wp-content\/uploads\/2018\/12\/Ahorn_Logo.jpg","contentUrl":"https:\/\/ahorn-camp.de\/wp-content\/uploads\/2018\/12\/Ahorn_Logo.jpg","width":1437,"height":1000,"caption":"Ahorn Camp GmbH & Co. KG"},"image":{"@id":"https:\/\/ahorn-camp.de\/#\/schema\/logo\/image\/"},"sameAs":["https:\/\/www.facebook.com\/ahorn.wohnmobile\/","https:\/\/www.instagram.com\/ahorn.camp\/","https:\/\/www.youtube.com\/channel\/UCPFbPCts1JJ_A1k9vyH0yOQ"]},{"@type":"Person","@id":"https:\/\/ahorn-camp.de\/#\/schema\/person\/9b60761ba82d5cb8e6db215a88925044","name":"ahorn_admin","image":{"@type":"ImageObject","inLanguage":"fr-FR","@id":"https:\/\/secure.gravatar.com\/avatar\/d96b9a078083b0c14cee48589feadd939c3cdd66547e2f3f1569470371daaaa5?s=96&d=mm&r=g","url":"https:\/\/secure.gravatar.com\/avatar\/d96b9a078083b0c14cee48589feadd939c3cdd66547e2f3f1569470371daaaa5?s=96&d=mm&r=g","contentUrl":"https:\/\/secure.gravatar.com\/avatar\/d96b9a078083b0c14cee48589feadd939c3cdd66547e2f3f1569470371daaaa5?s=96&d=mm&r=g","caption":"ahorn_admin"},"sameAs":["http:\/\/Ahorn%20Camp"],"url":"https:\/\/ahorn-camp.de\/fr\/author\/ahorn_admin\/"}]}},"_links":{"self":[{"href":"https:\/\/ahorn-camp.de\/fr\/wp-json\/wp\/v2\/posts\/1637","targetHints":{"allow":["GET"]}}],"collection":[{"href":"https:\/\/ahorn-camp.de\/fr\/wp-json\/wp\/v2\/posts"}],"about":[{"href":"https:\/\/ahorn-camp.de\/fr\/wp-json\/wp\/v2\/types\/post"}],"author":[{"embeddable":true,"href":"https:\/\/ahorn-camp.de\/fr\/wp-json\/wp\/v2\/users\/2"}],"replies":[{"embeddable":true,"href":"https:\/\/ahorn-camp.de\/fr\/wp-json\/wp\/v2\/comments?post=1637"}],"version-history":[{"count":0,"href":"https:\/\/ahorn-camp.de\/fr\/wp-json\/wp\/v2\/posts\/1637\/revisions"}],"wp:featuredmedia":[{"embeddable":true,"href":"https:\/\/ahorn-camp.de\/fr\/wp-json\/wp\/v2\/media\/1652"}],"wp:attachment":[{"href":"https:\/\/ahorn-camp.de\/fr\/wp-json\/wp\/v2\/media?parent=1637"}],"wp:term":[{"taxonomy":"category","embeddable":true,"href":"https:\/\/ahorn-camp.de\/fr\/wp-json\/wp\/v2\/categories?post=1637"},{"taxonomy":"post_tag","embeddable":true,"href":"https:\/\/ahorn-camp.de\/fr\/wp-json\/wp\/v2\/tags?post=1637"}],"curies":[{"name":"wp","href":"https:\/\/api.w.org\/{rel}","templated":true}]}}