{"id":14324,"date":"2021-11-30T12:43:13","date_gmt":"2021-11-30T11:43:13","guid":{"rendered":"https:\/\/ahorn-camp.de\/?p=14324"},"modified":"2024-02-16T17:16:18","modified_gmt":"2024-02-16T16:16:18","slug":"le-camp-ahorn-est-integre-au-reseau-des-meilleurs","status":"publish","type":"post","link":"https:\/\/ahorn-camp.de\/fr\/ahorn-camp-wird-in-das-netzwerk-der-besten-aufgenommen\/","title":{"rendered":"Prix des classes moyennes"},"content":{"rendered":"<div class=\"wpb-content-wrapper\" id=\"wpb-content-root\"><div class=\"vc_row wpb_row vc_row-fluid\"><div class=\"wpb_column vc_column_container vc_col-sm-8\"><div class=\"vc_column-inner\"><div class=\"wpb_wrapper\">\n\t<div class=\"wpb_text_column wpb_content_element\" >\n\t\t<div class=\"wpb_wrapper\">\n\t\t\t<p>Die Oskar-Patzelt-Stiftung vergibt j\u00e4hrlich den Preis des Mittelstandes. Es handelt sich bei den ausgezeichneten klein- und mittelst\u00e4ndischen Unternehmen um Innovationstreiber, Wertevermittler und um Firmen, die Bew\u00e4hrtes bewahren und an die n\u00e4chste Generation weitergeben. Auch Ahorn Camp wird in diesem Jahr als Finalist ausgezeichnet, das mit klarer Strategie und hoher Flexibilit\u00e4t voranschreitet, um weiter zu wachsen und neue Entwicklungen voran zu treiben. Wir freuen uns unter den Finalisten des Gro\u00dfen Preis des Mittelstandes 2021 sein zu d\u00fcrfen und sind stolz Teil dieses engagierten Netzwerks zu sein und gemeinsam den Klein- und Mittelstand in Deutschland zu st\u00e4rken.<\/p>\n\n\t\t<\/div>\n\t<\/div>\n<\/div><\/div><\/div><div class=\"wpb_column vc_column_container vc_col-sm-4\"><div class=\"vc_column-inner\"><div class=\"wpb_wrapper\">\n\t<div  class=\"wpb_single_image wpb_content_element vc_align_left wpb_content_element\">\n\t\t\n\t\t<figure class=\"wpb_wrapper vc_figure\">\n\t\t\t\n<a\n\thref=\"https:\/\/ahorn-camp.de\/wp-content\/uploads\/2021\/11\/Ahorn-Camp-gewinnt-den-Preis-des-Mittelstandes-1024x682.jpg\"\n\t\t\tclass=\"vc_single_image-wrapper  \"\n\t\tdata-lightbox=\"lightbox[rel-14324-1159038867]\"\t\ttitle=\"Ahorn Camp gewinnt den Preis des Mittelstandes\"\n\t>\n\t<img fetchpriority=\"high\" decoding=\"async\" width=\"1024\" height=\"682\" src=\"https:\/\/ahorn-camp.de\/wp-content\/uploads\/2021\/11\/Ahorn-Camp-gewinnt-den-Preis-des-Mittelstandes-1024x682.jpg\" class=\"vc_single_image-img attachment-large\" alt=\"Preis des Mittelstandes\" title=\"Ahorn Camp gewinnt den Preis des Mittelstandes\" srcset=\"https:\/\/ahorn-camp.de\/wp-content\/uploads\/2021\/11\/Ahorn-Camp-gewinnt-den-Preis-des-Mittelstandes-1024x682.jpg 1024w, https:\/\/ahorn-camp.de\/wp-content\/uploads\/2021\/11\/Ahorn-Camp-gewinnt-den-Preis-des-Mittelstandes-300x200.jpg 300w, https:\/\/ahorn-camp.de\/wp-content\/uploads\/2021\/11\/Ahorn-Camp-gewinnt-den-Preis-des-Mittelstandes-768x512.jpg 768w, https:\/\/ahorn-camp.de\/wp-content\/uploads\/2021\/11\/Ahorn-Camp-gewinnt-den-Preis-des-Mittelstandes-800x533.jpg 800w, https:\/\/ahorn-camp.de\/wp-content\/uploads\/2021\/11\/Ahorn-Camp-gewinnt-den-Preis-des-Mittelstandes-1536x1024.jpg 1536w, https:\/\/ahorn-camp.de\/wp-content\/uploads\/2021\/11\/Ahorn-Camp-gewinnt-den-Preis-des-Mittelstandes-2048x1365.jpg 2048w\" sizes=\"(max-width: 1024px) 100vw, 1024px\" \/><\/a>\n\n\t\t<\/figure>\n\t<\/div>\n<\/div><\/div><\/div><\/div><div class=\"vc_row wpb_row vc_row-fluid\"><div class=\"wpb_column vc_column_container vc_col-sm-12\"><div class=\"vc_column-inner\"><div class=\"wpb_wrapper\"><\/div><\/div><\/div><\/div>\n<\/div>","protected":false},"excerpt":{"rendered":"<p>Nous sommes ravis d'\u00eatre parmi les finalistes du Grand Prix des PME 2021, d\u00e9cern\u00e9 chaque ann\u00e9e par la Fondation Oskar Patzelt, et nous sommes fiers de renforcer ensemble les petites et moyennes entreprises en Allemagne. <\/p>","protected":false},"author":2,"featured_media":14327,"comment_status":"closed","ping_status":"closed","sticky":false,"template":"","format":"standard","meta":{"content-type":"","footnotes":""},"categories":[593,67],"tags":[],"class_list":["post-14324","post","type-post","status-publish","format-standard","has-post-thumbnail","hentry","category-auszeichnungen","category-unternehmen"],"yoast_head":"<!-- This site is optimized with the Yoast SEO plugin v28.4 - https:\/\/yoast.com\/product\/yoast-seo-wordpress\/ -->\n<title>Preis des Mittelstandes<\/title>\n<meta name=\"description\" content=\"Erfahren Sie, warum Ahorn Camp zu den Besten geh\u00f6rt! Wir sind stolz Teil des deutschen Mittelstandes zu sein, das zeigt diese Auszeichnung.\" \/>\n<meta name=\"robots\" content=\"index, follow, max-snippet:-1, max-image-preview:large, max-video-preview:-1\" \/>\n<link rel=\"canonical\" href=\"https:\/\/ahorn-camp.de\/fr\/le-camp-ahorn-est-integre-au-reseau-des-meilleurs\/\" \/>\n<meta property=\"og:locale\" content=\"fr_FR\" \/>\n<meta property=\"og:type\" content=\"article\" \/>\n<meta property=\"og:title\" content=\"Preis des Mittelstandes\" \/>\n<meta property=\"og:description\" content=\"Erfahren Sie, warum Ahorn Camp zu den Besten geh\u00f6rt! Wir sind stolz Teil des deutschen Mittelstandes zu sein, das zeigt diese Auszeichnung.\" \/>\n<meta property=\"og:url\" content=\"https:\/\/ahorn-camp.de\/fr\/le-camp-ahorn-est-integre-au-reseau-des-meilleurs\/\" \/>\n<meta property=\"og:site_name\" content=\"Ahorn Camp | Reisemobile und Kastenwagen\" \/>\n<meta property=\"article:publisher\" content=\"https:\/\/www.facebook.com\/ahorn.wohnmobile\/\" \/>\n<meta property=\"article:published_time\" content=\"2021-11-30T11:43:13+00:00\" \/>\n<meta property=\"article:modified_time\" content=\"2024-02-16T16:16:18+00:00\" \/>\n<meta property=\"og:image\" content=\"https:\/\/ahorn-camp.de\/wp-content\/uploads\/2021\/11\/Ahorn-Camp-gewinnt-den-Preis-des-Mittelstandes-1024x682.jpg\" \/>\n\t<meta property=\"og:image:width\" content=\"1024\" \/>\n\t<meta property=\"og:image:height\" content=\"682\" \/>\n\t<meta property=\"og:image:type\" content=\"image\/jpeg\" \/>\n<meta name=\"author\" content=\"ahorn_admin\" \/>\n<meta name=\"twitter:card\" content=\"summary_large_image\" \/>\n<meta name=\"twitter:label1\" content=\"\u00c9crit par\" \/>\n\t<meta name=\"twitter:data1\" content=\"ahorn_admin\" \/>\n\t<meta name=\"twitter:label2\" content=\"Dur\u00e9e de lecture estim\u00e9e\" \/>\n\t<meta name=\"twitter:data2\" content=\"1 minute\" \/>\n<script type=\"application\/ld+json\" class=\"yoast-schema-graph\">{\"@context\":\"https:\\\/\\\/schema.org\",\"@graph\":[{\"@type\":\"Article\",\"@id\":\"https:\\\/\\\/ahorn-camp.de\\\/ahorn-camp-wird-in-das-netzwerk-der-besten-aufgenommen\\\/#article\",\"isPartOf\":{\"@id\":\"https:\\\/\\\/ahorn-camp.de\\\/ahorn-camp-wird-in-das-netzwerk-der-besten-aufgenommen\\\/\"},\"author\":{\"name\":\"ahorn_admin\",\"@id\":\"https:\\\/\\\/ahorn-camp.de\\\/#\\\/schema\\\/person\\\/9b60761ba82d5cb8e6db215a88925044\"},\"headline\":\"Preis des Mittelstandes\",\"datePublished\":\"2021-11-30T11:43:13+00:00\",\"dateModified\":\"2024-02-16T16:16:18+00:00\",\"mainEntityOfPage\":{\"@id\":\"https:\\\/\\\/ahorn-camp.de\\\/ahorn-camp-wird-in-das-netzwerk-der-besten-aufgenommen\\\/\"},\"wordCount\":143,\"publisher\":{\"@id\":\"https:\\\/\\\/ahorn-camp.de\\\/#organization\"},\"image\":{\"@id\":\"https:\\\/\\\/ahorn-camp.de\\\/ahorn-camp-wird-in-das-netzwerk-der-besten-aufgenommen\\\/#primaryimage\"},\"thumbnailUrl\":\"https:\\\/\\\/ahorn-camp.de\\\/wp-content\\\/uploads\\\/2021\\\/11\\\/Ahorn-Camp-gewinnt-den-Preis-des-Mittelstandes.jpg\",\"articleSection\":[\"Auszeichnungen\",\"Unternehmen\"],\"inLanguage\":\"fr-FR\"},{\"@type\":\"WebPage\",\"@id\":\"https:\\\/\\\/ahorn-camp.de\\\/ahorn-camp-wird-in-das-netzwerk-der-besten-aufgenommen\\\/\",\"url\":\"https:\\\/\\\/ahorn-camp.de\\\/ahorn-camp-wird-in-das-netzwerk-der-besten-aufgenommen\\\/\",\"name\":\"Preis des Mittelstandes\",\"isPartOf\":{\"@id\":\"https:\\\/\\\/ahorn-camp.de\\\/#website\"},\"primaryImageOfPage\":{\"@id\":\"https:\\\/\\\/ahorn-camp.de\\\/ahorn-camp-wird-in-das-netzwerk-der-besten-aufgenommen\\\/#primaryimage\"},\"image\":{\"@id\":\"https:\\\/\\\/ahorn-camp.de\\\/ahorn-camp-wird-in-das-netzwerk-der-besten-aufgenommen\\\/#primaryimage\"},\"thumbnailUrl\":\"https:\\\/\\\/ahorn-camp.de\\\/wp-content\\\/uploads\\\/2021\\\/11\\\/Ahorn-Camp-gewinnt-den-Preis-des-Mittelstandes.jpg\",\"datePublished\":\"2021-11-30T11:43:13+00:00\",\"dateModified\":\"2024-02-16T16:16:18+00:00\",\"description\":\"Erfahren Sie, warum Ahorn Camp zu den Besten geh\u00f6rt! Wir sind stolz Teil des deutschen Mittelstandes zu sein, das zeigt diese Auszeichnung.\",\"breadcrumb\":{\"@id\":\"https:\\\/\\\/ahorn-camp.de\\\/ahorn-camp-wird-in-das-netzwerk-der-besten-aufgenommen\\\/#breadcrumb\"},\"inLanguage\":\"fr-FR\",\"potentialAction\":[{\"@type\":\"ReadAction\",\"target\":[\"https:\\\/\\\/ahorn-camp.de\\\/ahorn-camp-wird-in-das-netzwerk-der-besten-aufgenommen\\\/\"]}]},{\"@type\":\"ImageObject\",\"inLanguage\":\"fr-FR\",\"@id\":\"https:\\\/\\\/ahorn-camp.de\\\/ahorn-camp-wird-in-das-netzwerk-der-besten-aufgenommen\\\/#primaryimage\",\"url\":\"https:\\\/\\\/ahorn-camp.de\\\/wp-content\\\/uploads\\\/2021\\\/11\\\/Ahorn-Camp-gewinnt-den-Preis-des-Mittelstandes.jpg\",\"contentUrl\":\"https:\\\/\\\/ahorn-camp.de\\\/wp-content\\\/uploads\\\/2021\\\/11\\\/Ahorn-Camp-gewinnt-den-Preis-des-Mittelstandes.jpg\",\"width\":2329,\"height\":1552,\"caption\":\"Preis des Mittelstandes\"},{\"@type\":\"BreadcrumbList\",\"@id\":\"https:\\\/\\\/ahorn-camp.de\\\/ahorn-camp-wird-in-das-netzwerk-der-besten-aufgenommen\\\/#breadcrumb\",\"itemListElement\":[{\"@type\":\"ListItem\",\"position\":1,\"name\":\"Startseite\",\"item\":\"https:\\\/\\\/ahorn-camp.de\\\/\"},{\"@type\":\"ListItem\",\"position\":2,\"name\":\"Preis des Mittelstandes\"}]},{\"@type\":\"WebSite\",\"@id\":\"https:\\\/\\\/ahorn-camp.de\\\/#website\",\"url\":\"https:\\\/\\\/ahorn-camp.de\\\/\",\"name\":\"Ahorn Camp | Reisemobile und Kastenwagen\",\"description\":\"Seit \u00fcber 30 Jahren vermarktet das Familienunternehmen, Ahorn Camp in Speyer, erfolgreich Wohnmobile und Kastenwagen zum besten Preis-Leistungsverh\u00e4ltnis.\",\"publisher\":{\"@id\":\"https:\\\/\\\/ahorn-camp.de\\\/#organization\"},\"potentialAction\":[{\"@type\":\"SearchAction\",\"target\":{\"@type\":\"EntryPoint\",\"urlTemplate\":\"https:\\\/\\\/ahorn-camp.de\\\/?s={search_term_string}\"},\"query-input\":{\"@type\":\"PropertyValueSpecification\",\"valueRequired\":true,\"valueName\":\"search_term_string\"}}],\"inLanguage\":\"fr-FR\"},{\"@type\":\"Organization\",\"@id\":\"https:\\\/\\\/ahorn-camp.de\\\/#organization\",\"name\":\"Ahorn Camp GmbH & Co. KG\",\"url\":\"https:\\\/\\\/ahorn-camp.de\\\/\",\"logo\":{\"@type\":\"ImageObject\",\"inLanguage\":\"fr-FR\",\"@id\":\"https:\\\/\\\/ahorn-camp.de\\\/#\\\/schema\\\/logo\\\/image\\\/\",\"url\":\"https:\\\/\\\/ahorn-camp.de\\\/wp-content\\\/uploads\\\/2018\\\/12\\\/Ahorn_Logo.jpg\",\"contentUrl\":\"https:\\\/\\\/ahorn-camp.de\\\/wp-content\\\/uploads\\\/2018\\\/12\\\/Ahorn_Logo.jpg\",\"width\":1437,\"height\":1000,\"caption\":\"Ahorn Camp GmbH & Co. KG\"},\"image\":{\"@id\":\"https:\\\/\\\/ahorn-camp.de\\\/#\\\/schema\\\/logo\\\/image\\\/\"},\"sameAs\":[\"https:\\\/\\\/www.facebook.com\\\/ahorn.wohnmobile\\\/\",\"https:\\\/\\\/www.instagram.com\\\/ahorn.camp\\\/\",\"https:\\\/\\\/www.youtube.com\\\/channel\\\/UCPFbPCts1JJ_A1k9vyH0yOQ\"]},{\"@type\":\"Person\",\"@id\":\"https:\\\/\\\/ahorn-camp.de\\\/#\\\/schema\\\/person\\\/9b60761ba82d5cb8e6db215a88925044\",\"name\":\"ahorn_admin\",\"image\":{\"@type\":\"ImageObject\",\"inLanguage\":\"fr-FR\",\"@id\":\"https:\\\/\\\/secure.gravatar.com\\\/avatar\\\/d96b9a078083b0c14cee48589feadd939c3cdd66547e2f3f1569470371daaaa5?s=96&d=mm&r=g\",\"url\":\"https:\\\/\\\/secure.gravatar.com\\\/avatar\\\/d96b9a078083b0c14cee48589feadd939c3cdd66547e2f3f1569470371daaaa5?s=96&d=mm&r=g\",\"contentUrl\":\"https:\\\/\\\/secure.gravatar.com\\\/avatar\\\/d96b9a078083b0c14cee48589feadd939c3cdd66547e2f3f1569470371daaaa5?s=96&d=mm&r=g\",\"caption\":\"ahorn_admin\"},\"sameAs\":[\"http:\\\/\\\/Ahorn%20Camp\"],\"url\":\"https:\\\/\\\/ahorn-camp.de\\\/fr\\\/author\\\/ahorn_admin\\\/\"}]}<\/script>\n<!-- \/ Yoast SEO plugin. -->","yoast_head_json":{"title":"Prix des classes moyennes","description":"D\u00e9couvrez pourquoi Ahorn Camp figure parmi les meilleurs ! Nous sommes fiers de faire partie des PME allemandes, comme en t\u00e9moigne cette distinction.","robots":{"index":"index","follow":"follow","max-snippet":"max-snippet:-1","max-image-preview":"max-image-preview:large","max-video-preview":"max-video-preview:-1"},"canonical":"https:\/\/ahorn-camp.de\/fr\/le-camp-ahorn-est-integre-au-reseau-des-meilleurs\/","og_locale":"fr_FR","og_type":"article","og_title":"Preis des Mittelstandes","og_description":"Erfahren Sie, warum Ahorn Camp zu den Besten geh\u00f6rt! Wir sind stolz Teil des deutschen Mittelstandes zu sein, das zeigt diese Auszeichnung.","og_url":"https:\/\/ahorn-camp.de\/fr\/le-camp-ahorn-est-integre-au-reseau-des-meilleurs\/","og_site_name":"Ahorn Camp | Reisemobile und Kastenwagen","article_publisher":"https:\/\/www.facebook.com\/ahorn.wohnmobile\/","article_published_time":"2021-11-30T11:43:13+00:00","article_modified_time":"2024-02-16T16:16:18+00:00","og_image":[{"width":1024,"height":682,"url":"https:\/\/ahorn-camp.de\/wp-content\/uploads\/2021\/11\/Ahorn-Camp-gewinnt-den-Preis-des-Mittelstandes-1024x682.jpg","type":"image\/jpeg"}],"author":"ahorn_admin","twitter_card":"summary_large_image","twitter_misc":{"\u00c9crit par":"ahorn_admin","Dur\u00e9e de lecture estim\u00e9e":"1 minute"},"schema":{"@context":"https:\/\/schema.org","@graph":[{"@type":"Article","@id":"https:\/\/ahorn-camp.de\/ahorn-camp-wird-in-das-netzwerk-der-besten-aufgenommen\/#article","isPartOf":{"@id":"https:\/\/ahorn-camp.de\/ahorn-camp-wird-in-das-netzwerk-der-besten-aufgenommen\/"},"author":{"name":"ahorn_admin","@id":"https:\/\/ahorn-camp.de\/#\/schema\/person\/9b60761ba82d5cb8e6db215a88925044"},"headline":"Preis des Mittelstandes","datePublished":"2021-11-30T11:43:13+00:00","dateModified":"2024-02-16T16:16:18+00:00","mainEntityOfPage":{"@id":"https:\/\/ahorn-camp.de\/ahorn-camp-wird-in-das-netzwerk-der-besten-aufgenommen\/"},"wordCount":143,"publisher":{"@id":"https:\/\/ahorn-camp.de\/#organization"},"image":{"@id":"https:\/\/ahorn-camp.de\/ahorn-camp-wird-in-das-netzwerk-der-besten-aufgenommen\/#primaryimage"},"thumbnailUrl":"https:\/\/ahorn-camp.de\/wp-content\/uploads\/2021\/11\/Ahorn-Camp-gewinnt-den-Preis-des-Mittelstandes.jpg","articleSection":["Auszeichnungen","Unternehmen"],"inLanguage":"fr-FR"},{"@type":"WebPage","@id":"https:\/\/ahorn-camp.de\/ahorn-camp-wird-in-das-netzwerk-der-besten-aufgenommen\/","url":"https:\/\/ahorn-camp.de\/ahorn-camp-wird-in-das-netzwerk-der-besten-aufgenommen\/","name":"Prix des classes moyennes","isPartOf":{"@id":"https:\/\/ahorn-camp.de\/#website"},"primaryImageOfPage":{"@id":"https:\/\/ahorn-camp.de\/ahorn-camp-wird-in-das-netzwerk-der-besten-aufgenommen\/#primaryimage"},"image":{"@id":"https:\/\/ahorn-camp.de\/ahorn-camp-wird-in-das-netzwerk-der-besten-aufgenommen\/#primaryimage"},"thumbnailUrl":"https:\/\/ahorn-camp.de\/wp-content\/uploads\/2021\/11\/Ahorn-Camp-gewinnt-den-Preis-des-Mittelstandes.jpg","datePublished":"2021-11-30T11:43:13+00:00","dateModified":"2024-02-16T16:16:18+00:00","description":"D\u00e9couvrez pourquoi Ahorn Camp figure parmi les meilleurs ! Nous sommes fiers de faire partie des PME allemandes, comme en t\u00e9moigne cette distinction.","breadcrumb":{"@id":"https:\/\/ahorn-camp.de\/ahorn-camp-wird-in-das-netzwerk-der-besten-aufgenommen\/#breadcrumb"},"inLanguage":"fr-FR","potentialAction":[{"@type":"ReadAction","target":["https:\/\/ahorn-camp.de\/ahorn-camp-wird-in-das-netzwerk-der-besten-aufgenommen\/"]}]},{"@type":"ImageObject","inLanguage":"fr-FR","@id":"https:\/\/ahorn-camp.de\/ahorn-camp-wird-in-das-netzwerk-der-besten-aufgenommen\/#primaryimage","url":"https:\/\/ahorn-camp.de\/wp-content\/uploads\/2021\/11\/Ahorn-Camp-gewinnt-den-Preis-des-Mittelstandes.jpg","contentUrl":"https:\/\/ahorn-camp.de\/wp-content\/uploads\/2021\/11\/Ahorn-Camp-gewinnt-den-Preis-des-Mittelstandes.jpg","width":2329,"height":1552,"caption":"Preis des Mittelstandes"},{"@type":"BreadcrumbList","@id":"https:\/\/ahorn-camp.de\/ahorn-camp-wird-in-das-netzwerk-der-besten-aufgenommen\/#breadcrumb","itemListElement":[{"@type":"ListItem","position":1,"name":"Startseite","item":"https:\/\/ahorn-camp.de\/"},{"@type":"ListItem","position":2,"name":"Preis des Mittelstandes"}]},{"@type":"WebSite","@id":"https:\/\/ahorn-camp.de\/#website","url":"https:\/\/ahorn-camp.de\/","name":"Ahorn Camp | Camping-cars et fourgons am\u00e9nag\u00e9s","description":"Depuis plus de 30 ans, l'entreprise familiale, Ahorn Camp \u00e0 Speyer, commercialise avec succ\u00e8s des camping-cars et des fourgons au meilleur rapport qualit\u00e9-prix.","publisher":{"@id":"https:\/\/ahorn-camp.de\/#organization"},"potentialAction":[{"@type":"SearchAction","target":{"@type":"EntryPoint","urlTemplate":"https:\/\/ahorn-camp.de\/?s={search_term_string}"},"query-input":{"@type":"PropertyValueSpecification","valueRequired":true,"valueName":"search_term_string"}}],"inLanguage":"fr-FR"},{"@type":"Organization","@id":"https:\/\/ahorn-camp.de\/#organization","name":"Ahorn Camp GmbH &amp; Co. KG","url":"https:\/\/ahorn-camp.de\/","logo":{"@type":"ImageObject","inLanguage":"fr-FR","@id":"https:\/\/ahorn-camp.de\/#\/schema\/logo\/image\/","url":"https:\/\/ahorn-camp.de\/wp-content\/uploads\/2018\/12\/Ahorn_Logo.jpg","contentUrl":"https:\/\/ahorn-camp.de\/wp-content\/uploads\/2018\/12\/Ahorn_Logo.jpg","width":1437,"height":1000,"caption":"Ahorn Camp GmbH & Co. KG"},"image":{"@id":"https:\/\/ahorn-camp.de\/#\/schema\/logo\/image\/"},"sameAs":["https:\/\/www.facebook.com\/ahorn.wohnmobile\/","https:\/\/www.instagram.com\/ahorn.camp\/","https:\/\/www.youtube.com\/channel\/UCPFbPCts1JJ_A1k9vyH0yOQ"]},{"@type":"Person","@id":"https:\/\/ahorn-camp.de\/#\/schema\/person\/9b60761ba82d5cb8e6db215a88925044","name":"ahorn_admin","image":{"@type":"ImageObject","inLanguage":"fr-FR","@id":"https:\/\/secure.gravatar.com\/avatar\/d96b9a078083b0c14cee48589feadd939c3cdd66547e2f3f1569470371daaaa5?s=96&d=mm&r=g","url":"https:\/\/secure.gravatar.com\/avatar\/d96b9a078083b0c14cee48589feadd939c3cdd66547e2f3f1569470371daaaa5?s=96&d=mm&r=g","contentUrl":"https:\/\/secure.gravatar.com\/avatar\/d96b9a078083b0c14cee48589feadd939c3cdd66547e2f3f1569470371daaaa5?s=96&d=mm&r=g","caption":"ahorn_admin"},"sameAs":["http:\/\/Ahorn%20Camp"],"url":"https:\/\/ahorn-camp.de\/fr\/author\/ahorn_admin\/"}]}},"_links":{"self":[{"href":"https:\/\/ahorn-camp.de\/fr\/wp-json\/wp\/v2\/posts\/14324","targetHints":{"allow":["GET"]}}],"collection":[{"href":"https:\/\/ahorn-camp.de\/fr\/wp-json\/wp\/v2\/posts"}],"about":[{"href":"https:\/\/ahorn-camp.de\/fr\/wp-json\/wp\/v2\/types\/post"}],"author":[{"embeddable":true,"href":"https:\/\/ahorn-camp.de\/fr\/wp-json\/wp\/v2\/users\/2"}],"replies":[{"embeddable":true,"href":"https:\/\/ahorn-camp.de\/fr\/wp-json\/wp\/v2\/comments?post=14324"}],"version-history":[{"count":0,"href":"https:\/\/ahorn-camp.de\/fr\/wp-json\/wp\/v2\/posts\/14324\/revisions"}],"wp:featuredmedia":[{"embeddable":true,"href":"https:\/\/ahorn-camp.de\/fr\/wp-json\/wp\/v2\/media\/14327"}],"wp:attachment":[{"href":"https:\/\/ahorn-camp.de\/fr\/wp-json\/wp\/v2\/media?parent=14324"}],"wp:term":[{"taxonomy":"category","embeddable":true,"href":"https:\/\/ahorn-camp.de\/fr\/wp-json\/wp\/v2\/categories?post=14324"},{"taxonomy":"post_tag","embeddable":true,"href":"https:\/\/ahorn-camp.de\/fr\/wp-json\/wp\/v2\/tags?post=14324"}],"curies":[{"name":"wp","href":"https:\/\/api.w.org\/{rel}","templated":true}]}}