{"id":13330,"date":"2021-09-23T15:35:43","date_gmt":"2021-09-23T13:35:43","guid":{"rendered":"https:\/\/ahorn-camp.de\/?p=13330"},"modified":"2024-02-20T13:42:40","modified_gmt":"2024-02-20T12:42:40","slug":"dgrm-2021","status":"publish","type":"post","link":"https:\/\/ahorn-camp.de\/fr\/dgrm-2021\/","title":{"rendered":"Meilleur classement au Golden Reisemobil 2021"},"content":{"rendered":"<div class=\"wpb-content-wrapper\"><div class=\"vc_row wpb_row vc_row-fluid\"><div class=\"wpb_column vc_column_container vc_col-sm-8\"><div class=\"vc_column-inner\"><div class=\"wpb_wrapper\">\n\t<div class=\"wpb_text_column wpb_content_element\" >\n\t\t<div class=\"wpb_wrapper\">\n\t\t\t<p>Auch in diesem Jahr konnten wieder zwei unserer Fahrzeuge bei der Leserwahl zum goldenen Reisemobil der AUTO BILD REISEMOBIL \u00fcberzeugen!<\/p>\n<p>Neben dem Van City hat auch unser <a href=\"https:\/\/ahorn-camp.de\/ahorn-reisemobile\/alkoven-wohnmobile\/canada-ae\/\">Canada AE<\/a> in der Kategorie Alkoven die Silbermedaille erhalten. Beide Modelle konnten sich gegen namenhafte Konkurrenten durchsetzen und wir sind stolz auch in diesem Jahr wieder zu den Top Platzierungen zu geh\u00f6ren. <strong>Vielen Dank an alle, die uns unterst\u00fctzt und f\u00fcr uns abgestimmt haben.<\/strong><\/p>\n\n\t\t<\/div>\n\t<\/div>\n\n\t<div class=\"wpb_text_column wpb_content_element\" >\n\t\t<div class=\"wpb_wrapper\">\n\t\t\t<p>Der kompakte <a href=\"https:\/\/ahorn-camp.de\/ahorn-reisemobile\/campervans\/van-city\/\">Van City<\/a> \u00fcberzeugt durch sein durchdachtes Raumkonzept, durch sein variables Schienensystem und durch das praktische Dachzelt. Als wendiger Van setzte er sich mit unter f\u00fcnf Metern durch und zeichnete sich vor allem durch das automobilistische Design von den Mitbewerben ab. Der <a href=\"https:\/\/ahorn-camp.de\/ahorn-reisemobile\/alkoven-wohnmobile\/canada-ae\/\">Canada AE<\/a> hingegen ist ein Wohnmobil f\u00fcr die ganze Familie. Mit zwei Einzelbetten im Heck, die zu einem gro\u00dfen Doppelbett umgebaut werden k\u00f6nnen erf\u00fcllt das Wohnmobil alle W\u00fcnsche. Das bequeme Alkovenbett bietet nochmal Platz f\u00fcr zwei weitere Personen, sodass darunter noch bequem in der Dinette Platz genommen werden kann.<\/p>\n\n\t\t<\/div>\n\t<\/div>\n<\/div><\/div><\/div><div class=\"wpb_column vc_column_container vc_col-sm-4\"><div class=\"vc_column-inner\"><div class=\"wpb_wrapper\">\n\t<div  class=\"wpb_single_image wpb_content_element vc_align_left wpb_content_element\">\n\t\t\n\t\t<figure class=\"wpb_wrapper vc_figure\">\n\t\t\t<a class=\"\" data-lightbox=\"lightbox[rel-13330-1332748631]\" href=\"https:\/\/ahorn-camp.de\/wp-content\/uploads\/2021\/09\/DGRM_2021-1024x781.jpg\" target=\"_self\" class=\"vc_single_image-wrapper   vc_box_border_grey\"><img fetchpriority=\"high\" decoding=\"async\" width=\"1024\" height=\"781\" src=\"https:\/\/ahorn-camp.de\/wp-content\/uploads\/2021\/09\/DGRM_2021-1024x781.jpg\" class=\"vc_single_image-img attachment-large\" alt=\"\" title=\"DGRM_2021\" srcset=\"https:\/\/ahorn-camp.de\/wp-content\/uploads\/2021\/09\/DGRM_2021-1024x781.jpg 1024w, https:\/\/ahorn-camp.de\/wp-content\/uploads\/2021\/09\/DGRM_2021-300x229.jpg 300w, https:\/\/ahorn-camp.de\/wp-content\/uploads\/2021\/09\/DGRM_2021-768x586.jpg 768w, https:\/\/ahorn-camp.de\/wp-content\/uploads\/2021\/09\/DGRM_2021-786x600.jpg 786w, https:\/\/ahorn-camp.de\/wp-content\/uploads\/2021\/09\/DGRM_2021-1536x1172.jpg 1536w, https:\/\/ahorn-camp.de\/wp-content\/uploads\/2021\/09\/DGRM_2021-2048x1563.jpg 2048w, https:\/\/ahorn-camp.de\/wp-content\/uploads\/2021\/09\/DGRM_2021-800x610.jpg 800w\" sizes=\"(max-width: 1024px) 100vw, 1024px\" \/><\/a>\n\t\t<\/figure>\n\t<\/div>\n<\/div><\/div><\/div><\/div><div class=\"vc_row wpb_row vc_row-fluid\"><div class=\"wpb_column vc_column_container vc_col-sm-12\"><div class=\"vc_column-inner\"><div class=\"wpb_wrapper\"><div class=\"wpb_images_carousel wpb_content_element vc_clearfix wpb_content_element\"><div class=\"wpb_wrapper\"><div id=\"vc_images-carousel-1-1777407969\" data-ride=\"vc_carousel\" data-wrap=\"false\" style=\"width: 1024px;\" data-interval=\"0\" data-auto-height=\"yes\" data-mode=\"horizontal\" data-partial=\"false\" data-per-view=\"3\" data-hide-on-end=\"true\" class=\"vc_slide vc_images_carousel\"><div class=\"vc_carousel-inner\"><div class=\"vc_carousel-slideline\"><div class=\"vc_carousel-slideline-inner\"><div class=\"vc_item\"><div class=\"vc_inner\"><a class=\"\" href=\"https:\/\/ahorn-camp.de\/wp-content\/uploads\/2021\/09\/DGRM-LInked-in-1024x782.jpg\" data-lightbox=\"lightbox[rel-13330-4238474461]\"><img decoding=\"async\" width=\"1024\" height=\"782\" src=\"https:\/\/ahorn-camp.de\/wp-content\/uploads\/2021\/09\/DGRM-LInked-in-1024x782.jpg\" class=\"attachment-large\" alt=\"DGRM\" title=\"DGRM\" srcset=\"https:\/\/ahorn-camp.de\/wp-content\/uploads\/2021\/09\/DGRM-LInked-in-1024x782.jpg 1024w, https:\/\/ahorn-camp.de\/wp-content\/uploads\/2021\/09\/DGRM-LInked-in-300x229.jpg 300w, https:\/\/ahorn-camp.de\/wp-content\/uploads\/2021\/09\/DGRM-LInked-in-768x586.jpg 768w, https:\/\/ahorn-camp.de\/wp-content\/uploads\/2021\/09\/DGRM-LInked-in-786x600.jpg 786w, https:\/\/ahorn-camp.de\/wp-content\/uploads\/2021\/09\/DGRM-LInked-in-800x611.jpg 800w, https:\/\/ahorn-camp.de\/wp-content\/uploads\/2021\/09\/DGRM-LInked-in.jpg 1506w\" sizes=\"(max-width: 1024px) 100vw, 1024px\" \/><\/a><\/div><\/div><div class=\"vc_item\"><div class=\"vc_inner\"><a class=\"\" href=\"https:\/\/ahorn-camp.de\/wp-content\/uploads\/2021\/09\/Van-City-02-1024x683.jpg\" data-lightbox=\"lightbox[rel-13330-4238474461]\"><img decoding=\"async\" width=\"1024\" height=\"683\" src=\"https:\/\/ahorn-camp.de\/wp-content\/uploads\/2021\/09\/Van-City-02-1024x683.jpg\" class=\"attachment-large\" alt=\"Van City\" title=\"Aufstelldach\" srcset=\"https:\/\/ahorn-camp.de\/wp-content\/uploads\/2021\/09\/Van-City-02-1024x683.jpg 1024w, https:\/\/ahorn-camp.de\/wp-content\/uploads\/2021\/09\/Van-City-02-300x200.jpg 300w, https:\/\/ahorn-camp.de\/wp-content\/uploads\/2021\/09\/Van-City-02-768x512.jpg 768w, https:\/\/ahorn-camp.de\/wp-content\/uploads\/2021\/09\/Van-City-02-800x533.jpg 800w, https:\/\/ahorn-camp.de\/wp-content\/uploads\/2021\/09\/Van-City-02.jpg 1200w\" sizes=\"(max-width: 1024px) 100vw, 1024px\" \/><\/a><\/div><\/div><div class=\"vc_item\"><div class=\"vc_inner\"><a class=\"\" href=\"https:\/\/ahorn-camp.de\/wp-content\/uploads\/2021\/05\/AhornCamp_VanCity135-1024x683.jpg\" data-lightbox=\"lightbox[rel-13330-4238474461]\"><img loading=\"lazy\" decoding=\"async\" width=\"1024\" height=\"683\" src=\"https:\/\/ahorn-camp.de\/wp-content\/uploads\/2021\/05\/AhornCamp_VanCity135-1024x683.jpg\" class=\"attachment-large\" alt=\"Van Aufstelldach Sonnenuntergang\" title=\"AhornCamp_VanCity135\" srcset=\"https:\/\/ahorn-camp.de\/wp-content\/uploads\/2021\/05\/AhornCamp_VanCity135-1024x683.jpg 1024w, https:\/\/ahorn-camp.de\/wp-content\/uploads\/2021\/05\/AhornCamp_VanCity135-300x200.jpg 300w, https:\/\/ahorn-camp.de\/wp-content\/uploads\/2021\/05\/AhornCamp_VanCity135-768x512.jpg 768w, https:\/\/ahorn-camp.de\/wp-content\/uploads\/2021\/05\/AhornCamp_VanCity135-800x534.jpg 800w, https:\/\/ahorn-camp.de\/wp-content\/uploads\/2021\/05\/AhornCamp_VanCity135-1536x1025.jpg 1536w, https:\/\/ahorn-camp.de\/wp-content\/uploads\/2021\/05\/AhornCamp_VanCity135-2048x1366.jpg 2048w\" sizes=\"(max-width: 1024px) 100vw, 1024px\" \/><\/a><\/div><\/div><div class=\"vc_item\"><div class=\"vc_inner\"><a class=\"\" href=\"https:\/\/ahorn-camp.de\/wp-content\/uploads\/2021\/09\/Van-City-03-1024x683.jpg\" data-lightbox=\"lightbox[rel-13330-4238474461]\"><img loading=\"lazy\" decoding=\"async\" width=\"1024\" height=\"683\" src=\"https:\/\/ahorn-camp.de\/wp-content\/uploads\/2021\/09\/Van-City-03-1024x683.jpg\" class=\"attachment-large\" alt=\"\" title=\"Van City -03\" srcset=\"https:\/\/ahorn-camp.de\/wp-content\/uploads\/2021\/09\/Van-City-03-1024x683.jpg 1024w, https:\/\/ahorn-camp.de\/wp-content\/uploads\/2021\/09\/Van-City-03-300x200.jpg 300w, https:\/\/ahorn-camp.de\/wp-content\/uploads\/2021\/09\/Van-City-03-768x512.jpg 768w, https:\/\/ahorn-camp.de\/wp-content\/uploads\/2021\/09\/Van-City-03-800x533.jpg 800w, https:\/\/ahorn-camp.de\/wp-content\/uploads\/2021\/09\/Van-City-03.jpg 1200w\" sizes=\"(max-width: 1024px) 100vw, 1024px\" \/><\/a><\/div><\/div><div class=\"vc_item\"><div class=\"vc_inner\"><a class=\"\" href=\"https:\/\/ahorn-camp.de\/wp-content\/uploads\/2021\/04\/AhornCamp_VanCity93-1024x683.jpg\" data-lightbox=\"lightbox[rel-13330-4238474461]\"><img loading=\"lazy\" decoding=\"async\" width=\"1024\" height=\"683\" src=\"https:\/\/ahorn-camp.de\/wp-content\/uploads\/2021\/04\/AhornCamp_VanCity93-1024x683.jpg\" class=\"attachment-large\" alt=\"Van Aufstelldach Au\u00dfentisch\" title=\"AhornCamp_VanCity93\" srcset=\"https:\/\/ahorn-camp.de\/wp-content\/uploads\/2021\/04\/AhornCamp_VanCity93-1024x683.jpg 1024w, https:\/\/ahorn-camp.de\/wp-content\/uploads\/2021\/04\/AhornCamp_VanCity93-300x200.jpg 300w, https:\/\/ahorn-camp.de\/wp-content\/uploads\/2021\/04\/AhornCamp_VanCity93-768x512.jpg 768w, https:\/\/ahorn-camp.de\/wp-content\/uploads\/2021\/04\/AhornCamp_VanCity93-800x534.jpg 800w, https:\/\/ahorn-camp.de\/wp-content\/uploads\/2021\/04\/AhornCamp_VanCity93-1536x1025.jpg 1536w, https:\/\/ahorn-camp.de\/wp-content\/uploads\/2021\/04\/AhornCamp_VanCity93-2048x1366.jpg 2048w\" sizes=\"(max-width: 1024px) 100vw, 1024px\" \/><\/a><\/div><\/div><div class=\"vc_item\"><div class=\"vc_inner\"><a class=\"\" href=\"https:\/\/ahorn-camp.de\/wp-content\/uploads\/2021\/09\/Van-City-04-1024x683.jpg\" data-lightbox=\"lightbox[rel-13330-4238474461]\"><img loading=\"lazy\" decoding=\"async\" width=\"1024\" height=\"683\" src=\"https:\/\/ahorn-camp.de\/wp-content\/uploads\/2021\/09\/Van-City-04-1024x683.jpg\" class=\"attachment-large\" alt=\"\" title=\"Van City -04\" srcset=\"https:\/\/ahorn-camp.de\/wp-content\/uploads\/2021\/09\/Van-City-04-1024x683.jpg 1024w, https:\/\/ahorn-camp.de\/wp-content\/uploads\/2021\/09\/Van-City-04-300x200.jpg 300w, https:\/\/ahorn-camp.de\/wp-content\/uploads\/2021\/09\/Van-City-04-768x512.jpg 768w, https:\/\/ahorn-camp.de\/wp-content\/uploads\/2021\/09\/Van-City-04-800x533.jpg 800w, https:\/\/ahorn-camp.de\/wp-content\/uploads\/2021\/09\/Van-City-04.jpg 1200w\" sizes=\"(max-width: 1024px) 100vw, 1024px\" \/><\/a><\/div><\/div><div class=\"vc_item\"><div class=\"vc_inner\"><a class=\"\" href=\"https:\/\/ahorn-camp.de\/wp-content\/uploads\/2021\/04\/AhornCamp_VanCity144-1-1024x683.jpg\" data-lightbox=\"lightbox[rel-13330-4238474461]\"><img loading=\"lazy\" decoding=\"async\" width=\"1024\" height=\"683\" src=\"https:\/\/ahorn-camp.de\/wp-content\/uploads\/2021\/04\/AhornCamp_VanCity144-1-1024x683.jpg\" class=\"attachment-large\" alt=\"Praktisches Aufstelldach, das Stehh\u00f6he tags\u00fcber und zwei gem\u00fctliche Schlafpl\u00e4tze nachts bietet.\" title=\"Van City mit Aufstelldach\" srcset=\"https:\/\/ahorn-camp.de\/wp-content\/uploads\/2021\/04\/AhornCamp_VanCity144-1-1024x683.jpg 1024w, https:\/\/ahorn-camp.de\/wp-content\/uploads\/2021\/04\/AhornCamp_VanCity144-1-300x200.jpg 300w, https:\/\/ahorn-camp.de\/wp-content\/uploads\/2021\/04\/AhornCamp_VanCity144-1-768x512.jpg 768w, https:\/\/ahorn-camp.de\/wp-content\/uploads\/2021\/04\/AhornCamp_VanCity144-1-800x533.jpg 800w, https:\/\/ahorn-camp.de\/wp-content\/uploads\/2021\/04\/AhornCamp_VanCity144-1.jpg 1500w\" sizes=\"(max-width: 1024px) 100vw, 1024px\" \/><\/a><\/div><\/div><div class=\"vc_item\"><div class=\"vc_inner\"><a class=\"\" href=\"https:\/\/ahorn-camp.de\/wp-content\/uploads\/2021\/09\/Van-City-01-1024x683.jpg\" data-lightbox=\"lightbox[rel-13330-4238474461]\"><img loading=\"lazy\" decoding=\"async\" width=\"1024\" height=\"683\" src=\"https:\/\/ahorn-camp.de\/wp-content\/uploads\/2021\/09\/Van-City-01-1024x683.jpg\" class=\"attachment-large\" alt=\"\" title=\"Van City -01\" srcset=\"https:\/\/ahorn-camp.de\/wp-content\/uploads\/2021\/09\/Van-City-01-1024x683.jpg 1024w, https:\/\/ahorn-camp.de\/wp-content\/uploads\/2021\/09\/Van-City-01-300x200.jpg 300w, https:\/\/ahorn-camp.de\/wp-content\/uploads\/2021\/09\/Van-City-01-768x512.jpg 768w, https:\/\/ahorn-camp.de\/wp-content\/uploads\/2021\/09\/Van-City-01-800x533.jpg 800w, https:\/\/ahorn-camp.de\/wp-content\/uploads\/2021\/09\/Van-City-01.jpg 1200w\" sizes=\"(max-width: 1024px) 100vw, 1024px\" \/><\/a><\/div><\/div><\/div><\/div><\/div><a class=\"vc_left vc_carousel-control\" href=\"#vc_images-carousel-1-1777407969\" data-slide=\"prev\"><span class=\"icon-prev\"><\/span><\/a><a class=\"vc_right vc_carousel-control\" href=\"#vc_images-carousel-1-1777407969\" data-slide=\"next\"><span class=\"icon-next\"><\/span><\/a><\/div><\/div><\/div><\/div><\/div><\/div><\/div>\n<\/div>","protected":false},"excerpt":{"rendered":"<p>Cette ann\u00e9e encore, deux de nos v\u00e9hicules ont su convaincre lors du vote des lecteurs pour le camping-car d'or de AUTO BILD REISEMOBIL : notre Van City et notre Canada AE.<\/p>","protected":false},"author":2,"featured_media":13342,"comment_status":"closed","ping_status":"closed","sticky":false,"template":"","format":"standard","meta":{"content-type":"","footnotes":""},"categories":[593,67],"tags":[],"class_list":["post-13330","post","type-post","status-publish","format-standard","has-post-thumbnail","hentry","category-auszeichnungen","category-unternehmen"],"yoast_head":"<!-- This site is optimized with the Yoast SEO plugin v27.4 - https:\/\/yoast.com\/product\/yoast-seo-wordpress\/ -->\n<title>Top Platzierung beim goldenen Reisemobil 2021<\/title>\n<meta name=\"description\" content=\"Lesen Sie hier mehr \u00fcber unsere Teilnahmen an dem Goldenen Reisemobil 2021 der Auto Bild! Ahorn erreicht eine Top-Platzierung!\" \/>\n<meta name=\"robots\" content=\"index, follow, max-snippet:-1, max-image-preview:large, max-video-preview:-1\" \/>\n<link rel=\"canonical\" href=\"https:\/\/ahorn-camp.de\/fr\/dgrm-2021\/\" \/>\n<meta property=\"og:locale\" content=\"fr_FR\" \/>\n<meta property=\"og:type\" content=\"article\" \/>\n<meta property=\"og:title\" content=\"Top Platzierung beim goldenen Reisemobil 2021\" \/>\n<meta property=\"og:description\" content=\"Lesen Sie hier mehr \u00fcber unsere Teilnahmen an dem Goldenen Reisemobil 2021 der Auto Bild! Ahorn erreicht eine Top-Platzierung!\" \/>\n<meta property=\"og:url\" content=\"https:\/\/ahorn-camp.de\/fr\/dgrm-2021\/\" \/>\n<meta property=\"og:site_name\" content=\"Ahorn Camp | Reisemobile und Kastenwagen\" \/>\n<meta property=\"article:publisher\" content=\"https:\/\/www.facebook.com\/ahorn.wohnmobile\/\" \/>\n<meta property=\"article:published_time\" content=\"2021-09-23T13:35:43+00:00\" \/>\n<meta property=\"article:modified_time\" content=\"2024-02-20T12:42:40+00:00\" \/>\n<meta property=\"og:image\" content=\"https:\/\/ahorn-camp.de\/wp-content\/uploads\/2021\/09\/Goldenes-Reisemobil-2021.jpg\" \/>\n\t<meta property=\"og:image:width\" content=\"1200\" \/>\n\t<meta property=\"og:image:height\" content=\"800\" \/>\n\t<meta property=\"og:image:type\" content=\"image\/jpeg\" \/>\n<meta name=\"author\" content=\"ahorn_admin\" \/>\n<meta name=\"twitter:card\" content=\"summary_large_image\" \/>\n<meta name=\"twitter:label1\" content=\"\u00c9crit par\" \/>\n\t<meta name=\"twitter:data1\" content=\"ahorn_admin\" \/>\n\t<meta name=\"twitter:label2\" content=\"Dur\u00e9e de lecture estim\u00e9e\" \/>\n\t<meta name=\"twitter:data2\" content=\"2 minutes\" \/>\n<script type=\"application\/ld+json\" class=\"yoast-schema-graph\">{\"@context\":\"https:\\\/\\\/schema.org\",\"@graph\":[{\"@type\":\"Article\",\"@id\":\"https:\\\/\\\/ahorn-camp.de\\\/dgrm-2021\\\/#article\",\"isPartOf\":{\"@id\":\"https:\\\/\\\/ahorn-camp.de\\\/dgrm-2021\\\/\"},\"author\":{\"name\":\"ahorn_admin\",\"@id\":\"https:\\\/\\\/ahorn-camp.de\\\/#\\\/schema\\\/person\\\/9b60761ba82d5cb8e6db215a88925044\"},\"headline\":\"Top Platzierung beim goldenen Reisemobil 2021\",\"datePublished\":\"2021-09-23T13:35:43+00:00\",\"dateModified\":\"2024-02-20T12:42:40+00:00\",\"mainEntityOfPage\":{\"@id\":\"https:\\\/\\\/ahorn-camp.de\\\/dgrm-2021\\\/\"},\"wordCount\":236,\"publisher\":{\"@id\":\"https:\\\/\\\/ahorn-camp.de\\\/#organization\"},\"image\":{\"@id\":\"https:\\\/\\\/ahorn-camp.de\\\/dgrm-2021\\\/#primaryimage\"},\"thumbnailUrl\":\"https:\\\/\\\/ahorn-camp.de\\\/wp-content\\\/uploads\\\/2021\\\/09\\\/Goldenes-Reisemobil-2021.jpg\",\"articleSection\":[\"Auszeichnungen\",\"Unternehmen\"],\"inLanguage\":\"fr-FR\"},{\"@type\":\"WebPage\",\"@id\":\"https:\\\/\\\/ahorn-camp.de\\\/dgrm-2021\\\/\",\"url\":\"https:\\\/\\\/ahorn-camp.de\\\/dgrm-2021\\\/\",\"name\":\"Top Platzierung beim goldenen Reisemobil 2021\",\"isPartOf\":{\"@id\":\"https:\\\/\\\/ahorn-camp.de\\\/#website\"},\"primaryImageOfPage\":{\"@id\":\"https:\\\/\\\/ahorn-camp.de\\\/dgrm-2021\\\/#primaryimage\"},\"image\":{\"@id\":\"https:\\\/\\\/ahorn-camp.de\\\/dgrm-2021\\\/#primaryimage\"},\"thumbnailUrl\":\"https:\\\/\\\/ahorn-camp.de\\\/wp-content\\\/uploads\\\/2021\\\/09\\\/Goldenes-Reisemobil-2021.jpg\",\"datePublished\":\"2021-09-23T13:35:43+00:00\",\"dateModified\":\"2024-02-20T12:42:40+00:00\",\"description\":\"Lesen Sie hier mehr \u00fcber unsere Teilnahmen an dem Goldenen Reisemobil 2021 der Auto Bild! Ahorn erreicht eine Top-Platzierung!\",\"breadcrumb\":{\"@id\":\"https:\\\/\\\/ahorn-camp.de\\\/dgrm-2021\\\/#breadcrumb\"},\"inLanguage\":\"fr-FR\",\"potentialAction\":[{\"@type\":\"ReadAction\",\"target\":[\"https:\\\/\\\/ahorn-camp.de\\\/dgrm-2021\\\/\"]}]},{\"@type\":\"ImageObject\",\"inLanguage\":\"fr-FR\",\"@id\":\"https:\\\/\\\/ahorn-camp.de\\\/dgrm-2021\\\/#primaryimage\",\"url\":\"https:\\\/\\\/ahorn-camp.de\\\/wp-content\\\/uploads\\\/2021\\\/09\\\/Goldenes-Reisemobil-2021.jpg\",\"contentUrl\":\"https:\\\/\\\/ahorn-camp.de\\\/wp-content\\\/uploads\\\/2021\\\/09\\\/Goldenes-Reisemobil-2021.jpg\",\"width\":1200,\"height\":800,\"caption\":\"Das Goldene Reisemobil 2021\"},{\"@type\":\"BreadcrumbList\",\"@id\":\"https:\\\/\\\/ahorn-camp.de\\\/dgrm-2021\\\/#breadcrumb\",\"itemListElement\":[{\"@type\":\"ListItem\",\"position\":1,\"name\":\"Startseite\",\"item\":\"https:\\\/\\\/ahorn-camp.de\\\/\"},{\"@type\":\"ListItem\",\"position\":2,\"name\":\"Top Platzierung beim goldenen Reisemobil 2021\"}]},{\"@type\":\"WebSite\",\"@id\":\"https:\\\/\\\/ahorn-camp.de\\\/#website\",\"url\":\"https:\\\/\\\/ahorn-camp.de\\\/\",\"name\":\"Ahorn Camp | Reisemobile und Kastenwagen\",\"description\":\"Seit \u00fcber 30 Jahren vermarktet das Familienunternehmen, Ahorn Camp in Speyer, erfolgreich Wohnmobile und Kastenwagen zum besten Preis-Leistungsverh\u00e4ltnis.\",\"publisher\":{\"@id\":\"https:\\\/\\\/ahorn-camp.de\\\/#organization\"},\"potentialAction\":[{\"@type\":\"SearchAction\",\"target\":{\"@type\":\"EntryPoint\",\"urlTemplate\":\"https:\\\/\\\/ahorn-camp.de\\\/?s={search_term_string}\"},\"query-input\":{\"@type\":\"PropertyValueSpecification\",\"valueRequired\":true,\"valueName\":\"search_term_string\"}}],\"inLanguage\":\"fr-FR\"},{\"@type\":\"Organization\",\"@id\":\"https:\\\/\\\/ahorn-camp.de\\\/#organization\",\"name\":\"Ahorn Camp GmbH & Co. KG\",\"url\":\"https:\\\/\\\/ahorn-camp.de\\\/\",\"logo\":{\"@type\":\"ImageObject\",\"inLanguage\":\"fr-FR\",\"@id\":\"https:\\\/\\\/ahorn-camp.de\\\/#\\\/schema\\\/logo\\\/image\\\/\",\"url\":\"https:\\\/\\\/ahorn-camp.de\\\/wp-content\\\/uploads\\\/2018\\\/12\\\/Ahorn_Logo.jpg\",\"contentUrl\":\"https:\\\/\\\/ahorn-camp.de\\\/wp-content\\\/uploads\\\/2018\\\/12\\\/Ahorn_Logo.jpg\",\"width\":1437,\"height\":1000,\"caption\":\"Ahorn Camp GmbH & Co. KG\"},\"image\":{\"@id\":\"https:\\\/\\\/ahorn-camp.de\\\/#\\\/schema\\\/logo\\\/image\\\/\"},\"sameAs\":[\"https:\\\/\\\/www.facebook.com\\\/ahorn.wohnmobile\\\/\",\"https:\\\/\\\/www.instagram.com\\\/ahorn.camp\\\/\",\"https:\\\/\\\/www.youtube.com\\\/channel\\\/UCPFbPCts1JJ_A1k9vyH0yOQ\"]},{\"@type\":\"Person\",\"@id\":\"https:\\\/\\\/ahorn-camp.de\\\/#\\\/schema\\\/person\\\/9b60761ba82d5cb8e6db215a88925044\",\"name\":\"ahorn_admin\",\"image\":{\"@type\":\"ImageObject\",\"inLanguage\":\"fr-FR\",\"@id\":\"https:\\\/\\\/secure.gravatar.com\\\/avatar\\\/d96b9a078083b0c14cee48589feadd939c3cdd66547e2f3f1569470371daaaa5?s=96&d=mm&r=g\",\"url\":\"https:\\\/\\\/secure.gravatar.com\\\/avatar\\\/d96b9a078083b0c14cee48589feadd939c3cdd66547e2f3f1569470371daaaa5?s=96&d=mm&r=g\",\"contentUrl\":\"https:\\\/\\\/secure.gravatar.com\\\/avatar\\\/d96b9a078083b0c14cee48589feadd939c3cdd66547e2f3f1569470371daaaa5?s=96&d=mm&r=g\",\"caption\":\"ahorn_admin\"},\"sameAs\":[\"http:\\\/\\\/Ahorn%20Camp\"],\"url\":\"https:\\\/\\\/ahorn-camp.de\\\/fr\\\/author\\\/ahorn_admin\\\/\"}]}<\/script>\n<!-- \/ Yoast SEO plugin. -->","yoast_head_json":{"title":"Meilleur classement au Golden Reisemobil 2021","description":"Lesen Sie hier mehr \u00fcber unsere Teilnahmen an dem Goldenen Reisemobil 2021 der Auto Bild! Ahorn erreicht eine Top-Platzierung!","robots":{"index":"index","follow":"follow","max-snippet":"max-snippet:-1","max-image-preview":"max-image-preview:large","max-video-preview":"max-video-preview:-1"},"canonical":"https:\/\/ahorn-camp.de\/fr\/dgrm-2021\/","og_locale":"fr_FR","og_type":"article","og_title":"Top Platzierung beim goldenen Reisemobil 2021","og_description":"Lesen Sie hier mehr \u00fcber unsere Teilnahmen an dem Goldenen Reisemobil 2021 der Auto Bild! Ahorn erreicht eine Top-Platzierung!","og_url":"https:\/\/ahorn-camp.de\/fr\/dgrm-2021\/","og_site_name":"Ahorn Camp | Reisemobile und Kastenwagen","article_publisher":"https:\/\/www.facebook.com\/ahorn.wohnmobile\/","article_published_time":"2021-09-23T13:35:43+00:00","article_modified_time":"2024-02-20T12:42:40+00:00","og_image":[{"width":1200,"height":800,"url":"https:\/\/ahorn-camp.de\/wp-content\/uploads\/2021\/09\/Goldenes-Reisemobil-2021.jpg","type":"image\/jpeg"}],"author":"ahorn_admin","twitter_card":"summary_large_image","twitter_misc":{"\u00c9crit par":"ahorn_admin","Dur\u00e9e de lecture estim\u00e9e":"2 minutes"},"schema":{"@context":"https:\/\/schema.org","@graph":[{"@type":"Article","@id":"https:\/\/ahorn-camp.de\/dgrm-2021\/#article","isPartOf":{"@id":"https:\/\/ahorn-camp.de\/dgrm-2021\/"},"author":{"name":"ahorn_admin","@id":"https:\/\/ahorn-camp.de\/#\/schema\/person\/9b60761ba82d5cb8e6db215a88925044"},"headline":"Top Platzierung beim goldenen Reisemobil 2021","datePublished":"2021-09-23T13:35:43+00:00","dateModified":"2024-02-20T12:42:40+00:00","mainEntityOfPage":{"@id":"https:\/\/ahorn-camp.de\/dgrm-2021\/"},"wordCount":236,"publisher":{"@id":"https:\/\/ahorn-camp.de\/#organization"},"image":{"@id":"https:\/\/ahorn-camp.de\/dgrm-2021\/#primaryimage"},"thumbnailUrl":"https:\/\/ahorn-camp.de\/wp-content\/uploads\/2021\/09\/Goldenes-Reisemobil-2021.jpg","articleSection":["Auszeichnungen","Unternehmen"],"inLanguage":"fr-FR"},{"@type":"WebPage","@id":"https:\/\/ahorn-camp.de\/dgrm-2021\/","url":"https:\/\/ahorn-camp.de\/dgrm-2021\/","name":"Meilleur classement au Golden Reisemobil 2021","isPartOf":{"@id":"https:\/\/ahorn-camp.de\/#website"},"primaryImageOfPage":{"@id":"https:\/\/ahorn-camp.de\/dgrm-2021\/#primaryimage"},"image":{"@id":"https:\/\/ahorn-camp.de\/dgrm-2021\/#primaryimage"},"thumbnailUrl":"https:\/\/ahorn-camp.de\/wp-content\/uploads\/2021\/09\/Goldenes-Reisemobil-2021.jpg","datePublished":"2021-09-23T13:35:43+00:00","dateModified":"2024-02-20T12:42:40+00:00","description":"Lesen Sie hier mehr \u00fcber unsere Teilnahmen an dem Goldenen Reisemobil 2021 der Auto Bild! Ahorn erreicht eine Top-Platzierung!","breadcrumb":{"@id":"https:\/\/ahorn-camp.de\/dgrm-2021\/#breadcrumb"},"inLanguage":"fr-FR","potentialAction":[{"@type":"ReadAction","target":["https:\/\/ahorn-camp.de\/dgrm-2021\/"]}]},{"@type":"ImageObject","inLanguage":"fr-FR","@id":"https:\/\/ahorn-camp.de\/dgrm-2021\/#primaryimage","url":"https:\/\/ahorn-camp.de\/wp-content\/uploads\/2021\/09\/Goldenes-Reisemobil-2021.jpg","contentUrl":"https:\/\/ahorn-camp.de\/wp-content\/uploads\/2021\/09\/Goldenes-Reisemobil-2021.jpg","width":1200,"height":800,"caption":"Das Goldene Reisemobil 2021"},{"@type":"BreadcrumbList","@id":"https:\/\/ahorn-camp.de\/dgrm-2021\/#breadcrumb","itemListElement":[{"@type":"ListItem","position":1,"name":"Startseite","item":"https:\/\/ahorn-camp.de\/"},{"@type":"ListItem","position":2,"name":"Top Platzierung beim goldenen Reisemobil 2021"}]},{"@type":"WebSite","@id":"https:\/\/ahorn-camp.de\/#website","url":"https:\/\/ahorn-camp.de\/","name":"Ahorn Camp | Camping-cars et fourgons am\u00e9nag\u00e9s","description":"Depuis plus de 30 ans, l'entreprise familiale, Ahorn Camp \u00e0 Speyer, commercialise avec succ\u00e8s des camping-cars et des fourgons au meilleur rapport qualit\u00e9-prix.","publisher":{"@id":"https:\/\/ahorn-camp.de\/#organization"},"potentialAction":[{"@type":"SearchAction","target":{"@type":"EntryPoint","urlTemplate":"https:\/\/ahorn-camp.de\/?s={search_term_string}"},"query-input":{"@type":"PropertyValueSpecification","valueRequired":true,"valueName":"search_term_string"}}],"inLanguage":"fr-FR"},{"@type":"Organization","@id":"https:\/\/ahorn-camp.de\/#organization","name":"Ahorn Camp GmbH &amp; Co. KG","url":"https:\/\/ahorn-camp.de\/","logo":{"@type":"ImageObject","inLanguage":"fr-FR","@id":"https:\/\/ahorn-camp.de\/#\/schema\/logo\/image\/","url":"https:\/\/ahorn-camp.de\/wp-content\/uploads\/2018\/12\/Ahorn_Logo.jpg","contentUrl":"https:\/\/ahorn-camp.de\/wp-content\/uploads\/2018\/12\/Ahorn_Logo.jpg","width":1437,"height":1000,"caption":"Ahorn Camp GmbH & Co. KG"},"image":{"@id":"https:\/\/ahorn-camp.de\/#\/schema\/logo\/image\/"},"sameAs":["https:\/\/www.facebook.com\/ahorn.wohnmobile\/","https:\/\/www.instagram.com\/ahorn.camp\/","https:\/\/www.youtube.com\/channel\/UCPFbPCts1JJ_A1k9vyH0yOQ"]},{"@type":"Person","@id":"https:\/\/ahorn-camp.de\/#\/schema\/person\/9b60761ba82d5cb8e6db215a88925044","name":"ahorn_admin","image":{"@type":"ImageObject","inLanguage":"fr-FR","@id":"https:\/\/secure.gravatar.com\/avatar\/d96b9a078083b0c14cee48589feadd939c3cdd66547e2f3f1569470371daaaa5?s=96&d=mm&r=g","url":"https:\/\/secure.gravatar.com\/avatar\/d96b9a078083b0c14cee48589feadd939c3cdd66547e2f3f1569470371daaaa5?s=96&d=mm&r=g","contentUrl":"https:\/\/secure.gravatar.com\/avatar\/d96b9a078083b0c14cee48589feadd939c3cdd66547e2f3f1569470371daaaa5?s=96&d=mm&r=g","caption":"ahorn_admin"},"sameAs":["http:\/\/Ahorn%20Camp"],"url":"https:\/\/ahorn-camp.de\/fr\/author\/ahorn_admin\/"}]}},"_links":{"self":[{"href":"https:\/\/ahorn-camp.de\/fr\/wp-json\/wp\/v2\/posts\/13330","targetHints":{"allow":["GET"]}}],"collection":[{"href":"https:\/\/ahorn-camp.de\/fr\/wp-json\/wp\/v2\/posts"}],"about":[{"href":"https:\/\/ahorn-camp.de\/fr\/wp-json\/wp\/v2\/types\/post"}],"author":[{"embeddable":true,"href":"https:\/\/ahorn-camp.de\/fr\/wp-json\/wp\/v2\/users\/2"}],"replies":[{"embeddable":true,"href":"https:\/\/ahorn-camp.de\/fr\/wp-json\/wp\/v2\/comments?post=13330"}],"version-history":[{"count":0,"href":"https:\/\/ahorn-camp.de\/fr\/wp-json\/wp\/v2\/posts\/13330\/revisions"}],"wp:featuredmedia":[{"embeddable":true,"href":"https:\/\/ahorn-camp.de\/fr\/wp-json\/wp\/v2\/media\/13342"}],"wp:attachment":[{"href":"https:\/\/ahorn-camp.de\/fr\/wp-json\/wp\/v2\/media?parent=13330"}],"wp:term":[{"taxonomy":"category","embeddable":true,"href":"https:\/\/ahorn-camp.de\/fr\/wp-json\/wp\/v2\/categories?post=13330"},{"taxonomy":"post_tag","embeddable":true,"href":"https:\/\/ahorn-camp.de\/fr\/wp-json\/wp\/v2\/tags?post=13330"}],"curies":[{"name":"wp","href":"https:\/\/api.w.org\/{rel}","templated":true}]}}