{"id":12355,"date":"2021-06-29T12:01:59","date_gmt":"2021-06-29T10:01:59","guid":{"rendered":"https:\/\/ahorn-camp.de\/?p=12355"},"modified":"2021-08-06T09:02:26","modified_gmt":"2021-08-06T07:02:26","slug":"vehicules-de-loisirs-et-protection-du-climat","status":"publish","type":"post","link":"https:\/\/ahorn-camp.de\/fr\/wohnmobile-und-klimaschutz\/","title":{"rendered":"Ahorn Camp promeut les projets durables"},"content":{"rendered":"<div class=\"wpb-content-wrapper\" id=\"wpb-content-root\"><div class=\"vc_row wpb_row vc_row-fluid\"><div class=\"wpb_column vc_column_container vc_col-sm-12\"><div class=\"vc_column-inner\"><div class=\"wpb_wrapper\">\n\t<div class=\"wpb_text_column wpb_content_element\" >\n\t\t<div class=\"wpb_wrapper\">\n\t\t\t<p>Camping-cars et Ahorn Camp pour la protection du climat. Bien que le voyage en camping-car ou en van soit une alternative plus durable aux vacances tout compris en avion, les camping-cars \u00e9mettent \u00e9galement une certaine quantit\u00e9 de CO2 et p\u00e8sent sur l'empreinte \u00e9cologique. Une fois arriv\u00e9 \u00e0 destination, il convient d'adopter un comportement respectueux de l'environnement, de produire le moins de d\u00e9chets possible et de veiller \u00e0 la protection de la nature. Mais il est \u00e9galement possible d'adopter un comportement respectueux de l'environnement pendant le trajet et de compenser les \u00e9missions de CO2. Non seulement pour la pr\u00e9servation des for\u00eats, mais aussi parce que les for\u00eats sont les poumons de la Terre, l'association WOHNmobile plante des centaines d'arbres chaque ann\u00e9e. De nombreux campeurs passionn\u00e9s et soucieux de l'environnement sont conscients de leur responsabilit\u00e9 et font don d'un centime par kilom\u00e8tre parcouru par an. Ahorn Camp est \u00e9galement conscient de sa responsabilit\u00e9 sociale et fait chaque ann\u00e9e un don \u00e0 l'association WOHNmobile pour la protection du climat, afin que l'argent permette de planter de nombreux nouveaux arbres.<\/p>\n<p>Un autre excellent projet de l'association est une plateforme pour<a href=\"https:\/\/www.wohnmobil-fuer-klimaschutz.de\/oekologische-wohnmobilstellplaetze\/\"> emplacements \u00e9cologiques<\/a> \u00e0 cr\u00e9er. Sur la base d'une \u00e9tude approfondie <a href=\"https:\/\/www.wohnmobil-fuer-klimaschutz.de\/kriterienkatalog-fuer-oekologische-wohnmobilstellplaetze\/\">Catalogue de crit\u00e8res<\/a> les campeurs \u00e9valuent le site d'h\u00e9bergement en fonction de normes \u00e9cologiques telles que la v\u00e9g\u00e9tation, la r\u00e9gionalit\u00e9 et l'impact environnemental. Ainsi, \u00e0 l'avenir, les campeurs soucieux de l'environnement pourront non seulement compenser leur trajet, mais aussi profiter de leurs vacances dans la nature en toute bonne conscience.<\/p>\n<p>Ensemble avec WOHNmobile pour la protection du climat, nous soutenons le reboisement des for\u00eats allemandes et nous engageons pour des voyages climatiquement neutres. Pour nous, les camping-cars et la protection du climat vont de pair.<\/p>\n\n\t\t<\/div>\n\t<\/div>\n<\/div><\/div><\/div><\/div><div class=\"vc_row wpb_row vc_row-fluid\"><div class=\"wpb_column vc_column_container vc_col-sm-12\"><div class=\"vc_column-inner\"><div class=\"wpb_wrapper\">\n\t<div  class=\"wpb_single_image wpb_content_element vc_align_left wpb_content_element\">\n\t\t\n\t\t<figure class=\"wpb_wrapper vc_figure\">\n\t\t\t<div class=\"vc_single_image-wrapper\"><img fetchpriority=\"high\" decoding=\"async\" width=\"893\" height=\"362\" src=\"https:\/\/ahorn-camp.de\/wp-content\/uploads\/2021\/06\/thumbnail_Logo.png\" class=\"vc_single_image-img attachment-large\" alt=\"\" title=\"Miniature\\_Logo\" srcset=\"https:\/\/ahorn-camp.de\/wp-content\/uploads\/2021\/06\/thumbnail_Logo.png 893w, https:\/\/ahorn-camp.de\/wp-content\/uploads\/2021\/06\/thumbnail_Logo-300x122.png 300w, https:\/\/ahorn-camp.de\/wp-content\/uploads\/2021\/06\/thumbnail_Logo-768x311.png 768w, https:\/\/ahorn-camp.de\/wp-content\/uploads\/2021\/06\/thumbnail_Logo-800x324.png 800w\" sizes=\"(max-width: 893px) 100vw, 893px\" \/><\/div>\n\t\t<\/figure>\n\t<\/div>\n<\/div><\/div><\/div><\/div>\n<\/div>","protected":false},"excerpt":{"rendered":"<p>La protection du climat concerne tout le monde. C'est pourquoi nous nous engageons en faveur de voyages durables en camping-car et soutenons l'association WOHNmobile pour la protection du climat en tant que membre bienfaiteur. Ensemble, nous reboisons les for\u00eats d'Allemagne. <\/p>","protected":false},"author":2,"featured_media":12399,"comment_status":"open","ping_status":"open","sticky":false,"template":"","format":"standard","meta":{"content-type":"","footnotes":""},"categories":[277,67],"tags":[],"class_list":["post-12355","post","type-post","status-publish","format-standard","has-post-thumbnail","hentry","category-pressemitteilungen","category-unternehmen"],"yoast_head":"<!-- This site is optimized with the Yoast SEO plugin v28.4 - https:\/\/yoast.com\/product\/yoast-seo-wordpress\/ -->\n<title>Ahorn Camp | Reisemobile und Kastenwagen<\/title>\n<meta name=\"description\" content=\"Wohnmobile und Klimaschutz sind f\u00fcr uns untrennbar. Deswegen setzen wir uns mit dem Verein WOHNmobile f\u00fcr die Aufforstung der W\u00e4lder ein.\" \/>\n<meta name=\"robots\" content=\"index, follow, max-snippet:-1, max-image-preview:large, max-video-preview:-1\" \/>\n<link rel=\"canonical\" href=\"https:\/\/ahorn-camp.de\/fr\/vehicules-de-loisirs-et-protection-du-climat\/\" \/>\n<meta property=\"og:locale\" content=\"fr_FR\" \/>\n<meta property=\"og:type\" content=\"article\" \/>\n<meta property=\"og:title\" content=\"Ahorn Camp | Reisemobile und Kastenwagen\" \/>\n<meta property=\"og:description\" content=\"Wohnmobile und Klimaschutz sind f\u00fcr uns untrennbar. Deswegen setzen wir uns mit dem Verein WOHNmobile f\u00fcr die Aufforstung der W\u00e4lder ein.\" \/>\n<meta property=\"og:url\" content=\"https:\/\/ahorn-camp.de\/fr\/vehicules-de-loisirs-et-protection-du-climat\/\" \/>\n<meta property=\"og:site_name\" content=\"Ahorn Camp | Reisemobile und Kastenwagen\" \/>\n<meta property=\"article:publisher\" content=\"https:\/\/www.facebook.com\/ahorn.wohnmobile\/\" \/>\n<meta property=\"article:published_time\" content=\"2021-06-29T10:01:59+00:00\" \/>\n<meta property=\"article:modified_time\" content=\"2021-08-06T07:02:26+00:00\" \/>\n<meta property=\"og:image\" content=\"https:\/\/ahorn-camp.de\/wp-content\/uploads\/2021\/06\/thumbnail_Logo.png\" \/>\n\t<meta property=\"og:image:width\" content=\"893\" \/>\n\t<meta property=\"og:image:height\" content=\"362\" \/>\n\t<meta property=\"og:image:type\" content=\"image\/png\" \/>\n<meta name=\"author\" content=\"ahorn_admin\" \/>\n<meta name=\"twitter:card\" content=\"summary_large_image\" \/>\n<meta name=\"twitter:label1\" content=\"\u00c9crit par\" \/>\n\t<meta name=\"twitter:data1\" content=\"ahorn_admin\" \/>\n\t<meta name=\"twitter:label2\" content=\"Dur\u00e9e de lecture estim\u00e9e\" \/>\n\t<meta name=\"twitter:data2\" content=\"1 minute\" \/>\n<script type=\"application\/ld+json\" class=\"yoast-schema-graph\">{\"@context\":\"https:\\\/\\\/schema.org\",\"@graph\":[{\"@type\":\"Article\",\"@id\":\"https:\\\/\\\/ahorn-camp.de\\\/wohnmobile-und-klimaschutz\\\/#article\",\"isPartOf\":{\"@id\":\"https:\\\/\\\/ahorn-camp.de\\\/wohnmobile-und-klimaschutz\\\/\"},\"author\":{\"name\":\"ahorn_admin\",\"@id\":\"https:\\\/\\\/ahorn-camp.de\\\/#\\\/schema\\\/person\\\/9b60761ba82d5cb8e6db215a88925044\"},\"headline\":\"Ahorn Camp f\u00f6rdert nachhaltige Projekte\",\"datePublished\":\"2021-06-29T10:01:59+00:00\",\"dateModified\":\"2021-08-06T07:02:26+00:00\",\"mainEntityOfPage\":{\"@id\":\"https:\\\/\\\/ahorn-camp.de\\\/wohnmobile-und-klimaschutz\\\/\"},\"wordCount\":282,\"commentCount\":0,\"publisher\":{\"@id\":\"https:\\\/\\\/ahorn-camp.de\\\/#organization\"},\"image\":{\"@id\":\"https:\\\/\\\/ahorn-camp.de\\\/wohnmobile-und-klimaschutz\\\/#primaryimage\"},\"thumbnailUrl\":\"https:\\\/\\\/ahorn-camp.de\\\/wp-content\\\/uploads\\\/2021\\\/06\\\/thumbnail_Logo.png\",\"articleSection\":[\"Pressemitteilungen\",\"Unternehmen\"],\"inLanguage\":\"fr-FR\",\"potentialAction\":[{\"@type\":\"CommentAction\",\"name\":\"Comment\",\"target\":[\"https:\\\/\\\/ahorn-camp.de\\\/wohnmobile-und-klimaschutz\\\/#respond\"]}]},{\"@type\":\"WebPage\",\"@id\":\"https:\\\/\\\/ahorn-camp.de\\\/wohnmobile-und-klimaschutz\\\/\",\"url\":\"https:\\\/\\\/ahorn-camp.de\\\/wohnmobile-und-klimaschutz\\\/\",\"name\":\"Ahorn Camp | Reisemobile und Kastenwagen\",\"isPartOf\":{\"@id\":\"https:\\\/\\\/ahorn-camp.de\\\/#website\"},\"primaryImageOfPage\":{\"@id\":\"https:\\\/\\\/ahorn-camp.de\\\/wohnmobile-und-klimaschutz\\\/#primaryimage\"},\"image\":{\"@id\":\"https:\\\/\\\/ahorn-camp.de\\\/wohnmobile-und-klimaschutz\\\/#primaryimage\"},\"thumbnailUrl\":\"https:\\\/\\\/ahorn-camp.de\\\/wp-content\\\/uploads\\\/2021\\\/06\\\/thumbnail_Logo.png\",\"datePublished\":\"2021-06-29T10:01:59+00:00\",\"dateModified\":\"2021-08-06T07:02:26+00:00\",\"description\":\"Wohnmobile und Klimaschutz sind f\u00fcr uns untrennbar. Deswegen setzen wir uns mit dem Verein WOHNmobile f\u00fcr die Aufforstung der W\u00e4lder ein.\",\"breadcrumb\":{\"@id\":\"https:\\\/\\\/ahorn-camp.de\\\/wohnmobile-und-klimaschutz\\\/#breadcrumb\"},\"inLanguage\":\"fr-FR\",\"potentialAction\":[{\"@type\":\"ReadAction\",\"target\":[\"https:\\\/\\\/ahorn-camp.de\\\/wohnmobile-und-klimaschutz\\\/\"]}]},{\"@type\":\"ImageObject\",\"inLanguage\":\"fr-FR\",\"@id\":\"https:\\\/\\\/ahorn-camp.de\\\/wohnmobile-und-klimaschutz\\\/#primaryimage\",\"url\":\"https:\\\/\\\/ahorn-camp.de\\\/wp-content\\\/uploads\\\/2021\\\/06\\\/thumbnail_Logo.png\",\"contentUrl\":\"https:\\\/\\\/ahorn-camp.de\\\/wp-content\\\/uploads\\\/2021\\\/06\\\/thumbnail_Logo.png\",\"width\":893,\"height\":362},{\"@type\":\"BreadcrumbList\",\"@id\":\"https:\\\/\\\/ahorn-camp.de\\\/wohnmobile-und-klimaschutz\\\/#breadcrumb\",\"itemListElement\":[{\"@type\":\"ListItem\",\"position\":1,\"name\":\"Startseite\",\"item\":\"https:\\\/\\\/ahorn-camp.de\\\/\"},{\"@type\":\"ListItem\",\"position\":2,\"name\":\"Ahorn Camp f\u00f6rdert nachhaltige Projekte\"}]},{\"@type\":\"WebSite\",\"@id\":\"https:\\\/\\\/ahorn-camp.de\\\/#website\",\"url\":\"https:\\\/\\\/ahorn-camp.de\\\/\",\"name\":\"Ahorn Camp | Reisemobile und Kastenwagen\",\"description\":\"Seit \u00fcber 30 Jahren vermarktet das Familienunternehmen, Ahorn Camp in Speyer, erfolgreich Wohnmobile und Kastenwagen zum besten Preis-Leistungsverh\u00e4ltnis.\",\"publisher\":{\"@id\":\"https:\\\/\\\/ahorn-camp.de\\\/#organization\"},\"potentialAction\":[{\"@type\":\"SearchAction\",\"target\":{\"@type\":\"EntryPoint\",\"urlTemplate\":\"https:\\\/\\\/ahorn-camp.de\\\/?s={search_term_string}\"},\"query-input\":{\"@type\":\"PropertyValueSpecification\",\"valueRequired\":true,\"valueName\":\"search_term_string\"}}],\"inLanguage\":\"fr-FR\"},{\"@type\":\"Organization\",\"@id\":\"https:\\\/\\\/ahorn-camp.de\\\/#organization\",\"name\":\"Ahorn Camp GmbH & Co. KG\",\"url\":\"https:\\\/\\\/ahorn-camp.de\\\/\",\"logo\":{\"@type\":\"ImageObject\",\"inLanguage\":\"fr-FR\",\"@id\":\"https:\\\/\\\/ahorn-camp.de\\\/#\\\/schema\\\/logo\\\/image\\\/\",\"url\":\"https:\\\/\\\/ahorn-camp.de\\\/wp-content\\\/uploads\\\/2018\\\/12\\\/Ahorn_Logo.jpg\",\"contentUrl\":\"https:\\\/\\\/ahorn-camp.de\\\/wp-content\\\/uploads\\\/2018\\\/12\\\/Ahorn_Logo.jpg\",\"width\":1437,\"height\":1000,\"caption\":\"Ahorn Camp GmbH & Co. KG\"},\"image\":{\"@id\":\"https:\\\/\\\/ahorn-camp.de\\\/#\\\/schema\\\/logo\\\/image\\\/\"},\"sameAs\":[\"https:\\\/\\\/www.facebook.com\\\/ahorn.wohnmobile\\\/\",\"https:\\\/\\\/www.instagram.com\\\/ahorn.camp\\\/\",\"https:\\\/\\\/www.youtube.com\\\/channel\\\/UCPFbPCts1JJ_A1k9vyH0yOQ\"]},{\"@type\":\"Person\",\"@id\":\"https:\\\/\\\/ahorn-camp.de\\\/#\\\/schema\\\/person\\\/9b60761ba82d5cb8e6db215a88925044\",\"name\":\"ahorn_admin\",\"image\":{\"@type\":\"ImageObject\",\"inLanguage\":\"fr-FR\",\"@id\":\"https:\\\/\\\/secure.gravatar.com\\\/avatar\\\/d96b9a078083b0c14cee48589feadd939c3cdd66547e2f3f1569470371daaaa5?s=96&d=mm&r=g\",\"url\":\"https:\\\/\\\/secure.gravatar.com\\\/avatar\\\/d96b9a078083b0c14cee48589feadd939c3cdd66547e2f3f1569470371daaaa5?s=96&d=mm&r=g\",\"contentUrl\":\"https:\\\/\\\/secure.gravatar.com\\\/avatar\\\/d96b9a078083b0c14cee48589feadd939c3cdd66547e2f3f1569470371daaaa5?s=96&d=mm&r=g\",\"caption\":\"ahorn_admin\"},\"sameAs\":[\"http:\\\/\\\/Ahorn%20Camp\"],\"url\":\"https:\\\/\\\/ahorn-camp.de\\\/fr\\\/author\\\/ahorn_admin\\\/\"}]}<\/script>\n<!-- \/ Yoast SEO plugin. -->","yoast_head_json":{"title":"Ahorn Camp | Camping-cars et fourgons am\u00e9nag\u00e9s","description":"Les camping-cars et la protection du climat sont indissociables pour nous. C'est pourquoi, avec l'association WOHNmobile, nous nous engageons pour la reforestation.","robots":{"index":"index","follow":"follow","max-snippet":"max-snippet:-1","max-image-preview":"max-image-preview:large","max-video-preview":"max-video-preview:-1"},"canonical":"https:\/\/ahorn-camp.de\/fr\/vehicules-de-loisirs-et-protection-du-climat\/","og_locale":"fr_FR","og_type":"article","og_title":"Ahorn Camp | Reisemobile und Kastenwagen","og_description":"Wohnmobile und Klimaschutz sind f\u00fcr uns untrennbar. Deswegen setzen wir uns mit dem Verein WOHNmobile f\u00fcr die Aufforstung der W\u00e4lder ein.","og_url":"https:\/\/ahorn-camp.de\/fr\/vehicules-de-loisirs-et-protection-du-climat\/","og_site_name":"Ahorn Camp | Reisemobile und Kastenwagen","article_publisher":"https:\/\/www.facebook.com\/ahorn.wohnmobile\/","article_published_time":"2021-06-29T10:01:59+00:00","article_modified_time":"2021-08-06T07:02:26+00:00","og_image":[{"width":893,"height":362,"url":"https:\/\/ahorn-camp.de\/wp-content\/uploads\/2021\/06\/thumbnail_Logo.png","type":"image\/png"}],"author":"ahorn_admin","twitter_card":"summary_large_image","twitter_misc":{"\u00c9crit par":"ahorn_admin","Dur\u00e9e de lecture estim\u00e9e":"1 minute"},"schema":{"@context":"https:\/\/schema.org","@graph":[{"@type":"Article","@id":"https:\/\/ahorn-camp.de\/wohnmobile-und-klimaschutz\/#article","isPartOf":{"@id":"https:\/\/ahorn-camp.de\/wohnmobile-und-klimaschutz\/"},"author":{"name":"ahorn_admin","@id":"https:\/\/ahorn-camp.de\/#\/schema\/person\/9b60761ba82d5cb8e6db215a88925044"},"headline":"Ahorn Camp f\u00f6rdert nachhaltige Projekte","datePublished":"2021-06-29T10:01:59+00:00","dateModified":"2021-08-06T07:02:26+00:00","mainEntityOfPage":{"@id":"https:\/\/ahorn-camp.de\/wohnmobile-und-klimaschutz\/"},"wordCount":282,"commentCount":0,"publisher":{"@id":"https:\/\/ahorn-camp.de\/#organization"},"image":{"@id":"https:\/\/ahorn-camp.de\/wohnmobile-und-klimaschutz\/#primaryimage"},"thumbnailUrl":"https:\/\/ahorn-camp.de\/wp-content\/uploads\/2021\/06\/thumbnail_Logo.png","articleSection":["Pressemitteilungen","Unternehmen"],"inLanguage":"fr-FR","potentialAction":[{"@type":"CommentAction","name":"Comment","target":["https:\/\/ahorn-camp.de\/wohnmobile-und-klimaschutz\/#respond"]}]},{"@type":"WebPage","@id":"https:\/\/ahorn-camp.de\/wohnmobile-und-klimaschutz\/","url":"https:\/\/ahorn-camp.de\/wohnmobile-und-klimaschutz\/","name":"Ahorn Camp | Camping-cars et fourgons am\u00e9nag\u00e9s","isPartOf":{"@id":"https:\/\/ahorn-camp.de\/#website"},"primaryImageOfPage":{"@id":"https:\/\/ahorn-camp.de\/wohnmobile-und-klimaschutz\/#primaryimage"},"image":{"@id":"https:\/\/ahorn-camp.de\/wohnmobile-und-klimaschutz\/#primaryimage"},"thumbnailUrl":"https:\/\/ahorn-camp.de\/wp-content\/uploads\/2021\/06\/thumbnail_Logo.png","datePublished":"2021-06-29T10:01:59+00:00","dateModified":"2021-08-06T07:02:26+00:00","description":"Les camping-cars et la protection du climat sont indissociables pour nous. C'est pourquoi, avec l'association WOHNmobile, nous nous engageons pour la reforestation.","breadcrumb":{"@id":"https:\/\/ahorn-camp.de\/wohnmobile-und-klimaschutz\/#breadcrumb"},"inLanguage":"fr-FR","potentialAction":[{"@type":"ReadAction","target":["https:\/\/ahorn-camp.de\/wohnmobile-und-klimaschutz\/"]}]},{"@type":"ImageObject","inLanguage":"fr-FR","@id":"https:\/\/ahorn-camp.de\/wohnmobile-und-klimaschutz\/#primaryimage","url":"https:\/\/ahorn-camp.de\/wp-content\/uploads\/2021\/06\/thumbnail_Logo.png","contentUrl":"https:\/\/ahorn-camp.de\/wp-content\/uploads\/2021\/06\/thumbnail_Logo.png","width":893,"height":362},{"@type":"BreadcrumbList","@id":"https:\/\/ahorn-camp.de\/wohnmobile-und-klimaschutz\/#breadcrumb","itemListElement":[{"@type":"ListItem","position":1,"name":"Startseite","item":"https:\/\/ahorn-camp.de\/"},{"@type":"ListItem","position":2,"name":"Ahorn Camp f\u00f6rdert nachhaltige Projekte"}]},{"@type":"WebSite","@id":"https:\/\/ahorn-camp.de\/#website","url":"https:\/\/ahorn-camp.de\/","name":"Ahorn Camp | Camping-cars et fourgons am\u00e9nag\u00e9s","description":"Depuis plus de 30 ans, l'entreprise familiale, Ahorn Camp \u00e0 Speyer, commercialise avec succ\u00e8s des camping-cars et des fourgons au meilleur rapport qualit\u00e9-prix.","publisher":{"@id":"https:\/\/ahorn-camp.de\/#organization"},"potentialAction":[{"@type":"SearchAction","target":{"@type":"EntryPoint","urlTemplate":"https:\/\/ahorn-camp.de\/?s={search_term_string}"},"query-input":{"@type":"PropertyValueSpecification","valueRequired":true,"valueName":"search_term_string"}}],"inLanguage":"fr-FR"},{"@type":"Organization","@id":"https:\/\/ahorn-camp.de\/#organization","name":"Ahorn Camp GmbH &amp; Co. KG","url":"https:\/\/ahorn-camp.de\/","logo":{"@type":"ImageObject","inLanguage":"fr-FR","@id":"https:\/\/ahorn-camp.de\/#\/schema\/logo\/image\/","url":"https:\/\/ahorn-camp.de\/wp-content\/uploads\/2018\/12\/Ahorn_Logo.jpg","contentUrl":"https:\/\/ahorn-camp.de\/wp-content\/uploads\/2018\/12\/Ahorn_Logo.jpg","width":1437,"height":1000,"caption":"Ahorn Camp GmbH & Co. KG"},"image":{"@id":"https:\/\/ahorn-camp.de\/#\/schema\/logo\/image\/"},"sameAs":["https:\/\/www.facebook.com\/ahorn.wohnmobile\/","https:\/\/www.instagram.com\/ahorn.camp\/","https:\/\/www.youtube.com\/channel\/UCPFbPCts1JJ_A1k9vyH0yOQ"]},{"@type":"Person","@id":"https:\/\/ahorn-camp.de\/#\/schema\/person\/9b60761ba82d5cb8e6db215a88925044","name":"ahorn_admin","image":{"@type":"ImageObject","inLanguage":"fr-FR","@id":"https:\/\/secure.gravatar.com\/avatar\/d96b9a078083b0c14cee48589feadd939c3cdd66547e2f3f1569470371daaaa5?s=96&d=mm&r=g","url":"https:\/\/secure.gravatar.com\/avatar\/d96b9a078083b0c14cee48589feadd939c3cdd66547e2f3f1569470371daaaa5?s=96&d=mm&r=g","contentUrl":"https:\/\/secure.gravatar.com\/avatar\/d96b9a078083b0c14cee48589feadd939c3cdd66547e2f3f1569470371daaaa5?s=96&d=mm&r=g","caption":"ahorn_admin"},"sameAs":["http:\/\/Ahorn%20Camp"],"url":"https:\/\/ahorn-camp.de\/fr\/author\/ahorn_admin\/"}]}},"_links":{"self":[{"href":"https:\/\/ahorn-camp.de\/fr\/wp-json\/wp\/v2\/posts\/12355","targetHints":{"allow":["GET"]}}],"collection":[{"href":"https:\/\/ahorn-camp.de\/fr\/wp-json\/wp\/v2\/posts"}],"about":[{"href":"https:\/\/ahorn-camp.de\/fr\/wp-json\/wp\/v2\/types\/post"}],"author":[{"embeddable":true,"href":"https:\/\/ahorn-camp.de\/fr\/wp-json\/wp\/v2\/users\/2"}],"replies":[{"embeddable":true,"href":"https:\/\/ahorn-camp.de\/fr\/wp-json\/wp\/v2\/comments?post=12355"}],"version-history":[{"count":0,"href":"https:\/\/ahorn-camp.de\/fr\/wp-json\/wp\/v2\/posts\/12355\/revisions"}],"wp:featuredmedia":[{"embeddable":true,"href":"https:\/\/ahorn-camp.de\/fr\/wp-json\/wp\/v2\/media\/12399"}],"wp:attachment":[{"href":"https:\/\/ahorn-camp.de\/fr\/wp-json\/wp\/v2\/media?parent=12355"}],"wp:term":[{"taxonomy":"category","embeddable":true,"href":"https:\/\/ahorn-camp.de\/fr\/wp-json\/wp\/v2\/categories?post=12355"},{"taxonomy":"post_tag","embeddable":true,"href":"https:\/\/ahorn-camp.de\/fr\/wp-json\/wp\/v2\/tags?post=12355"}],"curies":[{"name":"wp","href":"https:\/\/api.w.org\/{rel}","templated":true}]}}