{"id":12098,"date":"2021-06-11T14:56:43","date_gmt":"2021-06-11T12:56:43","guid":{"rendered":"https:\/\/ahorn-camp.de\/?p=12098"},"modified":"2024-09-24T10:39:32","modified_gmt":"2024-09-24T08:39:32","slug":"norvege-en-camping-car","status":"publish","type":"post","link":"https:\/\/ahorn-camp.de\/fr\/norwegen-mit-camper\/","title":{"rendered":"Salut, Norv\u00e8ge !"},"content":{"rendered":"<div class=\"wpb-content-wrapper\" id=\"wpb-content-root\"><div class=\"vc_row wpb_row vc_row-fluid\"><div class=\"wpb_column vc_column_container vc_col-sm-12\"><div class=\"vc_column-inner\"><div class=\"wpb_wrapper\">\n\t<div  class=\"wpb_single_image wpb_content_element vc_align_left wpb_content_element\">\n\t\t\n\t\t<figure class=\"wpb_wrapper vc_figure\">\n\t\t\t<div class=\"vc_single_image-wrapper\"><img fetchpriority=\"high\" decoding=\"async\" width=\"1193\" height=\"422\" src=\"https:\/\/ahorn-camp.de\/wp-content\/uploads\/2021\/06\/Sol.and_.pepper_Daenemark-1.jpg\" class=\"vc_single_image-img attachment-full\" alt=\"Des plages \u00e0 perte de vue au Danemark\" title=\"Sol.and.pepper_Danemark\" srcset=\"https:\/\/ahorn-camp.de\/wp-content\/uploads\/2021\/06\/Sol.and_.pepper_Daenemark-1.jpg 1193w, https:\/\/ahorn-camp.de\/wp-content\/uploads\/2021\/06\/Sol.and_.pepper_Daenemark-1-300x106.jpg 300w, https:\/\/ahorn-camp.de\/wp-content\/uploads\/2021\/06\/Sol.and_.pepper_Daenemark-1-1024x362.jpg 1024w, https:\/\/ahorn-camp.de\/wp-content\/uploads\/2021\/06\/Sol.and_.pepper_Daenemark-1-768x272.jpg 768w, https:\/\/ahorn-camp.de\/wp-content\/uploads\/2021\/06\/Sol.and_.pepper_Daenemark-1-800x283.jpg 800w\" sizes=\"(max-width: 1193px) 100vw, 1193px\" \/><\/div>\n\t\t<\/figure>\n\t<\/div>\n\n\t<div class=\"wpb_text_column wpb_content_element\" >\n\t\t<div class=\"wpb_wrapper\">\n\t\t\t<p><strong>La Norv\u00e8ge \u00e9tait sur notre liste de choses \u00e0 faire depuis longtemps. Des paysages de r\u00eave, de nombreuses possibilit\u00e9s de randonn\u00e9e, des maisons en bois rouges, des \u00e9lans, des morues, des fjords et une nature \u00e0 perte de vue. Notre grand objectif: l'archipel des Lofoten et bien s\u00fbr, les aurores bor\u00e9ales, que nous n'avons finalement pas vues. Mais recommen\u00e7ons au d\u00e9but.<\/strong><\/p>\n\n\t\t<\/div>\n\t<\/div>\n<\/div><\/div><\/div><\/div><div class=\"vc_row wpb_row vc_row-fluid\"><div class=\"wpb_column vc_column_container vc_col-sm-6\"><div class=\"vc_column-inner\"><div class=\"wpb_wrapper\">\n\t<div class=\"wpb_text_column wpb_content_element\" >\n\t\t<div class=\"wpb_wrapper\">\n\t\t\t<p>Notre voyage a commenc\u00e9 au Danemark. Plus pr\u00e9cis\u00e9ment \u00e0 Hirtshals. C\u2019est l\u00e0 que nous avions r\u00e9serv\u00e9 la travers\u00e9e en ferry jusqu\u2019\u00e0 Kristiansand. Avec notre Ahorn Camp Canada Ae 2020, 2 adultes, un b\u00e9b\u00e9 et un chien, cela nous a co\u00fbt\u00e9 un peu moins de 420 \u20ac. Au total, la travers\u00e9e a dur\u00e9 environ 3 heures. Heureusement, les chiens ont pu rester dans la voiture, ce qui \u00e9tait bien s\u00fbr tr\u00e8s agr\u00e9able pour Pepper, car elle dispose de suffisamment d\u2019espace dans notre camping-car. Nous sommes arriv\u00e9s \u00e0 Kristiansand vers minuit. C\u2019est pr\u00e8s du port que nous avons pass\u00e9 notre premi\u00e8re nuit en Norv\u00e8ge. <strong>\u00a0<\/strong><\/p>\n<p>Le lendemain, nous avons continu\u00e9 vers le nord, le long de la c\u00f4te ouest. Nous sommes arriv\u00e9s \u00e0 une petite marina super sympa. Il y avait suffisamment de place pour les camping-cars ainsi que d'excellentes possibilit\u00e9s de p\u00eache. T\u00f4t le matin et le soir, les p\u00eacheurs revenaient avec leurs bateaux. Nous avons m\u00eame eu la possibilit\u00e9 d'obtenir du poisson gratuitement. Moritz a \u00e9galement eu la chance de p\u00eacher deux morues depuis le rivage. Elles \u00e9taient excellentes.<strong>\u00a0<\/strong>Comme notre panier \u00e0 linge se remplissait lentement mais s\u00fbrement, nous nous sommes dirig\u00e9s vers le camping Bore. Ici, il \u00e9tait m\u00eame possible de louer des planches de surf, \u00e9quipement compris. La machine \u00e0 laver nous a co\u00fbt\u00e9 3\u20ac et, comme dans presque tous les campings de Scandinavie, il y avait un acc\u00e8s Wi-Fi gratuit. Voici les coordonn\u00e9es : <strong>Latitude : 58,7991 Longitude : 5,5579.<\/strong><\/p>\n\n\t\t<\/div>\n\t<\/div>\n<\/div><\/div><\/div><div class=\"wpb_column vc_column_container vc_col-sm-6\"><div class=\"vc_column-inner\"><div class=\"wpb_wrapper\">\n\t<div  class=\"wpb_single_image wpb_content_element vc_align_left wpb_content_element\">\n\t\t\n\t\t<figure class=\"wpb_wrapper vc_figure\">\n\t\t\t<div class=\"vc_single_image-wrapper\"><img decoding=\"async\" width=\"1024\" height=\"921\" src=\"https:\/\/ahorn-camp.de\/wp-content\/uploads\/2021\/06\/AhornCamp_Solandpepper_Pepper-1-1024x921.jpg\" class=\"vc_single_image-img attachment-large\" alt=\"Armoire transform\u00e9e en panier pour chien dans le camping-car Canada AE\" title=\"AhornCamp_Solandpepper_Pepper\" srcset=\"https:\/\/ahorn-camp.de\/wp-content\/uploads\/2021\/06\/AhornCamp_Solandpepper_Pepper-1-1024x921.jpg 1024w, https:\/\/ahorn-camp.de\/wp-content\/uploads\/2021\/06\/AhornCamp_Solandpepper_Pepper-1-300x270.jpg 300w, https:\/\/ahorn-camp.de\/wp-content\/uploads\/2021\/06\/AhornCamp_Solandpepper_Pepper-1-768x691.jpg 768w, https:\/\/ahorn-camp.de\/wp-content\/uploads\/2021\/06\/AhornCamp_Solandpepper_Pepper-1-667x600.jpg 667w, https:\/\/ahorn-camp.de\/wp-content\/uploads\/2021\/06\/AhornCamp_Solandpepper_Pepper-1-800x720.jpg 800w, https:\/\/ahorn-camp.de\/wp-content\/uploads\/2021\/06\/AhornCamp_Solandpepper_Pepper-1.jpg 1195w\" sizes=\"(max-width: 1024px) 100vw, 1024px\" \/><\/div>\n\t\t<\/figure>\n\t<\/div>\n<\/div><\/div><\/div><\/div><div class=\"vc_row wpb_row vc_row-fluid\"><div class=\"wpb_column vc_column_container vc_col-sm-6\"><div class=\"vc_column-inner\"><div class=\"wpb_wrapper\">\n\t<div  class=\"wpb_single_image wpb_content_element vc_align_left wpb_content_element\">\n\t\t\n\t\t<figure class=\"wpb_wrapper vc_figure\">\n\t\t\t<div class=\"vc_single_image-wrapper\"><img decoding=\"async\" width=\"1024\" height=\"870\" src=\"https:\/\/ahorn-camp.de\/wp-content\/uploads\/2021\/06\/AhornCamp_CanadaAE_sol.and-5-1024x870.jpg\" class=\"vc_single_image-img attachment-large\" alt=\"\u00c0 travers le Danemark avec la Canada AE\" title=\"AhornCamp_CanadaAE_sol.and (5)\" srcset=\"https:\/\/ahorn-camp.de\/wp-content\/uploads\/2021\/06\/AhornCamp_CanadaAE_sol.and-5-1024x870.jpg 1024w, https:\/\/ahorn-camp.de\/wp-content\/uploads\/2021\/06\/AhornCamp_CanadaAE_sol.and-5-300x255.jpg 300w, https:\/\/ahorn-camp.de\/wp-content\/uploads\/2021\/06\/AhornCamp_CanadaAE_sol.and-5-768x653.jpg 768w, https:\/\/ahorn-camp.de\/wp-content\/uploads\/2021\/06\/AhornCamp_CanadaAE_sol.and-5-706x600.jpg 706w, https:\/\/ahorn-camp.de\/wp-content\/uploads\/2021\/06\/AhornCamp_CanadaAE_sol.and-5-800x680.jpg 800w, https:\/\/ahorn-camp.de\/wp-content\/uploads\/2021\/06\/AhornCamp_CanadaAE_sol.and-5.jpg 1193w\" sizes=\"(max-width: 1024px) 100vw, 1024px\" \/><\/div>\n\t\t<\/figure>\n\t<\/div>\n\n\t<div  class=\"wpb_single_image wpb_content_element vc_align_left wpb_content_element\">\n\t\t\n\t\t<figure class=\"wpb_wrapper vc_figure\">\n\t\t\t<div class=\"vc_single_image-wrapper\"><img loading=\"lazy\" decoding=\"async\" width=\"1024\" height=\"1008\" src=\"https:\/\/ahorn-camp.de\/wp-content\/uploads\/2021\/06\/AhornCamp_sol.and_.pepper_Canada-AE-1-1024x1008.jpg\" class=\"vc_single_image-img attachment-large\" alt=\"Feu de camp devant le camping-car\" title=\"AhornCamp_sol.and.pepper_Canada AE\" srcset=\"https:\/\/ahorn-camp.de\/wp-content\/uploads\/2021\/06\/AhornCamp_sol.and_.pepper_Canada-AE-1-1024x1008.jpg 1024w, https:\/\/ahorn-camp.de\/wp-content\/uploads\/2021\/06\/AhornCamp_sol.and_.pepper_Canada-AE-1-300x295.jpg 300w, https:\/\/ahorn-camp.de\/wp-content\/uploads\/2021\/06\/AhornCamp_sol.and_.pepper_Canada-AE-1-768x756.jpg 768w, https:\/\/ahorn-camp.de\/wp-content\/uploads\/2021\/06\/AhornCamp_sol.and_.pepper_Canada-AE-1-610x600.jpg 610w, https:\/\/ahorn-camp.de\/wp-content\/uploads\/2021\/06\/AhornCamp_sol.and_.pepper_Canada-AE-1-800x787.jpg 800w, https:\/\/ahorn-camp.de\/wp-content\/uploads\/2021\/06\/AhornCamp_sol.and_.pepper_Canada-AE-1.jpg 1078w\" sizes=\"(max-width: 1024px) 100vw, 1024px\" \/><\/div>\n\t\t<\/figure>\n\t<\/div>\n<\/div><\/div><\/div><div class=\"wpb_column vc_column_container vc_col-sm-6\"><div class=\"vc_column-inner\"><div class=\"wpb_wrapper\">\n\t<div class=\"wpb_text_column wpb_content_element\" >\n\t\t<div class=\"wpb_wrapper\">\n\t\t\t<div class=\"wpb_text_column wpb_content_element\">\n<div class=\"wpb_wrapper\">\n<p>Pour le lendemain, nous avons choisi un itin\u00e9raire de randonn\u00e9e. La m\u00e9t\u00e9o s&#x27;annon\u00e7ait prometteuse et nous avons gar\u00e9 notre Ahorn Camp Canada Ae 2020 sur un grand parking \u00e0 proximit\u00e9. Apr\u00e8s une br\u00e8ve recherche, nous avons opt\u00e9 pour le mont Preikestolen, avec 850 m\u00e8tres de d\u00e9nivel\u00e9. Nous avions pr\u00e9vu de passer toute la journ\u00e9e \u00e0 faire cette randonn\u00e9e, \u00e9quip\u00e9s de chaussures de marche robustes, car elle s&#x27;annon\u00e7ait tr\u00e8s \u00e9prouvante. Avec Pepper \u00e0 nos c\u00f4t\u00e9s, Solly dans le porte-b\u00e9b\u00e9, et 3,6 kilom\u00e8tres plus tard, nous avons atteint le sommet de la montagne. Malheureusement, nous n\u2019\u00e9tions pas les seuls l\u00e0-haut et l\u2019ambiance n\u2019\u00e9tait pas vraiment d\u00e9tendue sur la montagne. Nous avons donc rapidement pris la photo touristique typique avant de redescendre aussit\u00f4t. \u00c9puis\u00e9s, fatigu\u00e9s mais heureux, nous avons cherch\u00e9 un camping tout pr\u00e8s pour passer la nuit. Il nous a co\u00fbt\u00e9 30 \u20ac. Les douches \u00e9taient comprises. Voici les coordonn\u00e9es : <strong>Latitude : 55.9986 \u2013 Longitude : 6.0927.<\/strong><\/p>\n<\/div>\n<\/div>\n<div class=\"wpb_text_column wpb_content_element\">\n<div class=\"wpb_wrapper\">\n<p>Le jour suivant, nous avons pris le ferry d'Arsvagen \u00e0 Mortavika. Il partait toutes les 20 minutes et nous a co\u00fbt\u00e9 8 \u20ac au total. Nous avons atteint un super bel emplacement avec un plongeoir au bord de l'eau. C'\u00e9tait aussi un excellent endroit pour p\u00eacher. <strong>Latitude : 59.5707 \u2013 Longitude : 59.5707.<\/strong><\/p>\n<p>Peu \u00e0 peu, nous avons eu l&#x27;impression qu&#x27;il \u00e9tait temps de nous m\u00ealer \u00e0 nouveau \u00e0 la foule. C&#x27;est pourquoi nous avons mis le cap sur Bergen, la deuxi\u00e8me plus grande ville de Norv\u00e8ge. Une ville pleine de charme et \u00e0 l&#x27;ambiance urbaine. Nous avons pu garer notre Ahorn Camp Canada Ae 2020 dans une petite rue. Ce n\u2019\u00e9tait pas tout \u00e0 fait l\u00e9gal, mais au moins c\u2019\u00e9tait gratuit. Loin des attractions touristiques, nous avons d\u00e9couvert de superbes petites rues bord\u00e9es de restaurants et de caf\u00e9s. Notre moment fort : un tour de grande roue. Pepper a malheureusement d\u00fb rester dehors. Nous avons cherch\u00e9 un emplacement \u00e0 proximit\u00e9 pour passer la nuit.<\/p>\n<p>Et comme chaque jour, ou du moins c\u2019est ce qu\u2019on avait l\u2019impression, nous avons ensuite repris la route vers le nord sur la E39. Lentement mais s\u00fbrement, nous avons commenc\u00e9 \u00e0 prendre la mesure de l\u2019immensit\u00e9 et des grands espaces de ce pays. Chaque trajet nous semblait durer une \u00e9ternit\u00e9 et, peu \u00e0 peu, nous avons commenc\u00e9 \u00e0 craindre de ne jamais atteindre les Lofoten. \u00c0 l&#x27;\u00e9cart de la route d\u00e9partementale, nous avons trouv\u00e9 un emplacement de r\u00eave au bord d&#x27;un lac, avec vue sur les montagnes. C&#x27;est l\u00e0 que nous avons spontan\u00e9ment r\u00e9alis\u00e9 notre premi\u00e8re s\u00e9ance photo de grossesse. Malheureusement, le soir venu, les moustiques sont arriv\u00e9s en nombre infini. Malgr\u00e9 tout, cet emplacement fait partie de nos coups de c\u0153ur en Norv\u00e8ge. <strong>Latitude : 61.7129 \u2013 Longitude : 6.5271.<\/strong><\/p>\n<p>Pour faire notre lessive, nous nous sommes dirig\u00e9s vers un petit camping appel\u00e9 Sorkil Camping. Comme il nous a plu imm\u00e9diatement, nous sommes rest\u00e9s spontan\u00e9ment une nuit. Le personnel \u00e9tait plus que sympathique et pour pas cher, on pouvait m\u00eame louer un bateau et aller p\u00eacher.<\/p>\n<\/div>\n<\/div>\n\n\t\t<\/div>\n\t<\/div>\n<\/div><\/div><\/div><\/div><div class=\"vc_row wpb_row vc_row-fluid\"><div class=\"wpb_column vc_column_container vc_col-sm-6\"><div class=\"vc_column-inner\"><div class=\"wpb_wrapper\">\n\t<div class=\"wpb_text_column wpb_content_element\" >\n\t\t<div class=\"wpb_wrapper\">\n\t\t\t<p>Le m\u00eame jour, nous avons re\u00e7u un e-mail de Lotta et Felix Wiemers. Comme nous l'avons rapidement d\u00e9couvert, une navigatrice professionnelle et l'un des 15 meilleurs skieurs freeride du monde nous ont invit\u00e9s \u00e0 Troms\u00f8 \u00e0 bord de leur voilier. Cela sonnait comme une aventure et un plaisir. Nous avons donc accept\u00e9 l'invitation avec gratitude et nous sommes partis. Et que pouvons-nous dire ? Nous avons pass\u00e9 3 jours magnifiques. Un temps de r\u00eave, de gros cabillauds, des endroits vierges et la meilleure compagnie, car Lotta et Felix sont deux personnes absolument adorables. Ce voyage \u00e9tait tout simplement \u00e9poustouflant. Lotta et Felix ne forment pas seulement un couple merveilleux, mais aussi d'excellents guides en Norv\u00e8ge. En hiver, ils proposent des itin\u00e9raires de randonn\u00e9e guid\u00e9s dans la neige. Bien s\u00fbr, on passe la nuit sur leur voilier. R\u00e9trospectivement, ce fut une exp\u00e9rience formidable et intense que nous n'oublierons jamais.<\/p>\n<p>Apr\u00e8s nos adieux, qui ne nous ont pas \u00e9t\u00e9 faciles, nous avons poursuivi notre route vers les Lofoten, en direction d&#x27;And\u00f8ya. Nous \u00e9tions d\u00e9sormais assez loin au nord et notre espoir de pouvoir tout de m\u00eame atteindre les Lofoten grandissait. Nous sommes arriv\u00e9s \u00e0 un petit emplacement de camping vraiment charmant, o\u00f9 nous avons pass\u00e9 la nuit. <strong>Latitude : 69,1413 \u2013 Longitude : 15,5550. <\/strong><\/p>\n\n\t\t<\/div>\n\t<\/div>\n<\/div><\/div><\/div><div class=\"wpb_column vc_column_container vc_col-sm-6\"><div class=\"vc_column-inner\"><div class=\"wpb_wrapper\">\n\t<div  class=\"wpb_single_image wpb_content_element vc_align_left wpb_content_element\">\n\t\t\n\t\t<figure class=\"wpb_wrapper vc_figure\">\n\t\t\t<div class=\"vc_single_image-wrapper\"><img loading=\"lazy\" decoding=\"async\" width=\"960\" height=\"1024\" src=\"https:\/\/ahorn-camp.de\/wp-content\/uploads\/2021\/06\/AhornCamp_CanadaAE_sol.and-4-1-960x1024.jpg\" class=\"vc_single_image-img attachment-large\" alt=\"Canada AE\" title=\"AhornCamp_CanadaAE_sol.and (4)\" srcset=\"https:\/\/ahorn-camp.de\/wp-content\/uploads\/2021\/06\/AhornCamp_CanadaAE_sol.and-4-1-960x1024.jpg 960w, https:\/\/ahorn-camp.de\/wp-content\/uploads\/2021\/06\/AhornCamp_CanadaAE_sol.and-4-1-281x300.jpg 281w, https:\/\/ahorn-camp.de\/wp-content\/uploads\/2021\/06\/AhornCamp_CanadaAE_sol.and-4-1-768x820.jpg 768w, https:\/\/ahorn-camp.de\/wp-content\/uploads\/2021\/06\/AhornCamp_CanadaAE_sol.and-4-1-562x600.jpg 562w, https:\/\/ahorn-camp.de\/wp-content\/uploads\/2021\/06\/AhornCamp_CanadaAE_sol.and-4-1-800x854.jpg 800w, https:\/\/ahorn-camp.de\/wp-content\/uploads\/2021\/06\/AhornCamp_CanadaAE_sol.and-4-1.jpg 1191w\" sizes=\"(max-width: 960px) 100vw, 960px\" \/><\/div>\n\t\t<\/figure>\n\t<\/div>\n<\/div><\/div><\/div><\/div><div class=\"vc_row wpb_row vc_row-fluid\"><div class=\"wpb_column vc_column_container vc_col-sm-6\"><div class=\"vc_column-inner\"><div class=\"wpb_wrapper\">\n\t<div  class=\"wpb_single_image wpb_content_element vc_align_left wpb_content_element\">\n\t\t\n\t\t<figure class=\"wpb_wrapper vc_figure\">\n\t\t\t<div class=\"vc_single_image-wrapper\"><img loading=\"lazy\" decoding=\"async\" width=\"852\" height=\"1024\" src=\"https:\/\/ahorn-camp.de\/wp-content\/uploads\/2021\/06\/AhornCamp_CanadaAE_sol.and-3-852x1024.jpg\" class=\"vc_single_image-img attachment-large\" alt=\"Sol and Pepper au Danemark\" title=\"AhornCamp_CanadaAE_sol.and (3)\" srcset=\"https:\/\/ahorn-camp.de\/wp-content\/uploads\/2021\/06\/AhornCamp_CanadaAE_sol.and-3-852x1024.jpg 852w, https:\/\/ahorn-camp.de\/wp-content\/uploads\/2021\/06\/AhornCamp_CanadaAE_sol.and-3-250x300.jpg 250w, https:\/\/ahorn-camp.de\/wp-content\/uploads\/2021\/06\/AhornCamp_CanadaAE_sol.and-3-768x923.jpg 768w, https:\/\/ahorn-camp.de\/wp-content\/uploads\/2021\/06\/AhornCamp_CanadaAE_sol.and-3-499x600.jpg 499w, https:\/\/ahorn-camp.de\/wp-content\/uploads\/2021\/06\/AhornCamp_CanadaAE_sol.and-3-800x961.jpg 800w, https:\/\/ahorn-camp.de\/wp-content\/uploads\/2021\/06\/AhornCamp_CanadaAE_sol.and-3.jpg 1200w\" sizes=\"(max-width: 852px) 100vw, 852px\" \/><\/div>\n\t\t<\/figure>\n\t<\/div>\n<\/div><\/div><\/div><div class=\"wpb_column vc_column_container vc_col-sm-6\"><div class=\"vc_column-inner\"><div class=\"wpb_wrapper\">\n\t<div class=\"wpb_text_column wpb_content_element\" >\n\t\t<div class=\"wpb_wrapper\">\n\t\t\t<p>Nous avions r\u00e9ussi. Nous \u00e9tions en plein c\u0153ur des Lofoten et nous avions du mal \u00e0 croire que nous \u00e9tions parvenus \u00e0 aller aussi loin au nord. Pour le lendemain, nous avions pr\u00e9vu une randonn\u00e9e vers le <strong>Plage de Kvalvika<\/strong>. La plage se trouve sur l&#x27;\u00eele de Moskenes\u00f8ya, tout pr\u00e8s du village de Fredvang. Il y avait au total deux parkings bien signal\u00e9s o\u00f9 l&#x27;on pouvait garer sa voiture. Au total, il nous a fallu environ 2 heures et demie pour parcourir ces un peu moins de 4 kilom\u00e8tres. Bien que le sentier de randonn\u00e9e soit assez bien am\u00e9nag\u00e9, nous vous recommandons tout de m\u00eame d\u2019emporter de quoi manger et de pr\u00e9voir des pauses. \u00c0 la fin, nous avons \u00e9t\u00e9 r\u00e9compens\u00e9s par une vue magnifique\u2026 et des ampoules aux pieds. Cette randonn\u00e9e n\u2019\u00e9tait pas une partie de plaisir.<\/p>\n<p>Notre prochaine \u00e9tape nous a conduits dans un petit village de p\u00eacheurs appel\u00e9 <strong>Reine.<\/strong> Hier, nous avons pass\u00e9 un total de 2 jours. Nous avons explor\u00e9 de petits restaurants, caf\u00e9s et avons dormi directement sur le port. D'ailleurs, il \u00e9tait possible de remplir gratuitement notre r\u00e9servoir d'eau. <strong>Latitude : 67,9350 \u2013 Longitude : 13,0949.\u00a0 <\/strong>Nous avons continu\u00e9 vers le village de p\u00eacheurs de Nusfjord, connu pour son commerce de poisson. Un mus\u00e9e d'une beaut\u00e9 \u00e9poustouflante et le plus beau caf\u00e9 du monde. Nusfjord vaut vraiment le d\u00e9tour. Avec un camping-car, vous pouvez y passer une nuit merveilleuse : <strong>Latitude : 68,0345 \u2013 Longitude : 13,470.<\/strong><\/p>\n<p>Notre avant-dernier arr\u00eat nous a men\u00e9s \u00e0 <strong>Hennigsvaer<\/strong>. Si vous \u00eates ici, vous devez absolument voir le c\u00e9l\u00e8bre terrain de football, qui a \u00e9t\u00e9 \u00e9lu meilleure photo de l'ann\u00e9e 2017 par National Geographic dans la cat\u00e9gorie Villes.<\/p>\n<p>Avant de partir pour la Su\u00e8de, nous nous sommes rendus \u00e0 Sj\u00f8hus, un camping intime et romantique. Il \u00e9tait situ\u00e9 directement au bord de la mer. Il y avait m\u00eame une petite aire de jeux tr\u00e8s mignonne pour Solly. De plus, le personnel \u00e9tait, comme partout en Norv\u00e8ge, tr\u00e8s sympathique. La nuit nous a co\u00fbt\u00e9 environ 27 \u20ac. <strong>Latitude : 68,3221 \u2013 Longitude : 14,7170.<\/strong><\/p>\n\n\t\t<\/div>\n\t<\/div>\n<\/div><\/div><\/div><\/div><div class=\"vc_row wpb_row vc_row-fluid\"><div class=\"wpb_column vc_column_container vc_col-sm-12\"><div class=\"vc_column-inner\"><div class=\"wpb_wrapper\"><h3 style=\"text-align: left\" class=\"vc_custom_heading vc_do_custom_heading\" >Conclusion<\/h3>\n\t<div class=\"wpb_text_column wpb_content_element\" >\n\t\t<div class=\"wpb_wrapper\">\n\t\t\t<p>En r\u00e9sum\u00e9, on peut dire que la Norv\u00e8ge offre des paysages d&#x27;une beaut\u00e9 exceptionnelle. De plus, le pays propose de nombreuses possibilit\u00e9s de randonn\u00e9e et de p\u00eache. Nous avons toutefois trouv\u00e9 qu\u2019il \u00e9tait assez difficile de voyager avec un enfant en bas \u00e2ge, car le temps \u00e9tait g\u00e9n\u00e9ralement tr\u00e8s mauvais. C\u2019est pourquoi nous avons d\u00fb nous rendre assez souvent dans des campings avec notre Ahorn Camp Canada AE 2020 pour faire et s\u00e9cher notre linge. \u00c0 cela s\u2019ajoute le fait que la Norv\u00e8ge est un pays tr\u00e8s cher. Pour nos courses, nous avons toujours d\u00e9pens\u00e9 au moins 150 \u00e0 200 \u20ac. Il faut s\u2019attendre \u00e0 ce que tout co\u00fbte 3 \u00e0 4 fois plus cher qu\u2019en Allemagne, par exemple. C\u2019est pourquoi il est d\u2019autant plus important de planifier un itin\u00e9raire bien cibl\u00e9. Au final, nous sommes reconnaissants et heureux d\u2019avoir voyag\u00e9 en Norv\u00e8ge en famille. Gr\u00e2ce \u00e0 notre confortable maison sur quatre roues, nous avons pu bien surmonter les jours de pluie et avons pass\u00e9 un moment vraiment intense et merveilleux en famille.<\/p>\n\n\t\t<\/div>\n\t<\/div>\n<\/div><\/div><\/div><\/div>\n<\/div>","protected":false},"excerpt":{"rendered":"<p>Paysage de r\u00eave, nombreuses possibilit\u00e9s de randonn\u00e9e, maisons en bois rouges, \u00e9lans, morues, fjords et nature \u00e0 perte de vue. @Sol.and.Pepper vous emm\u00e8nent dans un voyage \u00e0 travers la Norv\u00e8ge avec le Canada AE.<\/p>","protected":false},"author":2,"featured_media":12457,"comment_status":"open","ping_status":"open","sticky":false,"template":"","format":"standard","meta":{"content-type":"","footnotes":""},"categories":[208],"tags":[],"class_list":["post-12098","post","type-post","status-publish","format-standard","has-post-thumbnail","hentry","category-blog"],"yoast_head":"<!-- This site is optimized with the Yoast SEO plugin v28.4 - https:\/\/yoast.com\/product\/yoast-seo-wordpress\/ -->\n<title>Hei, Norwegen!<\/title>\n<meta name=\"description\" content=\"Entdecken Sie Norwegen mit dem Camper! Lesen Sie unsere Tipps, Routenvorschl\u00e4ge und Erfahrungen f\u00fcr die Reise im Land der Fjorde.\" \/>\n<meta name=\"robots\" content=\"index, follow, max-snippet:-1, max-image-preview:large, max-video-preview:-1\" \/>\n<link rel=\"canonical\" href=\"https:\/\/ahorn-camp.de\/fr\/norvege-en-camping-car\/\" \/>\n<meta property=\"og:locale\" content=\"fr_FR\" \/>\n<meta property=\"og:type\" content=\"article\" \/>\n<meta property=\"og:title\" content=\"Hei, Norwegen!\" \/>\n<meta property=\"og:description\" content=\"Entdecken Sie Norwegen mit dem Camper! Lesen Sie unsere Tipps, Routenvorschl\u00e4ge und Erfahrungen f\u00fcr die Reise im Land der Fjorde.\" \/>\n<meta property=\"og:url\" content=\"https:\/\/ahorn-camp.de\/fr\/norvege-en-camping-car\/\" \/>\n<meta property=\"og:site_name\" content=\"Ahorn Camp | Reisemobile und Kastenwagen\" \/>\n<meta property=\"article:publisher\" content=\"https:\/\/www.facebook.com\/ahorn.wohnmobile\/\" \/>\n<meta property=\"article:published_time\" content=\"2021-06-11T12:56:43+00:00\" \/>\n<meta property=\"article:modified_time\" content=\"2024-09-24T08:39:32+00:00\" \/>\n<meta property=\"og:image\" content=\"https:\/\/ahorn-camp.de\/wp-content\/uploads\/2021\/06\/AhornCamp_sol.and_.pepper_Canada-AE-1.jpg\" \/>\n\t<meta property=\"og:image:width\" content=\"1078\" \/>\n\t<meta property=\"og:image:height\" content=\"1061\" \/>\n\t<meta property=\"og:image:type\" content=\"image\/jpeg\" \/>\n<meta name=\"author\" content=\"ahorn_admin\" \/>\n<meta name=\"twitter:card\" content=\"summary_large_image\" \/>\n<meta name=\"twitter:label1\" content=\"\u00c9crit par\" \/>\n\t<meta name=\"twitter:data1\" content=\"ahorn_admin\" \/>\n\t<meta name=\"twitter:label2\" content=\"Dur\u00e9e de lecture estim\u00e9e\" \/>\n\t<meta name=\"twitter:data2\" content=\"8 minutes\" \/>\n<script type=\"application\/ld+json\" class=\"yoast-schema-graph\">{\"@context\":\"https:\\\/\\\/schema.org\",\"@graph\":[{\"@type\":\"Article\",\"@id\":\"https:\\\/\\\/ahorn-camp.de\\\/norwegen-mit-camper\\\/#article\",\"isPartOf\":{\"@id\":\"https:\\\/\\\/ahorn-camp.de\\\/norwegen-mit-camper\\\/\"},\"author\":{\"name\":\"ahorn_admin\",\"@id\":\"https:\\\/\\\/ahorn-camp.de\\\/#\\\/schema\\\/person\\\/9b60761ba82d5cb8e6db215a88925044\"},\"headline\":\"Hei, Norwegen!\",\"datePublished\":\"2021-06-11T12:56:43+00:00\",\"dateModified\":\"2024-09-24T08:39:32+00:00\",\"mainEntityOfPage\":{\"@id\":\"https:\\\/\\\/ahorn-camp.de\\\/norwegen-mit-camper\\\/\"},\"wordCount\":1524,\"commentCount\":0,\"publisher\":{\"@id\":\"https:\\\/\\\/ahorn-camp.de\\\/#organization\"},\"image\":{\"@id\":\"https:\\\/\\\/ahorn-camp.de\\\/norwegen-mit-camper\\\/#primaryimage\"},\"thumbnailUrl\":\"https:\\\/\\\/ahorn-camp.de\\\/wp-content\\\/uploads\\\/2021\\\/06\\\/AhornCamp_sol.and_.pepper_Canada-AE-1.jpg\",\"articleSection\":[\"Blog\"],\"inLanguage\":\"fr-FR\",\"potentialAction\":[{\"@type\":\"CommentAction\",\"name\":\"Comment\",\"target\":[\"https:\\\/\\\/ahorn-camp.de\\\/norwegen-mit-camper\\\/#respond\"]}]},{\"@type\":\"WebPage\",\"@id\":\"https:\\\/\\\/ahorn-camp.de\\\/norwegen-mit-camper\\\/\",\"url\":\"https:\\\/\\\/ahorn-camp.de\\\/norwegen-mit-camper\\\/\",\"name\":\"Hei, Norwegen!\",\"isPartOf\":{\"@id\":\"https:\\\/\\\/ahorn-camp.de\\\/#website\"},\"primaryImageOfPage\":{\"@id\":\"https:\\\/\\\/ahorn-camp.de\\\/norwegen-mit-camper\\\/#primaryimage\"},\"image\":{\"@id\":\"https:\\\/\\\/ahorn-camp.de\\\/norwegen-mit-camper\\\/#primaryimage\"},\"thumbnailUrl\":\"https:\\\/\\\/ahorn-camp.de\\\/wp-content\\\/uploads\\\/2021\\\/06\\\/AhornCamp_sol.and_.pepper_Canada-AE-1.jpg\",\"datePublished\":\"2021-06-11T12:56:43+00:00\",\"dateModified\":\"2024-09-24T08:39:32+00:00\",\"description\":\"Entdecken Sie Norwegen mit dem Camper! Lesen Sie unsere Tipps, Routenvorschl\u00e4ge und Erfahrungen f\u00fcr die Reise im Land der Fjorde.\",\"breadcrumb\":{\"@id\":\"https:\\\/\\\/ahorn-camp.de\\\/norwegen-mit-camper\\\/#breadcrumb\"},\"inLanguage\":\"fr-FR\",\"potentialAction\":[{\"@type\":\"ReadAction\",\"target\":[\"https:\\\/\\\/ahorn-camp.de\\\/norwegen-mit-camper\\\/\"]}]},{\"@type\":\"ImageObject\",\"inLanguage\":\"fr-FR\",\"@id\":\"https:\\\/\\\/ahorn-camp.de\\\/norwegen-mit-camper\\\/#primaryimage\",\"url\":\"https:\\\/\\\/ahorn-camp.de\\\/wp-content\\\/uploads\\\/2021\\\/06\\\/AhornCamp_sol.and_.pepper_Canada-AE-1.jpg\",\"contentUrl\":\"https:\\\/\\\/ahorn-camp.de\\\/wp-content\\\/uploads\\\/2021\\\/06\\\/AhornCamp_sol.and_.pepper_Canada-AE-1.jpg\",\"width\":1078,\"height\":1061,\"caption\":\"Lagerfeuer vor dem Wohnmobil\"},{\"@type\":\"BreadcrumbList\",\"@id\":\"https:\\\/\\\/ahorn-camp.de\\\/norwegen-mit-camper\\\/#breadcrumb\",\"itemListElement\":[{\"@type\":\"ListItem\",\"position\":1,\"name\":\"Startseite\",\"item\":\"https:\\\/\\\/ahorn-camp.de\\\/\"},{\"@type\":\"ListItem\",\"position\":2,\"name\":\"Hei, Norwegen!\"}]},{\"@type\":\"WebSite\",\"@id\":\"https:\\\/\\\/ahorn-camp.de\\\/#website\",\"url\":\"https:\\\/\\\/ahorn-camp.de\\\/\",\"name\":\"Ahorn Camp | Reisemobile und Kastenwagen\",\"description\":\"Seit \u00fcber 30 Jahren vermarktet das Familienunternehmen, Ahorn Camp in Speyer, erfolgreich Wohnmobile und Kastenwagen zum besten Preis-Leistungsverh\u00e4ltnis.\",\"publisher\":{\"@id\":\"https:\\\/\\\/ahorn-camp.de\\\/#organization\"},\"potentialAction\":[{\"@type\":\"SearchAction\",\"target\":{\"@type\":\"EntryPoint\",\"urlTemplate\":\"https:\\\/\\\/ahorn-camp.de\\\/?s={search_term_string}\"},\"query-input\":{\"@type\":\"PropertyValueSpecification\",\"valueRequired\":true,\"valueName\":\"search_term_string\"}}],\"inLanguage\":\"fr-FR\"},{\"@type\":\"Organization\",\"@id\":\"https:\\\/\\\/ahorn-camp.de\\\/#organization\",\"name\":\"Ahorn Camp GmbH & Co. KG\",\"url\":\"https:\\\/\\\/ahorn-camp.de\\\/\",\"logo\":{\"@type\":\"ImageObject\",\"inLanguage\":\"fr-FR\",\"@id\":\"https:\\\/\\\/ahorn-camp.de\\\/#\\\/schema\\\/logo\\\/image\\\/\",\"url\":\"https:\\\/\\\/ahorn-camp.de\\\/wp-content\\\/uploads\\\/2018\\\/12\\\/Ahorn_Logo.jpg\",\"contentUrl\":\"https:\\\/\\\/ahorn-camp.de\\\/wp-content\\\/uploads\\\/2018\\\/12\\\/Ahorn_Logo.jpg\",\"width\":1437,\"height\":1000,\"caption\":\"Ahorn Camp GmbH & Co. KG\"},\"image\":{\"@id\":\"https:\\\/\\\/ahorn-camp.de\\\/#\\\/schema\\\/logo\\\/image\\\/\"},\"sameAs\":[\"https:\\\/\\\/www.facebook.com\\\/ahorn.wohnmobile\\\/\",\"https:\\\/\\\/www.instagram.com\\\/ahorn.camp\\\/\",\"https:\\\/\\\/www.youtube.com\\\/channel\\\/UCPFbPCts1JJ_A1k9vyH0yOQ\"]},{\"@type\":\"Person\",\"@id\":\"https:\\\/\\\/ahorn-camp.de\\\/#\\\/schema\\\/person\\\/9b60761ba82d5cb8e6db215a88925044\",\"name\":\"ahorn_admin\",\"image\":{\"@type\":\"ImageObject\",\"inLanguage\":\"fr-FR\",\"@id\":\"https:\\\/\\\/secure.gravatar.com\\\/avatar\\\/d96b9a078083b0c14cee48589feadd939c3cdd66547e2f3f1569470371daaaa5?s=96&d=mm&r=g\",\"url\":\"https:\\\/\\\/secure.gravatar.com\\\/avatar\\\/d96b9a078083b0c14cee48589feadd939c3cdd66547e2f3f1569470371daaaa5?s=96&d=mm&r=g\",\"contentUrl\":\"https:\\\/\\\/secure.gravatar.com\\\/avatar\\\/d96b9a078083b0c14cee48589feadd939c3cdd66547e2f3f1569470371daaaa5?s=96&d=mm&r=g\",\"caption\":\"ahorn_admin\"},\"sameAs\":[\"http:\\\/\\\/Ahorn%20Camp\"],\"url\":\"https:\\\/\\\/ahorn-camp.de\\\/fr\\\/author\\\/ahorn_admin\\\/\"}]}<\/script>\n<!-- \/ Yoast SEO plugin. -->","yoast_head_json":{"title":"Salut, Norv\u00e8ge !","description":"D\u00e9couvrez la Norv\u00e8ge en camping-car ! Lisez nos conseils, nos suggestions d'itin\u00e9raires et nos exp\u00e9riences pour voyager dans le pays des fjords.","robots":{"index":"index","follow":"follow","max-snippet":"max-snippet:-1","max-image-preview":"max-image-preview:large","max-video-preview":"max-video-preview:-1"},"canonical":"https:\/\/ahorn-camp.de\/fr\/norvege-en-camping-car\/","og_locale":"fr_FR","og_type":"article","og_title":"Hei, Norwegen!","og_description":"Entdecken Sie Norwegen mit dem Camper! Lesen Sie unsere Tipps, Routenvorschl\u00e4ge und Erfahrungen f\u00fcr die Reise im Land der Fjorde.","og_url":"https:\/\/ahorn-camp.de\/fr\/norvege-en-camping-car\/","og_site_name":"Ahorn Camp | Reisemobile und Kastenwagen","article_publisher":"https:\/\/www.facebook.com\/ahorn.wohnmobile\/","article_published_time":"2021-06-11T12:56:43+00:00","article_modified_time":"2024-09-24T08:39:32+00:00","og_image":[{"width":1078,"height":1061,"url":"https:\/\/ahorn-camp.de\/wp-content\/uploads\/2021\/06\/AhornCamp_sol.and_.pepper_Canada-AE-1.jpg","type":"image\/jpeg"}],"author":"ahorn_admin","twitter_card":"summary_large_image","twitter_misc":{"\u00c9crit par":"ahorn_admin","Dur\u00e9e de lecture estim\u00e9e":"8 minutes"},"schema":{"@context":"https:\/\/schema.org","@graph":[{"@type":"Article","@id":"https:\/\/ahorn-camp.de\/norwegen-mit-camper\/#article","isPartOf":{"@id":"https:\/\/ahorn-camp.de\/norwegen-mit-camper\/"},"author":{"name":"ahorn_admin","@id":"https:\/\/ahorn-camp.de\/#\/schema\/person\/9b60761ba82d5cb8e6db215a88925044"},"headline":"Hei, Norwegen!","datePublished":"2021-06-11T12:56:43+00:00","dateModified":"2024-09-24T08:39:32+00:00","mainEntityOfPage":{"@id":"https:\/\/ahorn-camp.de\/norwegen-mit-camper\/"},"wordCount":1524,"commentCount":0,"publisher":{"@id":"https:\/\/ahorn-camp.de\/#organization"},"image":{"@id":"https:\/\/ahorn-camp.de\/norwegen-mit-camper\/#primaryimage"},"thumbnailUrl":"https:\/\/ahorn-camp.de\/wp-content\/uploads\/2021\/06\/AhornCamp_sol.and_.pepper_Canada-AE-1.jpg","articleSection":["Blog"],"inLanguage":"fr-FR","potentialAction":[{"@type":"CommentAction","name":"Comment","target":["https:\/\/ahorn-camp.de\/norwegen-mit-camper\/#respond"]}]},{"@type":"WebPage","@id":"https:\/\/ahorn-camp.de\/norwegen-mit-camper\/","url":"https:\/\/ahorn-camp.de\/norwegen-mit-camper\/","name":"Salut, Norv\u00e8ge !","isPartOf":{"@id":"https:\/\/ahorn-camp.de\/#website"},"primaryImageOfPage":{"@id":"https:\/\/ahorn-camp.de\/norwegen-mit-camper\/#primaryimage"},"image":{"@id":"https:\/\/ahorn-camp.de\/norwegen-mit-camper\/#primaryimage"},"thumbnailUrl":"https:\/\/ahorn-camp.de\/wp-content\/uploads\/2021\/06\/AhornCamp_sol.and_.pepper_Canada-AE-1.jpg","datePublished":"2021-06-11T12:56:43+00:00","dateModified":"2024-09-24T08:39:32+00:00","description":"D\u00e9couvrez la Norv\u00e8ge en camping-car ! Lisez nos conseils, nos suggestions d'itin\u00e9raires et nos exp\u00e9riences pour voyager dans le pays des fjords.","breadcrumb":{"@id":"https:\/\/ahorn-camp.de\/norwegen-mit-camper\/#breadcrumb"},"inLanguage":"fr-FR","potentialAction":[{"@type":"ReadAction","target":["https:\/\/ahorn-camp.de\/norwegen-mit-camper\/"]}]},{"@type":"ImageObject","inLanguage":"fr-FR","@id":"https:\/\/ahorn-camp.de\/norwegen-mit-camper\/#primaryimage","url":"https:\/\/ahorn-camp.de\/wp-content\/uploads\/2021\/06\/AhornCamp_sol.and_.pepper_Canada-AE-1.jpg","contentUrl":"https:\/\/ahorn-camp.de\/wp-content\/uploads\/2021\/06\/AhornCamp_sol.and_.pepper_Canada-AE-1.jpg","width":1078,"height":1061,"caption":"Lagerfeuer vor dem Wohnmobil"},{"@type":"BreadcrumbList","@id":"https:\/\/ahorn-camp.de\/norwegen-mit-camper\/#breadcrumb","itemListElement":[{"@type":"ListItem","position":1,"name":"Startseite","item":"https:\/\/ahorn-camp.de\/"},{"@type":"ListItem","position":2,"name":"Hei, Norwegen!"}]},{"@type":"WebSite","@id":"https:\/\/ahorn-camp.de\/#website","url":"https:\/\/ahorn-camp.de\/","name":"Ahorn Camp | Camping-cars et fourgons am\u00e9nag\u00e9s","description":"Depuis plus de 30 ans, l'entreprise familiale, Ahorn Camp \u00e0 Speyer, commercialise avec succ\u00e8s des camping-cars et des fourgons au meilleur rapport qualit\u00e9-prix.","publisher":{"@id":"https:\/\/ahorn-camp.de\/#organization"},"potentialAction":[{"@type":"SearchAction","target":{"@type":"EntryPoint","urlTemplate":"https:\/\/ahorn-camp.de\/?s={search_term_string}"},"query-input":{"@type":"PropertyValueSpecification","valueRequired":true,"valueName":"search_term_string"}}],"inLanguage":"fr-FR"},{"@type":"Organization","@id":"https:\/\/ahorn-camp.de\/#organization","name":"Ahorn Camp GmbH &amp; Co. KG","url":"https:\/\/ahorn-camp.de\/","logo":{"@type":"ImageObject","inLanguage":"fr-FR","@id":"https:\/\/ahorn-camp.de\/#\/schema\/logo\/image\/","url":"https:\/\/ahorn-camp.de\/wp-content\/uploads\/2018\/12\/Ahorn_Logo.jpg","contentUrl":"https:\/\/ahorn-camp.de\/wp-content\/uploads\/2018\/12\/Ahorn_Logo.jpg","width":1437,"height":1000,"caption":"Ahorn Camp GmbH & Co. KG"},"image":{"@id":"https:\/\/ahorn-camp.de\/#\/schema\/logo\/image\/"},"sameAs":["https:\/\/www.facebook.com\/ahorn.wohnmobile\/","https:\/\/www.instagram.com\/ahorn.camp\/","https:\/\/www.youtube.com\/channel\/UCPFbPCts1JJ_A1k9vyH0yOQ"]},{"@type":"Person","@id":"https:\/\/ahorn-camp.de\/#\/schema\/person\/9b60761ba82d5cb8e6db215a88925044","name":"ahorn_admin","image":{"@type":"ImageObject","inLanguage":"fr-FR","@id":"https:\/\/secure.gravatar.com\/avatar\/d96b9a078083b0c14cee48589feadd939c3cdd66547e2f3f1569470371daaaa5?s=96&d=mm&r=g","url":"https:\/\/secure.gravatar.com\/avatar\/d96b9a078083b0c14cee48589feadd939c3cdd66547e2f3f1569470371daaaa5?s=96&d=mm&r=g","contentUrl":"https:\/\/secure.gravatar.com\/avatar\/d96b9a078083b0c14cee48589feadd939c3cdd66547e2f3f1569470371daaaa5?s=96&d=mm&r=g","caption":"ahorn_admin"},"sameAs":["http:\/\/Ahorn%20Camp"],"url":"https:\/\/ahorn-camp.de\/fr\/author\/ahorn_admin\/"}]}},"_links":{"self":[{"href":"https:\/\/ahorn-camp.de\/fr\/wp-json\/wp\/v2\/posts\/12098","targetHints":{"allow":["GET"]}}],"collection":[{"href":"https:\/\/ahorn-camp.de\/fr\/wp-json\/wp\/v2\/posts"}],"about":[{"href":"https:\/\/ahorn-camp.de\/fr\/wp-json\/wp\/v2\/types\/post"}],"author":[{"embeddable":true,"href":"https:\/\/ahorn-camp.de\/fr\/wp-json\/wp\/v2\/users\/2"}],"replies":[{"embeddable":true,"href":"https:\/\/ahorn-camp.de\/fr\/wp-json\/wp\/v2\/comments?post=12098"}],"version-history":[{"count":0,"href":"https:\/\/ahorn-camp.de\/fr\/wp-json\/wp\/v2\/posts\/12098\/revisions"}],"wp:featuredmedia":[{"embeddable":true,"href":"https:\/\/ahorn-camp.de\/fr\/wp-json\/wp\/v2\/media\/12457"}],"wp:attachment":[{"href":"https:\/\/ahorn-camp.de\/fr\/wp-json\/wp\/v2\/media?parent=12098"}],"wp:term":[{"taxonomy":"category","embeddable":true,"href":"https:\/\/ahorn-camp.de\/fr\/wp-json\/wp\/v2\/categories?post=12098"},{"taxonomy":"post_tag","embeddable":true,"href":"https:\/\/ahorn-camp.de\/fr\/wp-json\/wp\/v2\/tags?post=12098"}],"curies":[{"name":"wp","href":"https:\/\/api.w.org\/{rel}","templated":true}]}}