{"id":11951,"date":"2021-05-31T11:28:15","date_gmt":"2021-05-31T09:28:15","guid":{"rendered":"https:\/\/ahorn-camp.de\/?p=11951"},"modified":"2024-02-19T15:14:46","modified_gmt":"2024-02-19T14:14:46","slug":"vacances-dete-2021","status":"publish","type":"post","link":"https:\/\/ahorn-camp.de\/fr\/sommerurlaub-2021\/","title":{"rendered":"Conseils pour vos vacances en camping-car"},"content":{"rendered":"<div class=\"wpb-content-wrapper\" id=\"wpb-content-root\"><div class=\"vc_row wpb_row vc_row-fluid\"><div class=\"wpb_column vc_column_container vc_col-sm-12\"><div class=\"vc_column-inner\"><div class=\"wpb_wrapper\">\n\t<div class=\"wpb_text_column wpb_content_element\" >\n\t\t<div class=\"wpb_wrapper\">\n\t\t\t<p><strong>Les incidences diminuent et de plus en plus de campings ouvrent leurs portes aux vacanciers. Non seulement la situation s'am\u00e9liore visiblement en Allemagne, mais la vie de camping a \u00e9galement repris ses droits dans nos pays voisins europ\u00e9ens depuis quelques semaines. C'est pourquoi nous aimerions vous donner, ainsi qu'\u00e0 vos lecteurs, quelques conseils pour vos vacances en camping \u00e0 l'\u00e9t\u00e9 2021. <\/strong><\/p>\n\n\t\t<\/div>\n\t<\/div>\n<\/div><\/div><\/div><div class=\"wpb_column vc_column_container vc_col-sm-6\"><div class=\"vc_column-inner\"><div class=\"wpb_wrapper\">\n\t<div  class=\"wpb_single_image wpb_content_element vc_align_left wpb_content_element\">\n\t\t\n\t\t<figure class=\"wpb_wrapper vc_figure\">\n\t\t\t<div class=\"vc_single_image-wrapper\"><img fetchpriority=\"high\" decoding=\"async\" width=\"2560\" height=\"1708\" src=\"https:\/\/ahorn-camp.de\/wp-content\/uploads\/2021\/05\/Ahorn-Camp-Van-620-4-scaled.jpg\" class=\"vc_single_image-img attachment-full\" alt=\"Van dans la nature\" title=\"Van 620\" srcset=\"https:\/\/ahorn-camp.de\/wp-content\/uploads\/2021\/05\/Ahorn-Camp-Van-620-4-scaled.jpg 2560w, https:\/\/ahorn-camp.de\/wp-content\/uploads\/2021\/05\/Ahorn-Camp-Van-620-4-300x200.jpg 300w, https:\/\/ahorn-camp.de\/wp-content\/uploads\/2021\/05\/Ahorn-Camp-Van-620-4-1024x683.jpg 1024w, https:\/\/ahorn-camp.de\/wp-content\/uploads\/2021\/05\/Ahorn-Camp-Van-620-4-768x512.jpg 768w, https:\/\/ahorn-camp.de\/wp-content\/uploads\/2021\/05\/Ahorn-Camp-Van-620-4-800x534.jpg 800w, https:\/\/ahorn-camp.de\/wp-content\/uploads\/2021\/05\/Ahorn-Camp-Van-620-4-1536x1025.jpg 1536w, https:\/\/ahorn-camp.de\/wp-content\/uploads\/2021\/05\/Ahorn-Camp-Van-620-4-2048x1366.jpg 2048w\" sizes=\"(max-width: 2560px) 100vw, 2560px\" \/><\/div>\n\t\t<\/figure>\n\t<\/div>\n<\/div><\/div><\/div><div class=\"wpb_column vc_column_container vc_col-sm-6\"><div class=\"vc_column-inner\"><div class=\"wpb_wrapper\"><h3 style=\"text-align: left\" class=\"vc_custom_heading vc_do_custom_heading\" >T\u00c9L\u00c9CHARGEMENTS<\/h3>\n\t<div class=\"wpb_text_column wpb_content_element\" >\n\t\t<div class=\"wpb_wrapper\">\n\t\t\t<p><a href=\"https:\/\/ahorn-camp.de\/wp-content\/uploads\/2021\/05\/Tipps-fuer-Ihren-Wohnmobilurlaub-2021.pdf\">Communiqu\u00e9 de presse | PDF<\/a><br \/>\n<a href=\"https:\/\/www.dropbox.com\/sh\/h0jgbhcahqnu76s\/AACB6ko6sgbn1xpcGXPvGbRfa?dl=0\">Mat\u00e9riel visuel | JPEG<\/a><\/p>\n\n\t\t<\/div>\n\t<\/div>\n<h3 style=\"text-align: left\" class=\"vc_custom_heading vc_do_custom_heading\" >CONTACT PRESSE<\/h3>\n\t<div class=\"wpb_text_column wpb_content_element\" >\n\t\t<div class=\"wpb_wrapper\">\n\t\t\t<p>Nina Lippert<br \/>\nnlippert@ahorn-camp.de<br \/>\nT\u00e9l : +49 (0) 6232 10028 145<\/p>\n\n\t\t<\/div>\n\t<\/div>\n<\/div><\/div><\/div><div class=\"wpb_column vc_column_container vc_col-sm-12\"><div class=\"vc_column-inner\"><div class=\"wpb_wrapper\">\n\t<div class=\"wpb_text_column wpb_content_element\" >\n\t\t<div class=\"wpb_wrapper\">\n\t\t\t<p>Forts de 30 ans d'exp\u00e9rience sur le march\u00e9, nous sommes sp\u00e9cialistes de la libert\u00e9 sur quatre roues et r\u00e9alisons chaque jour le r\u00eave de poss\u00e9der un camping-car pour nos clientes et clients sur 3 sites et chez 30 concessionnaires Renault dans toute l'Allemagne. Gr\u00e2ce \u00e0 notre syst\u00e8me de location Ahorn Rent, nous permettons aux personnes int\u00e9ress\u00e9es de louer leur mod\u00e8le pr\u00e9f\u00e9r\u00e9 chez 60 partenaires de location dans toute l'Allemagne et de tester ce sentiment de voyage particulier. Avec nos mod\u00e8les de vans, vous n'\u00eates pas seulement tr\u00e8s flexible et spontan\u00e9 en d\u00e9placement, mais la sensation de conduite avec notre ch\u00e2ssis Renault fiable est \u00e9galement unique. Le van 620 en particulier est la solution optimale entre le v\u00e9hicule du quotidien et le camping-car, offrant suffisamment d'espace pour un voyage confortable \u00e0 deux ou avec des enfants. Un conseil particulier pour l'\u00e9t\u00e9 2021 : la mer du Nord. Avec ses longues plages et ses dunes isol\u00e9es, le nord de l'Allemagne offre une s\u00e9rie d'attractions aux amateurs de camping. Que vous soyez amoureux de la nature, farniente ou amateur d'action, les nombreuses possibilit\u00e9s qu'offre la mer du Nord attirent des visiteurs de toute l'Europe. Pour \u00e9chapper \u00e0 l'agitation des h\u00f4tels et changer de lieu en toute flexibilit\u00e9, le camping-car est le compagnon id\u00e9al.<\/p>\n\n\t\t<\/div>\n\t<\/div>\n<\/div><\/div><\/div><\/div><div class=\"vc_row wpb_row vc_row-fluid\"><div class=\"wpb_column vc_column_container vc_col-sm-6\"><div class=\"vc_column-inner\"><div class=\"wpb_wrapper\">\n\t<div class=\"wpb_text_column wpb_content_element\" >\n\t\t<div class=\"wpb_wrapper\">\n\t\t\t<p>Gr\u00e2ce \u00e0 des lits jumeaux confortables \u00e0 l'arri\u00e8re, aucune transformation quotidienne n'est n\u00e9cessaire dans le camping-car 620. Seul l'autre lit simple, situ\u00e9 \u00e0 l'avant du camping-car, doit \u00eatre converti en couchage en quelques gestes simples \u00e0 partir de la d\u00eenette. Gr\u00e2ce aux nombreuses armoires et possibilit\u00e9s de rangement, le camping-car n'a rien \u00e0 envier \u00e0 un camping-car en termes d'espace, tout en offrant plus de possibilit\u00e9s de transport de bagages gr\u00e2ce \u00e0 son poids \u00e0 vide r\u00e9duit.<\/p>\n<p>Un autre point fort de votre liste cette ann\u00e9e devrait absolument \u00eatre la Toscane. Un paradis pour le camping autonome. Gr\u00e2ce aux nombreux emplacements, vous pouvez passer plusieurs jours avec le Van 620 sans avoir besoin de camping. Le r\u00e9servoir d'eau de 100 L, la cuisine enti\u00e8rement \u00e9quip\u00e9e et la salle d'eau spacieuse offrent tout ce dont vous avez besoin pour quelques jours ininterrompus. Si, malgr\u00e9 le r\u00e9frig\u00e9rateur \u00e0 compresseur de 70 L, vous devez partir acheter des produits frais, le Van est pr\u00eat \u00e0 partir \u00e0 tout moment. Les chaises de camping \u00e0 l'int\u00e9rieur, l'auvent rentr\u00e9 et c'est parti. La Toscane attire de nombreux amateurs de voyage, notamment sur le plan culinaire. Ici encore, de nombreuses tavernes, restaurants et boutiques de souvenirs ont rouvert leurs portes.<\/p>\n<p>Avec ses 6,20m, le van am\u00e9nag\u00e9 est si maniable que rien ne vous emp\u00eache de faire un city trip, m\u00eame dans les ruelles \u00e9troites. Mentionnons particuli\u00e8rement Milan, Zurich ou Lyon. Avec le van, vous arriverez sur place en quelques heures, pourrez passer la nuit en p\u00e9riph\u00e9rie et explorer les sites touristiques pendant la journ\u00e9e.<\/p>\n\n\t\t<\/div>\n\t<\/div>\n<\/div><\/div><\/div><div class=\"wpb_column vc_column_container vc_col-sm-6\"><div class=\"vc_column-inner\"><div class=\"wpb_wrapper\">\n\t<div  class=\"wpb_single_image wpb_content_element vc_align_left wpb_content_element\">\n\t\t\n\t\t<figure class=\"wpb_wrapper vc_figure\">\n\t\t\t<div class=\"vc_single_image-wrapper\"><img decoding=\"async\" width=\"1200\" height=\"960\" src=\"https:\/\/ahorn-camp.de\/wp-content\/uploads\/2021\/05\/Van-620.jpg\" class=\"vc_single_image-img attachment-full\" alt=\"Lits longitudinaux avec grande surface de couchage\" title=\"Van 620\" srcset=\"https:\/\/ahorn-camp.de\/wp-content\/uploads\/2021\/05\/Van-620.jpg 1200w, https:\/\/ahorn-camp.de\/wp-content\/uploads\/2021\/05\/Van-620-300x240.jpg 300w, https:\/\/ahorn-camp.de\/wp-content\/uploads\/2021\/05\/Van-620-1024x819.jpg 1024w, https:\/\/ahorn-camp.de\/wp-content\/uploads\/2021\/05\/Van-620-768x614.jpg 768w, https:\/\/ahorn-camp.de\/wp-content\/uploads\/2021\/05\/Van-620-750x600.jpg 750w, https:\/\/ahorn-camp.de\/wp-content\/uploads\/2021\/05\/Van-620-800x640.jpg 800w\" sizes=\"(max-width: 1200px) 100vw, 1200px\" \/><\/div>\n\t\t<\/figure>\n\t<\/div>\n<\/div><\/div><\/div><\/div><div class=\"vc_row wpb_row vc_row-fluid\"><div class=\"wpb_column vc_column_container vc_col-sm-12\"><div class=\"vc_column-inner\"><div class=\"wpb_wrapper\">\n\t<div class=\"wpb_text_column wpb_content_element\" >\n\t\t<div class=\"wpb_wrapper\">\n\t\t\t<p>Profitez de cet \u00e9t\u00e9 pour d\u00e9couvrir un peu mieux les plus beaux coins d&#x27;Europe. Que ce soit pour une escapade citadine, des vacances \u00e0 la plage ou une escapade dans la nature, le Ahorn Camp Van 620 est le compagnon id\u00e9al !<\/p>\n\n\t\t<\/div>\n\t<\/div>\n<\/div><\/div><\/div><\/div>\n<\/div>","protected":false},"excerpt":{"rendered":"<p>Non seulement en Allemagne, la situation s'am\u00e9liore de jour en jour, mais la vie en camping a \u00e9galement repris dans certains pays voisins depuis quelques semaines. Nous avons compil\u00e9 quelques conseils pour des vacances en camping avec le Van 620 \u00e0 l'\u00e9t\u00e9 2021. <\/p>","protected":false},"author":2,"featured_media":11967,"comment_status":"closed","ping_status":"closed","sticky":false,"template":"","format":"standard","meta":{"content-type":"","footnotes":""},"categories":[277],"tags":[],"class_list":["post-11951","post","type-post","status-publish","format-standard","has-post-thumbnail","hentry","category-pressemitteilungen"],"yoast_head":"<!-- This site is optimized with the Yoast SEO plugin v28.4 - https:\/\/yoast.com\/product\/yoast-seo-wordpress\/ -->\n<title>Tipps f\u00fcr Ihren Wohnmobilurlaub<\/title>\n<meta name=\"description\" content=\"Hier erf\u00e4hrst du praxisnahe Tipps und Tricks f\u00fcr den Reisemobilurlaub 2021 und den perfekten Sommer. Schauen Sie rein!\" \/>\n<meta name=\"robots\" content=\"index, follow, max-snippet:-1, max-image-preview:large, max-video-preview:-1\" \/>\n<link rel=\"canonical\" href=\"https:\/\/ahorn-camp.de\/fr\/vacances-dete-2021\/\" \/>\n<meta property=\"og:locale\" content=\"fr_FR\" \/>\n<meta property=\"og:type\" content=\"article\" \/>\n<meta property=\"og:title\" content=\"Tipps f\u00fcr Ihren Wohnmobilurlaub\" \/>\n<meta property=\"og:description\" content=\"Hier erf\u00e4hrst du praxisnahe Tipps und Tricks f\u00fcr den Reisemobilurlaub 2021 und den perfekten Sommer. Schauen Sie rein!\" \/>\n<meta property=\"og:url\" content=\"https:\/\/ahorn-camp.de\/fr\/vacances-dete-2021\/\" \/>\n<meta property=\"og:site_name\" content=\"Ahorn Camp | Reisemobile und Kastenwagen\" \/>\n<meta property=\"article:publisher\" content=\"https:\/\/www.facebook.com\/ahorn.wohnmobile\/\" \/>\n<meta property=\"article:published_time\" content=\"2021-05-31T09:28:15+00:00\" \/>\n<meta property=\"article:modified_time\" content=\"2024-02-19T14:14:46+00:00\" \/>\n<meta property=\"og:image\" content=\"https:\/\/ahorn-camp.de\/wp-content\/uploads\/2021\/05\/Van-620-1.jpg\" \/>\n\t<meta property=\"og:image:width\" content=\"1200\" \/>\n\t<meta property=\"og:image:height\" content=\"676\" \/>\n\t<meta property=\"og:image:type\" content=\"image\/jpeg\" \/>\n<meta name=\"author\" content=\"ahorn_admin\" \/>\n<meta name=\"twitter:card\" content=\"summary_large_image\" \/>\n<meta name=\"twitter:label1\" content=\"\u00c9crit par\" \/>\n\t<meta name=\"twitter:data1\" content=\"ahorn_admin\" \/>\n\t<meta name=\"twitter:label2\" content=\"Dur\u00e9e de lecture estim\u00e9e\" \/>\n\t<meta name=\"twitter:data2\" content=\"4 minutes\" \/>\n<script type=\"application\/ld+json\" class=\"yoast-schema-graph\">{\"@context\":\"https:\\\/\\\/schema.org\",\"@graph\":[{\"@type\":\"Article\",\"@id\":\"https:\\\/\\\/ahorn-camp.de\\\/sommerurlaub-2021\\\/#article\",\"isPartOf\":{\"@id\":\"https:\\\/\\\/ahorn-camp.de\\\/sommerurlaub-2021\\\/\"},\"author\":{\"name\":\"ahorn_admin\",\"@id\":\"https:\\\/\\\/ahorn-camp.de\\\/#\\\/schema\\\/person\\\/9b60761ba82d5cb8e6db215a88925044\"},\"headline\":\"Tipps f\u00fcr Ihren Wohnmobilurlaub\",\"datePublished\":\"2021-05-31T09:28:15+00:00\",\"dateModified\":\"2024-02-19T14:14:46+00:00\",\"mainEntityOfPage\":{\"@id\":\"https:\\\/\\\/ahorn-camp.de\\\/sommerurlaub-2021\\\/\"},\"wordCount\":658,\"publisher\":{\"@id\":\"https:\\\/\\\/ahorn-camp.de\\\/#organization\"},\"image\":{\"@id\":\"https:\\\/\\\/ahorn-camp.de\\\/sommerurlaub-2021\\\/#primaryimage\"},\"thumbnailUrl\":\"https:\\\/\\\/ahorn-camp.de\\\/wp-content\\\/uploads\\\/2021\\\/05\\\/Van-620-1.jpg\",\"articleSection\":[\"Pressemitteilungen\"],\"inLanguage\":\"fr-FR\"},{\"@type\":\"WebPage\",\"@id\":\"https:\\\/\\\/ahorn-camp.de\\\/sommerurlaub-2021\\\/\",\"url\":\"https:\\\/\\\/ahorn-camp.de\\\/sommerurlaub-2021\\\/\",\"name\":\"Tipps f\u00fcr Ihren Wohnmobilurlaub\",\"isPartOf\":{\"@id\":\"https:\\\/\\\/ahorn-camp.de\\\/#website\"},\"primaryImageOfPage\":{\"@id\":\"https:\\\/\\\/ahorn-camp.de\\\/sommerurlaub-2021\\\/#primaryimage\"},\"image\":{\"@id\":\"https:\\\/\\\/ahorn-camp.de\\\/sommerurlaub-2021\\\/#primaryimage\"},\"thumbnailUrl\":\"https:\\\/\\\/ahorn-camp.de\\\/wp-content\\\/uploads\\\/2021\\\/05\\\/Van-620-1.jpg\",\"datePublished\":\"2021-05-31T09:28:15+00:00\",\"dateModified\":\"2024-02-19T14:14:46+00:00\",\"description\":\"Hier erf\u00e4hrst du praxisnahe Tipps und Tricks f\u00fcr den Reisemobilurlaub 2021 und den perfekten Sommer. Schauen Sie rein!\",\"breadcrumb\":{\"@id\":\"https:\\\/\\\/ahorn-camp.de\\\/sommerurlaub-2021\\\/#breadcrumb\"},\"inLanguage\":\"fr-FR\",\"potentialAction\":[{\"@type\":\"ReadAction\",\"target\":[\"https:\\\/\\\/ahorn-camp.de\\\/sommerurlaub-2021\\\/\"]}]},{\"@type\":\"ImageObject\",\"inLanguage\":\"fr-FR\",\"@id\":\"https:\\\/\\\/ahorn-camp.de\\\/sommerurlaub-2021\\\/#primaryimage\",\"url\":\"https:\\\/\\\/ahorn-camp.de\\\/wp-content\\\/uploads\\\/2021\\\/05\\\/Van-620-1.jpg\",\"contentUrl\":\"https:\\\/\\\/ahorn-camp.de\\\/wp-content\\\/uploads\\\/2021\\\/05\\\/Van-620-1.jpg\",\"width\":1200,\"height\":676},{\"@type\":\"BreadcrumbList\",\"@id\":\"https:\\\/\\\/ahorn-camp.de\\\/sommerurlaub-2021\\\/#breadcrumb\",\"itemListElement\":[{\"@type\":\"ListItem\",\"position\":1,\"name\":\"Startseite\",\"item\":\"https:\\\/\\\/ahorn-camp.de\\\/\"},{\"@type\":\"ListItem\",\"position\":2,\"name\":\"Tipps f\u00fcr Ihren Wohnmobilurlaub\"}]},{\"@type\":\"WebSite\",\"@id\":\"https:\\\/\\\/ahorn-camp.de\\\/#website\",\"url\":\"https:\\\/\\\/ahorn-camp.de\\\/\",\"name\":\"Ahorn Camp | Reisemobile und Kastenwagen\",\"description\":\"Seit \u00fcber 30 Jahren vermarktet das Familienunternehmen, Ahorn Camp in Speyer, erfolgreich Wohnmobile und Kastenwagen zum besten Preis-Leistungsverh\u00e4ltnis.\",\"publisher\":{\"@id\":\"https:\\\/\\\/ahorn-camp.de\\\/#organization\"},\"potentialAction\":[{\"@type\":\"SearchAction\",\"target\":{\"@type\":\"EntryPoint\",\"urlTemplate\":\"https:\\\/\\\/ahorn-camp.de\\\/?s={search_term_string}\"},\"query-input\":{\"@type\":\"PropertyValueSpecification\",\"valueRequired\":true,\"valueName\":\"search_term_string\"}}],\"inLanguage\":\"fr-FR\"},{\"@type\":\"Organization\",\"@id\":\"https:\\\/\\\/ahorn-camp.de\\\/#organization\",\"name\":\"Ahorn Camp GmbH & Co. KG\",\"url\":\"https:\\\/\\\/ahorn-camp.de\\\/\",\"logo\":{\"@type\":\"ImageObject\",\"inLanguage\":\"fr-FR\",\"@id\":\"https:\\\/\\\/ahorn-camp.de\\\/#\\\/schema\\\/logo\\\/image\\\/\",\"url\":\"https:\\\/\\\/ahorn-camp.de\\\/wp-content\\\/uploads\\\/2018\\\/12\\\/Ahorn_Logo.jpg\",\"contentUrl\":\"https:\\\/\\\/ahorn-camp.de\\\/wp-content\\\/uploads\\\/2018\\\/12\\\/Ahorn_Logo.jpg\",\"width\":1437,\"height\":1000,\"caption\":\"Ahorn Camp GmbH & Co. KG\"},\"image\":{\"@id\":\"https:\\\/\\\/ahorn-camp.de\\\/#\\\/schema\\\/logo\\\/image\\\/\"},\"sameAs\":[\"https:\\\/\\\/www.facebook.com\\\/ahorn.wohnmobile\\\/\",\"https:\\\/\\\/www.instagram.com\\\/ahorn.camp\\\/\",\"https:\\\/\\\/www.youtube.com\\\/channel\\\/UCPFbPCts1JJ_A1k9vyH0yOQ\"]},{\"@type\":\"Person\",\"@id\":\"https:\\\/\\\/ahorn-camp.de\\\/#\\\/schema\\\/person\\\/9b60761ba82d5cb8e6db215a88925044\",\"name\":\"ahorn_admin\",\"image\":{\"@type\":\"ImageObject\",\"inLanguage\":\"fr-FR\",\"@id\":\"https:\\\/\\\/secure.gravatar.com\\\/avatar\\\/d96b9a078083b0c14cee48589feadd939c3cdd66547e2f3f1569470371daaaa5?s=96&d=mm&r=g\",\"url\":\"https:\\\/\\\/secure.gravatar.com\\\/avatar\\\/d96b9a078083b0c14cee48589feadd939c3cdd66547e2f3f1569470371daaaa5?s=96&d=mm&r=g\",\"contentUrl\":\"https:\\\/\\\/secure.gravatar.com\\\/avatar\\\/d96b9a078083b0c14cee48589feadd939c3cdd66547e2f3f1569470371daaaa5?s=96&d=mm&r=g\",\"caption\":\"ahorn_admin\"},\"sameAs\":[\"http:\\\/\\\/Ahorn%20Camp\"],\"url\":\"https:\\\/\\\/ahorn-camp.de\\\/fr\\\/author\\\/ahorn_admin\\\/\"}]}<\/script>\n<!-- \/ Yoast SEO plugin. -->","yoast_head_json":{"title":"Conseils pour vos vacances en camping-car","description":"Vous y trouverez des conseils et astuces pratiques pour vos vacances en camping-car en 2021 et un \u00e9t\u00e9 parfait. Jetez-y un coup d'\u0153il !","robots":{"index":"index","follow":"follow","max-snippet":"max-snippet:-1","max-image-preview":"max-image-preview:large","max-video-preview":"max-video-preview:-1"},"canonical":"https:\/\/ahorn-camp.de\/fr\/vacances-dete-2021\/","og_locale":"fr_FR","og_type":"article","og_title":"Tipps f\u00fcr Ihren Wohnmobilurlaub","og_description":"Hier erf\u00e4hrst du praxisnahe Tipps und Tricks f\u00fcr den Reisemobilurlaub 2021 und den perfekten Sommer. Schauen Sie rein!","og_url":"https:\/\/ahorn-camp.de\/fr\/vacances-dete-2021\/","og_site_name":"Ahorn Camp | Reisemobile und Kastenwagen","article_publisher":"https:\/\/www.facebook.com\/ahorn.wohnmobile\/","article_published_time":"2021-05-31T09:28:15+00:00","article_modified_time":"2024-02-19T14:14:46+00:00","og_image":[{"width":1200,"height":676,"url":"https:\/\/ahorn-camp.de\/wp-content\/uploads\/2021\/05\/Van-620-1.jpg","type":"image\/jpeg"}],"author":"ahorn_admin","twitter_card":"summary_large_image","twitter_misc":{"\u00c9crit par":"ahorn_admin","Dur\u00e9e de lecture estim\u00e9e":"4 minutes"},"schema":{"@context":"https:\/\/schema.org","@graph":[{"@type":"Article","@id":"https:\/\/ahorn-camp.de\/sommerurlaub-2021\/#article","isPartOf":{"@id":"https:\/\/ahorn-camp.de\/sommerurlaub-2021\/"},"author":{"name":"ahorn_admin","@id":"https:\/\/ahorn-camp.de\/#\/schema\/person\/9b60761ba82d5cb8e6db215a88925044"},"headline":"Tipps f\u00fcr Ihren Wohnmobilurlaub","datePublished":"2021-05-31T09:28:15+00:00","dateModified":"2024-02-19T14:14:46+00:00","mainEntityOfPage":{"@id":"https:\/\/ahorn-camp.de\/sommerurlaub-2021\/"},"wordCount":658,"publisher":{"@id":"https:\/\/ahorn-camp.de\/#organization"},"image":{"@id":"https:\/\/ahorn-camp.de\/sommerurlaub-2021\/#primaryimage"},"thumbnailUrl":"https:\/\/ahorn-camp.de\/wp-content\/uploads\/2021\/05\/Van-620-1.jpg","articleSection":["Pressemitteilungen"],"inLanguage":"fr-FR"},{"@type":"WebPage","@id":"https:\/\/ahorn-camp.de\/sommerurlaub-2021\/","url":"https:\/\/ahorn-camp.de\/sommerurlaub-2021\/","name":"Conseils pour vos vacances en camping-car","isPartOf":{"@id":"https:\/\/ahorn-camp.de\/#website"},"primaryImageOfPage":{"@id":"https:\/\/ahorn-camp.de\/sommerurlaub-2021\/#primaryimage"},"image":{"@id":"https:\/\/ahorn-camp.de\/sommerurlaub-2021\/#primaryimage"},"thumbnailUrl":"https:\/\/ahorn-camp.de\/wp-content\/uploads\/2021\/05\/Van-620-1.jpg","datePublished":"2021-05-31T09:28:15+00:00","dateModified":"2024-02-19T14:14:46+00:00","description":"Vous y trouverez des conseils et astuces pratiques pour vos vacances en camping-car en 2021 et un \u00e9t\u00e9 parfait. Jetez-y un coup d'\u0153il !","breadcrumb":{"@id":"https:\/\/ahorn-camp.de\/sommerurlaub-2021\/#breadcrumb"},"inLanguage":"fr-FR","potentialAction":[{"@type":"ReadAction","target":["https:\/\/ahorn-camp.de\/sommerurlaub-2021\/"]}]},{"@type":"ImageObject","inLanguage":"fr-FR","@id":"https:\/\/ahorn-camp.de\/sommerurlaub-2021\/#primaryimage","url":"https:\/\/ahorn-camp.de\/wp-content\/uploads\/2021\/05\/Van-620-1.jpg","contentUrl":"https:\/\/ahorn-camp.de\/wp-content\/uploads\/2021\/05\/Van-620-1.jpg","width":1200,"height":676},{"@type":"BreadcrumbList","@id":"https:\/\/ahorn-camp.de\/sommerurlaub-2021\/#breadcrumb","itemListElement":[{"@type":"ListItem","position":1,"name":"Startseite","item":"https:\/\/ahorn-camp.de\/"},{"@type":"ListItem","position":2,"name":"Tipps f\u00fcr Ihren Wohnmobilurlaub"}]},{"@type":"WebSite","@id":"https:\/\/ahorn-camp.de\/#website","url":"https:\/\/ahorn-camp.de\/","name":"Ahorn Camp | Camping-cars et fourgons am\u00e9nag\u00e9s","description":"Depuis plus de 30 ans, l'entreprise familiale, Ahorn Camp \u00e0 Speyer, commercialise avec succ\u00e8s des camping-cars et des fourgons au meilleur rapport qualit\u00e9-prix.","publisher":{"@id":"https:\/\/ahorn-camp.de\/#organization"},"potentialAction":[{"@type":"SearchAction","target":{"@type":"EntryPoint","urlTemplate":"https:\/\/ahorn-camp.de\/?s={search_term_string}"},"query-input":{"@type":"PropertyValueSpecification","valueRequired":true,"valueName":"search_term_string"}}],"inLanguage":"fr-FR"},{"@type":"Organization","@id":"https:\/\/ahorn-camp.de\/#organization","name":"Ahorn Camp GmbH &amp; Co. KG","url":"https:\/\/ahorn-camp.de\/","logo":{"@type":"ImageObject","inLanguage":"fr-FR","@id":"https:\/\/ahorn-camp.de\/#\/schema\/logo\/image\/","url":"https:\/\/ahorn-camp.de\/wp-content\/uploads\/2018\/12\/Ahorn_Logo.jpg","contentUrl":"https:\/\/ahorn-camp.de\/wp-content\/uploads\/2018\/12\/Ahorn_Logo.jpg","width":1437,"height":1000,"caption":"Ahorn Camp GmbH & Co. KG"},"image":{"@id":"https:\/\/ahorn-camp.de\/#\/schema\/logo\/image\/"},"sameAs":["https:\/\/www.facebook.com\/ahorn.wohnmobile\/","https:\/\/www.instagram.com\/ahorn.camp\/","https:\/\/www.youtube.com\/channel\/UCPFbPCts1JJ_A1k9vyH0yOQ"]},{"@type":"Person","@id":"https:\/\/ahorn-camp.de\/#\/schema\/person\/9b60761ba82d5cb8e6db215a88925044","name":"ahorn_admin","image":{"@type":"ImageObject","inLanguage":"fr-FR","@id":"https:\/\/secure.gravatar.com\/avatar\/d96b9a078083b0c14cee48589feadd939c3cdd66547e2f3f1569470371daaaa5?s=96&d=mm&r=g","url":"https:\/\/secure.gravatar.com\/avatar\/d96b9a078083b0c14cee48589feadd939c3cdd66547e2f3f1569470371daaaa5?s=96&d=mm&r=g","contentUrl":"https:\/\/secure.gravatar.com\/avatar\/d96b9a078083b0c14cee48589feadd939c3cdd66547e2f3f1569470371daaaa5?s=96&d=mm&r=g","caption":"ahorn_admin"},"sameAs":["http:\/\/Ahorn%20Camp"],"url":"https:\/\/ahorn-camp.de\/fr\/author\/ahorn_admin\/"}]}},"_links":{"self":[{"href":"https:\/\/ahorn-camp.de\/fr\/wp-json\/wp\/v2\/posts\/11951","targetHints":{"allow":["GET"]}}],"collection":[{"href":"https:\/\/ahorn-camp.de\/fr\/wp-json\/wp\/v2\/posts"}],"about":[{"href":"https:\/\/ahorn-camp.de\/fr\/wp-json\/wp\/v2\/types\/post"}],"author":[{"embeddable":true,"href":"https:\/\/ahorn-camp.de\/fr\/wp-json\/wp\/v2\/users\/2"}],"replies":[{"embeddable":true,"href":"https:\/\/ahorn-camp.de\/fr\/wp-json\/wp\/v2\/comments?post=11951"}],"version-history":[{"count":0,"href":"https:\/\/ahorn-camp.de\/fr\/wp-json\/wp\/v2\/posts\/11951\/revisions"}],"wp:featuredmedia":[{"embeddable":true,"href":"https:\/\/ahorn-camp.de\/fr\/wp-json\/wp\/v2\/media\/11967"}],"wp:attachment":[{"href":"https:\/\/ahorn-camp.de\/fr\/wp-json\/wp\/v2\/media?parent=11951"}],"wp:term":[{"taxonomy":"category","embeddable":true,"href":"https:\/\/ahorn-camp.de\/fr\/wp-json\/wp\/v2\/categories?post=11951"},{"taxonomy":"post_tag","embeddable":true,"href":"https:\/\/ahorn-camp.de\/fr\/wp-json\/wp\/v2\/tags?post=11951"}],"curies":[{"name":"wp","href":"https:\/\/api.w.org\/{rel}","templated":true}]}}