{"id":8806,"date":"2020-10-16T17:07:34","date_gmt":"2020-10-16T15:07:34","guid":{"rendered":"https:\/\/ahorn-camp.de\/?p=8806"},"modified":"2022-04-25T12:25:18","modified_gmt":"2022-04-25T10:25:18","slug":"autocaravana-preparada-para-el-invierno","status":"publish","type":"post","link":"https:\/\/ahorn-camp.de\/es\/wohnmobil-winterfest\/","title":{"rendered":"C\u00f3mo preparar su autocaravana para el invierno"},"content":{"rendered":"<div class=\"wpb-content-wrapper\"><div class=\"vc_row wpb_row vc_row-fluid\"><div class=\"wpb_column vc_column_container vc_col-sm-12\"><div class=\"vc_column-inner\"><div class=\"wpb_wrapper\">\n\t<div  class=\"wpb_single_image wpb_content_element vc_align_left wpb_content_element\">\n\t\t\n\t\t<figure class=\"wpb_wrapper vc_figure\">\n\t\t\t<div class=\"vc_single_image-wrapper   vc_box_border_grey\"><img fetchpriority=\"high\" decoding=\"async\" width=\"1024\" height=\"682\" src=\"https:\/\/ahorn-camp.de\/wp-content\/uploads\/2020\/10\/AhornCamp_Switzerland3-1024x682.jpg\" class=\"vc_single_image-img attachment-large\" alt=\"Suiza en invierno\" title=\"AhornCamp_Suiza3\" srcset=\"https:\/\/ahorn-camp.de\/wp-content\/uploads\/2020\/10\/AhornCamp_Switzerland3-1024x682.jpg 1024w, https:\/\/ahorn-camp.de\/wp-content\/uploads\/2020\/10\/AhornCamp_Switzerland3-300x200.jpg 300w, https:\/\/ahorn-camp.de\/wp-content\/uploads\/2020\/10\/AhornCamp_Switzerland3-768x511.jpg 768w, https:\/\/ahorn-camp.de\/wp-content\/uploads\/2020\/10\/AhornCamp_Switzerland3-800x533.jpg 800w, https:\/\/ahorn-camp.de\/wp-content\/uploads\/2020\/10\/AhornCamp_Switzerland3.jpg 1200w\" sizes=\"(max-width: 1024px) 100vw, 1024px\" \/><\/div>\n\t\t<\/figure>\n\t<\/div>\n\n\t<div class=\"wpb_text_column wpb_content_element\" >\n\t\t<div class=\"wpb_wrapper\">\n\t\t\t<p>El invierno est\u00e1 a la vuelta de la esquina. Esto presenta dos posibilidades para todos los amantes del camping.<\/p>\n<ol>\n<li>Comienzas la temporada de campamento de invierno con hermosos paisajes nevados, d\u00edas acogedores y campamentos vac\u00edos.<\/li>\n<li>Usted y su autocaravana se van a dormir el muy merecido invierno. Usted prepara su autocaravana para el invierno.<\/li>\n<\/ol>\n\n\t\t<\/div>\n\t<\/div>\n<div class=\"vc_row wpb_row vc_inner vc_row-fluid\"><div class=\"wpb_column vc_column_container vc_col-sm-12\"><div class=\"vc_column-inner\"><div class=\"wpb_wrapper\">\n\t<div class=\"wpb_text_column wpb_content_element\" >\n\t\t<div class=\"wpb_wrapper\">\n\t\t\t<p>Para que su caravana supere bien y de forma seca los fr\u00edos meses de invierno, hemos recopilado los mejores consejos para usted. As\u00ed es como prepara su autocaravana para el invierno en 15 pasos \u2013 ahora <a href=\"https:\/\/ahorn-camp.de\/wp-content\/uploads\/2020\/10\/15-Schritte-fuer-ein-winterfestes-Wohnmobil.pdf\">Lista de verificaci\u00f3n<\/a> descargar e imprimir.<\/p>\n<hr \/>\n\n\t\t<\/div>\n\t<\/div>\n<\/div><\/div><\/div><\/div><div class=\"vc_row wpb_row vc_inner vc_row-fluid\"><div class=\"wpb_column vc_column_container vc_col-sm-12\"><div class=\"vc_column-inner\"><div class=\"wpb_wrapper\">\n\t<div class=\"wpb_text_column wpb_content_element\" >\n\t\t<div class=\"wpb_wrapper\">\n\t\t\t<p>Al <strong>Acondicionar para el invierno<\/strong> Tu autocaravana se trata principalmente de, <strong>Da\u00f1os por heladas<\/strong> para prevenir y <strong>Humedad<\/strong> para evitar. La protecci\u00f3n de la <strong>El\u00e9ctrico<\/strong> juega aqu\u00ed, por supuesto, un papel importante.<\/p>\n<p>Busque, si es posible, un lugar seco y cubierto <strong>Estacionamiento de invierno<\/strong>. Aqu\u00ed su autocaravana est\u00e1 protegida de cualquier inclemencia del tiempo. Si no dispone de un cobertizo, tambi\u00e9n puede envolver su autocaravana con una lona grande. Es importante que \u00e9sta sea transpirable. De lo contrario, el aire no podr\u00e1 circular correctamente y se acumular\u00e1 humedad.<\/p>\n\n\t\t<\/div>\n\t<\/div>\n<\/div><\/div><\/div><\/div><\/div><\/div><\/div><\/div><div class=\"vc_row wpb_row vc_row-fluid\"><div class=\"wpb_column vc_column_container vc_col-sm-6\"><div class=\"vc_column-inner\"><div class=\"wpb_wrapper\">\n\t<div  class=\"wpb_single_image wpb_content_element vc_align_left wpb_content_element\">\n\t\t\n\t\t<figure class=\"wpb_wrapper vc_figure\">\n\t\t\t<div class=\"vc_single_image-wrapper   vc_box_border_grey\"><img decoding=\"async\" width=\"819\" height=\"1024\" src=\"https:\/\/ahorn-camp.de\/wp-content\/uploads\/2020\/10\/Wohnmobil_winterfest-819x1024.jpg\" class=\"vc_single_image-img attachment-large\" alt=\"Autocaravana en invierno\" title=\"Autocaravana_invernada\" srcset=\"https:\/\/ahorn-camp.de\/wp-content\/uploads\/2020\/10\/Wohnmobil_winterfest-819x1024.jpg 819w, https:\/\/ahorn-camp.de\/wp-content\/uploads\/2020\/10\/Wohnmobil_winterfest-240x300.jpg 240w, https:\/\/ahorn-camp.de\/wp-content\/uploads\/2020\/10\/Wohnmobil_winterfest-768x960.jpg 768w, https:\/\/ahorn-camp.de\/wp-content\/uploads\/2020\/10\/Wohnmobil_winterfest-480x600.jpg 480w, https:\/\/ahorn-camp.de\/wp-content\/uploads\/2020\/10\/Wohnmobil_winterfest-800x1000.jpg 800w, https:\/\/ahorn-camp.de\/wp-content\/uploads\/2020\/10\/Wohnmobil_winterfest.jpg 1200w\" sizes=\"(max-width: 819px) 100vw, 819px\" \/><\/div>\n\t\t<\/figure>\n\t<\/div>\n<\/div><\/div><\/div><div class=\"wpb_column vc_column_container vc_col-sm-6\"><div class=\"vc_column-inner\"><div class=\"wpb_wrapper\"><h3 style=\"text-align: left\" class=\"vc_custom_heading vc_do_custom_heading\" >En el veh\u00edculo<\/h3>\n\t<div class=\"wpb_text_column wpb_content_element\" >\n\t\t<div class=\"wpb_wrapper\">\n\t\t\t<p>Antes de la hibernaci\u00f3n prolongada, debe limpiar a fondo su autocaravana por fuera <strong>limpiar<\/strong>. El cuidado de la pintura se realiza mejor con una cera o un pulimento. Los peque\u00f1os da\u00f1os en la pintura se pueden reparar r\u00e1pidamente con un l\u00e1piz de retoque. Tampoco debe olvidar limpiar los bajos del coche. Las juntas de las puertas y <span class=\"vm-hook-outer vm-hook-default\"><span class=\"vm-hook\">Ventanas<\/span><\/span>\u00a0est\u00e1n contentos con un cuidado de goma.<\/p>\n<p>Dado que su tanque de combustible es de pl\u00e1stico como conductor Ahorn Camp, no se oxidar\u00e1. Por lo tanto, con su tanque de combustible usted <strong>ninguna precauci\u00f3n especial<\/strong> para el invierno.<\/p>\n<p>Desmontar las bater\u00edas \u2013 mantener libres de heladas \u2013 o equipar con un cargador de mantenimiento, pero apagando el Poverlink (unidad de control)<\/p>\n<p>Aseg\u00farese de que no queden restos de agua en el <strong>Tanques de agua<\/strong> se encuentra. Estos incluyen el tanque del inodoro, el tanque de aguas residuales y el tanque de agua dulce. Peque\u00f1o consejo: En el calentador de agua, el cabezal de la ducha y las bombas, suele quedar un peque\u00f1o resto, \u00a1as\u00ed que no los olvide! Para sacar el agua de la cisterna del inodoro, encienda la bomba de agua durante unos 30 segundos y vac\u00ede la cisterna varias veces.<strong> Grifos<\/strong> deben estar abiertos y en posici\u00f3n central. Esto asegura que el interior del accesorio no sufra da\u00f1os si las gotas de agua se congelan. Lo ideal es purgar todos los grifos y la ducha con aire. Un compresor de baja presi\u00f3n es lo m\u00e1s \u00fatil aqu\u00ed. Alternativamente, tambi\u00e9n se puede usar una bomba de aire.<\/p>\n<p>La helada tambi\u00e9n puede afectar a los limpiaparabrisas. Por eso, por favor, separe los limpiaparabrisas del parabrisas y trate las juntas adicionalmente con un <strong>Anticongelante<\/strong>.<\/p>\n\n\t\t<\/div>\n\t<\/div>\n<\/div><\/div><\/div><\/div><div class=\"vc_row wpb_row vc_row-fluid\"><div class=\"wpb_column vc_column_container vc_col-sm-12\"><div class=\"vc_column-inner\"><div class=\"wpb_wrapper\">\n\t<div class=\"wpb_text_column wpb_content_element\" >\n\t\t<div class=\"wpb_wrapper\">\n\t\t\t<p>Para aliviar la carga de los neum\u00e1ticos durante su pausa invernal, aumente la <strong>presi\u00f3n de los neum\u00e1ticos<\/strong> mejor a 0,5 bar o levante su autocaravana con caballetes. Para evitar que las pastillas de freno se oxiden, suelte el freno de mano y ponga la primera marcha.<\/p>\n<p>Su <strong>Bater\u00eda de a bordo<\/strong> debe cargarse completamente en 24 horas. Si esto no es posible, retire las bater\u00edas completamente cargadas y gu\u00e1rdelas en un lugar protegido y libre de heladas. Su <strong>Botellas de gas<\/strong> se cierran y se desconectan, para que no pueda escapar gas de las tuber\u00edas.<\/p>\n\n\t\t<\/div>\n\t<\/div>\n<h3 style=\"text-align: left\" class=\"vc_custom_heading vc_do_custom_heading\" >En el interior<\/h3>\n\t<div class=\"wpb_text_column wpb_content_element\" >\n\t\t<div class=\"wpb_wrapper\">\n\t\t\t<p>Limpia todo <strong>Armarios<\/strong> y superficies y, en el mejor de los casos, deje las puertas de los gabinetes abiertas. Retire todo <strong>Alimentos<\/strong> del veh\u00edculo para que nada se pueda mojar. Descongela el <strong>refrigerador<\/strong> y el congelador completamente. Para estar seguro, vale la pena <strong>Cobertura de invierno<\/strong> para colocar en el refrigerador y la calefacci\u00f3n. Con una cubierta de invierno, que se sujeta en el exterior de la rejilla de ventilaci\u00f3n, la unidad se protege contra el aire demasiado fr\u00edo.<\/p>\n<p>Muere <strong>tapicero<\/strong> y <strong>Colchones<\/strong> deben almacenarse por separado y en seco para evitar moho o manchas.<\/p>\n\n\t\t<\/div>\n\t<\/div>\n<\/div><\/div><\/div><\/div><div class=\"vc_row wpb_row vc_row-fluid\"><div class=\"wpb_column vc_column_container vc_col-sm-12\"><div class=\"vc_column-inner\"><div class=\"wpb_wrapper\"><h3 style=\"text-align: left\" class=\"vc_custom_heading vc_do_custom_heading\" >Cada cuatro a ocho semanas:<\/h3>\n\t<div class=\"wpb_text_column wpb_content_element\" >\n\t\t<div class=\"wpb_wrapper\">\n\t\t\t<ul>\n<li>Mover la autocaravana para evitar cargas puntuales en los neum\u00e1ticos<\/li>\n<li>Ventilar la autocaravana, preferiblemente en un d\u00eda seco y soleado<\/li>\n<li>Cargar la bater\u00eda<\/li>\n<\/ul>\n<p>&nbsp;<\/p>\n<p>Si sigue nuestros consejos, puede estar seguro de que su autocaravana est\u00e1 preparada para el invierno y superar\u00e1 bien la estaci\u00f3n fr\u00eda. Esto le ahorrar\u00e1 mucho trabajo y molestias en primavera. Cuanto antes pueda volver a viajar con los primeros rayos de sol, y se pueda dar la bienvenida a la nueva temporada. <a style=\"font-family: 'Open Sans', sans-serif, Arial; background-color: #ffffff;\" href=\"https:\/\/ahorn-camp.de\/es\/ahorn-reisemobile\/\" target=\"_blank\" rel=\"noopener noreferrer\">Aqu\u00ed encontrar\u00e1 una descripci\u00f3n general de nuestros modelos.<\/a><\/p>\n\n\t\t<\/div>\n\t<\/div>\n<\/div><\/div><\/div><\/div><div data-vc-full-width=\"true\" data-vc-full-width-temp=\"true\" data-vc-full-width-init=\"false\" class=\"vc_row wpb_row vc_row-fluid vc_custom_1603098539486 vc_row-has-fill vc_column-gap-30\"><div class=\"wpb_column vc_column_container vc_col-sm-4\"><div class=\"vc_column-inner\"><div class=\"wpb_wrapper\"><div class=\"vc_row wpb_row vc_inner vc_row-fluid\"><div class=\"wpb_column vc_column_container vc_col-sm-12\"><div class=\"vc_column-inner\"><div class=\"wpb_wrapper\"><\/div><\/div><\/div><\/div><\/div><\/div><\/div><div class=\"wpb_column vc_column_container vc_col-sm-4\"><div class=\"vc_column-inner\"><div class=\"wpb_wrapper\"><div class=\"vc_btn3-container vc_btn3-inline vc_do_btn\" ><a class=\"vc_general vc_btn3 vc_btn3-size-lg vc_btn3-shape-rounded vc_btn3-style-modern vc_btn3-color-peacoc\" href=\"https:\/\/www.ahorn-camp.de\/wp-content\/uploads\/2020\/10\/15-Schritte-fuer-ein-winterfestes-Wohnmobil.pdf\" title=\"Lista de verificaci\u00f3n: C\u00f3mo preparar su autocaravana para el invierno en 15 pasos\" target=\"_blank\">Descargar lista de verificaci\u00f3n<\/a><\/div><\/div><\/div><\/div><div class=\"wpb_column vc_column_container vc_col-sm-4\"><div class=\"vc_column-inner\"><div class=\"wpb_wrapper\"><\/div><\/div><\/div><\/div><div class=\"vc_row-full-width vc_clearfix\"><\/div>\n<\/div>","protected":false},"excerpt":{"rendered":"<p>El invierno est\u00e1 a la vuelta de la esquina. Los d\u00edas se vuelven m\u00e1s fr\u00edos y largos. Te contamos los consejos y trucos m\u00e1s importantes para que tu autocaravana est\u00e9 lista para el invierno y tu \"favorita\" supere el sue\u00f1o invernal sin da\u00f1os. <\/p>","protected":false},"author":2,"featured_media":9041,"comment_status":"closed","ping_status":"open","sticky":false,"template":"","format":"standard","meta":{"content-type":"","footnotes":""},"categories":[208],"tags":[],"class_list":["post-8806","post","type-post","status-publish","format-standard","has-post-thumbnail","hentry","category-blog"],"yoast_head":"<!-- This site is optimized with the Yoast SEO plugin v27.4 - https:\/\/yoast.com\/product\/yoast-seo-wordpress\/ -->\n<title>So machen Sie Ihr Wohnmobil winterfest- Blog - Ahorn Camp<\/title>\n<meta name=\"description\" content=\"Der Winter steht vor der T\u00fcr. Wir verratten Tipps, wie Sie Ihr Wohnmobil winterfest machen. Mit unserer Checkliste geht es ganz einfach!\" \/>\n<meta name=\"robots\" content=\"index, follow, max-snippet:-1, max-image-preview:large, max-video-preview:-1\" \/>\n<link rel=\"canonical\" href=\"https:\/\/ahorn-camp.de\/es\/autocaravana-preparada-para-el-invierno\/\" \/>\n<meta property=\"og:locale\" content=\"es_ES\" \/>\n<meta property=\"og:type\" content=\"article\" \/>\n<meta property=\"og:title\" content=\"So machen Sie Ihr Wohnmobil winterfest- Blog - Ahorn Camp\" \/>\n<meta property=\"og:description\" content=\"Der Winter steht vor der T\u00fcr. Wir verratten Tipps, wie Sie Ihr Wohnmobil winterfest machen. Mit unserer Checkliste geht es ganz einfach!\" \/>\n<meta property=\"og:url\" content=\"https:\/\/ahorn-camp.de\/es\/autocaravana-preparada-para-el-invierno\/\" \/>\n<meta property=\"og:site_name\" content=\"Ahorn Camp | Reisemobile und Kastenwagen\" \/>\n<meta property=\"article:publisher\" content=\"https:\/\/www.facebook.com\/ahorn.wohnmobile\/\" \/>\n<meta property=\"article:published_time\" content=\"2020-10-16T15:07:34+00:00\" \/>\n<meta property=\"article:modified_time\" content=\"2022-04-25T10:25:18+00:00\" \/>\n<meta property=\"og:image\" content=\"https:\/\/ahorn-camp.de\/wp-content\/uploads\/2020\/10\/AhornCamp_Switzerland24-2000.jpg\" \/>\n\t<meta property=\"og:image:width\" content=\"2000\" \/>\n\t<meta property=\"og:image:height\" content=\"1333\" \/>\n\t<meta property=\"og:image:type\" content=\"image\/jpeg\" \/>\n<meta name=\"author\" content=\"ahorn_admin\" \/>\n<meta name=\"twitter:card\" content=\"summary_large_image\" \/>\n<meta name=\"twitter:label1\" content=\"Escrito por\" \/>\n\t<meta name=\"twitter:data1\" content=\"ahorn_admin\" \/>\n\t<meta name=\"twitter:label2\" content=\"Tiempo de lectura\" \/>\n\t<meta name=\"twitter:data2\" content=\"4 minutos\" \/>\n<script type=\"application\/ld+json\" class=\"yoast-schema-graph\">{\"@context\":\"https:\\\/\\\/schema.org\",\"@graph\":[{\"@type\":\"Article\",\"@id\":\"https:\\\/\\\/ahorn-camp.de\\\/wohnmobil-winterfest\\\/#article\",\"isPartOf\":{\"@id\":\"https:\\\/\\\/ahorn-camp.de\\\/wohnmobil-winterfest\\\/\"},\"author\":{\"name\":\"ahorn_admin\",\"@id\":\"https:\\\/\\\/ahorn-camp.de\\\/#\\\/schema\\\/person\\\/9b60761ba82d5cb8e6db215a88925044\"},\"headline\":\"So machen Sie Ihr Wohnmobil winterfest\",\"datePublished\":\"2020-10-16T15:07:34+00:00\",\"dateModified\":\"2022-04-25T10:25:18+00:00\",\"mainEntityOfPage\":{\"@id\":\"https:\\\/\\\/ahorn-camp.de\\\/wohnmobil-winterfest\\\/\"},\"wordCount\":950,\"publisher\":{\"@id\":\"https:\\\/\\\/ahorn-camp.de\\\/#organization\"},\"image\":{\"@id\":\"https:\\\/\\\/ahorn-camp.de\\\/wohnmobil-winterfest\\\/#primaryimage\"},\"thumbnailUrl\":\"https:\\\/\\\/ahorn-camp.de\\\/wp-content\\\/uploads\\\/2020\\\/10\\\/AhornCamp_Switzerland24-2000.jpg\",\"articleSection\":[\"Blog\"],\"inLanguage\":\"es\"},{\"@type\":\"WebPage\",\"@id\":\"https:\\\/\\\/ahorn-camp.de\\\/wohnmobil-winterfest\\\/\",\"url\":\"https:\\\/\\\/ahorn-camp.de\\\/wohnmobil-winterfest\\\/\",\"name\":\"So machen Sie Ihr Wohnmobil winterfest- Blog - Ahorn Camp\",\"isPartOf\":{\"@id\":\"https:\\\/\\\/ahorn-camp.de\\\/#website\"},\"primaryImageOfPage\":{\"@id\":\"https:\\\/\\\/ahorn-camp.de\\\/wohnmobil-winterfest\\\/#primaryimage\"},\"image\":{\"@id\":\"https:\\\/\\\/ahorn-camp.de\\\/wohnmobil-winterfest\\\/#primaryimage\"},\"thumbnailUrl\":\"https:\\\/\\\/ahorn-camp.de\\\/wp-content\\\/uploads\\\/2020\\\/10\\\/AhornCamp_Switzerland24-2000.jpg\",\"datePublished\":\"2020-10-16T15:07:34+00:00\",\"dateModified\":\"2022-04-25T10:25:18+00:00\",\"description\":\"Der Winter steht vor der T\u00fcr. Wir verratten Tipps, wie Sie Ihr Wohnmobil winterfest machen. Mit unserer Checkliste geht es ganz einfach!\",\"breadcrumb\":{\"@id\":\"https:\\\/\\\/ahorn-camp.de\\\/wohnmobil-winterfest\\\/#breadcrumb\"},\"inLanguage\":\"es\",\"potentialAction\":[{\"@type\":\"ReadAction\",\"target\":[\"https:\\\/\\\/ahorn-camp.de\\\/wohnmobil-winterfest\\\/\"]}]},{\"@type\":\"ImageObject\",\"inLanguage\":\"es\",\"@id\":\"https:\\\/\\\/ahorn-camp.de\\\/wohnmobil-winterfest\\\/#primaryimage\",\"url\":\"https:\\\/\\\/ahorn-camp.de\\\/wp-content\\\/uploads\\\/2020\\\/10\\\/AhornCamp_Switzerland24-2000.jpg\",\"contentUrl\":\"https:\\\/\\\/ahorn-camp.de\\\/wp-content\\\/uploads\\\/2020\\\/10\\\/AhornCamp_Switzerland24-2000.jpg\",\"width\":2000,\"height\":1333,\"caption\":\"Wohnmobil im Winter\"},{\"@type\":\"BreadcrumbList\",\"@id\":\"https:\\\/\\\/ahorn-camp.de\\\/wohnmobil-winterfest\\\/#breadcrumb\",\"itemListElement\":[{\"@type\":\"ListItem\",\"position\":1,\"name\":\"Startseite\",\"item\":\"https:\\\/\\\/ahorn-camp.de\\\/\"},{\"@type\":\"ListItem\",\"position\":2,\"name\":\"So machen Sie Ihr Wohnmobil winterfest\"}]},{\"@type\":\"WebSite\",\"@id\":\"https:\\\/\\\/ahorn-camp.de\\\/#website\",\"url\":\"https:\\\/\\\/ahorn-camp.de\\\/\",\"name\":\"Ahorn Camp | Reisemobile und Kastenwagen\",\"description\":\"Seit \u00fcber 30 Jahren vermarktet das Familienunternehmen, Ahorn Camp in Speyer, erfolgreich Wohnmobile und Kastenwagen zum besten Preis-Leistungsverh\u00e4ltnis.\",\"publisher\":{\"@id\":\"https:\\\/\\\/ahorn-camp.de\\\/#organization\"},\"potentialAction\":[{\"@type\":\"SearchAction\",\"target\":{\"@type\":\"EntryPoint\",\"urlTemplate\":\"https:\\\/\\\/ahorn-camp.de\\\/?s={search_term_string}\"},\"query-input\":{\"@type\":\"PropertyValueSpecification\",\"valueRequired\":true,\"valueName\":\"search_term_string\"}}],\"inLanguage\":\"es\"},{\"@type\":\"Organization\",\"@id\":\"https:\\\/\\\/ahorn-camp.de\\\/#organization\",\"name\":\"Ahorn Camp GmbH & Co. KG\",\"url\":\"https:\\\/\\\/ahorn-camp.de\\\/\",\"logo\":{\"@type\":\"ImageObject\",\"inLanguage\":\"es\",\"@id\":\"https:\\\/\\\/ahorn-camp.de\\\/#\\\/schema\\\/logo\\\/image\\\/\",\"url\":\"https:\\\/\\\/ahorn-camp.de\\\/wp-content\\\/uploads\\\/2018\\\/12\\\/Ahorn_Logo.jpg\",\"contentUrl\":\"https:\\\/\\\/ahorn-camp.de\\\/wp-content\\\/uploads\\\/2018\\\/12\\\/Ahorn_Logo.jpg\",\"width\":1437,\"height\":1000,\"caption\":\"Ahorn Camp GmbH & Co. KG\"},\"image\":{\"@id\":\"https:\\\/\\\/ahorn-camp.de\\\/#\\\/schema\\\/logo\\\/image\\\/\"},\"sameAs\":[\"https:\\\/\\\/www.facebook.com\\\/ahorn.wohnmobile\\\/\",\"https:\\\/\\\/www.instagram.com\\\/ahorn.camp\\\/\",\"https:\\\/\\\/www.youtube.com\\\/channel\\\/UCPFbPCts1JJ_A1k9vyH0yOQ\"]},{\"@type\":\"Person\",\"@id\":\"https:\\\/\\\/ahorn-camp.de\\\/#\\\/schema\\\/person\\\/9b60761ba82d5cb8e6db215a88925044\",\"name\":\"ahorn_admin\",\"image\":{\"@type\":\"ImageObject\",\"inLanguage\":\"es\",\"@id\":\"https:\\\/\\\/secure.gravatar.com\\\/avatar\\\/d96b9a078083b0c14cee48589feadd939c3cdd66547e2f3f1569470371daaaa5?s=96&d=mm&r=g\",\"url\":\"https:\\\/\\\/secure.gravatar.com\\\/avatar\\\/d96b9a078083b0c14cee48589feadd939c3cdd66547e2f3f1569470371daaaa5?s=96&d=mm&r=g\",\"contentUrl\":\"https:\\\/\\\/secure.gravatar.com\\\/avatar\\\/d96b9a078083b0c14cee48589feadd939c3cdd66547e2f3f1569470371daaaa5?s=96&d=mm&r=g\",\"caption\":\"ahorn_admin\"},\"sameAs\":[\"http:\\\/\\\/Ahorn%20Camp\"],\"url\":\"https:\\\/\\\/ahorn-camp.de\\\/es\\\/author\\\/ahorn_admin\\\/\"}]}<\/script>\n<!-- \/ Yoast SEO plugin. -->","yoast_head_json":{"title":"C\u00f3mo preparar su autocaravana para el invierno - Blog - Ahorn Camp","description":"El invierno est\u00e1 a la vuelta de la esquina. Revelamos consejos sobre c\u00f3mo preparar su autocaravana para el invierno. \u00a1Con nuestra lista de verificaci\u00f3n, es muy f\u00e1cil!","robots":{"index":"index","follow":"follow","max-snippet":"max-snippet:-1","max-image-preview":"max-image-preview:large","max-video-preview":"max-video-preview:-1"},"canonical":"https:\/\/ahorn-camp.de\/es\/autocaravana-preparada-para-el-invierno\/","og_locale":"es_ES","og_type":"article","og_title":"So machen Sie Ihr Wohnmobil winterfest- Blog - Ahorn Camp","og_description":"Der Winter steht vor der T\u00fcr. Wir verratten Tipps, wie Sie Ihr Wohnmobil winterfest machen. Mit unserer Checkliste geht es ganz einfach!","og_url":"https:\/\/ahorn-camp.de\/es\/autocaravana-preparada-para-el-invierno\/","og_site_name":"Ahorn Camp | Reisemobile und Kastenwagen","article_publisher":"https:\/\/www.facebook.com\/ahorn.wohnmobile\/","article_published_time":"2020-10-16T15:07:34+00:00","article_modified_time":"2022-04-25T10:25:18+00:00","og_image":[{"width":2000,"height":1333,"url":"https:\/\/ahorn-camp.de\/wp-content\/uploads\/2020\/10\/AhornCamp_Switzerland24-2000.jpg","type":"image\/jpeg"}],"author":"ahorn_admin","twitter_card":"summary_large_image","twitter_misc":{"Escrito por":"ahorn_admin","Tiempo de lectura":"4 minutos"},"schema":{"@context":"https:\/\/schema.org","@graph":[{"@type":"Article","@id":"https:\/\/ahorn-camp.de\/wohnmobil-winterfest\/#article","isPartOf":{"@id":"https:\/\/ahorn-camp.de\/wohnmobil-winterfest\/"},"author":{"name":"ahorn_admin","@id":"https:\/\/ahorn-camp.de\/#\/schema\/person\/9b60761ba82d5cb8e6db215a88925044"},"headline":"So machen Sie Ihr Wohnmobil winterfest","datePublished":"2020-10-16T15:07:34+00:00","dateModified":"2022-04-25T10:25:18+00:00","mainEntityOfPage":{"@id":"https:\/\/ahorn-camp.de\/wohnmobil-winterfest\/"},"wordCount":950,"publisher":{"@id":"https:\/\/ahorn-camp.de\/#organization"},"image":{"@id":"https:\/\/ahorn-camp.de\/wohnmobil-winterfest\/#primaryimage"},"thumbnailUrl":"https:\/\/ahorn-camp.de\/wp-content\/uploads\/2020\/10\/AhornCamp_Switzerland24-2000.jpg","articleSection":["Blog"],"inLanguage":"es"},{"@type":"WebPage","@id":"https:\/\/ahorn-camp.de\/wohnmobil-winterfest\/","url":"https:\/\/ahorn-camp.de\/wohnmobil-winterfest\/","name":"C\u00f3mo preparar su autocaravana para el invierno - Blog - Ahorn Camp","isPartOf":{"@id":"https:\/\/ahorn-camp.de\/#website"},"primaryImageOfPage":{"@id":"https:\/\/ahorn-camp.de\/wohnmobil-winterfest\/#primaryimage"},"image":{"@id":"https:\/\/ahorn-camp.de\/wohnmobil-winterfest\/#primaryimage"},"thumbnailUrl":"https:\/\/ahorn-camp.de\/wp-content\/uploads\/2020\/10\/AhornCamp_Switzerland24-2000.jpg","datePublished":"2020-10-16T15:07:34+00:00","dateModified":"2022-04-25T10:25:18+00:00","description":"El invierno est\u00e1 a la vuelta de la esquina. Revelamos consejos sobre c\u00f3mo preparar su autocaravana para el invierno. \u00a1Con nuestra lista de verificaci\u00f3n, es muy f\u00e1cil!","breadcrumb":{"@id":"https:\/\/ahorn-camp.de\/wohnmobil-winterfest\/#breadcrumb"},"inLanguage":"es","potentialAction":[{"@type":"ReadAction","target":["https:\/\/ahorn-camp.de\/wohnmobil-winterfest\/"]}]},{"@type":"ImageObject","inLanguage":"es","@id":"https:\/\/ahorn-camp.de\/wohnmobil-winterfest\/#primaryimage","url":"https:\/\/ahorn-camp.de\/wp-content\/uploads\/2020\/10\/AhornCamp_Switzerland24-2000.jpg","contentUrl":"https:\/\/ahorn-camp.de\/wp-content\/uploads\/2020\/10\/AhornCamp_Switzerland24-2000.jpg","width":2000,"height":1333,"caption":"Wohnmobil im Winter"},{"@type":"BreadcrumbList","@id":"https:\/\/ahorn-camp.de\/wohnmobil-winterfest\/#breadcrumb","itemListElement":[{"@type":"ListItem","position":1,"name":"Startseite","item":"https:\/\/ahorn-camp.de\/"},{"@type":"ListItem","position":2,"name":"So machen Sie Ihr Wohnmobil winterfest"}]},{"@type":"WebSite","@id":"https:\/\/ahorn-camp.de\/#website","url":"https:\/\/ahorn-camp.de\/","name":"Ahorn Camp | Autocaravanas y furgonetas camper","description":"Desde hace m\u00e1s de 30 a\u00f1os, la empresa familiar, Ahorn Camp en Speyer, comercializa con \u00e9xito caravanas y furgonetas camper a la mejor relaci\u00f3n calidad-precio.","publisher":{"@id":"https:\/\/ahorn-camp.de\/#organization"},"potentialAction":[{"@type":"SearchAction","target":{"@type":"EntryPoint","urlTemplate":"https:\/\/ahorn-camp.de\/?s={search_term_string}"},"query-input":{"@type":"PropertyValueSpecification","valueRequired":true,"valueName":"search_term_string"}}],"inLanguage":"es"},{"@type":"Organization","@id":"https:\/\/ahorn-camp.de\/#organization","name":"Ahorn Camp GmbH &amp; Co. KG","url":"https:\/\/ahorn-camp.de\/","logo":{"@type":"ImageObject","inLanguage":"es","@id":"https:\/\/ahorn-camp.de\/#\/schema\/logo\/image\/","url":"https:\/\/ahorn-camp.de\/wp-content\/uploads\/2018\/12\/Ahorn_Logo.jpg","contentUrl":"https:\/\/ahorn-camp.de\/wp-content\/uploads\/2018\/12\/Ahorn_Logo.jpg","width":1437,"height":1000,"caption":"Ahorn Camp GmbH & Co. KG"},"image":{"@id":"https:\/\/ahorn-camp.de\/#\/schema\/logo\/image\/"},"sameAs":["https:\/\/www.facebook.com\/ahorn.wohnmobile\/","https:\/\/www.instagram.com\/ahorn.camp\/","https:\/\/www.youtube.com\/channel\/UCPFbPCts1JJ_A1k9vyH0yOQ"]},{"@type":"Person","@id":"https:\/\/ahorn-camp.de\/#\/schema\/person\/9b60761ba82d5cb8e6db215a88925044","name":"ahorn_admin","image":{"@type":"ImageObject","inLanguage":"es","@id":"https:\/\/secure.gravatar.com\/avatar\/d96b9a078083b0c14cee48589feadd939c3cdd66547e2f3f1569470371daaaa5?s=96&d=mm&r=g","url":"https:\/\/secure.gravatar.com\/avatar\/d96b9a078083b0c14cee48589feadd939c3cdd66547e2f3f1569470371daaaa5?s=96&d=mm&r=g","contentUrl":"https:\/\/secure.gravatar.com\/avatar\/d96b9a078083b0c14cee48589feadd939c3cdd66547e2f3f1569470371daaaa5?s=96&d=mm&r=g","caption":"ahorn_admin"},"sameAs":["http:\/\/Ahorn%20Camp"],"url":"https:\/\/ahorn-camp.de\/es\/author\/ahorn_admin\/"}]}},"_links":{"self":[{"href":"https:\/\/ahorn-camp.de\/es\/wp-json\/wp\/v2\/posts\/8806","targetHints":{"allow":["GET"]}}],"collection":[{"href":"https:\/\/ahorn-camp.de\/es\/wp-json\/wp\/v2\/posts"}],"about":[{"href":"https:\/\/ahorn-camp.de\/es\/wp-json\/wp\/v2\/types\/post"}],"author":[{"embeddable":true,"href":"https:\/\/ahorn-camp.de\/es\/wp-json\/wp\/v2\/users\/2"}],"replies":[{"embeddable":true,"href":"https:\/\/ahorn-camp.de\/es\/wp-json\/wp\/v2\/comments?post=8806"}],"version-history":[{"count":0,"href":"https:\/\/ahorn-camp.de\/es\/wp-json\/wp\/v2\/posts\/8806\/revisions"}],"wp:featuredmedia":[{"embeddable":true,"href":"https:\/\/ahorn-camp.de\/es\/wp-json\/wp\/v2\/media\/9041"}],"wp:attachment":[{"href":"https:\/\/ahorn-camp.de\/es\/wp-json\/wp\/v2\/media?parent=8806"}],"wp:term":[{"taxonomy":"category","embeddable":true,"href":"https:\/\/ahorn-camp.de\/es\/wp-json\/wp\/v2\/categories?post=8806"},{"taxonomy":"post_tag","embeddable":true,"href":"https:\/\/ahorn-camp.de\/es\/wp-json\/wp\/v2\/tags?post=8806"}],"curies":[{"name":"wp","href":"https:\/\/api.w.org\/{rel}","templated":true}]}}