{"id":7964,"date":"2020-09-09T17:38:25","date_gmt":"2020-09-09T15:38:25","guid":{"rendered":"https:\/\/ahorn-camp.de\/?p=7964"},"modified":"2024-04-03T16:55:06","modified_gmt":"2024-04-03T14:55:06","slug":"comprar-o-alquilar","status":"publish","type":"post","link":"https:\/\/ahorn-camp.de\/es\/kaufen-oder-mieten\/","title":{"rendered":"\u00bfComprar o alquilar una autocaravana?"},"content":{"rendered":"<div class=\"wpb-content-wrapper\"><div class=\"vc_row wpb_row vc_row-fluid\"><div class=\"wpb_column vc_column_container vc_col-sm-12\"><div class=\"vc_column-inner\"><div class=\"wpb_wrapper\">\n\t<div  class=\"wpb_single_image wpb_content_element vc_align_left wpb_content_element\">\n\t\t\n\t\t<figure class=\"wpb_wrapper vc_figure\">\n\t\t\t<div class=\"vc_single_image-wrapper   vc_box_border_grey\"><img fetchpriority=\"high\" decoding=\"async\" width=\"1024\" height=\"438\" src=\"https:\/\/ahorn-camp.de\/wp-content\/uploads\/2020\/04\/Header_Ahorn-Camp_reisemobil-Autark-1024x438.jpg\" class=\"vc_single_image-img attachment-large\" alt=\"\" title=\"EncabezadoAhorn CampAutocaravana Aut\u00e1rquica\" srcset=\"https:\/\/ahorn-camp.de\/wp-content\/uploads\/2020\/04\/Header_Ahorn-Camp_reisemobil-Autark-1024x438.jpg 1024w, https:\/\/ahorn-camp.de\/wp-content\/uploads\/2020\/04\/Header_Ahorn-Camp_reisemobil-Autark-300x128.jpg 300w, https:\/\/ahorn-camp.de\/wp-content\/uploads\/2020\/04\/Header_Ahorn-Camp_reisemobil-Autark-768x329.jpg 768w, https:\/\/ahorn-camp.de\/wp-content\/uploads\/2020\/04\/Header_Ahorn-Camp_reisemobil-Autark-800x342.jpg 800w, https:\/\/ahorn-camp.de\/wp-content\/uploads\/2020\/04\/Header_Ahorn-Camp_reisemobil-Autark.jpg 1500w\" sizes=\"(max-width: 1024px) 100vw, 1024px\" \/><\/div>\n\t\t<\/figure>\n\t<\/div>\n\n\t<div class=\"wpb_text_column wpb_content_element\" >\n\t\t<div class=\"wpb_wrapper\">\n\t\t\t<p>\u00bfAlquilar o comprar una autocaravana? La decisi\u00f3n de alquilar o comprar una autocaravana es un tema que preocupa a muchos aficionados a los viajes y a las personas interesadas en las autocaravanas. Si se pregunta cu\u00e1ndo tiene sentido ser propietario de una autocaravana y qu\u00e9 costes y riesgos implica, estaremos encantados de ayudarle con algunas reglas generales y consejos.<\/p>\n<p>Quien quiera alquilar una autocaravana de Ahorn Camp de forma r\u00e1pida y sencilla, encontrar\u00e1 en <a href=\"http:\/\/ahorn-rent.de\">Alquiler de arce<\/a> encontrado. Una gran plataforma donde se puede alquilar una autocaravana y tambi\u00e9n alquilar el propio veh\u00edculo es <a href=\"https:\/\/www.alpacacamping.de\/wohnmobil-mieten\">Alpaca Camping. <\/a>Aqu\u00ed tambi\u00e9n se encuentra el lugar de estacionamiento adecuado en medio de la naturaleza.<\/p>\n\n\t\t<\/div>\n\t<\/div>\n<div class=\"vc_row wpb_row vc_inner vc_row-fluid\"><div class=\"wpb_column vc_column_container vc_col-sm-6\"><div class=\"vc_column-inner\"><div class=\"wpb_wrapper\">\n\t<div  class=\"wpb_single_image wpb_content_element vc_align_center wpb_content_element\">\n\t\t\n\t\t<figure class=\"wpb_wrapper vc_figure\">\n\t\t\t<div class=\"vc_single_image-wrapper   vc_box_border_grey\"><img decoding=\"async\" width=\"819\" height=\"1024\" src=\"https:\/\/ahorn-camp.de\/wp-content\/uploads\/2020\/09\/Ahorn_Van550_Vanlife_Heck-819x1024.jpg\" class=\"vc_single_image-img attachment-large\" alt=\"Imagen de vacaciones en furgoneta\" title=\"Ahorn_Van550_Vida_en_Furgoneta_Trasera\" srcset=\"https:\/\/ahorn-camp.de\/wp-content\/uploads\/2020\/09\/Ahorn_Van550_Vanlife_Heck-819x1024.jpg 819w, https:\/\/ahorn-camp.de\/wp-content\/uploads\/2020\/09\/Ahorn_Van550_Vanlife_Heck-240x300.jpg 240w, https:\/\/ahorn-camp.de\/wp-content\/uploads\/2020\/09\/Ahorn_Van550_Vanlife_Heck-768x960.jpg 768w, https:\/\/ahorn-camp.de\/wp-content\/uploads\/2020\/09\/Ahorn_Van550_Vanlife_Heck-480x600.jpg 480w, https:\/\/ahorn-camp.de\/wp-content\/uploads\/2020\/09\/Ahorn_Van550_Vanlife_Heck-1229x1536.jpg 1229w, https:\/\/ahorn-camp.de\/wp-content\/uploads\/2020\/09\/Ahorn_Van550_Vanlife_Heck-1639x2048.jpg 1639w, https:\/\/ahorn-camp.de\/wp-content\/uploads\/2020\/09\/Ahorn_Van550_Vanlife_Heck-800x1000.jpg 800w, https:\/\/ahorn-camp.de\/wp-content\/uploads\/2020\/09\/Ahorn_Van550_Vanlife_Heck-scaled.jpg 2048w\" sizes=\"(max-width: 819px) 100vw, 819px\" \/><\/div>\n\t\t<\/figure>\n\t<\/div>\n\n\t<div  class=\"wpb_single_image wpb_content_element vc_align_left wpb_content_element\">\n\t\t\n\t\t<figure class=\"wpb_wrapper vc_figure\">\n\t\t\t<div class=\"vc_single_image-wrapper   vc_box_border_grey\"><img decoding=\"async\" width=\"819\" height=\"1024\" src=\"https:\/\/ahorn-camp.de\/wp-content\/uploads\/2020\/09\/ahorn-Camper-Urlaub-bluemoonhecrew-819x1024.png\" class=\"vc_single_image-img attachment-large\" alt=\"Vacaciones en autocaravana en la naturaleza\" title=\"vacaciones en autocaravana Ahorn bluelmoonhecrew\" srcset=\"https:\/\/ahorn-camp.de\/wp-content\/uploads\/2020\/09\/ahorn-Camper-Urlaub-bluemoonhecrew-819x1024.png 819w, https:\/\/ahorn-camp.de\/wp-content\/uploads\/2020\/09\/ahorn-Camper-Urlaub-bluemoonhecrew-240x300.png 240w, https:\/\/ahorn-camp.de\/wp-content\/uploads\/2020\/09\/ahorn-Camper-Urlaub-bluemoonhecrew-768x960.png 768w, https:\/\/ahorn-camp.de\/wp-content\/uploads\/2020\/09\/ahorn-Camper-Urlaub-bluemoonhecrew-480x600.png 480w, https:\/\/ahorn-camp.de\/wp-content\/uploads\/2020\/09\/ahorn-Camper-Urlaub-bluemoonhecrew-1229x1536.png 1229w, https:\/\/ahorn-camp.de\/wp-content\/uploads\/2020\/09\/ahorn-Camper-Urlaub-bluemoonhecrew-800x1000.png 800w, https:\/\/ahorn-camp.de\/wp-content\/uploads\/2020\/09\/ahorn-Camper-Urlaub-bluemoonhecrew.png 1500w\" sizes=\"(max-width: 819px) 100vw, 819px\" \/><\/div>\n\t\t<\/figure>\n\t<\/div>\n\n\t<div  class=\"wpb_single_image wpb_content_element vc_align_center wpb_content_element\">\n\t\t\n\t\t<figure class=\"wpb_wrapper vc_figure\">\n\t\t\t<div class=\"vc_single_image-wrapper   vc_box_border_grey\"><img loading=\"lazy\" decoding=\"async\" width=\"819\" height=\"1024\" src=\"https:\/\/ahorn-camp.de\/wp-content\/uploads\/2020\/09\/AC_Nordsee62-scaled.jpg\" class=\"vc_single_image-img attachment-large\" alt=\"Cocinar en autocaravana\" title=\"AC_MarDelNorte62\" srcset=\"https:\/\/ahorn-camp.de\/wp-content\/uploads\/2020\/09\/AC_Nordsee62-scaled.jpg 2048w, https:\/\/ahorn-camp.de\/wp-content\/uploads\/2020\/09\/AC_Nordsee62-240x300.jpg 240w, https:\/\/ahorn-camp.de\/wp-content\/uploads\/2020\/09\/AC_Nordsee62-480x600.jpg 480w, https:\/\/ahorn-camp.de\/wp-content\/uploads\/2020\/09\/AC_Nordsee62-1639x2048.jpg 1639w\" sizes=\"(max-width: 819px) 100vw, 819px\" \/><\/div>\n\t\t<\/figure>\n\t<\/div>\n<\/div><\/div><\/div><div class=\"wpb_column vc_column_container vc_col-sm-6\"><div class=\"vc_column-inner\"><div class=\"wpb_wrapper\"><h3 style=\"font-size: 25px;text-align: left\" class=\"vc_custom_heading vc_do_custom_heading\" >Las preguntas clave que deber\u00eda hacerse al principio de su decisi\u00f3n<\/h3><h4 style=\"font-size: 20px;text-align: left\" class=\"vc_custom_heading vc_do_custom_heading\" >\u00bfHe viajado alguna vez con una autocaravana?<\/h4>\n\t<div class=\"wpb_text_column wpb_content_element\" >\n\t\t<div class=\"wpb_wrapper\">\n\t\t\t<p>\u00bfYa tienes experiencia en camping y disfrutas de las vacaciones en autocaravana? Siempre recomendamos, primero, un <a href=\"https:\/\/www.alpacacamping.de\/wohnmobil-mieten\">Alquiler de autocaravanas<\/a>, para los que nunca han estado de vacaciones con una autocaravana. Para nosotros y nuestros clientes, el camping es la personificaci\u00f3n de la libertad, la independencia y la flexibilidad. Pero no todo el mundo est\u00e1 hecho para unas vacaciones en autocaravana. Con un Ahorn Camper, acampar se convierte en una experiencia \u00fanica, pero es importante recordar que no se trata de un paquete de vacaciones de 4 estrellas. La autosuficiencia que permite despertarse en un lugar nuevo cada d\u00eda tambi\u00e9n significa prescindir de los buffets de los hoteles y del servicio de habitaciones. Si quiero explorar el mundo en autocaravana, no puedo esperar un programa de entretenimiento y un paquete completo sin preocupaciones. Por eso recomendamos a todos los nuevos clientes y a los reci\u00e9n llegados a la autocaravana que descubran el camping como una forma de vacaciones para s\u00ed mismos. Los campistas dicen incluso que no basta con haber viajado una vez en autocaravana para saber qu\u00e9 modelo se adapta mejor a sus propios deseos y necesidades. La regla general es que despu\u00e9s de cuatro o cinco vacaciones en autocaravana se puede valorar qu\u00e9 modelo se adapta mejor a las circunstancias familiares y personales.<\/p>\n\n\t\t<\/div>\n\t<\/div>\n<h4 style=\"font-size: 20px;text-align: left\" class=\"vc_custom_heading vc_do_custom_heading\" >\u00bfCon qu\u00e9 frecuencia quiero ir de vacaciones en autocaravana?<\/h4>\n\t<div class=\"wpb_text_column wpb_content_element\" >\n\t\t<div class=\"wpb_wrapper\">\n\t\t\t<p>Esta pregunta central tambi\u00e9n es crucial para las decisiones de compra. Para aquellos que desean viajar mucho por Alemania y Europa, comprar una autocaravana es la opci\u00f3n ideal. Se puede salir de forma espont\u00e1nea y observar espect\u00e1culos naturales sin interrupciones. Imagina poder observar la aurora boreal desde tu autocaravana o maravillarte con el amanecer en el mar con una taza de caf\u00e9 en la mano. Sin embargo, si prefieres viajar a pa\u00edses lejanos y volar alrededor del mundo, la autocaravana resulta ser un medio de transporte poco pr\u00e1ctico. Otro punto que, por supuesto, tambi\u00e9n juega un papel aqu\u00ed es la disponibilidad. No todos pueden y quieren estar de vacaciones durante semanas cada a\u00f1o. Aqu\u00ed tambi\u00e9n hay una regla pr\u00e1ctica de la comunidad de campistas que dice que, en promedio, deber\u00edas viajar con la autocaravana unas cuatro semanas al a\u00f1o para que la inversi\u00f3n valga la pena. Sin embargo, por supuesto, tambi\u00e9n es adecuado alquilar la autocaravana. <a href=\"https:\/\/www.alpacacamping.de\/wohnmobil-mieten\">Alquilar amigos o familiares<\/a>.<\/p>\n\n\t\t<\/div>\n\t<\/div>\n<h3 style=\"font-size: 25px;text-align: left\" class=\"vc_custom_heading vc_do_custom_heading\" >Ventajas de comprar una casa rodante<\/h3>\n\t<div class=\"wpb_text_column wpb_content_element\" >\n\t\t<div class=\"wpb_wrapper\">\n\t\t\t<p>Una vez aclaradas estas cuestiones centrales, podr\u00e1 empezar a sopesar los pros y los contras de la compra. Una de las ventajas de comprar una autocaravana es, por supuesto, ser propietario de la propia autocaravana. Si es suya, puede personalizarla seg\u00fan sus deseos e ideas y no tiene que tener en cuenta a nadie m\u00e1s. Por ejemplo, si necesita m\u00e1s espacio de almacenamiento, simplemente puede crearlo. Tambi\u00e9n puedes amueblar tu autocaravana como quieras y tu peque\u00f1o hogar estar\u00e1 siempre listo para funcionar. A esto le sigue otra gran ventaja de la compra: Las autocaravanas y furgonetas se reservan r\u00e1pidamente en temporada alta, por lo que hay que solicitarlas con antelaci\u00f3n. Si tienes tu propia autocaravana, eres tan espont\u00e1neo como quieras. Algunos a\u00f1os, los d\u00edas festivos est\u00e1n tan bien programados que merece la pena recorrer toda Alemania con s\u00f3lo unos d\u00edas de vacaciones. \u00bfO espont\u00e1neamente cancela una cita el fin de semana y fuera brilla el sol? Entonces puede decidir de un momento a otro regalarse un poco de tiempo libre.<\/p>\n\n\t\t<\/div>\n\t<\/div>\n<h4 style=\"font-size: 20px;text-align: left\" class=\"vc_custom_heading vc_do_custom_heading\" >La autocaravana como inversi\u00f3n familiar<\/h4>\n\t<div class=\"wpb_text_column wpb_content_element\" >\n\t\t<div class=\"wpb_wrapper\">\n\t\t\t<p>Las autocaravanas est\u00e1n dise\u00f1adas para un uso prolongado y, por lo tanto, son una inversi\u00f3n a largo plazo. Los est\u00e1ndares t\u00e9cnicos de las autocaravanas Ahorn son de un nivel tan alto que no envejecer\u00e1n de inmediato. Y si algo sale mal, nuestro equipo de servicio siempre est\u00e1 encantado de ayudar. Especialmente si tiene hijos, unas vacaciones en autocaravana suelen ser m\u00e1s baratas que un viaje combinado para tres o cuatro personas. Adem\u00e1s, si los ni\u00f1os est\u00e1n en edad de viajar, pueden seguir utilizando la autocaravana, lo que permite una inversi\u00f3n intergeneracional.<\/p>\n\n\t\t<\/div>\n\t<\/div>\n<h3 style=\"font-size: 25px;text-align: left\" class=\"vc_custom_heading vc_do_custom_heading\" >Puntos a favor de alquilar una autocaravana<\/h3><h4 style=\"font-size: 20px;text-align: left\" class=\"vc_custom_heading vc_do_custom_heading\" >Costos de adquisici\u00f3n y costos recurrentes<\/h4>\n\t<div class=\"wpb_text_column wpb_content_element\" >\n\t\t<div class=\"wpb_wrapper\">\n\t\t\t<p>Una vez que se ha elegido un modelo, uno se ha decidido por \u00e9l y no puede cambiar a otro modelo o a uno nuevo. Si se alquila, por supuesto se tiene la ventaja de poder elegir siempre el modelo m\u00e1s reciente. El equipo t\u00e9cnico m\u00e1s reciente, el dise\u00f1o m\u00e1s elegante y cada edici\u00f3n facial pueden probarse, mientras que si se compra una autocaravana, uno debe conformarse primero con el equipamiento existente y el interior existente. Adem\u00e1s, naturalmente, en caso de problemas con la autocaravana, uno mismo debe ocuparse de la reparaci\u00f3n o tambi\u00e9n de la homologaci\u00f3n T\u00dcV y las inspecciones de emisiones. A los costes fijos se suman tambi\u00e9n los costes de la prueba de estanqueidad, as\u00ed como los costes de nuevos LED, botellas de gas y neum\u00e1ticos, adem\u00e1s del seguro y los impuestos.<\/p>\n\n\t\t<\/div>\n\t<\/div>\n<h4 style=\"font-size: 20px;text-align: left\" class=\"vc_custom_heading vc_do_custom_heading\" >Hibernaci\u00f3n<\/h4>\n\t<div class=\"wpb_text_column wpb_content_element\" >\n\t\t<div class=\"wpb_wrapper\">\n\t\t\t<p>Un tema con el que hay que lidiar despu\u00e9s de comprar una autocaravana es guardar el veh\u00edculo durante el invierno. Aqu\u00ed juega un papel importante el espacio. No todo el mundo tiene un garaje grande o un espacio de aparcamiento para una autocaravana en el jard\u00edn delantero. Por lo tanto, a menudo hay que encontrar un garaje adecuado para guardarla durante el invierno, que tenga espacio para un veh\u00edculo de este tama\u00f1o. Al elegir el lugar de aparcamiento, hay que tener en cuenta algunos aspectos para no tener problemas con el seguro. La llamada delimitaci\u00f3n puede ser crucial para el seguro. Una cadena con candado es suficiente, pero una valla con puerta es mejor. Quien encuentre una oportunidad de este tipo para pasar el invierno, puede considerarse afortunado.<\/p>\n\n\t\t<\/div>\n\t<\/div>\n<\/div><\/div><\/div><\/div><\/div><\/div><\/div><\/div><div class=\"vc_row wpb_row vc_row-fluid\"><div class=\"wpb_column vc_column_container vc_col-sm-12\"><div class=\"vc_column-inner\"><div class=\"wpb_wrapper\"><h4 style=\"font-size: 20px;text-align: left\" class=\"vc_custom_heading vc_do_custom_heading\" >Llegada<\/h4>\n\t<div class=\"wpb_text_column wpb_content_element\" >\n\t\t<div class=\"wpb_wrapper\">\n\t\t\t<p>Como ya se mencion\u00f3, adem\u00e1s de los costos que conlleva la compra de una autocaravana, el deseo de vacaciones tambi\u00e9n es decisivo. El radio de unas vacaciones con su propia autocaravana est\u00e1 limitado. Si definitivamente quiero ir a Canad\u00e1 o al Outback, entonces es dif\u00edcil de lograr con su propia casa sobre cuatro ruedas. Si alquila, nunca tiene que tener en cuenta el viaje en autocaravana, sino que puede comenzar en el pa\u00eds que desea visitar. Si una vez en la vida quiere viajar en autocaravana por Canad\u00e1, eso evidentemente no va en contra de una compra. Sin embargo, si este deseo no es \u00fanico, sino que no quiere limitarse en absoluto en su elecci\u00f3n de pa\u00eds de vacaciones, entonces se recomienda alquilar una autocaravana.<\/p>\n<p>Ver\u00e1, esta decisi\u00f3n no siempre es f\u00e1cil. Pero si llega el momento y est\u00e1 considerando la idea de una compra, nuestros experimentados vendedores siempre podr\u00e1n ayudarle.<\/p>\n\n\t\t<\/div>\n\t<\/div>\n<\/div><\/div><\/div><\/div>\n<\/div>","protected":false},"excerpt":{"rendered":"<p>Mieten oder doch kaufen? Ab wann lohnt sich ein Wohnmobil und welche Kosten gehe ich damit ein? Um Ihnen diese Entscheidung etwas zu erleichtern, haben wir Ihnen ein paar Tipps zusammengestellt.<\/p>","protected":false},"author":2,"featured_media":8052,"comment_status":"closed","ping_status":"open","sticky":false,"template":"","format":"standard","meta":{"content-type":"","footnotes":""},"categories":[208],"tags":[77,275,274],"class_list":["post-7964","post","type-post","status-publish","format-standard","has-post-thumbnail","hentry","category-blog","tag-camping","tag-canada-ae","tag-solandpepper"],"yoast_head":"<!-- This site is optimized with the Yoast SEO plugin v27.4 - https:\/\/yoast.com\/product\/yoast-seo-wordpress\/ -->\n<title>Wohnmobil kaufen oder mieten? - Blog - Ahorn Camp GmbH &amp; Co. KG<\/title>\n<meta name=\"description\" content=\"Ein Wohnmobil kaufen oder doch lieber erstmal mieten? Dieser Frage gehen wir in unserem Blogbeitrag auf den Grund!\" \/>\n<meta name=\"robots\" content=\"index, follow, max-snippet:-1, max-image-preview:large, max-video-preview:-1\" \/>\n<link rel=\"canonical\" href=\"https:\/\/ahorn-camp.de\/es\/comprar-o-alquilar\/\" \/>\n<meta property=\"og:locale\" content=\"es_ES\" \/>\n<meta property=\"og:type\" content=\"article\" \/>\n<meta property=\"og:title\" content=\"Wohnmobil kaufen oder mieten? - Blog - Ahorn Camp GmbH &amp; Co. KG\" \/>\n<meta property=\"og:description\" content=\"Ein Wohnmobil kaufen oder doch lieber erstmal mieten? Dieser Frage gehen wir in unserem Blogbeitrag auf den Grund!\" \/>\n<meta property=\"og:url\" content=\"https:\/\/ahorn-camp.de\/es\/comprar-o-alquilar\/\" \/>\n<meta property=\"og:site_name\" content=\"Ahorn Camp | Reisemobile und Kastenwagen\" \/>\n<meta property=\"article:publisher\" content=\"https:\/\/www.facebook.com\/ahorn.wohnmobile\/\" \/>\n<meta property=\"article:published_time\" content=\"2020-09-09T15:38:25+00:00\" \/>\n<meta property=\"article:modified_time\" content=\"2024-04-03T14:55:06+00:00\" \/>\n<meta property=\"og:image\" content=\"https:\/\/ahorn-camp.de\/wp-content\/uploads\/2020\/09\/AC_Nordsee53-scaled.jpg\" \/>\n\t<meta property=\"og:image:width\" content=\"2560\" \/>\n\t<meta property=\"og:image:height\" content=\"1707\" \/>\n\t<meta property=\"og:image:type\" content=\"image\/jpeg\" \/>\n<meta name=\"author\" content=\"ahorn_admin\" \/>\n<meta name=\"twitter:card\" content=\"summary_large_image\" \/>\n<meta name=\"twitter:label1\" content=\"Escrito por\" \/>\n\t<meta name=\"twitter:data1\" content=\"ahorn_admin\" \/>\n\t<meta name=\"twitter:label2\" content=\"Tiempo de lectura\" \/>\n\t<meta name=\"twitter:data2\" content=\"7 minutos\" \/>\n<script type=\"application\/ld+json\" class=\"yoast-schema-graph\">{\"@context\":\"https:\\\/\\\/schema.org\",\"@graph\":[{\"@type\":\"Article\",\"@id\":\"https:\\\/\\\/ahorn-camp.de\\\/kaufen-oder-mieten\\\/#article\",\"isPartOf\":{\"@id\":\"https:\\\/\\\/ahorn-camp.de\\\/kaufen-oder-mieten\\\/\"},\"author\":{\"name\":\"ahorn_admin\",\"@id\":\"https:\\\/\\\/ahorn-camp.de\\\/#\\\/schema\\\/person\\\/9b60761ba82d5cb8e6db215a88925044\"},\"headline\":\"Wohnmobil kaufen oder mieten?\",\"datePublished\":\"2020-09-09T15:38:25+00:00\",\"dateModified\":\"2024-04-03T14:55:06+00:00\",\"mainEntityOfPage\":{\"@id\":\"https:\\\/\\\/ahorn-camp.de\\\/kaufen-oder-mieten\\\/\"},\"wordCount\":1518,\"publisher\":{\"@id\":\"https:\\\/\\\/ahorn-camp.de\\\/#organization\"},\"image\":{\"@id\":\"https:\\\/\\\/ahorn-camp.de\\\/kaufen-oder-mieten\\\/#primaryimage\"},\"thumbnailUrl\":\"https:\\\/\\\/ahorn-camp.de\\\/wp-content\\\/uploads\\\/2020\\\/09\\\/AC_Nordsee53-scaled.jpg\",\"keywords\":[\"Camping\",\"Canada AE\",\"solandpepper\"],\"articleSection\":[\"Blog\"],\"inLanguage\":\"es\"},{\"@type\":\"WebPage\",\"@id\":\"https:\\\/\\\/ahorn-camp.de\\\/kaufen-oder-mieten\\\/\",\"url\":\"https:\\\/\\\/ahorn-camp.de\\\/kaufen-oder-mieten\\\/\",\"name\":\"Wohnmobil kaufen oder mieten? - Blog - Ahorn Camp GmbH & Co. KG\",\"isPartOf\":{\"@id\":\"https:\\\/\\\/ahorn-camp.de\\\/#website\"},\"primaryImageOfPage\":{\"@id\":\"https:\\\/\\\/ahorn-camp.de\\\/kaufen-oder-mieten\\\/#primaryimage\"},\"image\":{\"@id\":\"https:\\\/\\\/ahorn-camp.de\\\/kaufen-oder-mieten\\\/#primaryimage\"},\"thumbnailUrl\":\"https:\\\/\\\/ahorn-camp.de\\\/wp-content\\\/uploads\\\/2020\\\/09\\\/AC_Nordsee53-scaled.jpg\",\"datePublished\":\"2020-09-09T15:38:25+00:00\",\"dateModified\":\"2024-04-03T14:55:06+00:00\",\"description\":\"Ein Wohnmobil kaufen oder doch lieber erstmal mieten? Dieser Frage gehen wir in unserem Blogbeitrag auf den Grund!\",\"breadcrumb\":{\"@id\":\"https:\\\/\\\/ahorn-camp.de\\\/kaufen-oder-mieten\\\/#breadcrumb\"},\"inLanguage\":\"es\",\"potentialAction\":[{\"@type\":\"ReadAction\",\"target\":[\"https:\\\/\\\/ahorn-camp.de\\\/kaufen-oder-mieten\\\/\"]}]},{\"@type\":\"ImageObject\",\"inLanguage\":\"es\",\"@id\":\"https:\\\/\\\/ahorn-camp.de\\\/kaufen-oder-mieten\\\/#primaryimage\",\"url\":\"https:\\\/\\\/ahorn-camp.de\\\/wp-content\\\/uploads\\\/2020\\\/09\\\/AC_Nordsee53-scaled.jpg\",\"contentUrl\":\"https:\\\/\\\/ahorn-camp.de\\\/wp-content\\\/uploads\\\/2020\\\/09\\\/AC_Nordsee53-scaled.jpg\",\"width\":2560,\"height\":1707,\"caption\":\"Alkoven Wohnmobil am Strand\"},{\"@type\":\"BreadcrumbList\",\"@id\":\"https:\\\/\\\/ahorn-camp.de\\\/kaufen-oder-mieten\\\/#breadcrumb\",\"itemListElement\":[{\"@type\":\"ListItem\",\"position\":1,\"name\":\"Startseite\",\"item\":\"https:\\\/\\\/ahorn-camp.de\\\/\"},{\"@type\":\"ListItem\",\"position\":2,\"name\":\"Wohnmobil kaufen oder mieten?\"}]},{\"@type\":\"WebSite\",\"@id\":\"https:\\\/\\\/ahorn-camp.de\\\/#website\",\"url\":\"https:\\\/\\\/ahorn-camp.de\\\/\",\"name\":\"Ahorn Camp | Reisemobile und Kastenwagen\",\"description\":\"Seit \u00fcber 30 Jahren vermarktet das Familienunternehmen, Ahorn Camp in Speyer, erfolgreich Wohnmobile und Kastenwagen zum besten Preis-Leistungsverh\u00e4ltnis.\",\"publisher\":{\"@id\":\"https:\\\/\\\/ahorn-camp.de\\\/#organization\"},\"potentialAction\":[{\"@type\":\"SearchAction\",\"target\":{\"@type\":\"EntryPoint\",\"urlTemplate\":\"https:\\\/\\\/ahorn-camp.de\\\/?s={search_term_string}\"},\"query-input\":{\"@type\":\"PropertyValueSpecification\",\"valueRequired\":true,\"valueName\":\"search_term_string\"}}],\"inLanguage\":\"es\"},{\"@type\":\"Organization\",\"@id\":\"https:\\\/\\\/ahorn-camp.de\\\/#organization\",\"name\":\"Ahorn Camp GmbH & Co. KG\",\"url\":\"https:\\\/\\\/ahorn-camp.de\\\/\",\"logo\":{\"@type\":\"ImageObject\",\"inLanguage\":\"es\",\"@id\":\"https:\\\/\\\/ahorn-camp.de\\\/#\\\/schema\\\/logo\\\/image\\\/\",\"url\":\"https:\\\/\\\/ahorn-camp.de\\\/wp-content\\\/uploads\\\/2018\\\/12\\\/Ahorn_Logo.jpg\",\"contentUrl\":\"https:\\\/\\\/ahorn-camp.de\\\/wp-content\\\/uploads\\\/2018\\\/12\\\/Ahorn_Logo.jpg\",\"width\":1437,\"height\":1000,\"caption\":\"Ahorn Camp GmbH & Co. KG\"},\"image\":{\"@id\":\"https:\\\/\\\/ahorn-camp.de\\\/#\\\/schema\\\/logo\\\/image\\\/\"},\"sameAs\":[\"https:\\\/\\\/www.facebook.com\\\/ahorn.wohnmobile\\\/\",\"https:\\\/\\\/www.instagram.com\\\/ahorn.camp\\\/\",\"https:\\\/\\\/www.youtube.com\\\/channel\\\/UCPFbPCts1JJ_A1k9vyH0yOQ\"]},{\"@type\":\"Person\",\"@id\":\"https:\\\/\\\/ahorn-camp.de\\\/#\\\/schema\\\/person\\\/9b60761ba82d5cb8e6db215a88925044\",\"name\":\"ahorn_admin\",\"image\":{\"@type\":\"ImageObject\",\"inLanguage\":\"es\",\"@id\":\"https:\\\/\\\/secure.gravatar.com\\\/avatar\\\/d96b9a078083b0c14cee48589feadd939c3cdd66547e2f3f1569470371daaaa5?s=96&d=mm&r=g\",\"url\":\"https:\\\/\\\/secure.gravatar.com\\\/avatar\\\/d96b9a078083b0c14cee48589feadd939c3cdd66547e2f3f1569470371daaaa5?s=96&d=mm&r=g\",\"contentUrl\":\"https:\\\/\\\/secure.gravatar.com\\\/avatar\\\/d96b9a078083b0c14cee48589feadd939c3cdd66547e2f3f1569470371daaaa5?s=96&d=mm&r=g\",\"caption\":\"ahorn_admin\"},\"sameAs\":[\"http:\\\/\\\/Ahorn%20Camp\"],\"url\":\"https:\\\/\\\/ahorn-camp.de\\\/es\\\/author\\\/ahorn_admin\\\/\"}]}<\/script>\n<!-- \/ Yoast SEO plugin. -->","yoast_head_json":{"title":"\u00bfComprar o alquilar una autocaravana? - Blog - Ahorn Camp GmbH &amp; Co. KG","description":"\u00bfComprar una autocaravana o alquilarla primero? \u00a1Abordamos esta pregunta en nuestra entrada del blog!","robots":{"index":"index","follow":"follow","max-snippet":"max-snippet:-1","max-image-preview":"max-image-preview:large","max-video-preview":"max-video-preview:-1"},"canonical":"https:\/\/ahorn-camp.de\/es\/comprar-o-alquilar\/","og_locale":"es_ES","og_type":"article","og_title":"Wohnmobil kaufen oder mieten? - Blog - Ahorn Camp GmbH & Co. KG","og_description":"Ein Wohnmobil kaufen oder doch lieber erstmal mieten? Dieser Frage gehen wir in unserem Blogbeitrag auf den Grund!","og_url":"https:\/\/ahorn-camp.de\/es\/comprar-o-alquilar\/","og_site_name":"Ahorn Camp | Reisemobile und Kastenwagen","article_publisher":"https:\/\/www.facebook.com\/ahorn.wohnmobile\/","article_published_time":"2020-09-09T15:38:25+00:00","article_modified_time":"2024-04-03T14:55:06+00:00","og_image":[{"width":2560,"height":1707,"url":"https:\/\/ahorn-camp.de\/wp-content\/uploads\/2020\/09\/AC_Nordsee53-scaled.jpg","type":"image\/jpeg"}],"author":"ahorn_admin","twitter_card":"summary_large_image","twitter_misc":{"Escrito por":"ahorn_admin","Tiempo de lectura":"7 minutos"},"schema":{"@context":"https:\/\/schema.org","@graph":[{"@type":"Article","@id":"https:\/\/ahorn-camp.de\/kaufen-oder-mieten\/#article","isPartOf":{"@id":"https:\/\/ahorn-camp.de\/kaufen-oder-mieten\/"},"author":{"name":"ahorn_admin","@id":"https:\/\/ahorn-camp.de\/#\/schema\/person\/9b60761ba82d5cb8e6db215a88925044"},"headline":"Wohnmobil kaufen oder mieten?","datePublished":"2020-09-09T15:38:25+00:00","dateModified":"2024-04-03T14:55:06+00:00","mainEntityOfPage":{"@id":"https:\/\/ahorn-camp.de\/kaufen-oder-mieten\/"},"wordCount":1518,"publisher":{"@id":"https:\/\/ahorn-camp.de\/#organization"},"image":{"@id":"https:\/\/ahorn-camp.de\/kaufen-oder-mieten\/#primaryimage"},"thumbnailUrl":"https:\/\/ahorn-camp.de\/wp-content\/uploads\/2020\/09\/AC_Nordsee53-scaled.jpg","keywords":["Camping","Canada AE","solandpepper"],"articleSection":["Blog"],"inLanguage":"es"},{"@type":"WebPage","@id":"https:\/\/ahorn-camp.de\/kaufen-oder-mieten\/","url":"https:\/\/ahorn-camp.de\/kaufen-oder-mieten\/","name":"\u00bfComprar o alquilar una autocaravana? - Blog - Ahorn Camp GmbH &amp; Co. KG","isPartOf":{"@id":"https:\/\/ahorn-camp.de\/#website"},"primaryImageOfPage":{"@id":"https:\/\/ahorn-camp.de\/kaufen-oder-mieten\/#primaryimage"},"image":{"@id":"https:\/\/ahorn-camp.de\/kaufen-oder-mieten\/#primaryimage"},"thumbnailUrl":"https:\/\/ahorn-camp.de\/wp-content\/uploads\/2020\/09\/AC_Nordsee53-scaled.jpg","datePublished":"2020-09-09T15:38:25+00:00","dateModified":"2024-04-03T14:55:06+00:00","description":"\u00bfComprar una autocaravana o alquilarla primero? \u00a1Abordamos esta pregunta en nuestra entrada del blog!","breadcrumb":{"@id":"https:\/\/ahorn-camp.de\/kaufen-oder-mieten\/#breadcrumb"},"inLanguage":"es","potentialAction":[{"@type":"ReadAction","target":["https:\/\/ahorn-camp.de\/kaufen-oder-mieten\/"]}]},{"@type":"ImageObject","inLanguage":"es","@id":"https:\/\/ahorn-camp.de\/kaufen-oder-mieten\/#primaryimage","url":"https:\/\/ahorn-camp.de\/wp-content\/uploads\/2020\/09\/AC_Nordsee53-scaled.jpg","contentUrl":"https:\/\/ahorn-camp.de\/wp-content\/uploads\/2020\/09\/AC_Nordsee53-scaled.jpg","width":2560,"height":1707,"caption":"Alkoven Wohnmobil am Strand"},{"@type":"BreadcrumbList","@id":"https:\/\/ahorn-camp.de\/kaufen-oder-mieten\/#breadcrumb","itemListElement":[{"@type":"ListItem","position":1,"name":"Startseite","item":"https:\/\/ahorn-camp.de\/"},{"@type":"ListItem","position":2,"name":"Wohnmobil kaufen oder mieten?"}]},{"@type":"WebSite","@id":"https:\/\/ahorn-camp.de\/#website","url":"https:\/\/ahorn-camp.de\/","name":"Ahorn Camp | Autocaravanas y furgonetas camper","description":"Desde hace m\u00e1s de 30 a\u00f1os, la empresa familiar, Ahorn Camp en Speyer, comercializa con \u00e9xito caravanas y furgonetas camper a la mejor relaci\u00f3n calidad-precio.","publisher":{"@id":"https:\/\/ahorn-camp.de\/#organization"},"potentialAction":[{"@type":"SearchAction","target":{"@type":"EntryPoint","urlTemplate":"https:\/\/ahorn-camp.de\/?s={search_term_string}"},"query-input":{"@type":"PropertyValueSpecification","valueRequired":true,"valueName":"search_term_string"}}],"inLanguage":"es"},{"@type":"Organization","@id":"https:\/\/ahorn-camp.de\/#organization","name":"Ahorn Camp GmbH &amp; Co. KG","url":"https:\/\/ahorn-camp.de\/","logo":{"@type":"ImageObject","inLanguage":"es","@id":"https:\/\/ahorn-camp.de\/#\/schema\/logo\/image\/","url":"https:\/\/ahorn-camp.de\/wp-content\/uploads\/2018\/12\/Ahorn_Logo.jpg","contentUrl":"https:\/\/ahorn-camp.de\/wp-content\/uploads\/2018\/12\/Ahorn_Logo.jpg","width":1437,"height":1000,"caption":"Ahorn Camp GmbH & Co. KG"},"image":{"@id":"https:\/\/ahorn-camp.de\/#\/schema\/logo\/image\/"},"sameAs":["https:\/\/www.facebook.com\/ahorn.wohnmobile\/","https:\/\/www.instagram.com\/ahorn.camp\/","https:\/\/www.youtube.com\/channel\/UCPFbPCts1JJ_A1k9vyH0yOQ"]},{"@type":"Person","@id":"https:\/\/ahorn-camp.de\/#\/schema\/person\/9b60761ba82d5cb8e6db215a88925044","name":"ahorn_admin","image":{"@type":"ImageObject","inLanguage":"es","@id":"https:\/\/secure.gravatar.com\/avatar\/d96b9a078083b0c14cee48589feadd939c3cdd66547e2f3f1569470371daaaa5?s=96&d=mm&r=g","url":"https:\/\/secure.gravatar.com\/avatar\/d96b9a078083b0c14cee48589feadd939c3cdd66547e2f3f1569470371daaaa5?s=96&d=mm&r=g","contentUrl":"https:\/\/secure.gravatar.com\/avatar\/d96b9a078083b0c14cee48589feadd939c3cdd66547e2f3f1569470371daaaa5?s=96&d=mm&r=g","caption":"ahorn_admin"},"sameAs":["http:\/\/Ahorn%20Camp"],"url":"https:\/\/ahorn-camp.de\/es\/author\/ahorn_admin\/"}]}},"_links":{"self":[{"href":"https:\/\/ahorn-camp.de\/es\/wp-json\/wp\/v2\/posts\/7964","targetHints":{"allow":["GET"]}}],"collection":[{"href":"https:\/\/ahorn-camp.de\/es\/wp-json\/wp\/v2\/posts"}],"about":[{"href":"https:\/\/ahorn-camp.de\/es\/wp-json\/wp\/v2\/types\/post"}],"author":[{"embeddable":true,"href":"https:\/\/ahorn-camp.de\/es\/wp-json\/wp\/v2\/users\/2"}],"replies":[{"embeddable":true,"href":"https:\/\/ahorn-camp.de\/es\/wp-json\/wp\/v2\/comments?post=7964"}],"version-history":[{"count":0,"href":"https:\/\/ahorn-camp.de\/es\/wp-json\/wp\/v2\/posts\/7964\/revisions"}],"wp:featuredmedia":[{"embeddable":true,"href":"https:\/\/ahorn-camp.de\/es\/wp-json\/wp\/v2\/media\/8052"}],"wp:attachment":[{"href":"https:\/\/ahorn-camp.de\/es\/wp-json\/wp\/v2\/media?parent=7964"}],"wp:term":[{"taxonomy":"category","embeddable":true,"href":"https:\/\/ahorn-camp.de\/es\/wp-json\/wp\/v2\/categories?post=7964"},{"taxonomy":"post_tag","embeddable":true,"href":"https:\/\/ahorn-camp.de\/es\/wp-json\/wp\/v2\/tags?post=7964"}],"curies":[{"name":"wp","href":"https:\/\/api.w.org\/{rel}","templated":true}]}}