{"id":7844,"date":"2020-09-08T17:15:40","date_gmt":"2020-09-08T15:15:40","guid":{"rendered":"https:\/\/ahorn-camp.de\/?p=7844"},"modified":"2024-04-04T13:05:01","modified_gmt":"2024-04-04T11:05:01","slug":"campamento-sostenible","status":"publish","type":"post","link":"https:\/\/ahorn-camp.de\/es\/nachhaltiges-campen\/","title":{"rendered":"Camping sostenible"},"content":{"rendered":"<div class=\"wpb-content-wrapper\" id=\"wpb-content-root\"><div class=\"vc_row wpb_row vc_row-fluid\"><div class=\"wpb_column vc_column_container vc_col-sm-12\"><div class=\"vc_column-inner\"><div class=\"wpb_wrapper\">\n\t<div  class=\"wpb_single_image wpb_content_element vc_align_center wpb_content_element\">\n\t\t\n\t\t<figure class=\"wpb_wrapper vc_figure\">\n\t\t\t<div class=\"vc_single_image-wrapper\"><img fetchpriority=\"high\" decoding=\"async\" width=\"1024\" height=\"648\" src=\"https:\/\/ahorn-camp.de\/wp-content\/uploads\/2020\/03\/DSC_0351-scaled-e1585245553147-1024x648.jpg\" class=\"vc_single_image-img attachment-large\" alt=\"Vacaciones con un enfoque en la protecci\u00f3n del clima\" title=\"DSC_0351\" srcset=\"https:\/\/ahorn-camp.de\/wp-content\/uploads\/2020\/03\/DSC_0351-scaled-e1585245553147-1024x648.jpg 1024w, https:\/\/ahorn-camp.de\/wp-content\/uploads\/2020\/03\/DSC_0351-scaled-e1585245553147-300x190.jpg 300w, https:\/\/ahorn-camp.de\/wp-content\/uploads\/2020\/03\/DSC_0351-scaled-e1585245553147-768x486.jpg 768w, https:\/\/ahorn-camp.de\/wp-content\/uploads\/2020\/03\/DSC_0351-scaled-e1585245553147-1536x971.jpg 1536w, https:\/\/ahorn-camp.de\/wp-content\/uploads\/2020\/03\/DSC_0351-scaled-e1585245553147-2048x1295.jpg 2048w, https:\/\/ahorn-camp.de\/wp-content\/uploads\/2020\/03\/DSC_0351-scaled-e1585245553147-800x506.jpg 800w\" sizes=\"(max-width: 1024px) 100vw, 1024px\" \/><\/div>\n\t\t<\/figure>\n\t<\/div>\n\n\t<div class=\"wpb_text_column wpb_content_element\" >\n\t\t<div class=\"wpb_wrapper\">\n\t\t\t<p>El mundo est\u00e1 cada vez m\u00e1s interconectado, digitalizado y r\u00e1pido. Esto, por supuesto, tiene algunas ventajas para nosotros. Llegamos r\u00e1pidamente de A a B, un vuelo de Hamburgo a Berl\u00edn cuesta solo 30 euros y el crucero me lleva en una semana a todas las ciudades costeras de ensue\u00f1o del Mediterr\u00e1neo. Pero, \u00bfqu\u00e9 impacto tiene esto en nuestro medio ambiente, nuestra naturaleza y en nosotros los humanos? El 76 % de los cruceros m\u00e1s populares funcionan con fuel oil contaminante (NABU, 2018) y muchos estudios han demostrado que el ozono producido por los aviones permanece en la atm\u00f3sfera hasta 100 a\u00f1os. Tenemos que cambiar nuestra forma de viajar, de lo contrario, a largo plazo, no quedar\u00e1n paisajes monta\u00f1osos de un verde intenso ni lagos naturales helados. La mejor forma de viajar a largo plazo, sin duda, no es en avi\u00f3n o en crucero. La mejor y m\u00e1s respetuosa con el medio ambiente forma de viajar por Europa, siendo aut\u00f3nomo, libre y flexible, es el camping. En el siguiente texto descubrir\u00e1 c\u00f3mo puede hacer que sus vacaciones de camping sean a\u00fan m\u00e1s sostenibles en el futuro y, por lo tanto, contribuir a\u00fan m\u00e1s a cambiar el turismo y a vivir en armon\u00eda con la naturaleza.<\/p>\n\n\t\t<\/div>\n\t<\/div>\n<div class=\"vc_row wpb_row vc_inner vc_row-fluid\"><div class=\"wpb_column vc_column_container vc_col-sm-6\"><div class=\"vc_column-inner\"><div class=\"wpb_wrapper\">\n\t<div  class=\"wpb_single_image wpb_content_element vc_align_center wpb_content_element\">\n\t\t\n\t\t<figure class=\"wpb_wrapper vc_figure\">\n\t\t\t<div class=\"vc_single_image-wrapper\"><\/div>\n\t\t<\/figure>\n\t<\/div>\n<\/div><\/div><\/div><div class=\"wpb_column vc_column_container vc_col-sm-6\"><div class=\"vc_column-inner\"><div class=\"wpb_wrapper\">\n\t<div class=\"wpb_text_column wpb_content_element\" >\n\t\t<div class=\"wpb_wrapper\">\n\t\t\t<p><b>Compa\u00f1ero de viaje<\/b><\/p>\n<p>Nuestras autocaravanas Ahorn ofrecen espacio para toda la familia gracias a la distribuci\u00f3n \u00f3ptima de las habitaciones y a diversos trucos, como la cama abatible opcional o el comedor plegable. En muchas autocaravanas pueden viajar hasta cinco personas y en algunas incluso alojarse hasta siete personas. Aproveche este espacio y viaje de vacaciones en familia. No solo se mejora la huella de carbono, sino que tambi\u00e9n se pueden repartir los costos de combustible y las tarifas de acampada. Adem\u00e1s, viajar juntos es siempre lo m\u00e1s bonito. Si no tiene amigos o familiares que tengan tiempo para viajar con usted, tambi\u00e9n es posible ofrecer los asientos libres durante el viaje en una plataforma de coche compartido. As\u00ed conoce gente nueva, puede compartir los costos y quiz\u00e1s obtener algunas ideas para sus vacaciones.<\/p>\n\n\t\t<\/div>\n\t<\/div>\n<\/div><\/div><\/div><\/div><\/div><\/div><\/div><\/div><div class=\"vc_row wpb_row vc_row-fluid\"><div class=\"wpb_column vc_column_container vc_col-sm-6\"><div class=\"vc_column-inner\"><div class=\"wpb_wrapper\">\n\t<div  class=\"wpb_single_image wpb_content_element vc_align_center wpb_content_element\">\n\t\t\n\t\t<figure class=\"wpb_wrapper vc_figure\">\n\t\t\t<div class=\"vc_single_image-wrapper\"><img decoding=\"async\" width=\"1024\" height=\"947\" src=\"https:\/\/ahorn-camp.de\/wp-content\/uploads\/2020\/04\/Reisebericht_Wintercampen-Schweiz_2_Kochen-e1587976228926-1024x947.jpg\" class=\"vc_single_image-img attachment-large\" alt=\"Cocinar en autocaravana\" title=\"Informe de viaje_Acampada de invierno Suiza_2_Cocina\" srcset=\"https:\/\/ahorn-camp.de\/wp-content\/uploads\/2020\/04\/Reisebericht_Wintercampen-Schweiz_2_Kochen-e1587976228926-1024x947.jpg 1024w, https:\/\/ahorn-camp.de\/wp-content\/uploads\/2020\/04\/Reisebericht_Wintercampen-Schweiz_2_Kochen-e1587976228926-300x277.jpg 300w, https:\/\/ahorn-camp.de\/wp-content\/uploads\/2020\/04\/Reisebericht_Wintercampen-Schweiz_2_Kochen-e1587976228926-768x710.jpg 768w, https:\/\/ahorn-camp.de\/wp-content\/uploads\/2020\/04\/Reisebericht_Wintercampen-Schweiz_2_Kochen-e1587976228926-649x600.jpg 649w, https:\/\/ahorn-camp.de\/wp-content\/uploads\/2020\/04\/Reisebericht_Wintercampen-Schweiz_2_Kochen-e1587976228926-800x740.jpg 800w, https:\/\/ahorn-camp.de\/wp-content\/uploads\/2020\/04\/Reisebericht_Wintercampen-Schweiz_2_Kochen-e1587976228926.jpg 1500w\" sizes=\"(max-width: 1024px) 100vw, 1024px\" \/><\/div>\n\t\t<\/figure>\n\t<\/div>\n<\/div><\/div><\/div><div class=\"wpb_column vc_column_container vc_col-sm-6\"><div class=\"vc_column-inner\"><div class=\"wpb_wrapper\"><div class=\"vc_row wpb_row vc_inner vc_row-fluid\"><div class=\"wpb_column vc_column_container vc_col-sm-12\"><div class=\"vc_column-inner\"><div class=\"wpb_wrapper\">\n\t<div class=\"wpb_text_column wpb_content_element\" >\n\t\t<div class=\"wpb_wrapper\">\n\t\t\t<p><strong>Agua y electricidad\u00a0<\/strong><\/p>\n<p>Los factores m\u00e1s perjudiciales para el medio ambiente en unas vacaciones de hotel son probablemente el consumo de agua y electricidad. Las recepciones abiertas las 24 horas, las \u00e1reas de entrada con iluminaci\u00f3n brillante y los sistemas de aire acondicionado que funcionan las XNUMX horas del d\u00eda suponen un gran desaf\u00edo para el suministro de energ\u00eda de los hoteles. No se regula en funci\u00f3n del consumo individual, sino que se intenta ofrecer al hu\u00e9sped un paquete de todo incluido en cada situaci\u00f3n. Adem\u00e1s, est\u00e1 el cambio diario de cientos de toallas y ropa de cama, as\u00ed como el funcionamiento de spas, saunas o \u00e1reas de bienestar en muchos hoteles. La situaci\u00f3n es diferente en una autocaravana. Aqu\u00ed tiene la oportunidad de regular su propio consumo y adaptarlo a sus necesidades. Solo se consume lo necesario y el resto se almacena en el tanque. Aqu\u00ed puede tener cuidado de no iluminar toda el \u00e1rea interior por la noche, sino tambi\u00e9n encender una peque\u00f1a linterna para sentarse juntos c\u00f3modamente. Adem\u00e1s, al cerrar el agua mientras se cepilla los dientes y se enjabona al lavarse las manos, se pueden ahorrar hasta 2 litros de agua al d\u00eda. Para ahorrar agua al cocinar, las frutas y verduras deben lavarse en un bol, donde el agua se puede reutilizar en lugar de bajo agua corriente.<\/p>\n\n\t\t<\/div>\n\t<\/div>\n<\/div><\/div><\/div><\/div><\/div><\/div><\/div><\/div><div class=\"vc_row wpb_row vc_row-fluid\"><div class=\"wpb_column vc_column_container vc_col-sm-6\"><div class=\"vc_column-inner\"><div class=\"wpb_wrapper\">\n\t<div  class=\"wpb_single_image wpb_content_element vc_align_center wpb_content_element\">\n\t\t\n\t\t<figure class=\"wpb_wrapper vc_figure\">\n\t\t\t<div class=\"vc_single_image-wrapper\"><img decoding=\"async\" width=\"1024\" height=\"683\" src=\"https:\/\/ahorn-camp.de\/wp-content\/uploads\/2020\/08\/ahorn-camp-Events-Van-1024x683.jpg\" class=\"vc_single_image-img attachment-large\" alt=\"Ahorn Camp Camioneta\" title=\"Eventos Van Ahorn-Camp\" srcset=\"https:\/\/ahorn-camp.de\/wp-content\/uploads\/2020\/08\/ahorn-camp-Events-Van-1024x683.jpg 1024w, https:\/\/ahorn-camp.de\/wp-content\/uploads\/2020\/08\/ahorn-camp-Events-Van-300x200.jpg 300w, https:\/\/ahorn-camp.de\/wp-content\/uploads\/2020\/08\/ahorn-camp-Events-Van-768x512.jpg 768w, https:\/\/ahorn-camp.de\/wp-content\/uploads\/2020\/08\/ahorn-camp-Events-Van-800x533.jpg 800w, https:\/\/ahorn-camp.de\/wp-content\/uploads\/2020\/08\/ahorn-camp-Events-Van-1536x1024.jpg 1536w, https:\/\/ahorn-camp.de\/wp-content\/uploads\/2020\/08\/ahorn-camp-Events-Van-2048x1366.jpg 2048w\" sizes=\"(max-width: 1024px) 100vw, 1024px\" \/><\/div>\n\t\t<\/figure>\n\t<\/div>\n<\/div><\/div><\/div><div class=\"wpb_column vc_column_container vc_col-sm-6\"><div class=\"vc_column-inner\"><div class=\"wpb_wrapper\">\n\t<div class=\"wpb_text_column wpb_content_element\" >\n\t\t<div class=\"wpb_wrapper\">\n\t\t\t<p><strong>Consumo de combustible<\/strong><\/p>\n<p>El consumo de combustible es probablemente uno de los factores medioambientales sobre los que m\u00e1s se puede influir. Hay algunas cosas sencillas a tener en cuenta. Preste atenci\u00f3n, por ejemplo, a la presi\u00f3n de sus neum\u00e1ticos. En nuestros modelos Ahorn, esta debe estar siempre entre 4,5 bar delante y 4,8 bar detr\u00e1s. Adapte tambi\u00e9n su velocidad. Al fin y al cabo, est\u00e1 de vacaciones, no huyendo. Una regla general dice que la velocidad perfecta para viajes largos debe ser de un promedio de 100 km\/h para mantener el consumo de combustible lo m\u00e1s bajo posible. Otro punto que beneficia no solo a su balance medioambiental, sino tambi\u00e9n a su nivel de estr\u00e9s: evite los atascos. Lo mejor es empezar las vacaciones a primera hora de la ma\u00f1ana o a \u00faltima hora de la noche para evitar el tr\u00e1fico de hora punta. Consulte tambi\u00e9n la ruta de antemano para tener en cuenta cualquier desv\u00edo. Una vez llegado a su destino, con nuestros nuevos modelos Canada incluso podr\u00e1 sacar su bicicleta del garaje y recorrer distancias cortas en bicicleta o a pie. Muchos campings se encuentran a poca distancia de lugares bonitos o atractivos tur\u00edsticos, por lo que un paseo por la naturaleza tambi\u00e9n suele merecer la pena.<\/p>\n\n\t\t<\/div>\n\t<\/div>\n<\/div><\/div><\/div><\/div><div class=\"vc_row wpb_row vc_row-fluid\"><div class=\"wpb_column vc_column_container vc_col-sm-12\"><div class=\"vc_column-inner\"><div class=\"wpb_wrapper\"><div class=\"vc_row wpb_row vc_inner vc_row-fluid\"><div class=\"wpb_column vc_column_container vc_col-sm-6\"><div class=\"vc_column-inner\"><div class=\"wpb_wrapper\">\n\t<div  class=\"wpb_single_image wpb_content_element vc_align_center wpb_content_element\">\n\t\t\n\t\t<figure class=\"wpb_wrapper vc_figure\">\n\t\t\t<div class=\"vc_single_image-wrapper\"><img loading=\"lazy\" decoding=\"async\" width=\"1024\" height=\"768\" src=\"https:\/\/ahorn-camp.de\/wp-content\/uploads\/2020\/08\/IMG_20180919_175756-1024x768.jpg\" class=\"vc_single_image-img attachment-large\" alt=\"autocaravana semi-integral\" title=\"tos\" srcset=\"https:\/\/ahorn-camp.de\/wp-content\/uploads\/2020\/08\/IMG_20180919_175756-1024x768.jpg 1024w, https:\/\/ahorn-camp.de\/wp-content\/uploads\/2020\/08\/IMG_20180919_175756-300x225.jpg 300w, https:\/\/ahorn-camp.de\/wp-content\/uploads\/2020\/08\/IMG_20180919_175756-768x576.jpg 768w, https:\/\/ahorn-camp.de\/wp-content\/uploads\/2020\/08\/IMG_20180919_175756-800x600.jpg 800w, https:\/\/ahorn-camp.de\/wp-content\/uploads\/2020\/08\/IMG_20180919_175756-1536x1152.jpg 1536w, https:\/\/ahorn-camp.de\/wp-content\/uploads\/2020\/08\/IMG_20180919_175756-2048x1536.jpg 2048w, https:\/\/ahorn-camp.de\/wp-content\/uploads\/2020\/08\/IMG_20180919_175756-200x150.jpg 200w\" sizes=\"(max-width: 1024px) 100vw, 1024px\" \/><\/div>\n\t\t<\/figure>\n\t<\/div>\n<\/div><\/div><\/div><div class=\"wpb_column vc_column_container vc_col-sm-6\"><div class=\"vc_column-inner\"><div class=\"wpb_wrapper\">\n\t<div class=\"wpb_text_column wpb_content_element\" >\n\t\t<div class=\"wpb_wrapper\">\n\t\t\t<p><b>Elecci\u00f3n del camping\u00a0<\/b><\/p>\n<p>Por supuesto, los campings son siempre m\u00e1s sostenibles que los hoteles con estrellas. Pero incluso aqu\u00ed hay algunas diferencias. Algunos campings se han dedicado ahora al glamping y ofrecen, adem\u00e1s de parcelas, piscinas, bares e instalaciones sanitarias de alta calidad. A la hora de elegir un camping, puede prestar atenci\u00f3n a ciertas etiquetas para asegurarse de antemano de que el camping se orienta hacia la protecci\u00f3n del medio ambiente. Las etiquetas \u201cEtiqueta Ecol\u00f3gica Europea\u201d, \u201cGreen Key\u201d y \u201cGreen Globe\u201d indican que un camping presta atenci\u00f3n oficial a la sostenibilidad y no hay un consumo innecesario de electricidad y agua. Por lo tanto, si no solo quiere prestar atenci\u00f3n a su consumo durante el viaje, sino tambi\u00e9n mantener su huella ecol\u00f3gica lo m\u00e1s baja posible al llegar a su destino, inf\u00f3rmese de antemano si un camping ha sido galardonado con una de estas etiquetas.<\/p>\n\n\t\t<\/div>\n\t<\/div>\n<\/div><\/div><\/div><\/div><div class=\"vc_row wpb_row vc_inner vc_row-fluid\"><div class=\"wpb_column vc_column_container vc_col-sm-6\"><div class=\"vc_column-inner\"><div class=\"wpb_wrapper\">\n\t<div  class=\"wpb_single_image wpb_content_element vc_align_center wpb_content_element\">\n\t\t\n\t\t<figure class=\"wpb_wrapper vc_figure\">\n\t\t\t<div class=\"vc_single_image-wrapper\"><img loading=\"lazy\" decoding=\"async\" width=\"1024\" height=\"682\" src=\"https:\/\/ahorn-camp.de\/wp-content\/uploads\/2020\/03\/regional-einkaufen-1024x682.jpg\" class=\"vc_single_image-img attachment-large\" alt=\"\" title=\"comprar regional\" srcset=\"https:\/\/ahorn-camp.de\/wp-content\/uploads\/2020\/03\/regional-einkaufen-1024x682.jpg 1024w, https:\/\/ahorn-camp.de\/wp-content\/uploads\/2020\/03\/regional-einkaufen-300x200.jpg 300w, https:\/\/ahorn-camp.de\/wp-content\/uploads\/2020\/03\/regional-einkaufen-768x512.jpg 768w, https:\/\/ahorn-camp.de\/wp-content\/uploads\/2020\/03\/regional-einkaufen-1536x1024.jpg 1536w, https:\/\/ahorn-camp.de\/wp-content\/uploads\/2020\/03\/regional-einkaufen-800x533.jpg 800w, https:\/\/ahorn-camp.de\/wp-content\/uploads\/2020\/03\/regional-einkaufen.jpg 2000w\" sizes=\"(max-width: 1024px) 100vw, 1024px\" \/><\/div>\n\t\t<\/figure>\n\t<\/div>\n<\/div><\/div><\/div><div class=\"wpb_column vc_column_container vc_col-sm-6\"><div class=\"vc_column-inner\"><div class=\"wpb_wrapper\">\n\t<div class=\"wpb_text_column wpb_content_element\" >\n\t\t<div class=\"wpb_wrapper\">\n\t\t\t<p><b>Alimentos <\/b><\/p>\n<p>Uno se va de vacaciones para conocer el pa\u00eds y su gente. \u00bfQu\u00e9 es parte de eso? Por supuesto, tambi\u00e9n la comida regional. Aseg\u00farese de no llevarse todos los alimentos de casa. Por supuesto, nada impide tomar el caf\u00e9 de casa o el muesli favorito, pero aseg\u00farese de cocinar fresco y regional y de visitar de vez en cuando el mercado semanal local para obtener inspiraci\u00f3n, apoyar a los trabajadores locales y probar las delicias de la regi\u00f3n. Adem\u00e1s, debe asegurarse de ir en bicicleta con m\u00e1s frecuencia al supermercado m\u00e1s cercano en lugar de comprar demasiado a la vez. Aunque el frigor\u00edfico de los nuevos modelos Ahorn, con 140 litros, est\u00e1 muy bien construido, a pesar de ello, uno se equivoca a menudo al comprar y luego tiene que desechar alimentos.<\/p>\n\n\t\t<\/div>\n\t<\/div>\n<\/div><\/div><\/div><\/div><div class=\"vc_row wpb_row vc_inner vc_row-fluid\"><div class=\"wpb_column vc_column_container vc_col-sm-6\"><div class=\"vc_column-inner\"><div class=\"wpb_wrapper\">\n\t<div  class=\"wpb_single_image wpb_content_element vc_align_center wpb_content_element\">\n\t\t\n\t\t<figure class=\"wpb_wrapper vc_figure\">\n\t\t\t<div class=\"vc_single_image-wrapper\"><img loading=\"lazy\" decoding=\"async\" width=\"1024\" height=\"819\" src=\"https:\/\/ahorn-camp.de\/wp-content\/uploads\/2020\/04\/Reisebericht_Wintercampen-Schweiz_3-1024x819.jpg\" class=\"vc_single_image-img attachment-large\" alt=\"\" title=\"Informe de viaje_Acampada de invierno Suiza_3\" srcset=\"https:\/\/ahorn-camp.de\/wp-content\/uploads\/2020\/04\/Reisebericht_Wintercampen-Schweiz_3-1024x819.jpg 1024w, https:\/\/ahorn-camp.de\/wp-content\/uploads\/2020\/04\/Reisebericht_Wintercampen-Schweiz_3-300x240.jpg 300w, https:\/\/ahorn-camp.de\/wp-content\/uploads\/2020\/04\/Reisebericht_Wintercampen-Schweiz_3-768x614.jpg 768w, https:\/\/ahorn-camp.de\/wp-content\/uploads\/2020\/04\/Reisebericht_Wintercampen-Schweiz_3-750x600.jpg 750w, https:\/\/ahorn-camp.de\/wp-content\/uploads\/2020\/04\/Reisebericht_Wintercampen-Schweiz_3-800x640.jpg 800w, https:\/\/ahorn-camp.de\/wp-content\/uploads\/2020\/04\/Reisebericht_Wintercampen-Schweiz_3.jpg 1500w\" sizes=\"(max-width: 1024px) 100vw, 1024px\" \/><\/div>\n\t\t<\/figure>\n\t<\/div>\n<\/div><\/div><\/div><div class=\"wpb_column vc_column_container vc_col-sm-6\"><div class=\"vc_column-inner\"><div class=\"wpb_wrapper\">\n\t<div class=\"wpb_text_column wpb_content_element\" >\n\t\t<div class=\"wpb_wrapper\">\n\t\t\t<p><b>Equipo\u00a0<\/b><\/p>\n<p>El equipamiento para tu autocaravana personal es importante. Debes sentirte c\u00f3modo en tu caravana y tener siempre a mano todos los utensilios que necesites. Una mesa de camping, sillas y vajilla son esenciales. Pero la comunidad de campistas es grande y a menudo se puede beneficiar mutuamente. Uno compra sillas nuevas, el otro tiene que ampliar su juego de vajilla y al tercero ya no le gustan sus cuencos de cereales. Esto permite un animado intercambio y compra entre los amantes de los viajes. No siempre hay que comprar algo nuevo. Muchos art\u00edculos de segunda mano todav\u00eda est\u00e1n en muy buen estado y pueden ser suficientes para el principio. Los grupos relevantes de Facebook ofrecen la oportunidad de adquirir art\u00edculos de segunda mano en buen estado por poco dinero y as\u00ed mantener bajo tu propio consumo. Cada producto que puede ser reciclado y no termina en la basura es bueno para nuestro medio ambiente y t\u00fa ahorras dinero. Otra opci\u00f3n para la reutilizaci\u00f3n es la buena y vieja reparaci\u00f3n. No todo lo que est\u00e1 da\u00f1ado tiene que ir directamente al contenedor. Muchas cosas se pueden reparar y adem\u00e1s dar rienda suelta a la creatividad, para luego quiz\u00e1s incluso embellecer el coj\u00edn rasgado de la silla de camping con un motivo u otro.<\/p>\n\n\t\t<\/div>\n\t<\/div>\n<\/div><\/div><\/div><\/div><\/div><\/div><\/div><\/div><div class=\"vc_row wpb_row vc_row-fluid\"><div class=\"wpb_column vc_column_container vc_col-sm-12\"><div class=\"vc_column-inner\"><div class=\"wpb_wrapper\"><div class=\"vc_separator wpb_content_element vc_separator_align_center vc_sep_border_width_1 vc_sep_pos_align_center vc_separator_no_text wpb_content_element  wpb_content_element\"   style=\"width: 100%;\"><span class=\"vc_sep_holder vc_sep_holder_l\"><span class=\"vc_sep_line\"><\/span><\/span><span class=\"vc_sep_holder vc_sep_holder_r\"><span class=\"vc_sep_line\"><\/span><\/span>\n<\/div><div class=\"vc_row wpb_row vc_inner vc_row-fluid\"><div class=\"wpb_column vc_column_container vc_col-sm-6\"><div class=\"vc_column-inner\"><div class=\"wpb_wrapper\">\n\t<div  class=\"wpb_single_image wpb_content_element vc_align_left wpb_content_element\">\n\t\t\n\t\t<figure class=\"wpb_wrapper vc_figure\">\n\t\t\t<div class=\"vc_single_image-wrapper\"><img loading=\"lazy\" decoding=\"async\" width=\"1024\" height=\"575\" src=\"https:\/\/ahorn-camp.de\/wp-content\/uploads\/2020\/05\/ahorn-Van550-See-Abend\u00e4mmerung-1024x575.jpg\" class=\"vc_single_image-img attachment-large\" alt=\"\" title=\"ahorn-Van550-Ver-Atenuaci\u00f3n\" srcset=\"https:\/\/ahorn-camp.de\/wp-content\/uploads\/2020\/05\/ahorn-Van550-See-Abend\u00e4mmerung-1024x575.jpg 1024w, https:\/\/ahorn-camp.de\/wp-content\/uploads\/2020\/05\/ahorn-Van550-See-Abend\u00e4mmerung-300x169.jpg 300w, https:\/\/ahorn-camp.de\/wp-content\/uploads\/2020\/05\/ahorn-Van550-See-Abend\u00e4mmerung-768x432.jpg 768w, https:\/\/ahorn-camp.de\/wp-content\/uploads\/2020\/05\/ahorn-Van550-See-Abend\u00e4mmerung-800x450.jpg 800w, https:\/\/ahorn-camp.de\/wp-content\/uploads\/2020\/05\/ahorn-Van550-See-Abend\u00e4mmerung.jpg 1500w\" sizes=\"(max-width: 1024px) 100vw, 1024px\" \/><\/div>\n\t\t<\/figure>\n\t<\/div>\n<\/div><\/div><\/div><div class=\"wpb_column vc_column_container vc_col-sm-6\"><div class=\"vc_column-inner\"><div class=\"wpb_wrapper\">\n\t<div class=\"wpb_text_column wpb_content_element\" >\n\t\t<div class=\"wpb_wrapper\">\n\t\t\t<p><strong>Conclusi\u00f3n<\/strong><\/p>\n<p>Ver\u00e1, no es tan dif\u00edcil hacer que su viaje en autocaravana sea un poco m\u00e1s sostenible. El medio ambiente se lo agradecer\u00e1 y, la mayor\u00eda de las veces, es muy divertido inspirarse en la cocina regional, consumir menos combustible o transformar lo viejo en nuevo. Por supuesto, sabemos que no siempre se puede prestar atenci\u00f3n a todo y que a veces es realmente dif\u00edcil comportarse de forma ecol\u00f3gica. Pero si todos dan un peque\u00f1o paso en la direcci\u00f3n correcta, ya se habr\u00e1 hecho mucho.<\/p>\n\n\t\t<\/div>\n\t<\/div>\n<\/div><\/div><\/div><\/div><div class=\"vc_separator wpb_content_element vc_separator_align_center vc_sep_border_width_1 vc_sep_pos_align_center vc_separator_no_text wpb_content_element  wpb_content_element\"   style=\"width: 100%;\"><span class=\"vc_sep_holder vc_sep_holder_l\"><span class=\"vc_sep_line\"><\/span><\/span><span class=\"vc_sep_holder vc_sep_holder_r\"><span class=\"vc_sep_line\"><\/span><\/span>\n<\/div><\/div><\/div><\/div><\/div>\n<\/div>","protected":false},"excerpt":{"rendered":"<p>Las vacaciones de camping son una de las formas de viajar m\u00e1s sostenibles. Aqu\u00ed tienes algunos consejos y trucos para tu pr\u00f3xima escapada de camping ecol\u00f3gicamente responsable. <\/p>","protected":false},"author":2,"featured_media":7901,"comment_status":"closed","ping_status":"open","sticky":false,"template":"","format":"standard","meta":{"content-type":"","footnotes":""},"categories":[208],"tags":[77,275,274],"class_list":["post-7844","post","type-post","status-publish","format-standard","has-post-thumbnail","hentry","category-blog","tag-camping","tag-canada-ae","tag-solandpepper"],"yoast_head":"<!-- This site is optimized with the Yoast SEO plugin v28.4 - https:\/\/yoast.com\/product\/yoast-seo-wordpress\/ -->\n<title>Nachhaltiges Campen - Blog - Ahorn Camp GmbH &amp; Co. KG<\/title>\n<meta name=\"description\" content=\"Erfahren Sie in unserem Blogbeitrag \u00fcber nachhaltiges Reisen alles \u00fcber Tipps und Tricks wie das mit dem Camper m\u00f6glich ist!\" \/>\n<meta name=\"robots\" content=\"index, follow, max-snippet:-1, max-image-preview:large, max-video-preview:-1\" \/>\n<link rel=\"canonical\" href=\"https:\/\/ahorn-camp.de\/es\/campamento-sostenible\/\" \/>\n<meta property=\"og:locale\" content=\"es_ES\" \/>\n<meta property=\"og:type\" content=\"article\" \/>\n<meta property=\"og:title\" content=\"Nachhaltiges Campen - Blog - Ahorn Camp GmbH &amp; Co. KG\" \/>\n<meta property=\"og:description\" content=\"Erfahren Sie in unserem Blogbeitrag \u00fcber nachhaltiges Reisen alles \u00fcber Tipps und Tricks wie das mit dem Camper m\u00f6glich ist!\" \/>\n<meta property=\"og:url\" content=\"https:\/\/ahorn-camp.de\/es\/campamento-sostenible\/\" \/>\n<meta property=\"og:site_name\" content=\"Ahorn Camp | Reisemobile und Kastenwagen\" \/>\n<meta property=\"article:publisher\" content=\"https:\/\/www.facebook.com\/ahorn.wohnmobile\/\" \/>\n<meta property=\"article:published_time\" content=\"2020-09-08T15:15:40+00:00\" \/>\n<meta property=\"article:modified_time\" content=\"2024-04-04T11:05:01+00:00\" \/>\n<meta property=\"og:image\" content=\"https:\/\/ahorn-camp.de\/wp-content\/uploads\/2020\/09\/ahorn-camp-Alaska-Bluemoonthecrew-Berg-klein.jpg\" \/>\n\t<meta property=\"og:image:width\" content=\"1500\" \/>\n\t<meta property=\"og:image:height\" content=\"1000\" \/>\n\t<meta property=\"og:image:type\" content=\"image\/jpeg\" \/>\n<meta name=\"author\" content=\"ahorn_admin\" \/>\n<meta name=\"twitter:card\" content=\"summary_large_image\" \/>\n<meta name=\"twitter:label1\" content=\"Escrito por\" \/>\n\t<meta name=\"twitter:data1\" content=\"ahorn_admin\" \/>\n\t<meta name=\"twitter:label2\" content=\"Tiempo de lectura\" \/>\n\t<meta name=\"twitter:data2\" content=\"8 minutos\" \/>\n<script type=\"application\/ld+json\" class=\"yoast-schema-graph\">{\"@context\":\"https:\\\/\\\/schema.org\",\"@graph\":[{\"@type\":\"Article\",\"@id\":\"https:\\\/\\\/ahorn-camp.de\\\/nachhaltiges-campen\\\/#article\",\"isPartOf\":{\"@id\":\"https:\\\/\\\/ahorn-camp.de\\\/nachhaltiges-campen\\\/\"},\"author\":{\"name\":\"ahorn_admin\",\"@id\":\"https:\\\/\\\/ahorn-camp.de\\\/#\\\/schema\\\/person\\\/9b60761ba82d5cb8e6db215a88925044\"},\"headline\":\"Nachhaltiges Campen\",\"datePublished\":\"2020-09-08T15:15:40+00:00\",\"dateModified\":\"2024-04-04T11:05:01+00:00\",\"mainEntityOfPage\":{\"@id\":\"https:\\\/\\\/ahorn-camp.de\\\/nachhaltiges-campen\\\/\"},\"wordCount\":1614,\"publisher\":{\"@id\":\"https:\\\/\\\/ahorn-camp.de\\\/#organization\"},\"image\":{\"@id\":\"https:\\\/\\\/ahorn-camp.de\\\/nachhaltiges-campen\\\/#primaryimage\"},\"thumbnailUrl\":\"https:\\\/\\\/ahorn-camp.de\\\/wp-content\\\/uploads\\\/2020\\\/09\\\/ahorn-camp-Alaska-Bluemoonthecrew-Berg-klein.jpg\",\"keywords\":[\"Camping\",\"Canada AE\",\"solandpepper\"],\"articleSection\":[\"Blog\"],\"inLanguage\":\"es\"},{\"@type\":\"WebPage\",\"@id\":\"https:\\\/\\\/ahorn-camp.de\\\/nachhaltiges-campen\\\/\",\"url\":\"https:\\\/\\\/ahorn-camp.de\\\/nachhaltiges-campen\\\/\",\"name\":\"Nachhaltiges Campen - Blog - Ahorn Camp GmbH & Co. KG\",\"isPartOf\":{\"@id\":\"https:\\\/\\\/ahorn-camp.de\\\/#website\"},\"primaryImageOfPage\":{\"@id\":\"https:\\\/\\\/ahorn-camp.de\\\/nachhaltiges-campen\\\/#primaryimage\"},\"image\":{\"@id\":\"https:\\\/\\\/ahorn-camp.de\\\/nachhaltiges-campen\\\/#primaryimage\"},\"thumbnailUrl\":\"https:\\\/\\\/ahorn-camp.de\\\/wp-content\\\/uploads\\\/2020\\\/09\\\/ahorn-camp-Alaska-Bluemoonthecrew-Berg-klein.jpg\",\"datePublished\":\"2020-09-08T15:15:40+00:00\",\"dateModified\":\"2024-04-04T11:05:01+00:00\",\"description\":\"Erfahren Sie in unserem Blogbeitrag \u00fcber nachhaltiges Reisen alles \u00fcber Tipps und Tricks wie das mit dem Camper m\u00f6glich ist!\",\"breadcrumb\":{\"@id\":\"https:\\\/\\\/ahorn-camp.de\\\/nachhaltiges-campen\\\/#breadcrumb\"},\"inLanguage\":\"es\",\"potentialAction\":[{\"@type\":\"ReadAction\",\"target\":[\"https:\\\/\\\/ahorn-camp.de\\\/nachhaltiges-campen\\\/\"]}]},{\"@type\":\"ImageObject\",\"inLanguage\":\"es\",\"@id\":\"https:\\\/\\\/ahorn-camp.de\\\/nachhaltiges-campen\\\/#primaryimage\",\"url\":\"https:\\\/\\\/ahorn-camp.de\\\/wp-content\\\/uploads\\\/2020\\\/09\\\/ahorn-camp-Alaska-Bluemoonthecrew-Berg-klein.jpg\",\"contentUrl\":\"https:\\\/\\\/ahorn-camp.de\\\/wp-content\\\/uploads\\\/2020\\\/09\\\/ahorn-camp-Alaska-Bluemoonthecrew-Berg-klein.jpg\",\"width\":1500,\"height\":1000,\"caption\":\"Bild von Ahorn Alaska vor den Bergen\"},{\"@type\":\"BreadcrumbList\",\"@id\":\"https:\\\/\\\/ahorn-camp.de\\\/nachhaltiges-campen\\\/#breadcrumb\",\"itemListElement\":[{\"@type\":\"ListItem\",\"position\":1,\"name\":\"Startseite\",\"item\":\"https:\\\/\\\/ahorn-camp.de\\\/\"},{\"@type\":\"ListItem\",\"position\":2,\"name\":\"Nachhaltiges Campen\"}]},{\"@type\":\"WebSite\",\"@id\":\"https:\\\/\\\/ahorn-camp.de\\\/#website\",\"url\":\"https:\\\/\\\/ahorn-camp.de\\\/\",\"name\":\"Ahorn Camp | Reisemobile und Kastenwagen\",\"description\":\"Seit \u00fcber 30 Jahren vermarktet das Familienunternehmen, Ahorn Camp in Speyer, erfolgreich Wohnmobile und Kastenwagen zum besten Preis-Leistungsverh\u00e4ltnis.\",\"publisher\":{\"@id\":\"https:\\\/\\\/ahorn-camp.de\\\/#organization\"},\"potentialAction\":[{\"@type\":\"SearchAction\",\"target\":{\"@type\":\"EntryPoint\",\"urlTemplate\":\"https:\\\/\\\/ahorn-camp.de\\\/?s={search_term_string}\"},\"query-input\":{\"@type\":\"PropertyValueSpecification\",\"valueRequired\":true,\"valueName\":\"search_term_string\"}}],\"inLanguage\":\"es\"},{\"@type\":\"Organization\",\"@id\":\"https:\\\/\\\/ahorn-camp.de\\\/#organization\",\"name\":\"Ahorn Camp GmbH & Co. KG\",\"url\":\"https:\\\/\\\/ahorn-camp.de\\\/\",\"logo\":{\"@type\":\"ImageObject\",\"inLanguage\":\"es\",\"@id\":\"https:\\\/\\\/ahorn-camp.de\\\/#\\\/schema\\\/logo\\\/image\\\/\",\"url\":\"https:\\\/\\\/ahorn-camp.de\\\/wp-content\\\/uploads\\\/2018\\\/12\\\/Ahorn_Logo.jpg\",\"contentUrl\":\"https:\\\/\\\/ahorn-camp.de\\\/wp-content\\\/uploads\\\/2018\\\/12\\\/Ahorn_Logo.jpg\",\"width\":1437,\"height\":1000,\"caption\":\"Ahorn Camp GmbH & Co. KG\"},\"image\":{\"@id\":\"https:\\\/\\\/ahorn-camp.de\\\/#\\\/schema\\\/logo\\\/image\\\/\"},\"sameAs\":[\"https:\\\/\\\/www.facebook.com\\\/ahorn.wohnmobile\\\/\",\"https:\\\/\\\/www.instagram.com\\\/ahorn.camp\\\/\",\"https:\\\/\\\/www.youtube.com\\\/channel\\\/UCPFbPCts1JJ_A1k9vyH0yOQ\"]},{\"@type\":\"Person\",\"@id\":\"https:\\\/\\\/ahorn-camp.de\\\/#\\\/schema\\\/person\\\/9b60761ba82d5cb8e6db215a88925044\",\"name\":\"ahorn_admin\",\"image\":{\"@type\":\"ImageObject\",\"inLanguage\":\"es\",\"@id\":\"https:\\\/\\\/secure.gravatar.com\\\/avatar\\\/d96b9a078083b0c14cee48589feadd939c3cdd66547e2f3f1569470371daaaa5?s=96&d=mm&r=g\",\"url\":\"https:\\\/\\\/secure.gravatar.com\\\/avatar\\\/d96b9a078083b0c14cee48589feadd939c3cdd66547e2f3f1569470371daaaa5?s=96&d=mm&r=g\",\"contentUrl\":\"https:\\\/\\\/secure.gravatar.com\\\/avatar\\\/d96b9a078083b0c14cee48589feadd939c3cdd66547e2f3f1569470371daaaa5?s=96&d=mm&r=g\",\"caption\":\"ahorn_admin\"},\"sameAs\":[\"http:\\\/\\\/Ahorn%20Camp\"],\"url\":\"https:\\\/\\\/ahorn-camp.de\\\/es\\\/author\\\/ahorn_admin\\\/\"}]}<\/script>\n<!-- \/ Yoast SEO plugin. -->","yoast_head_json":{"title":"Acampada sostenible - Blog - Ahorn Camp GmbH &amp; Co. KG","description":"\u00a1Aprende todo sobre consejos y trucos para viajar de forma sostenible en nuestro post del blog, incluyendo c\u00f3mo hacerlo con una camper!","robots":{"index":"index","follow":"follow","max-snippet":"max-snippet:-1","max-image-preview":"max-image-preview:large","max-video-preview":"max-video-preview:-1"},"canonical":"https:\/\/ahorn-camp.de\/es\/campamento-sostenible\/","og_locale":"es_ES","og_type":"article","og_title":"Nachhaltiges Campen - Blog - Ahorn Camp GmbH & Co. KG","og_description":"Erfahren Sie in unserem Blogbeitrag \u00fcber nachhaltiges Reisen alles \u00fcber Tipps und Tricks wie das mit dem Camper m\u00f6glich ist!","og_url":"https:\/\/ahorn-camp.de\/es\/campamento-sostenible\/","og_site_name":"Ahorn Camp | Reisemobile und Kastenwagen","article_publisher":"https:\/\/www.facebook.com\/ahorn.wohnmobile\/","article_published_time":"2020-09-08T15:15:40+00:00","article_modified_time":"2024-04-04T11:05:01+00:00","og_image":[{"width":1500,"height":1000,"url":"https:\/\/ahorn-camp.de\/wp-content\/uploads\/2020\/09\/ahorn-camp-Alaska-Bluemoonthecrew-Berg-klein.jpg","type":"image\/jpeg"}],"author":"ahorn_admin","twitter_card":"summary_large_image","twitter_misc":{"Escrito por":"ahorn_admin","Tiempo de lectura":"8 minutos"},"schema":{"@context":"https:\/\/schema.org","@graph":[{"@type":"Article","@id":"https:\/\/ahorn-camp.de\/nachhaltiges-campen\/#article","isPartOf":{"@id":"https:\/\/ahorn-camp.de\/nachhaltiges-campen\/"},"author":{"name":"ahorn_admin","@id":"https:\/\/ahorn-camp.de\/#\/schema\/person\/9b60761ba82d5cb8e6db215a88925044"},"headline":"Nachhaltiges Campen","datePublished":"2020-09-08T15:15:40+00:00","dateModified":"2024-04-04T11:05:01+00:00","mainEntityOfPage":{"@id":"https:\/\/ahorn-camp.de\/nachhaltiges-campen\/"},"wordCount":1614,"publisher":{"@id":"https:\/\/ahorn-camp.de\/#organization"},"image":{"@id":"https:\/\/ahorn-camp.de\/nachhaltiges-campen\/#primaryimage"},"thumbnailUrl":"https:\/\/ahorn-camp.de\/wp-content\/uploads\/2020\/09\/ahorn-camp-Alaska-Bluemoonthecrew-Berg-klein.jpg","keywords":["Camping","Canada AE","solandpepper"],"articleSection":["Blog"],"inLanguage":"es"},{"@type":"WebPage","@id":"https:\/\/ahorn-camp.de\/nachhaltiges-campen\/","url":"https:\/\/ahorn-camp.de\/nachhaltiges-campen\/","name":"Acampada sostenible - Blog - Ahorn Camp GmbH &amp; Co. KG","isPartOf":{"@id":"https:\/\/ahorn-camp.de\/#website"},"primaryImageOfPage":{"@id":"https:\/\/ahorn-camp.de\/nachhaltiges-campen\/#primaryimage"},"image":{"@id":"https:\/\/ahorn-camp.de\/nachhaltiges-campen\/#primaryimage"},"thumbnailUrl":"https:\/\/ahorn-camp.de\/wp-content\/uploads\/2020\/09\/ahorn-camp-Alaska-Bluemoonthecrew-Berg-klein.jpg","datePublished":"2020-09-08T15:15:40+00:00","dateModified":"2024-04-04T11:05:01+00:00","description":"\u00a1Aprende todo sobre consejos y trucos para viajar de forma sostenible en nuestro post del blog, incluyendo c\u00f3mo hacerlo con una camper!","breadcrumb":{"@id":"https:\/\/ahorn-camp.de\/nachhaltiges-campen\/#breadcrumb"},"inLanguage":"es","potentialAction":[{"@type":"ReadAction","target":["https:\/\/ahorn-camp.de\/nachhaltiges-campen\/"]}]},{"@type":"ImageObject","inLanguage":"es","@id":"https:\/\/ahorn-camp.de\/nachhaltiges-campen\/#primaryimage","url":"https:\/\/ahorn-camp.de\/wp-content\/uploads\/2020\/09\/ahorn-camp-Alaska-Bluemoonthecrew-Berg-klein.jpg","contentUrl":"https:\/\/ahorn-camp.de\/wp-content\/uploads\/2020\/09\/ahorn-camp-Alaska-Bluemoonthecrew-Berg-klein.jpg","width":1500,"height":1000,"caption":"Bild von Ahorn Alaska vor den Bergen"},{"@type":"BreadcrumbList","@id":"https:\/\/ahorn-camp.de\/nachhaltiges-campen\/#breadcrumb","itemListElement":[{"@type":"ListItem","position":1,"name":"Startseite","item":"https:\/\/ahorn-camp.de\/"},{"@type":"ListItem","position":2,"name":"Nachhaltiges Campen"}]},{"@type":"WebSite","@id":"https:\/\/ahorn-camp.de\/#website","url":"https:\/\/ahorn-camp.de\/","name":"Ahorn Camp | Autocaravanas y furgonetas camper","description":"Desde hace m\u00e1s de 30 a\u00f1os, la empresa familiar, Ahorn Camp en Speyer, comercializa con \u00e9xito caravanas y furgonetas camper a la mejor relaci\u00f3n calidad-precio.","publisher":{"@id":"https:\/\/ahorn-camp.de\/#organization"},"potentialAction":[{"@type":"SearchAction","target":{"@type":"EntryPoint","urlTemplate":"https:\/\/ahorn-camp.de\/?s={search_term_string}"},"query-input":{"@type":"PropertyValueSpecification","valueRequired":true,"valueName":"search_term_string"}}],"inLanguage":"es"},{"@type":"Organization","@id":"https:\/\/ahorn-camp.de\/#organization","name":"Ahorn Camp GmbH &amp; Co. KG","url":"https:\/\/ahorn-camp.de\/","logo":{"@type":"ImageObject","inLanguage":"es","@id":"https:\/\/ahorn-camp.de\/#\/schema\/logo\/image\/","url":"https:\/\/ahorn-camp.de\/wp-content\/uploads\/2018\/12\/Ahorn_Logo.jpg","contentUrl":"https:\/\/ahorn-camp.de\/wp-content\/uploads\/2018\/12\/Ahorn_Logo.jpg","width":1437,"height":1000,"caption":"Ahorn Camp GmbH & Co. KG"},"image":{"@id":"https:\/\/ahorn-camp.de\/#\/schema\/logo\/image\/"},"sameAs":["https:\/\/www.facebook.com\/ahorn.wohnmobile\/","https:\/\/www.instagram.com\/ahorn.camp\/","https:\/\/www.youtube.com\/channel\/UCPFbPCts1JJ_A1k9vyH0yOQ"]},{"@type":"Person","@id":"https:\/\/ahorn-camp.de\/#\/schema\/person\/9b60761ba82d5cb8e6db215a88925044","name":"ahorn_admin","image":{"@type":"ImageObject","inLanguage":"es","@id":"https:\/\/secure.gravatar.com\/avatar\/d96b9a078083b0c14cee48589feadd939c3cdd66547e2f3f1569470371daaaa5?s=96&d=mm&r=g","url":"https:\/\/secure.gravatar.com\/avatar\/d96b9a078083b0c14cee48589feadd939c3cdd66547e2f3f1569470371daaaa5?s=96&d=mm&r=g","contentUrl":"https:\/\/secure.gravatar.com\/avatar\/d96b9a078083b0c14cee48589feadd939c3cdd66547e2f3f1569470371daaaa5?s=96&d=mm&r=g","caption":"ahorn_admin"},"sameAs":["http:\/\/Ahorn%20Camp"],"url":"https:\/\/ahorn-camp.de\/es\/author\/ahorn_admin\/"}]}},"_links":{"self":[{"href":"https:\/\/ahorn-camp.de\/es\/wp-json\/wp\/v2\/posts\/7844","targetHints":{"allow":["GET"]}}],"collection":[{"href":"https:\/\/ahorn-camp.de\/es\/wp-json\/wp\/v2\/posts"}],"about":[{"href":"https:\/\/ahorn-camp.de\/es\/wp-json\/wp\/v2\/types\/post"}],"author":[{"embeddable":true,"href":"https:\/\/ahorn-camp.de\/es\/wp-json\/wp\/v2\/users\/2"}],"replies":[{"embeddable":true,"href":"https:\/\/ahorn-camp.de\/es\/wp-json\/wp\/v2\/comments?post=7844"}],"version-history":[{"count":0,"href":"https:\/\/ahorn-camp.de\/es\/wp-json\/wp\/v2\/posts\/7844\/revisions"}],"wp:featuredmedia":[{"embeddable":true,"href":"https:\/\/ahorn-camp.de\/es\/wp-json\/wp\/v2\/media\/7901"}],"wp:attachment":[{"href":"https:\/\/ahorn-camp.de\/es\/wp-json\/wp\/v2\/media?parent=7844"}],"wp:term":[{"taxonomy":"category","embeddable":true,"href":"https:\/\/ahorn-camp.de\/es\/wp-json\/wp\/v2\/categories?post=7844"},{"taxonomy":"post_tag","embeddable":true,"href":"https:\/\/ahorn-camp.de\/es\/wp-json\/wp\/v2\/tags?post=7844"}],"curies":[{"name":"wp","href":"https:\/\/api.w.org\/{rel}","templated":true}]}}