{"id":6318,"date":"2020-05-25T12:37:19","date_gmt":"2020-05-25T10:37:19","guid":{"rendered":"https:\/\/ahorn-camp.de\/?p=6318"},"modified":"2022-04-26T10:20:39","modified_gmt":"2022-04-26T08:20:39","slug":"por-primera-vez-de-viaje-en-autocaravana","status":"publish","type":"post","link":"https:\/\/ahorn-camp.de\/es\/zum-ersten-mal-unterwegs-mit-dem-reisemobil\/","title":{"rendered":"Mi primera vacaci\u00f3n en autocaravana"},"content":{"rendered":"<div><strong><img fetchpriority=\"high\" decoding=\"async\" class=\"alignnone size-full wp-image-5970\" src=\"https:\/\/ahorn-camp.de\/wp-content\/uploads\/2020\/05\/ahorn-Van550-See-Abend\u00e4mmerung.jpg\" alt=\"\" width=\"1500\" height=\"843\" srcset=\"https:\/\/ahorn-camp.de\/wp-content\/uploads\/2020\/05\/ahorn-Van550-See-Abend\u00e4mmerung.jpg 1500w, https:\/\/ahorn-camp.de\/wp-content\/uploads\/2020\/05\/ahorn-Van550-See-Abend\u00e4mmerung-300x169.jpg 300w, https:\/\/ahorn-camp.de\/wp-content\/uploads\/2020\/05\/ahorn-Van550-See-Abend\u00e4mmerung-1024x575.jpg 1024w, https:\/\/ahorn-camp.de\/wp-content\/uploads\/2020\/05\/ahorn-Van550-See-Abend\u00e4mmerung-768x432.jpg 768w, https:\/\/ahorn-camp.de\/wp-content\/uploads\/2020\/05\/ahorn-Van550-See-Abend\u00e4mmerung-800x450.jpg 800w\" sizes=\"(max-width: 1500px) 100vw, 1500px\" \/>Ya sea alquilado o comprado: Quienes esperan con ansias sus primeras vacaciones en autocaravana est\u00e1n emocionados y llenos de anticipaci\u00f3n. Pero tambi\u00e9n hay algunas cosas a tener en cuenta. A continuaci\u00f3n, respondemos las preguntas m\u00e1s importantes para los reci\u00e9n llegados.\u00a0<\/strong><\/div>\n<div><\/div>\n<div>\n<div>\n<h5>\u00bfQu\u00e9 permiso de conducir se necesita para conducir una caravana?<\/h5>\n<p>Una licencia de conducir antigua clase 3 o una clase B anterior a 1999 autoriza a conducir autocaravanas de hasta 7,5 toneladas. Con una licencia clase B posterior a 1999, solo se permiten hasta 3,5 toneladas. Para veh\u00edculos m\u00e1s pesados, se requiere la clase C1 o, en el caso de autocaravanas de lujo totalmente integradas, la clase B96. En el caso de autocaravanas alquiladas, tambi\u00e9n pueden existir l\u00edmites de edad m\u00ednima, como 21 o 25 a\u00f1os, o bien un tiempo m\u00ednimo durante el cual el conductor debe poseer la licencia.<\/p>\n<div>\n<h5>\u00bfQu\u00e9 no puede faltar en el equipaje bajo ning\u00fan concepto?<\/h5>\n<p>Muy importantes son un cable de alimentaci\u00f3n CEE, un adaptador y una bobina de cable, apta para uso exterior. As\u00ed, la autocaravana se puede conectar a la electricidad m\u00e1s f\u00e1cilmente en las parcelas. Con cu\u00f1as de nivelaci\u00f3n se puede compensar el terreno irregular. Una alfombrilla desplegable de protecci\u00f3n solar evita que la cabina del conductor se caliente demasiado. Adem\u00e1s, las maletas r\u00edgidas son muy poco pr\u00e1cticas, ya que ocupan mucho espacio y son dif\u00edciles de guardar. Es mejor usar bolsas deportivas que se puedan plegar vac\u00edas. Tambi\u00e9n son \u00fatiles las toallas de microfibra: En la zona h\u00fameda, la humedad puede dispararse r\u00e1pidamente al ducharse. Mientras que las toallas normales se empapan r\u00e1pidamente, las toallas de microfibra permanecen agradablemente secas y tambi\u00e9n se secan m\u00e1s r\u00e1pido despu\u00e9s de su uso.<\/p>\n<h5>\u00bfSe puede llevar tanto equipaje como se quiera?<\/h5>\n<div>\n<p><img decoding=\"async\" class=\"alignnone wp-image-6012\" src=\"https:\/\/ahorn-camp.de\/wp-content\/uploads\/2020\/05\/Ahorn-Van550-Vanlife-Packen-1500.jpg\" alt=\"\" width=\"600\" height=\"437\" srcset=\"https:\/\/ahorn-camp.de\/wp-content\/uploads\/2020\/05\/Ahorn-Van550-Vanlife-Packen-1500.jpg 1500w, https:\/\/ahorn-camp.de\/wp-content\/uploads\/2020\/05\/Ahorn-Van550-Vanlife-Packen-1500-300x218.jpg 300w, https:\/\/ahorn-camp.de\/wp-content\/uploads\/2020\/05\/Ahorn-Van550-Vanlife-Packen-1500-1024x745.jpg 1024w, https:\/\/ahorn-camp.de\/wp-content\/uploads\/2020\/05\/Ahorn-Van550-Vanlife-Packen-1500-768x559.jpg 768w, https:\/\/ahorn-camp.de\/wp-content\/uploads\/2020\/05\/Ahorn-Van550-Vanlife-Packen-1500-800x582.jpg 800w\" sizes=\"(max-width: 600px) 100vw, 600px\" \/><\/p>\n<p>Las autocaravanas, con sus numerosas opciones de almacenamiento, invitan a llevar cosas adicionales. Sin embargo, la carga \u00fatil est\u00e1 limitada, a menudo a 400 kilos, y el peso corporal de los viajeros tambi\u00e9n cuenta. Especialmente en las vacaciones familiares, se debe tener cuidado de no llevar demasiado equipaje. Tambi\u00e9n es \u00fatil vaciar el tanque de aguas residuales con frecuencia y no llenar completamente el tanque de agua dulce, sino solo hasta el nivel necesario, lo que ahorra peso. Adem\u00e1s, la carga pesada, como conservas o botellas de gas, siempre debe almacenarse cerca del suelo y lo m\u00e1s cerca posible del eje, mientras que los objetos ligeros deben colocarse en la parte superior. Las cajas de almacenamiento evitan que los objetos se deslicen de un lado a otro durante el viaje.<\/p>\n<h5>Aguas residuales y agua dulce: \u00bfc\u00f3mo funciona exactamente?<\/h5>\n<p>Una autocaravana suele tener tanques separados: al principio del viaje, el de agua dulce (al menos un poco) debe estar lleno y el de aguas residuales vac\u00edo. Este \u00faltimo se llena cuando se consume agua al lavarse las manos, ducharse y fregar (aguas grises). El repostaje o vaciado se realiza en estaciones de servicio especiales, en campings y \u00e1reas de autocaravanas, \u00e1reas de descanso o gasolineras. All\u00ed suele haber una conexi\u00f3n de manguera para rellenar agua dulce y un sumidero especial donde se pueden verter las aguas residuales. Tambi\u00e9n se puede vaciar y limpiar el inodoro qu\u00edmico (aguas negras). Bajo ninguna circunstancia se deben verter aguas grises o negras en un sumidero normal; de lo contrario, podr\u00eda haber multas.<\/p>\n<div>\n<h5>\u00bfQu\u00e9 se debe tener en cuenta al conducir?<\/h5>\n<p>En una autocaravana, la maniobrabilidad, el comportamiento en curva, la distancia de frenado y la visibilidad son diferentes a los de un coche. Por lo tanto, incluso los conductores que viajan con frecuencia deber\u00edan realizar pruebas de conducci\u00f3n de antemano, preferiblemente incluso con carga, para simular de manera \u00f3ptima las caracter\u00edsticas de conducci\u00f3n. Algunas maniobras como el radio de giro, los giros, las maniobras y el estacionamiento se pueden probar bien en un aparcamiento vac\u00edo y grande. Por lo dem\u00e1s, tambi\u00e9n se recomienda un curso de conducci\u00f3n y seguridad profesional en una pista de pr\u00e1cticas de tr\u00e1fico.<\/p>\n<\/div>\n<div>\n<div class=\"textBlock\">\n<h5>\u00bfHay otras opciones de alojamiento adem\u00e1s de los campings oficiales, por ejemplo, si los campings est\u00e1n cerrados debido a la pandemia de coronavirus?<\/h5>\n<\/div>\n<div class=\"textBlock\">\n<p><img decoding=\"async\" class=\"alignnone wp-image-6333\" src=\"https:\/\/ahorn-camp.de\/wp-content\/uploads\/2020\/05\/Ahorn-Camp-Van-620-Toskana.jpg\" alt=\"\" width=\"600\" height=\"400\" srcset=\"https:\/\/ahorn-camp.de\/wp-content\/uploads\/2020\/05\/Ahorn-Camp-Van-620-Toskana.jpg 1500w, https:\/\/ahorn-camp.de\/wp-content\/uploads\/2020\/05\/Ahorn-Camp-Van-620-Toskana-300x200.jpg 300w, https:\/\/ahorn-camp.de\/wp-content\/uploads\/2020\/05\/Ahorn-Camp-Van-620-Toskana-1024x683.jpg 1024w, https:\/\/ahorn-camp.de\/wp-content\/uploads\/2020\/05\/Ahorn-Camp-Van-620-Toskana-768x512.jpg 768w, https:\/\/ahorn-camp.de\/wp-content\/uploads\/2020\/05\/Ahorn-Camp-Van-620-Toskana-800x533.jpg 800w\" sizes=\"(max-width: 600px) 100vw, 600px\" \/><\/p>\n<p>En algunas regiones, agricultores, viticultores o incluso particulares ofrecen plazas de aparcamiento para alquilar. La mayor\u00eda de las veces es posible pasar una o dos noches en una plaza de aparcamiento p\u00fablica sin previo aviso. Algunas son gratuitas, otras requieren comprar un ticket de aparcamiento. Tambi\u00e9n hay diferencias en el nivel de servicio: en algunos casos, es simplemente un aparcamiento, mientras que otras plazas de aparcamiento ofrecen, por ejemplo, conexi\u00f3n de agua o electricidad, un lugar para vaciar el inodoro qu\u00edmico, mesas de picnic, ba\u00f1os p\u00fablicos o incluso duchas. <a href=\"https:\/\/ahorn-camp.de\/es\/autark-in-una-caravana\/\">Aqu\u00ed<\/a> encuentra m\u00e1s informaci\u00f3n y consejos sobre el camping autosuficiente.<\/p>\n<div>\n<h5>\u00bfPuedo aparcar mi autocaravana en el arc\u00e9n durante la noche?<\/h5>\n<p>Esto var\u00eda de un pa\u00eds a otro. En Alemania, generalmente se puede estacionar el veh\u00edculo en el arc\u00e9n hasta diez horas para descansar en \u00e9l, lo que suele ser v\u00e1lido tambi\u00e9n durante la noche. Sin embargo, las estancias m\u00e1s largas a menudo no est\u00e1n permitidas.<\/p>\n<h5>\u00bfExisten restricciones sobre d\u00f3nde se pueden aparcar las autocaravanas?<\/h5>\n<p>Es muy recomendable prestar atenci\u00f3n a la se\u00f1alizaci\u00f3n. En Alemania, si se ve la se\u00f1al \u201cS\u00f3lo para turismos\u201d, la mayor\u00eda de las autocaravanas quedan excluidas; s\u00f3lo los veh\u00edculos muy peque\u00f1os y compactos todav\u00eda se consideran turismos. El l\u00edmite correspondiente es un peso de 2,8 toneladas. Dado que la mayor\u00eda de las autocaravanas pesan m\u00e1s, se consideran veh\u00edculos especiales. Esto tambi\u00e9n se puede leer en el permiso de circulaci\u00f3n. Si en la se\u00f1al pone \u201cAparcamiento\u201d, las autocaravanas tambi\u00e9n pueden utilizarlo. Sin embargo, acampar no suele estar permitido; por lo tanto, por ejemplo, no se pueden colocar mesas y sillas debajo de un toldo extendido. Tambi\u00e9n es importante observar de cerca la entrada al aparcamiento. En algunos casos, hay barreras para evitar que los veh\u00edculos altos entren en el recinto.<\/p>\n<h5>\u00bfEst\u00e1 permitido correr o acostarse a dormir durante el viaje? \u00bfY qu\u00e9 pasa con las mascotas?<\/h5>\n<div>\n<p><img loading=\"lazy\" decoding=\"async\" class=\"alignnone wp-image-6332\" src=\"https:\/\/ahorn-camp.de\/wp-content\/uploads\/2020\/05\/AHORN-ALASKA-TQ-Plus-20190074-Bearbeitet.jpg\" alt=\"\" width=\"600\" height=\"400\" srcset=\"https:\/\/ahorn-camp.de\/wp-content\/uploads\/2020\/05\/AHORN-ALASKA-TQ-Plus-20190074-Bearbeitet.jpg 1500w, https:\/\/ahorn-camp.de\/wp-content\/uploads\/2020\/05\/AHORN-ALASKA-TQ-Plus-20190074-Bearbeitet-300x200.jpg 300w, https:\/\/ahorn-camp.de\/wp-content\/uploads\/2020\/05\/AHORN-ALASKA-TQ-Plus-20190074-Bearbeitet-1024x683.jpg 1024w, https:\/\/ahorn-camp.de\/wp-content\/uploads\/2020\/05\/AHORN-ALASKA-TQ-Plus-20190074-Bearbeitet-768x512.jpg 768w, https:\/\/ahorn-camp.de\/wp-content\/uploads\/2020\/05\/AHORN-ALASKA-TQ-Plus-20190074-Bearbeitet-800x533.jpg 800w\" sizes=\"(max-width: 600px) 100vw, 600px\" \/><\/p>\n<p>Al igual que con otros veh\u00edculos, es obligatorio abrocharse el cintur\u00f3n de seguridad durante la marcha. Por lo tanto, el n\u00famero de pasajeros est\u00e1 limitado al n\u00famero de asientos con cintur\u00f3n de seguridad. Los pasajeros que midan menos tambi\u00e9n deben sentarse en una silla para ni\u00f1os, como en un coche, y los perros y gatos deben ir en transportines. No est\u00e1 permitido moverse por el veh\u00edculo ni acostarse en ninguna de las camas.<\/p>\n<h5>\u00bfCu\u00e1nta gasolina consume una autocaravana?<\/h5>\n<p>Esto depende, por supuesto, de varios factores como el tipo de veh\u00edculo y motor, el peso, el estado de los neum\u00e1ticos y el estilo de conducci\u00f3n. Como regla general, se debe esperar un consumo de entre 9 y 16 litros por cada 100 kil\u00f3metros.<\/p>\n<p>Una autocaravana semi-integral de Ahorn Camp sobre base Master, por ejemplo, consume un promedio de 9,3 litros por cada 100 kil\u00f3metros en ciclo combinado.<\/p>\n<h5>\u00bfQu\u00e9 significa parcialmente y totalmente integrado, y qu\u00e9 es una alcoba?<\/h5>\n<p>bei <a href=\"https:\/\/ahorn-camp.de\/es\/ahorn-reisemobile\/teilintegrierte-reisemobile\/\" target=\"_blank\" rel=\"noFollow noopener noreferrer\">modelos parcialmente integrados<\/a> la cabina del conductor es la misma que la del veh\u00edculo en el que se basa originalmente la autocaravana. En una autocaravana totalmente integrada, esta zona tambi\u00e9n se ha reconstruido por completo. Al <a href=\"https:\/\/ahorn-camp.de\/es\/ahorn-reisemobile\/alkoven-reisemobile\/\">Alkoven <\/a>se denomina la alcoba sobre la cabina del conductor, f\u00e1cilmente reconocible desde el exterior como una protuberancia distintiva. All\u00ed, generalmente dos personas pueden dormir c\u00f3modamente. Se accede a la cabina a trav\u00e9s de una escalera en el interior del veh\u00edculo. Para aquellos que deseen averiguar qu\u00e9 tipo de autocaravana se adapta mejor a sus h\u00e1bitos y requisitos, <a href=\"https:\/\/ahorn-camp.de\/es\/que-autocaravana-es-adecuada-para-mi\/\" rel=\"noFollow noopener\">Aqu\u00ed hay una buena ayuda para la toma de decisiones.<\/a>.<\/p>\n<p>Este art\u00edculo es en cooperaci\u00f3n con <a href=\"https:\/\/www.focus.de\/reisen\/camping\/\" target=\"_blank\" rel=\"noopener noreferrer\">Enfoque en l\u00ednea<\/a> surgi\u00f3.<\/p>\n<\/div>\n<\/div>\n<\/div>\n<\/div>\n<\/div>\n<\/div>\n<\/div>\n<\/div>","protected":false},"excerpt":{"rendered":"<p>Egal, ob gemietet oder gekauft: Wer seinem ersten Urlaub mit einem Reisemobil entgegenblickt, ist aufgeregt und voller Vorfreude. Doch es gibt auch einige Dinge zu beachten. Folgend beantworten wir die wichtigsten Fragen.<\/p>","protected":false},"author":2,"featured_media":5970,"comment_status":"closed","ping_status":"open","sticky":false,"template":"","format":"standard","meta":{"content-type":"","footnotes":""},"categories":[208],"tags":[],"class_list":["post-6318","post","type-post","status-publish","format-standard","has-post-thumbnail","hentry","category-blog"],"yoast_head":"<!-- This site is optimized with the Yoast SEO plugin v27.4 - https:\/\/yoast.com\/product\/yoast-seo-wordpress\/ -->\n<title>Mein erster Wohnmobilurlaub - Blog - Ahorn Camp<\/title>\n<meta name=\"description\" content=\"Wer seinem ersten Urlaub mit einem Reisemobil entgegenblickt, ist aufgeregt und voller Vorfreude. Doch es gibt auch einige Dinge zu beachten.\" \/>\n<meta name=\"robots\" content=\"noindex, nofollow\" \/>\n<meta property=\"og:locale\" content=\"es_ES\" \/>\n<meta property=\"og:type\" content=\"article\" \/>\n<meta property=\"og:title\" content=\"Mein erster Wohnmobilurlaub - Blog - Ahorn Camp\" \/>\n<meta property=\"og:description\" content=\"Wer seinem ersten Urlaub mit einem Reisemobil entgegenblickt, ist aufgeregt und voller Vorfreude. Doch es gibt auch einige Dinge zu beachten.\" \/>\n<meta property=\"og:url\" content=\"https:\/\/www.focus.de\/reisen\/camping\/gesponsert\/infos-fuer-anfaenger-zum-ersten-mal-unterwegs-mit-dem-reisemobil-die-wichtigsten-fragen-und-antworten_id_12009309.html\" \/>\n<meta property=\"og:site_name\" content=\"Ahorn Camp | Reisemobile und Kastenwagen\" \/>\n<meta property=\"article:publisher\" content=\"https:\/\/www.facebook.com\/ahorn.wohnmobile\/\" \/>\n<meta property=\"article:published_time\" content=\"2020-05-25T10:37:19+00:00\" \/>\n<meta property=\"article:modified_time\" content=\"2022-04-26T08:20:39+00:00\" \/>\n<meta property=\"og:image\" content=\"https:\/\/ahorn-camp.de\/wp-content\/uploads\/2020\/05\/ahorn-Van550-See-Abend\u00e4mmerung.jpg\" \/>\n\t<meta property=\"og:image:width\" content=\"1500\" \/>\n\t<meta property=\"og:image:height\" content=\"843\" \/>\n\t<meta property=\"og:image:type\" content=\"image\/jpeg\" \/>\n<meta name=\"author\" content=\"ahorn_admin\" \/>\n<meta name=\"twitter:card\" content=\"summary_large_image\" \/>\n<meta name=\"twitter:label1\" content=\"Escrito por\" \/>\n\t<meta name=\"twitter:data1\" content=\"ahorn_admin\" \/>\n\t<meta name=\"twitter:label2\" content=\"Tiempo de lectura\" \/>\n\t<meta name=\"twitter:data2\" content=\"7 minutos\" \/>\n<script type=\"application\/ld+json\" class=\"yoast-schema-graph\">{\"@context\":\"https:\\\/\\\/schema.org\",\"@graph\":[{\"@type\":\"Article\",\"@id\":\"https:\\\/\\\/www.focus.de\\\/reisen\\\/camping\\\/gesponsert\\\/infos-fuer-anfaenger-zum-ersten-mal-unterwegs-mit-dem-reisemobil-die-wichtigsten-fragen-und-antworten_id_12009309.html#article\",\"isPartOf\":{\"@id\":\"https:\\\/\\\/ahorn-camp.de\\\/zum-ersten-mal-unterwegs-mit-dem-reisemobil\\\/\"},\"author\":{\"name\":\"ahorn_admin\",\"@id\":\"https:\\\/\\\/ahorn-camp.de\\\/#\\\/schema\\\/person\\\/9b60761ba82d5cb8e6db215a88925044\"},\"headline\":\"Mein erster Wohnmobilurlaub\",\"datePublished\":\"2020-05-25T10:37:19+00:00\",\"dateModified\":\"2022-04-26T08:20:39+00:00\",\"mainEntityOfPage\":{\"@id\":\"https:\\\/\\\/ahorn-camp.de\\\/zum-ersten-mal-unterwegs-mit-dem-reisemobil\\\/\"},\"wordCount\":1132,\"publisher\":{\"@id\":\"https:\\\/\\\/ahorn-camp.de\\\/#organization\"},\"image\":{\"@id\":\"https:\\\/\\\/www.focus.de\\\/reisen\\\/camping\\\/gesponsert\\\/infos-fuer-anfaenger-zum-ersten-mal-unterwegs-mit-dem-reisemobil-die-wichtigsten-fragen-und-antworten_id_12009309.html#primaryimage\"},\"thumbnailUrl\":\"https:\\\/\\\/ahorn-camp.de\\\/wp-content\\\/uploads\\\/2020\\\/05\\\/ahorn-Van550-See-Abend\u00e4mmerung.jpg\",\"articleSection\":[\"Blog\"],\"inLanguage\":\"es\"},{\"@type\":\"WebPage\",\"@id\":\"https:\\\/\\\/ahorn-camp.de\\\/zum-ersten-mal-unterwegs-mit-dem-reisemobil\\\/\",\"url\":\"https:\\\/\\\/www.focus.de\\\/reisen\\\/camping\\\/gesponsert\\\/infos-fuer-anfaenger-zum-ersten-mal-unterwegs-mit-dem-reisemobil-die-wichtigsten-fragen-und-antworten_id_12009309.html\",\"name\":\"Mein erster Wohnmobilurlaub - Blog - Ahorn Camp\",\"isPartOf\":{\"@id\":\"https:\\\/\\\/ahorn-camp.de\\\/#website\"},\"primaryImageOfPage\":{\"@id\":\"https:\\\/\\\/www.focus.de\\\/reisen\\\/camping\\\/gesponsert\\\/infos-fuer-anfaenger-zum-ersten-mal-unterwegs-mit-dem-reisemobil-die-wichtigsten-fragen-und-antworten_id_12009309.html#primaryimage\"},\"image\":{\"@id\":\"https:\\\/\\\/www.focus.de\\\/reisen\\\/camping\\\/gesponsert\\\/infos-fuer-anfaenger-zum-ersten-mal-unterwegs-mit-dem-reisemobil-die-wichtigsten-fragen-und-antworten_id_12009309.html#primaryimage\"},\"thumbnailUrl\":\"https:\\\/\\\/ahorn-camp.de\\\/wp-content\\\/uploads\\\/2020\\\/05\\\/ahorn-Van550-See-Abend\u00e4mmerung.jpg\",\"datePublished\":\"2020-05-25T10:37:19+00:00\",\"dateModified\":\"2022-04-26T08:20:39+00:00\",\"description\":\"Wer seinem ersten Urlaub mit einem Reisemobil entgegenblickt, ist aufgeregt und voller Vorfreude. Doch es gibt auch einige Dinge zu beachten.\",\"breadcrumb\":{\"@id\":\"https:\\\/\\\/www.focus.de\\\/reisen\\\/camping\\\/gesponsert\\\/infos-fuer-anfaenger-zum-ersten-mal-unterwegs-mit-dem-reisemobil-die-wichtigsten-fragen-und-antworten_id_12009309.html#breadcrumb\"},\"inLanguage\":\"es\",\"potentialAction\":[{\"@type\":\"ReadAction\",\"target\":[\"https:\\\/\\\/www.focus.de\\\/reisen\\\/camping\\\/gesponsert\\\/infos-fuer-anfaenger-zum-ersten-mal-unterwegs-mit-dem-reisemobil-die-wichtigsten-fragen-und-antworten_id_12009309.html\"]}]},{\"@type\":\"ImageObject\",\"inLanguage\":\"es\",\"@id\":\"https:\\\/\\\/www.focus.de\\\/reisen\\\/camping\\\/gesponsert\\\/infos-fuer-anfaenger-zum-ersten-mal-unterwegs-mit-dem-reisemobil-die-wichtigsten-fragen-und-antworten_id_12009309.html#primaryimage\",\"url\":\"https:\\\/\\\/ahorn-camp.de\\\/wp-content\\\/uploads\\\/2020\\\/05\\\/ahorn-Van550-See-Abend\u00e4mmerung.jpg\",\"contentUrl\":\"https:\\\/\\\/ahorn-camp.de\\\/wp-content\\\/uploads\\\/2020\\\/05\\\/ahorn-Van550-See-Abend\u00e4mmerung.jpg\",\"width\":1500,\"height\":843},{\"@type\":\"BreadcrumbList\",\"@id\":\"https:\\\/\\\/www.focus.de\\\/reisen\\\/camping\\\/gesponsert\\\/infos-fuer-anfaenger-zum-ersten-mal-unterwegs-mit-dem-reisemobil-die-wichtigsten-fragen-und-antworten_id_12009309.html#breadcrumb\",\"itemListElement\":[{\"@type\":\"ListItem\",\"position\":1,\"name\":\"Startseite\",\"item\":\"https:\\\/\\\/ahorn-camp.de\\\/\"},{\"@type\":\"ListItem\",\"position\":2,\"name\":\"Mein erster Wohnmobilurlaub\"}]},{\"@type\":\"WebSite\",\"@id\":\"https:\\\/\\\/ahorn-camp.de\\\/#website\",\"url\":\"https:\\\/\\\/ahorn-camp.de\\\/\",\"name\":\"Ahorn Camp | Reisemobile und Kastenwagen\",\"description\":\"Seit \u00fcber 30 Jahren vermarktet das Familienunternehmen, Ahorn Camp in Speyer, erfolgreich Wohnmobile und Kastenwagen zum besten Preis-Leistungsverh\u00e4ltnis.\",\"publisher\":{\"@id\":\"https:\\\/\\\/ahorn-camp.de\\\/#organization\"},\"potentialAction\":[{\"@type\":\"SearchAction\",\"target\":{\"@type\":\"EntryPoint\",\"urlTemplate\":\"https:\\\/\\\/ahorn-camp.de\\\/?s={search_term_string}\"},\"query-input\":{\"@type\":\"PropertyValueSpecification\",\"valueRequired\":true,\"valueName\":\"search_term_string\"}}],\"inLanguage\":\"es\"},{\"@type\":\"Organization\",\"@id\":\"https:\\\/\\\/ahorn-camp.de\\\/#organization\",\"name\":\"Ahorn Camp GmbH & Co. KG\",\"url\":\"https:\\\/\\\/ahorn-camp.de\\\/\",\"logo\":{\"@type\":\"ImageObject\",\"inLanguage\":\"es\",\"@id\":\"https:\\\/\\\/ahorn-camp.de\\\/#\\\/schema\\\/logo\\\/image\\\/\",\"url\":\"https:\\\/\\\/ahorn-camp.de\\\/wp-content\\\/uploads\\\/2018\\\/12\\\/Ahorn_Logo.jpg\",\"contentUrl\":\"https:\\\/\\\/ahorn-camp.de\\\/wp-content\\\/uploads\\\/2018\\\/12\\\/Ahorn_Logo.jpg\",\"width\":1437,\"height\":1000,\"caption\":\"Ahorn Camp GmbH & Co. KG\"},\"image\":{\"@id\":\"https:\\\/\\\/ahorn-camp.de\\\/#\\\/schema\\\/logo\\\/image\\\/\"},\"sameAs\":[\"https:\\\/\\\/www.facebook.com\\\/ahorn.wohnmobile\\\/\",\"https:\\\/\\\/www.instagram.com\\\/ahorn.camp\\\/\",\"https:\\\/\\\/www.youtube.com\\\/channel\\\/UCPFbPCts1JJ_A1k9vyH0yOQ\"]},{\"@type\":\"Person\",\"@id\":\"https:\\\/\\\/ahorn-camp.de\\\/#\\\/schema\\\/person\\\/9b60761ba82d5cb8e6db215a88925044\",\"name\":\"ahorn_admin\",\"image\":{\"@type\":\"ImageObject\",\"inLanguage\":\"es\",\"@id\":\"https:\\\/\\\/secure.gravatar.com\\\/avatar\\\/d96b9a078083b0c14cee48589feadd939c3cdd66547e2f3f1569470371daaaa5?s=96&d=mm&r=g\",\"url\":\"https:\\\/\\\/secure.gravatar.com\\\/avatar\\\/d96b9a078083b0c14cee48589feadd939c3cdd66547e2f3f1569470371daaaa5?s=96&d=mm&r=g\",\"contentUrl\":\"https:\\\/\\\/secure.gravatar.com\\\/avatar\\\/d96b9a078083b0c14cee48589feadd939c3cdd66547e2f3f1569470371daaaa5?s=96&d=mm&r=g\",\"caption\":\"ahorn_admin\"},\"sameAs\":[\"http:\\\/\\\/Ahorn%20Camp\"],\"url\":\"https:\\\/\\\/ahorn-camp.de\\\/es\\\/author\\\/ahorn_admin\\\/\"}]}<\/script>\n<!-- \/ Yoast SEO plugin. -->","yoast_head_json":{"title":"Mi primer d\u00eda de vacaciones en autocaravana - Blog - Ahorn Camp","description":"Quien espera sus primeras vacaciones en autocaravana est\u00e1 entusiasmado y lleno de anticipaci\u00f3n. Pero tambi\u00e9n hay algunas cosas a tener en cuenta.","robots":{"index":"noindex","follow":"nofollow"},"og_locale":"es_ES","og_type":"article","og_title":"Mein erster Wohnmobilurlaub - Blog - Ahorn Camp","og_description":"Wer seinem ersten Urlaub mit einem Reisemobil entgegenblickt, ist aufgeregt und voller Vorfreude. Doch es gibt auch einige Dinge zu beachten.","og_url":"https:\/\/www.focus.de\/reisen\/camping\/gesponsert\/infos-fuer-anfaenger-zum-ersten-mal-unterwegs-mit-dem-reisemobil-die-wichtigsten-fragen-und-antworten_id_12009309.html","og_site_name":"Ahorn Camp | Reisemobile und Kastenwagen","article_publisher":"https:\/\/www.facebook.com\/ahorn.wohnmobile\/","article_published_time":"2020-05-25T10:37:19+00:00","article_modified_time":"2022-04-26T08:20:39+00:00","og_image":[{"width":1500,"height":843,"url":"https:\/\/ahorn-camp.de\/wp-content\/uploads\/2020\/05\/ahorn-Van550-See-Abend\u00e4mmerung.jpg","type":"image\/jpeg"}],"author":"ahorn_admin","twitter_card":"summary_large_image","twitter_misc":{"Escrito por":"ahorn_admin","Tiempo de lectura":"7 minutos"},"schema":{"@context":"https:\/\/schema.org","@graph":[{"@type":"Article","@id":"https:\/\/www.focus.de\/reisen\/camping\/gesponsert\/infos-fuer-anfaenger-zum-ersten-mal-unterwegs-mit-dem-reisemobil-die-wichtigsten-fragen-und-antworten_id_12009309.html#article","isPartOf":{"@id":"https:\/\/ahorn-camp.de\/zum-ersten-mal-unterwegs-mit-dem-reisemobil\/"},"author":{"name":"ahorn_admin","@id":"https:\/\/ahorn-camp.de\/#\/schema\/person\/9b60761ba82d5cb8e6db215a88925044"},"headline":"Mein erster Wohnmobilurlaub","datePublished":"2020-05-25T10:37:19+00:00","dateModified":"2022-04-26T08:20:39+00:00","mainEntityOfPage":{"@id":"https:\/\/ahorn-camp.de\/zum-ersten-mal-unterwegs-mit-dem-reisemobil\/"},"wordCount":1132,"publisher":{"@id":"https:\/\/ahorn-camp.de\/#organization"},"image":{"@id":"https:\/\/www.focus.de\/reisen\/camping\/gesponsert\/infos-fuer-anfaenger-zum-ersten-mal-unterwegs-mit-dem-reisemobil-die-wichtigsten-fragen-und-antworten_id_12009309.html#primaryimage"},"thumbnailUrl":"https:\/\/ahorn-camp.de\/wp-content\/uploads\/2020\/05\/ahorn-Van550-See-Abend\u00e4mmerung.jpg","articleSection":["Blog"],"inLanguage":"es"},{"@type":"WebPage","@id":"https:\/\/ahorn-camp.de\/zum-ersten-mal-unterwegs-mit-dem-reisemobil\/","url":"https:\/\/www.focus.de\/reisen\/camping\/gesponsert\/infos-fuer-anfaenger-zum-ersten-mal-unterwegs-mit-dem-reisemobil-die-wichtigsten-fragen-und-antworten_id_12009309.html","name":"Mi primer d\u00eda de vacaciones en autocaravana - Blog - Ahorn Camp","isPartOf":{"@id":"https:\/\/ahorn-camp.de\/#website"},"primaryImageOfPage":{"@id":"https:\/\/www.focus.de\/reisen\/camping\/gesponsert\/infos-fuer-anfaenger-zum-ersten-mal-unterwegs-mit-dem-reisemobil-die-wichtigsten-fragen-und-antworten_id_12009309.html#primaryimage"},"image":{"@id":"https:\/\/www.focus.de\/reisen\/camping\/gesponsert\/infos-fuer-anfaenger-zum-ersten-mal-unterwegs-mit-dem-reisemobil-die-wichtigsten-fragen-und-antworten_id_12009309.html#primaryimage"},"thumbnailUrl":"https:\/\/ahorn-camp.de\/wp-content\/uploads\/2020\/05\/ahorn-Van550-See-Abend\u00e4mmerung.jpg","datePublished":"2020-05-25T10:37:19+00:00","dateModified":"2022-04-26T08:20:39+00:00","description":"Quien espera sus primeras vacaciones en autocaravana est\u00e1 entusiasmado y lleno de anticipaci\u00f3n. Pero tambi\u00e9n hay algunas cosas a tener en cuenta.","breadcrumb":{"@id":"https:\/\/www.focus.de\/reisen\/camping\/gesponsert\/infos-fuer-anfaenger-zum-ersten-mal-unterwegs-mit-dem-reisemobil-die-wichtigsten-fragen-und-antworten_id_12009309.html#breadcrumb"},"inLanguage":"es","potentialAction":[{"@type":"ReadAction","target":["https:\/\/www.focus.de\/reisen\/camping\/gesponsert\/infos-fuer-anfaenger-zum-ersten-mal-unterwegs-mit-dem-reisemobil-die-wichtigsten-fragen-und-antworten_id_12009309.html"]}]},{"@type":"ImageObject","inLanguage":"es","@id":"https:\/\/www.focus.de\/reisen\/camping\/gesponsert\/infos-fuer-anfaenger-zum-ersten-mal-unterwegs-mit-dem-reisemobil-die-wichtigsten-fragen-und-antworten_id_12009309.html#primaryimage","url":"https:\/\/ahorn-camp.de\/wp-content\/uploads\/2020\/05\/ahorn-Van550-See-Abend\u00e4mmerung.jpg","contentUrl":"https:\/\/ahorn-camp.de\/wp-content\/uploads\/2020\/05\/ahorn-Van550-See-Abend\u00e4mmerung.jpg","width":1500,"height":843},{"@type":"BreadcrumbList","@id":"https:\/\/www.focus.de\/reisen\/camping\/gesponsert\/infos-fuer-anfaenger-zum-ersten-mal-unterwegs-mit-dem-reisemobil-die-wichtigsten-fragen-und-antworten_id_12009309.html#breadcrumb","itemListElement":[{"@type":"ListItem","position":1,"name":"Startseite","item":"https:\/\/ahorn-camp.de\/"},{"@type":"ListItem","position":2,"name":"Mein erster Wohnmobilurlaub"}]},{"@type":"WebSite","@id":"https:\/\/ahorn-camp.de\/#website","url":"https:\/\/ahorn-camp.de\/","name":"Ahorn Camp | Autocaravanas y furgonetas camper","description":"Desde hace m\u00e1s de 30 a\u00f1os, la empresa familiar, Ahorn Camp en Speyer, comercializa con \u00e9xito caravanas y furgonetas camper a la mejor relaci\u00f3n calidad-precio.","publisher":{"@id":"https:\/\/ahorn-camp.de\/#organization"},"potentialAction":[{"@type":"SearchAction","target":{"@type":"EntryPoint","urlTemplate":"https:\/\/ahorn-camp.de\/?s={search_term_string}"},"query-input":{"@type":"PropertyValueSpecification","valueRequired":true,"valueName":"search_term_string"}}],"inLanguage":"es"},{"@type":"Organization","@id":"https:\/\/ahorn-camp.de\/#organization","name":"Ahorn Camp GmbH &amp; Co. KG","url":"https:\/\/ahorn-camp.de\/","logo":{"@type":"ImageObject","inLanguage":"es","@id":"https:\/\/ahorn-camp.de\/#\/schema\/logo\/image\/","url":"https:\/\/ahorn-camp.de\/wp-content\/uploads\/2018\/12\/Ahorn_Logo.jpg","contentUrl":"https:\/\/ahorn-camp.de\/wp-content\/uploads\/2018\/12\/Ahorn_Logo.jpg","width":1437,"height":1000,"caption":"Ahorn Camp GmbH & Co. KG"},"image":{"@id":"https:\/\/ahorn-camp.de\/#\/schema\/logo\/image\/"},"sameAs":["https:\/\/www.facebook.com\/ahorn.wohnmobile\/","https:\/\/www.instagram.com\/ahorn.camp\/","https:\/\/www.youtube.com\/channel\/UCPFbPCts1JJ_A1k9vyH0yOQ"]},{"@type":"Person","@id":"https:\/\/ahorn-camp.de\/#\/schema\/person\/9b60761ba82d5cb8e6db215a88925044","name":"ahorn_admin","image":{"@type":"ImageObject","inLanguage":"es","@id":"https:\/\/secure.gravatar.com\/avatar\/d96b9a078083b0c14cee48589feadd939c3cdd66547e2f3f1569470371daaaa5?s=96&d=mm&r=g","url":"https:\/\/secure.gravatar.com\/avatar\/d96b9a078083b0c14cee48589feadd939c3cdd66547e2f3f1569470371daaaa5?s=96&d=mm&r=g","contentUrl":"https:\/\/secure.gravatar.com\/avatar\/d96b9a078083b0c14cee48589feadd939c3cdd66547e2f3f1569470371daaaa5?s=96&d=mm&r=g","caption":"ahorn_admin"},"sameAs":["http:\/\/Ahorn%20Camp"],"url":"https:\/\/ahorn-camp.de\/es\/author\/ahorn_admin\/"}]}},"_links":{"self":[{"href":"https:\/\/ahorn-camp.de\/es\/wp-json\/wp\/v2\/posts\/6318","targetHints":{"allow":["GET"]}}],"collection":[{"href":"https:\/\/ahorn-camp.de\/es\/wp-json\/wp\/v2\/posts"}],"about":[{"href":"https:\/\/ahorn-camp.de\/es\/wp-json\/wp\/v2\/types\/post"}],"author":[{"embeddable":true,"href":"https:\/\/ahorn-camp.de\/es\/wp-json\/wp\/v2\/users\/2"}],"replies":[{"embeddable":true,"href":"https:\/\/ahorn-camp.de\/es\/wp-json\/wp\/v2\/comments?post=6318"}],"version-history":[{"count":0,"href":"https:\/\/ahorn-camp.de\/es\/wp-json\/wp\/v2\/posts\/6318\/revisions"}],"wp:featuredmedia":[{"embeddable":true,"href":"https:\/\/ahorn-camp.de\/es\/wp-json\/wp\/v2\/media\/5970"}],"wp:attachment":[{"href":"https:\/\/ahorn-camp.de\/es\/wp-json\/wp\/v2\/media?parent=6318"}],"wp:term":[{"taxonomy":"category","embeddable":true,"href":"https:\/\/ahorn-camp.de\/es\/wp-json\/wp\/v2\/categories?post=6318"},{"taxonomy":"post_tag","embeddable":true,"href":"https:\/\/ahorn-camp.de\/es\/wp-json\/wp\/v2\/tags?post=6318"}],"curies":[{"name":"wp","href":"https:\/\/api.w.org\/{rel}","templated":true}]}}