{"id":5709,"date":"2020-05-04T16:51:18","date_gmt":"2020-05-04T14:51:18","guid":{"rendered":"https:\/\/ahorn-camp.de\/?p=5709"},"modified":"2022-03-17T14:33:16","modified_gmt":"2022-03-17T13:33:16","slug":"la-tierra-de-los-reyes-alemania","status":"publish","type":"post","link":"https:\/\/ahorn-camp.de\/es\/das-reiseland-deutschland\/","title":{"rendered":"La Alemania tur\u00edstica"},"content":{"rendered":"<p><img fetchpriority=\"high\" decoding=\"async\" class=\"alignnone size-full wp-image-5706\" src=\"https:\/\/ahorn-camp.de\/wp-content\/uploads\/2020\/05\/Reisen-durch-Deutschland_Ahorn-Camp.jpg\" alt=\"\" width=\"1500\" height=\"843\" srcset=\"https:\/\/ahorn-camp.de\/wp-content\/uploads\/2020\/05\/Reisen-durch-Deutschland_Ahorn-Camp.jpg 1500w, https:\/\/ahorn-camp.de\/wp-content\/uploads\/2020\/05\/Reisen-durch-Deutschland_Ahorn-Camp-300x169.jpg 300w, https:\/\/ahorn-camp.de\/wp-content\/uploads\/2020\/05\/Reisen-durch-Deutschland_Ahorn-Camp-1024x575.jpg 1024w, https:\/\/ahorn-camp.de\/wp-content\/uploads\/2020\/05\/Reisen-durch-Deutschland_Ahorn-Camp-768x432.jpg 768w, https:\/\/ahorn-camp.de\/wp-content\/uploads\/2020\/05\/Reisen-durch-Deutschland_Ahorn-Camp-800x450.jpg 800w\" sizes=\"(max-width: 1500px) 100vw, 1500px\" \/><\/p>\n<p>Das Reiseland Deutschland wird f\u00fcr viele Reisebegeisterte derzeit immer interessanter. Zum aktuellen Zeitpunkt gilt eine weltweite Reisewarnung die mindestens bis zum 14. Juni 2020 anhalten wird. Aufgrund von Einreisebeschr\u00e4nkungen, Quarant\u00e4nema\u00dfnahmen und Beschr\u00e4nkungen des \u00f6ffentlichen Lebens, warnt das Ausw\u00e4rteige Amt vor nicht notwendigen, touristischen Reisen ins Ausland. Aktuell ist noch nicht absehbar, wie lange diese Reisewarnung andauert und mit welchen Auflagen eine Urlaubsreise au\u00dferhalb Deutschlands, m\u00f6glich sein wird. Zudem ist noch offen, wie sich die Situation in der Hotelerie entwickeln wird. Daher stellt sich f\u00fcr viele die Frage, wie der Urlaub 2020 aussehen k\u00f6nnte.<\/p>\n<p>Bleiben wir zuhause? Nutzt man die freien Tage f\u00fcr einige Kurztrips? Welche Urlaubsart ist am flexibelsten, sollte doch wieder eine spontane Heimfahrt n\u00f6tig sein? Was halten Sie von einer Wohnmobilreise durch das Reiseland Deutschland?<\/p>\n<p>Wir haben uns zur Aufgabe gemacht, Ihre n\u00e4chsten Reisen zu planen und Ihnen ein paar Inspirationen an die Hand zu geben. Dazu haben wir f\u00fcr Sie 8 traumhafte Reiserouten zusammengestellt. Das Reiseland Deutschland hat so viel zu bieten und zeigt sich mit vielen unterschiedlichen Landschaften. Lehnen Sie sich einfach zur\u00fcck und genie\u00dfen Sie mit uns die Reise durch Deutschland.<\/p>\n<p>&nbsp;<\/p>\n<p><img decoding=\"async\" class=\"alignnone wp-image-5696 size-large\" src=\"https:\/\/ahorn-camp.de\/wp-content\/uploads\/2020\/05\/Reiserouten-Deutschland-Ahorn-Camp-2020-931x1024.jpg\" alt=\"\" width=\"931\" height=\"1024\" srcset=\"https:\/\/ahorn-camp.de\/wp-content\/uploads\/2020\/05\/Reiserouten-Deutschland-Ahorn-Camp-2020-931x1024.jpg 931w, https:\/\/ahorn-camp.de\/wp-content\/uploads\/2020\/05\/Reiserouten-Deutschland-Ahorn-Camp-2020-273x300.jpg 273w, https:\/\/ahorn-camp.de\/wp-content\/uploads\/2020\/05\/Reiserouten-Deutschland-Ahorn-Camp-2020-768x844.jpg 768w, https:\/\/ahorn-camp.de\/wp-content\/uploads\/2020\/05\/Reiserouten-Deutschland-Ahorn-Camp-2020-546x600.jpg 546w, https:\/\/ahorn-camp.de\/wp-content\/uploads\/2020\/05\/Reiserouten-Deutschland-Ahorn-Camp-2020-1397x1536.jpg 1397w, https:\/\/ahorn-camp.de\/wp-content\/uploads\/2020\/05\/Reiserouten-Deutschland-Ahorn-Camp-2020-800x879.jpg 800w, https:\/\/ahorn-camp.de\/wp-content\/uploads\/2020\/05\/Reiserouten-Deutschland-Ahorn-Camp-2020.jpg 1500w\" sizes=\"(max-width: 931px) 100vw, 931px\" \/><\/p>\n<p>&nbsp;<\/p>\n<hr \/>\n<h4>Das Reiseland Deutschland &#8211; Der Norden<\/h4>\n<h5>Route 1: Ostfriesland erleben<\/h5>\n<p><em> <i class=\"fas fa-map-pin fa \" style=\"color: #222222; font-size: 18px;\">\u00a0<\/i><\/em>Start &amp; Ziel: Emden<br \/>\n<em> <i class=\"fas fa-arrows-alt-h fa \" style=\"color: #222222; font-size: 18px;\">\u00a0<\/i><\/em>Distanz: ca. 200km<\/p>\n<p>Diese Tour f\u00fchrt Sie entlang der sch\u00f6nen Nordseek\u00fcste. Starten werden wir in der Geburtstadt von Otto Waalkes \u2013 <strong>Emden<\/strong>. Den Aufenthalt genie\u00dft man am besten bei einer Erkundung des alten Hafens und bei der Besichtigung der Kunsthalle und des Landesmuseums. Im Anschluss starten wir die Reise und machen unseren 1. Halt in <strong>Rysum<\/strong>. Das klassische Runddorf ist ein Juwel unter den wundersch\u00f6nen Warfend\u00f6rfern der Nodsee-Region Krummh\u00f6rn. Und beim Leuchtturm hinter dem <strong>Campener Deich<\/strong> liegt die wohl beste Badestelle auf dieser Route. Hier kann man die Nordsee in allen Z\u00fcgen genie\u00dfen. Die F\u00fc\u00dfe im kalten Nass und die Nase gef\u00fcllt mit frischer, klaren Seeluft.<\/p>\n<p>Jetzt k\u00f6nnen wir entspannt die Reise weiter antreten. Unser n\u00e4chstes Ziel ist <strong>Greetsiel<\/strong>. Idylle pur bietet diese Kulisse. Das zusammenspiel zwischen den beiden Leuchtt\u00fcrmen und den h\u00fcbschen H\u00e4usern &#8211; Postkartenidylle pur. Weiter geht die Reise \u00fcber die gr\u00fcne K\u00fcstenstra\u00dfe nach <strong>Norden<\/strong>. Hier machen wir einen kurzen Halt und besichtigen das ostfriesische Teemusem (<a href=\"http:\/\/www.teemuseum.de\">www.teemuseum.de<\/a>). Mit Kluntjes und St\u00f6vchen lernen wir die Riten des Teezeremoniells kennen und k\u00f6nnen gest\u00e4rkt weiterfahren, nach <strong>Norddeich<\/strong>. Nat\u00fcrlich darf hier eine Besichtigng der Seehundstation (<a href=\"http:\/\/www.Seehundstation-norddeich.de\">www.Seehundstation-norddeich.de<\/a>) nicht fehlen. Das gesch\u00e4ftige Treiben im Hafen und der Blick vom endlosen Seedeich &#8211; hier gibt es f\u00fcr jeden was zu entdecken.<\/p>\n<p>Ein kleiner Abstecher gef\u00e4llig? Von Norddeich aus fahren Schiffe nach Juist und Norderney. Und Norderney liegt nicht nur 1 Stunde Schiffahrt entfernt, durch die Tideunabh\u00e4ngige F\u00e4hrverbindung ist der schnelle und unkomplizierte Besuch der Insel auf jeden Fall einen \u00c4nderung der Reiseroute wert. Alternativ passieren wir auf der Fahrt zu unserem n\u00e4chsten Zwischenziel auch an die H\u00e4fen Richtung Baltrum, Langeoog, Spiekeroog und Wangerooge.<\/p>\n<p>Weiter geht unsere Fahrt \u00fcber Ne\u00dfmersiel, Dornumersiel und Bensersiel nach Neuharlingersiel. Hier finden Sie den wohl malerischsten Hafen auf unserer Tour. Und nicht nur das. Hier liegt auch die wohl kleinste Krabbenkutterflotte. Hier machen wir einen sch\u00f6nen ausgiebigen Spaziergang entlang des Kanals des kleinen Kurortes. Nachdem wir das Sielhafenmuseum (<a href=\"http:\/\/www.deutsches-sielhafenmuseum.de\">www.deutsches-sielhafenmuseum.de<\/a>) in Caroliensiel und das Muschelmuseum in Hooksiel besucht haben, geht die Fahrt weiter nach <strong>Wilhelmshaven<\/strong>. Eine Rundfahrt durch den Hafen ist ein besonderes Erlebnis, was man nicht verpassen sollte.<\/p>\n<p>Nun wenden wir uns von der K\u00fcste ab und fahren ins Landesinnere nach <strong>Jever<\/strong>. Hier wartet das sch\u00f6ne Schlo\u00df und nat\u00fcrlich die Jever Brauerei (<a href=\"http:\/\/www.jever.de\">www.jever.de<\/a>) auf Ihren Besuch. Bevor wir unser Ziel Emden erreichen wartet nun noch in <strong>Aurich<\/strong> ein Highlight auf uns. Die \u00fcber 28m hohe Kornwindm\u00fchle von 1858 ist die gr\u00f6\u00dfte Ostfrieslands.<\/p>\n<p>&nbsp;<\/p>\n<h5>Route 2: Die Mecklenburgische Seenplatte<\/h5>\n<p><em> <i class=\"fas fa-map-pin fa \">\u00a0<\/i><\/em>Start &amp; Ziel: Schwerin<br \/>\n<em><i class=\"fas fa-arrows-alt-h fa \">\u00a0 <\/i><\/em>Distanz: ca. 430km<\/p>\n<p>Wir starten die Tour, durch die Landschaft der Mecklenburgischen Seenplatte, in der Landeshauptstadt <strong>Schwerin<\/strong>. Ein Schloss wie aus dem M\u00e4rchenbuch und eine der sch\u00f6nsten Parkanlagen Norddeutschlands ist das erste Highlight unserer Reise. Weiter geht die Tour \u00fcber <strong>Gro\u00df Raden<\/strong> in das 26km entfernte <strong>G\u00fcstrow. <\/strong>Hie warten herausragende Sehensw\u00fcrdigkeiten auf Sie. Das herzogliche Schlo\u00df, sowie auch der stolze Dom d\u00fcrfen bei dieser Stadtbesichtigung nicht ausgelassen werden. Nat\u00fcrlich darf auch ein Abstecher zum Ufer des Inselsees nicht fehlen. Weiter geht die Reise in \u00f6stlicher Richtung, in die abwechslungsreiche H\u00fcgellandschaft der Mecklenburgischen Schweiz.<\/p>\n<p>\u00dcber <strong>Malchin<\/strong> geht es weiter zu den eindrucksvollen mittelalterlichen Toren <strong>Neubrandenburgs<\/strong>. Weiter s\u00fcdwestlich machen wir einen Badestopp im <strong>Tollensesee<\/strong>.<\/p>\n<p>Weiter geht es nach <strong>Neustrelitz<\/strong>. Hier wartet die fr\u00fchere Resident der Herz\u00f6ge von Mecklenburg-Neustrelitz mit Ihrem wundersch\u00f6nen Park auf seine Besucher.<\/p>\n<p>Das Highlight dieser Reise, ist f\u00fcr Naturfreunde und Wasserwanderer, die \u00f6stlich gelegene Feldberger Seenlandschaft. Die unz\u00e4hlichen kleineren und gr\u00f6\u00dferen Gew\u00e4sser werden von W\u00e4ldern umrahmt. Weiter geht es zum Kerngebiet des Nationalparks, in dem sich der zweitgr\u00f6\u00dfte Binnensee Deutschlands befindet \u2013 die <strong>M\u00fcritz<\/strong>. \u00dcber <strong>Waren<\/strong> (Strandpromenade und Jachthafen) und <strong>Malchow<\/strong> (Altstadt) geht es weiter nach <strong>Plau<\/strong>. Auf dem letzten Etappenstop vor der R\u00fcckkehr nach Schwerin, l\u00e4sst sich noch in Goldberg das Dobbertiner Seengebiet und das gleichnamige Koster erkunden.<\/p>\n<hr \/>\n<p><img decoding=\"async\" class=\"alignnone wp-image-5767 size-auto_portfolio\" src=\"https:\/\/ahorn-camp.de\/wp-content\/uploads\/2020\/05\/Mit-Ahorn-Camp-unterwegs-in-Deutschland-770x450.jpg\" alt=\"\" width=\"770\" height=\"450\" \/><\/p>\n<hr \/>\n<h4>Das Reiseland Deutschland &#8211; Der Osten<\/h4>\n<h5>Route 3: Die Adelssitze Brandenburgs<\/h5>\n<p><em> <i class=\"fas fa-map-pin fa \">\u00a0<\/i><\/em>Start &amp; Ziel: Bad Freienwalde \u2013 Gusow<br \/>\n<em><i class=\"fas fa-arrows-alt-h fa \">\u00a0 <\/i><\/em>Distanz: ca. 90km<\/p>\n<p>Das klassizistische Schlo\u00df in <strong>Bad Freienwalde<\/strong> ist der erste Adelssitz auf unserer Tour durch Brandenburg. Ein besonderer Blick \u00fcber die Stadt erschlie\u00dft sich vom Aussichtspunkt auf dem Galgenberg und dem Bismarckturm auf dem Schlossberg. Unsere Tour geht nun weiter nach <strong>Pr\u00f6tzel<\/strong>. Das gro\u00dfe Schloss liegt in der Ortsmitte. Ein weiteres Highlight ist das Schloss in <strong>Reichenow<\/strong>, welches im englischen Tudorstil erbaut wurde. Einer der sch\u00f6nsten Sch\u00f6pfungen m\u00e4rkischer Herrenhausarchitektur ist das Schloss <strong>Neuhardenberg.<\/strong> Auch geschichtlich ein interessanter Ort, da sich hier die Verschw\u00f6rer rund um Oberst Graf von Stauffenberg trafen.<\/p>\n<p>Mitlerweile ein 4-Sterne Hotel ist das Schloss in <strong>Wulkow<\/strong>. Besonders sch\u00f6n anzusehen ist seine neoklassizistische Fassade. Unsere Tour durch die Schl\u00f6sserwelt Ostbrandenburgs endet in <strong>Gusow. <\/strong>Das dreifl\u00fcglige Schloss beherbergt ein Zinnfigurenmuseum, was zur Besichtigung einl\u00e4dt.<\/p>\n<p>&nbsp;<\/p>\n<h5>Route 4: Das Erzgebirge<\/h5>\n<p><em><i class=\"fas fa-map-pin fa \">\u00a0 <\/i><\/em>Start &amp; Ziel: Zwickau \u2013 Freiberg<br \/>\n<em> <i class=\"fas fa-arrows-alt-h fa \">\u00a0<\/i><\/em>Distanz: ca. 200km<\/p>\n<p>Entlang der S\u00e4chsischen Silberstra\u00dfe lernen wir auf dieser Tour das Erzgebirge kennen. Aus der <strong>Zwickauer<\/strong> Mulde aus steigen wir langsam auf zum Erzgebirge. Wir begeben uns nun auf die Spuren der Bergleute. Neben <strong>Schneeberg<\/strong>, wo fr\u00fcher au\u00dfer Silber auch Kobalt gef\u00f6rdert wurde, wurde <strong>Aue<\/strong> zur wichtigen F\u00f6rders\u00e4tte f\u00fcr Kaolin (Porzellanrohstoff) f\u00fcr die Mei\u00dfner Porzellanmanufaktur. Weiter hinauf geht unsere Fahrt zum Aussichtspunkt <strong>Schwarzenberg<\/strong>. In der Umgebung kann man die Silberw\u00e4sche im Antonsthal oder das Besucherbergwerk P\u00f6hla besichtigen. Hier wartet auf die Besucher eine 3km lange untert\u00e4gige Zugfahrt, hin zu dem 12m hohen und 45m lagen Gew\u00f6lbe von Europas gr\u00f6\u00dfter Zinnkammer.<\/p>\n<p>Auf dem Weg nach <strong>Annaberg-Buchholz<\/strong> wirft man einen Blick auf das Naturdenkmal der Basalts\u00e4ulen am Scheibenberg. Auch abseits der Silberstra\u00dfe lassen sich interessante Orte besichtigen. In <strong>Geyer<\/strong> beeindruckt ein 50m tiefer Einbruchstricher und in <strong>Ehrenfriedersdorf<\/strong> erm\u00f6glicht das Besucherbergwerk \u201eZinngrube\u201c einen Blick unter Tage.<\/p>\n<p>\u00dcber <strong>Marienberg<\/strong>, <strong>Olbernhau<\/strong> und <strong>Seiffen<\/strong>, gelangen wir nach <strong>Freiberg<\/strong>. Dem Zentrum des Bergbaus. Die Altstadt mit Ihrem Dom und dem Rathaus, laden zum schlendern ein.<\/p>\n<hr \/>\n<p><img loading=\"lazy\" decoding=\"async\" class=\"alignnone wp-image-5707 size-auto_portfolio\" src=\"https:\/\/ahorn-camp.de\/wp-content\/uploads\/2020\/05\/Reisen-durch-Deutschland_Ahorn-Camp2-770x450.jpg\" alt=\"\" width=\"770\" height=\"450\" \/><\/p>\n<hr \/>\n<h4>Das Reiseland Deutschland &#8211; Der Westen<\/h4>\n<h5>Route 5: Der Nationalpark Eifel<\/h5>\n<p><em> <i class=\"fas fa-map-pin fa \">\u00a0<\/i><\/em>Start &amp; Ziel: Gem\u00fcnd<br \/>\n<em> <i class=\"fas fa-arrows-alt-h fa \">\u00a0<\/i><\/em>Distanz: ca. 150km<\/p>\n<p>Wie w\u00e4re es mit einer Erkundungstour durch den Nationalpark Eifel? Das sch\u00f6ne an dieser Route ist, dass sie immer wieder den Eifelsteig quert und daher immer wieder zu kurzen Wanderetappen einl\u00e4dt. Wir starten diese Tour im Kneipkurort <strong>Gem\u00fcnd<\/strong> und gelangen \u00fcber <strong>Heimbach<\/strong> zum Kloster Mariawald. In Heimbach lohnt sich ebenfalls der Besuch des Jugendstilwasserkraftwerkes mit seiner historischen Turbinenhalle. \u00dcber die Berg und Talfahrt zwischen <strong>Nideggen<\/strong> und <strong>Rollesbroich <\/strong>gelangen Sie nach <strong>Rurberg<\/strong>. Die Schiffe der Rurseeflotte laden zu einer Rundfahrt \u00fcber den Rursee ein. \u00dcber <strong>Dedenborn<\/strong> gelangen Sie nach <strong>Hammer<\/strong>. Ein spektakul\u00e4rer Blick bietet Ihnen der Aussichtspunkt der Uhusley. Von hier aus fallen die Felsen senkrecht zum Fluss hinab.<\/p>\n<p>Durch das enge Rurtal geht es nun \u00fcber <strong>Imgenbroich<\/strong> in das Monschauer Heckenland. Weiter geht es in die Hochmoorlandschaft in das H\u00f6hendorf <strong>M\u00fctzenich<\/strong>. Nun geht die Reise \u00fcber das Hohe Venn weiter in das Tuchmacherst\u00e4dtchen <strong>Monschau<\/strong>. In <strong>Schleiden<\/strong> lohnt sich ein Besuch der Schlosskirche. Die Besonderheit des Bauwerkes liegt im Inneren. Hier ertwartet Sie ein kunstvolles gotisches Gew\u00f6lbe und sch\u00f6ne Fenster mit Glasgem\u00e4lden. Unsere Rundreise durch die Eifel endet wieder in <strong>Gem\u00fcnd<\/strong>.<\/p>\n<p>&nbsp;<\/p>\n<h5>Route 6: Entlang der Weinstra\u00dfe<\/h5>\n<p><em> <i class=\"fas fa-map-pin fa \">\u00a0<\/i><\/em>Start &amp; Ziel: Bockenheim &#8211; Schweigen-Rechtenbach<br \/>\n<em> <i class=\"fas fa-arrows-alt-h fa \">\u00a0<\/i><\/em>Distanz: ca. 90km<\/p>\n<p>Die Pfalz, auch Toskana Deutschlands genannt, \u00a0hat einiges zu bieten. Das angenehme Klima und die Gastfreundschaft seine Einwohner macht diese Route zu einem besonderen Erlebnis. Da jeder Ort auf dieser Route seine Besonderheit hat, empfehlen wir Ihen, unabh\u00e4ngig von unseren Routenabschnitten, einfach spontan anzuhalten und die Ortschaften zu Fu\u00df zu erkunden. Nat\u00fcrlich kann man auch in der ein oder anderen Weinstube ein Gl\u00e4schen Wein genie\u00dfen. Wir starten unsere Route im Norden bei <strong>Bockenheim<\/strong> und fahren die Weinstra\u00dfe entlang Richtung <strong>Bad D\u00fcrkheim<\/strong>. Hier l\u00e4sst sich das gr\u00f6\u00dfte Weinfass der Welt und das Gradierwerk besichtigen. \u00dcber den bekannten Weinort <strong>Deidesheim<\/strong> geht es weiter in Richtung <strong>Neustadt an der Weinstra\u00dfe. <\/strong><\/p>\n<p>Hoch oben, \u00fcber der Stadt, liegt das Hambacher Schlo\u00df. Neben der informativen Ausstellung \u00fcber das Hambacher Fest 1832 bietet sich auch ein grandioser Blick ins Tal. Weiter Richtung <strong>Maikammer<\/strong> bietet sich ein kleiner Abstecher in den Pf\u00e4lzer Wald an \u2013 auf die Kalmit. Hinter <strong>Edenkoben<\/strong> und der Villa Ludwigsh\u00f6he, kommen wir in den malerischen Weinort <strong>Roth unter Rietburg<\/strong>. Hier lohnt sich auf jeden Fall eine Erkundung zu Fu\u00df, auf der sch\u00f6nsten Stra\u00dfe der Pfalz (Theresienstra\u00dfe).<\/p>\n<p>Wir folgen nun der Weinstra\u00dfe weiter in den S\u00fcden nach <strong>Eschbach<\/strong>. Hier liegt die Madenburg, eine der gr\u00f6\u00dften und \u00e4ltesten Burganlagen der Pfalz. Wer neben Wein auch gerne mal ein Schluck Bier trinkten m\u00f6chte, kann dies in der Hausbrauerei in <strong>G\u00f6cklingen<\/strong> (<a href=\"https:\/\/www.goecklingerhausbraeu.de\/\" target=\"_blank\" rel=\"noopener noreferrer\">www.goecklingerhausbraeu.de<\/a>) tuen. Weiter \u00fcber <strong>Klingenm\u00fcnster<\/strong> und <strong>Bad-Bergzabern<\/strong> erreichen wir das Ziel unserer Route. Das Deutsche Weintor in <strong>Schweigen-Rechtenbach<\/strong>.<\/p>\n<p>Und wenn Sie schonmal in der Region sind. Wie w\u00e4re es mit einer Besichtigung unserer <a href=\"https:\/\/ahorn-camp.de\/kontakt\/\" target=\"_blank\" rel=\"noopener noreferrer\">Ausstellungsfl\u00e4che in Speyer<\/a>. Besuchen Sie uns und lernen Sie unsere neuen Modelle kennen.<\/p>\n<hr \/>\n<p><img loading=\"lazy\" decoding=\"async\" class=\"alignnone wp-image-5766 size-auto_portfolio\" src=\"https:\/\/ahorn-camp.de\/wp-content\/uploads\/2020\/05\/Unterwegs-mit-Ahorn-Camp-in-der-Pfalz-770x450.jpg\" alt=\"\" width=\"770\" height=\"450\" \/><\/p>\n<hr \/>\n<h4>Das Reiseland Deutschland &#8211; Der S\u00fcden<\/h4>\n<h5>Route 7: Der Bodensee<\/h5>\n<p><em> <i class=\"fas fa-map-pin fa \">\u00a0<\/i><\/em>Start &amp; Ziel: Radolfzell<br \/>\n<em> <i class=\"fas fa-arrows-alt-h fa \">\u00a0<\/i><\/em>Distanz: ca. 70km<\/p>\n<p>Der Bodensee ist immer eine Reise wert. Die Region ist eine der \u00e4ltesten und sch\u00f6nsten Kulturlandschaften Europas mit attraktiven Freizeitangeboten.<br \/>\nDie Route beginnt in <strong>Radolfzell<\/strong>. Nach einer Erkundung der malerischen Altstadt fahren wir weiter Richtung S\u00fcdosten. Ein Abstecher zum S\u00fcdufer des \u00dcberlinger Sees f\u00fchrt zur Marienschlucht. Hier liegt eine der Haupattraktionen des Bodensees \u2013 die herrliche Blumeninsel <strong>Mainau<\/strong>. Weiter geht es zur Besichtigung der drei romanischen Kirchen auf der Insel <strong>Reichenau<\/strong>. Als n\u00e4chstes Zwischenziel erkunden wir <strong>Konstanz<\/strong> \u2013 die Hauptstadt des Bodenseeraums. Besonders zu empfehlen ist hier der Besuch des M\u00fcnsters.<\/p>\n<p>Sollte eine Einreise in die Schweiz m\u00f6glich sein, gelangen wir nun in das alte Fischerdorf <strong>Ermatingen<\/strong>. Westlich hiervon erhebt sich das Schlo\u00df Arenenberg, das wohl sch\u00f6nste Schlo\u00df am Bodensee, einst Wohnort von Napoleon III.<\/p>\n<p>Die idyllische halbinsel <strong>H\u00f6ri<\/strong> l\u00e4dt zu einer gem\u00fctlichen Pause ein. Hier gibt es zahlreiche Restaurants und Bierg\u00e4rten, um einfach mal die Seele baumeln zu lassen. Den sch\u00f6nsten Ausblick \u00fcber den Bodensee hat man vom Schiener Berg aus. Von hier aus geht unsere Reise wieder zur\u00fcck nach <strong>Radolfzell<\/strong>.<\/p>\n<p>&nbsp;<\/p>\n<h5>Route 8: Frankenwald und Fr\u00e4nkische Schweiz<\/h5>\n<p><em><i class=\"fas fa-map-pin fa \">\u00a0 <\/i><\/em>Start &amp; Ziel: Bamberg<br \/>\n<em> <i class=\"fas fa-arrows-alt-h fa \">\u00a0<\/i><\/em>Distanz: ca. 240km<\/p>\n<p>Wir starten unsere Reise, in der alten Bischofs- und Kaiserstadt <strong>Bamberg<\/strong>.Weiter geht es \u00fcber den Kurort <strong>Bad Staffelstein<\/strong> zur hoch gelegenen Wallfahrtskirche Vierzehnheiligen. Von hier aus lohnt sich ebenfalls ein Abstecher zum Benediktinerkloster Banz. Weiter entlang unserer Route kommen wir nach <strong>Coburg<\/strong>, der ehemaligen Herzogsresidenz, mit seiner gleichnamigen Veste. \u00dcber <strong>Kronach<\/strong> und <strong>Kulmbach<\/strong>, der heutigen Biermetropole Frankens, geht es weiter nach <strong>Bayreuth<\/strong>. Diese Stadt ist weltweit bekannt durch Richard Wagner und den Festspielen. In <strong>Pottenstein<\/strong> k\u00f6nnen wir nicht nur die stattliche Burg, sondern auch die gr\u00f6\u00dfte Tropfsteinh\u00f6hle Bayerns besichtigen.<\/p>\n<p>Durch die Teufelsh\u00f6hle f\u00fchrt ein ca. 2km langer Fu\u00dfweg. Nun komen wir nach <strong>G\u00f6\u00dfweinstein<\/strong>, mit seiner pr\u00e4chtigen Wallfahrtskirche und der wei\u00dfen Burg. \u00dcber das Wiesenttal erreicht man <strong>Waischenfeld<\/strong>, Burg Rabenstein und die Sophienh\u00f6hle, die \u00e4lteste urkundlich erw\u00e4hnte H\u00f6hle des Frankenlandes. Entlang der felsen- und burgenreichen Fr\u00e4nkischen Schweiz, kommen wir \u00fcber <strong>Forchheim<\/strong> wieder zur\u00fcck nach <strong>Bamberg<\/strong>. Hier endet unsere Reise.<\/p>\n<p>&nbsp;<\/p>\n<p>Wir hoffen, dass wir Ihnen einige Inspirationen f\u00fcr Ihre n\u00e4chste Tour durch das Reiseland Deutschland, liefern konnten. Wir w\u00fcnschen Ihnen viel Spa\u00df auf Ihrer n\u00e4chsten Reise.<\/p>\n<p>&nbsp;<\/p>\n<hr \/>\n<div class=\"row\">\n<div class=\"col-lg-4 col-md-4\">\n<p><img loading=\"lazy\" decoding=\"async\" class=\"alignnone wp-image-5428\" src=\"https:\/\/ahorn-camp.de\/wp-content\/uploads\/2020\/04\/Ahorn-Rent-Wohnmobil-mieten-1024x683.jpg\" alt=\"\" width=\"500\" height=\"333\" srcset=\"https:\/\/ahorn-camp.de\/wp-content\/uploads\/2020\/04\/Ahorn-Rent-Wohnmobil-mieten-1024x683.jpg 1024w, https:\/\/ahorn-camp.de\/wp-content\/uploads\/2020\/04\/Ahorn-Rent-Wohnmobil-mieten-300x200.jpg 300w, https:\/\/ahorn-camp.de\/wp-content\/uploads\/2020\/04\/Ahorn-Rent-Wohnmobil-mieten-768x512.jpg 768w, https:\/\/ahorn-camp.de\/wp-content\/uploads\/2020\/04\/Ahorn-Rent-Wohnmobil-mieten-800x533.jpg 800w, https:\/\/ahorn-camp.de\/wp-content\/uploads\/2020\/04\/Ahorn-Rent-Wohnmobil-mieten.jpg 1500w\" sizes=\"(max-width: 500px) 100vw, 500px\" \/><\/p>\n<\/div>\n<div class=\"col-lg-8 col-md-8\">\n<h5>Sie w\u00fcrden sich gerne \u00fcber die Miete eines Reisemobils informieren?<\/h5>\n<p>Lieblingsroute ausgew\u00e4hlt und Lust spontan zu starten? Dann hier Reisemobil schnell und einfach buchen. Finden Sie einfach Ihren Ahorn Rent Vermietpartner in Ihrer N\u00e4he und buchen Sie jetzt schon Ihr Reisemobil-Erlebnis. Wir w\u00fcnschen Ihnen viel Spa\u00df auf Ihrer n\u00e4chsten Reise!<\/p>\n<p>[button simple_link=&#8217;true&#8216; undefined=&#8220; color=&#8217;#c7081b&#8216; undefined=&#8220; hover_color=&#8217;#c7081b&#8216; href=&#8217;www.ahorn-rent.de&#8216; target=&#8217;_blank&#8216;]Finden Sie hier unsere Modelle und Mietstationen[\/button]<\/p>\n<\/div>\n<\/div>\n<hr \/>\n<p>&nbsp;<\/p>\n<p>&nbsp;<\/p>\n","protected":false},"excerpt":{"rendered":"<p>Alemania, el pa\u00eds de los viajes, se est\u00e1 volviendo cada vez m\u00e1s interesante para muchos entusiastas de los viajes. Hemos recopilado 8 rutas de viaje de ensue\u00f1o para usted. Simplemente si\u00e9ntese y disfrute del viaje por Alemania con nosotros.<\/p>","protected":false},"author":2,"featured_media":5706,"comment_status":"closed","ping_status":"open","sticky":false,"template":"","format":"standard","meta":{"content-type":"","footnotes":""},"categories":[208],"tags":[],"class_list":["post-5709","post","type-post","status-publish","format-standard","has-post-thumbnail","hentry","category-blog"],"yoast_head":"<!-- This site is optimized with the Yoast SEO plugin v27.4 - https:\/\/yoast.com\/product\/yoast-seo-wordpress\/ -->\n<title>Das Reiseland Deutschland - Blog - Ahorn Camp Reisemobile<\/title>\n<meta name=\"description\" content=\"Das Reiseland Deutschland hat viel zu bieten. Wir haben es uns zur Aufgabe gemacht, Ihre n\u00e4chste Reise zu planen. Machen Sie mit uns Urlaub in Deutschland.\" \/>\n<meta name=\"robots\" content=\"index, follow, max-snippet:-1, max-image-preview:large, max-video-preview:-1\" \/>\n<link rel=\"canonical\" href=\"https:\/\/ahorn-camp.de\/es\/la-tierra-de-los-reyes-alemania\/\" \/>\n<meta property=\"og:locale\" content=\"es_ES\" \/>\n<meta property=\"og:type\" content=\"article\" \/>\n<meta property=\"og:title\" content=\"Das Reiseland Deutschland - Blog - Ahorn Camp Reisemobile\" \/>\n<meta property=\"og:description\" content=\"Das Reiseland Deutschland hat viel zu bieten. Wir haben es uns zur Aufgabe gemacht, Ihre n\u00e4chste Reise zu planen. Machen Sie mit uns Urlaub in Deutschland.\" \/>\n<meta property=\"og:url\" content=\"https:\/\/ahorn-camp.de\/es\/la-tierra-de-los-reyes-alemania\/\" \/>\n<meta property=\"og:site_name\" content=\"Ahorn Camp | Reisemobile und Kastenwagen\" \/>\n<meta property=\"article:publisher\" content=\"https:\/\/www.facebook.com\/ahorn.wohnmobile\/\" \/>\n<meta property=\"article:published_time\" content=\"2020-05-04T14:51:18+00:00\" \/>\n<meta property=\"article:modified_time\" content=\"2022-03-17T13:33:16+00:00\" \/>\n<meta property=\"og:image\" content=\"https:\/\/ahorn-camp.de\/wp-content\/uploads\/2020\/05\/Reisen-durch-Deutschland_Ahorn-Camp.jpg\" \/>\n\t<meta property=\"og:image:width\" content=\"1500\" \/>\n\t<meta property=\"og:image:height\" content=\"843\" \/>\n\t<meta property=\"og:image:type\" content=\"image\/jpeg\" \/>\n<meta name=\"author\" content=\"ahorn_admin\" \/>\n<meta name=\"twitter:card\" content=\"summary_large_image\" \/>\n<meta name=\"twitter:label1\" content=\"Escrito por\" \/>\n\t<meta name=\"twitter:data1\" content=\"ahorn_admin\" \/>\n\t<meta name=\"twitter:label2\" content=\"Tiempo de lectura\" \/>\n\t<meta name=\"twitter:data2\" content=\"11 minutos\" \/>\n<script type=\"application\/ld+json\" class=\"yoast-schema-graph\">{\"@context\":\"https:\\\/\\\/schema.org\",\"@graph\":[{\"@type\":\"Article\",\"@id\":\"https:\\\/\\\/ahorn-camp.de\\\/das-reiseland-deutschland\\\/#article\",\"isPartOf\":{\"@id\":\"https:\\\/\\\/ahorn-camp.de\\\/das-reiseland-deutschland\\\/\"},\"author\":{\"name\":\"ahorn_admin\",\"@id\":\"https:\\\/\\\/ahorn-camp.de\\\/#\\\/schema\\\/person\\\/9b60761ba82d5cb8e6db215a88925044\"},\"headline\":\"Das Reiseland Deutschland\",\"datePublished\":\"2020-05-04T14:51:18+00:00\",\"dateModified\":\"2022-03-17T13:33:16+00:00\",\"mainEntityOfPage\":{\"@id\":\"https:\\\/\\\/ahorn-camp.de\\\/das-reiseland-deutschland\\\/\"},\"wordCount\":2257,\"publisher\":{\"@id\":\"https:\\\/\\\/ahorn-camp.de\\\/#organization\"},\"image\":{\"@id\":\"https:\\\/\\\/ahorn-camp.de\\\/das-reiseland-deutschland\\\/#primaryimage\"},\"thumbnailUrl\":\"https:\\\/\\\/ahorn-camp.de\\\/wp-content\\\/uploads\\\/2020\\\/05\\\/Reisen-durch-Deutschland_Ahorn-Camp.jpg\",\"articleSection\":[\"Blog\"],\"inLanguage\":\"es\"},{\"@type\":\"WebPage\",\"@id\":\"https:\\\/\\\/ahorn-camp.de\\\/das-reiseland-deutschland\\\/\",\"url\":\"https:\\\/\\\/ahorn-camp.de\\\/das-reiseland-deutschland\\\/\",\"name\":\"Das Reiseland Deutschland - Blog - Ahorn Camp Reisemobile\",\"isPartOf\":{\"@id\":\"https:\\\/\\\/ahorn-camp.de\\\/#website\"},\"primaryImageOfPage\":{\"@id\":\"https:\\\/\\\/ahorn-camp.de\\\/das-reiseland-deutschland\\\/#primaryimage\"},\"image\":{\"@id\":\"https:\\\/\\\/ahorn-camp.de\\\/das-reiseland-deutschland\\\/#primaryimage\"},\"thumbnailUrl\":\"https:\\\/\\\/ahorn-camp.de\\\/wp-content\\\/uploads\\\/2020\\\/05\\\/Reisen-durch-Deutschland_Ahorn-Camp.jpg\",\"datePublished\":\"2020-05-04T14:51:18+00:00\",\"dateModified\":\"2022-03-17T13:33:16+00:00\",\"description\":\"Das Reiseland Deutschland hat viel zu bieten. Wir haben es uns zur Aufgabe gemacht, Ihre n\u00e4chste Reise zu planen. Machen Sie mit uns Urlaub in Deutschland.\",\"breadcrumb\":{\"@id\":\"https:\\\/\\\/ahorn-camp.de\\\/das-reiseland-deutschland\\\/#breadcrumb\"},\"inLanguage\":\"es\",\"potentialAction\":[{\"@type\":\"ReadAction\",\"target\":[\"https:\\\/\\\/ahorn-camp.de\\\/das-reiseland-deutschland\\\/\"]}]},{\"@type\":\"ImageObject\",\"inLanguage\":\"es\",\"@id\":\"https:\\\/\\\/ahorn-camp.de\\\/das-reiseland-deutschland\\\/#primaryimage\",\"url\":\"https:\\\/\\\/ahorn-camp.de\\\/wp-content\\\/uploads\\\/2020\\\/05\\\/Reisen-durch-Deutschland_Ahorn-Camp.jpg\",\"contentUrl\":\"https:\\\/\\\/ahorn-camp.de\\\/wp-content\\\/uploads\\\/2020\\\/05\\\/Reisen-durch-Deutschland_Ahorn-Camp.jpg\",\"width\":1500,\"height\":843},{\"@type\":\"BreadcrumbList\",\"@id\":\"https:\\\/\\\/ahorn-camp.de\\\/das-reiseland-deutschland\\\/#breadcrumb\",\"itemListElement\":[{\"@type\":\"ListItem\",\"position\":1,\"name\":\"Startseite\",\"item\":\"https:\\\/\\\/ahorn-camp.de\\\/\"},{\"@type\":\"ListItem\",\"position\":2,\"name\":\"Das Reiseland Deutschland\"}]},{\"@type\":\"WebSite\",\"@id\":\"https:\\\/\\\/ahorn-camp.de\\\/#website\",\"url\":\"https:\\\/\\\/ahorn-camp.de\\\/\",\"name\":\"Ahorn Camp | Reisemobile und Kastenwagen\",\"description\":\"Seit \u00fcber 30 Jahren vermarktet das Familienunternehmen, Ahorn Camp in Speyer, erfolgreich Wohnmobile und Kastenwagen zum besten Preis-Leistungsverh\u00e4ltnis.\",\"publisher\":{\"@id\":\"https:\\\/\\\/ahorn-camp.de\\\/#organization\"},\"potentialAction\":[{\"@type\":\"SearchAction\",\"target\":{\"@type\":\"EntryPoint\",\"urlTemplate\":\"https:\\\/\\\/ahorn-camp.de\\\/?s={search_term_string}\"},\"query-input\":{\"@type\":\"PropertyValueSpecification\",\"valueRequired\":true,\"valueName\":\"search_term_string\"}}],\"inLanguage\":\"es\"},{\"@type\":\"Organization\",\"@id\":\"https:\\\/\\\/ahorn-camp.de\\\/#organization\",\"name\":\"Ahorn Camp GmbH & Co. KG\",\"url\":\"https:\\\/\\\/ahorn-camp.de\\\/\",\"logo\":{\"@type\":\"ImageObject\",\"inLanguage\":\"es\",\"@id\":\"https:\\\/\\\/ahorn-camp.de\\\/#\\\/schema\\\/logo\\\/image\\\/\",\"url\":\"https:\\\/\\\/ahorn-camp.de\\\/wp-content\\\/uploads\\\/2018\\\/12\\\/Ahorn_Logo.jpg\",\"contentUrl\":\"https:\\\/\\\/ahorn-camp.de\\\/wp-content\\\/uploads\\\/2018\\\/12\\\/Ahorn_Logo.jpg\",\"width\":1437,\"height\":1000,\"caption\":\"Ahorn Camp GmbH & Co. KG\"},\"image\":{\"@id\":\"https:\\\/\\\/ahorn-camp.de\\\/#\\\/schema\\\/logo\\\/image\\\/\"},\"sameAs\":[\"https:\\\/\\\/www.facebook.com\\\/ahorn.wohnmobile\\\/\",\"https:\\\/\\\/www.instagram.com\\\/ahorn.camp\\\/\",\"https:\\\/\\\/www.youtube.com\\\/channel\\\/UCPFbPCts1JJ_A1k9vyH0yOQ\"]},{\"@type\":\"Person\",\"@id\":\"https:\\\/\\\/ahorn-camp.de\\\/#\\\/schema\\\/person\\\/9b60761ba82d5cb8e6db215a88925044\",\"name\":\"ahorn_admin\",\"image\":{\"@type\":\"ImageObject\",\"inLanguage\":\"es\",\"@id\":\"https:\\\/\\\/secure.gravatar.com\\\/avatar\\\/d96b9a078083b0c14cee48589feadd939c3cdd66547e2f3f1569470371daaaa5?s=96&d=mm&r=g\",\"url\":\"https:\\\/\\\/secure.gravatar.com\\\/avatar\\\/d96b9a078083b0c14cee48589feadd939c3cdd66547e2f3f1569470371daaaa5?s=96&d=mm&r=g\",\"contentUrl\":\"https:\\\/\\\/secure.gravatar.com\\\/avatar\\\/d96b9a078083b0c14cee48589feadd939c3cdd66547e2f3f1569470371daaaa5?s=96&d=mm&r=g\",\"caption\":\"ahorn_admin\"},\"sameAs\":[\"http:\\\/\\\/Ahorn%20Camp\"],\"url\":\"https:\\\/\\\/ahorn-camp.de\\\/es\\\/author\\\/ahorn_admin\\\/\"}]}<\/script>\n<!-- \/ Yoast SEO plugin. -->","yoast_head_json":{"title":"El Pa\u00eds de Viajes Alemania - Blog - Ahorn Camp Autocaravanas","description":"El pa\u00eds de viajes Alemania tiene mucho que ofrecer. Nos hemos propuesto planificar su pr\u00f3ximo viaje. Pase sus vacaciones en Alemania con nosotros.","robots":{"index":"index","follow":"follow","max-snippet":"max-snippet:-1","max-image-preview":"max-image-preview:large","max-video-preview":"max-video-preview:-1"},"canonical":"https:\/\/ahorn-camp.de\/es\/la-tierra-de-los-reyes-alemania\/","og_locale":"es_ES","og_type":"article","og_title":"Das Reiseland Deutschland - Blog - Ahorn Camp Reisemobile","og_description":"Das Reiseland Deutschland hat viel zu bieten. Wir haben es uns zur Aufgabe gemacht, Ihre n\u00e4chste Reise zu planen. Machen Sie mit uns Urlaub in Deutschland.","og_url":"https:\/\/ahorn-camp.de\/es\/la-tierra-de-los-reyes-alemania\/","og_site_name":"Ahorn Camp | Reisemobile und Kastenwagen","article_publisher":"https:\/\/www.facebook.com\/ahorn.wohnmobile\/","article_published_time":"2020-05-04T14:51:18+00:00","article_modified_time":"2022-03-17T13:33:16+00:00","og_image":[{"width":1500,"height":843,"url":"https:\/\/ahorn-camp.de\/wp-content\/uploads\/2020\/05\/Reisen-durch-Deutschland_Ahorn-Camp.jpg","type":"image\/jpeg"}],"author":"ahorn_admin","twitter_card":"summary_large_image","twitter_misc":{"Escrito por":"ahorn_admin","Tiempo de lectura":"11 minutos"},"schema":{"@context":"https:\/\/schema.org","@graph":[{"@type":"Article","@id":"https:\/\/ahorn-camp.de\/das-reiseland-deutschland\/#article","isPartOf":{"@id":"https:\/\/ahorn-camp.de\/das-reiseland-deutschland\/"},"author":{"name":"ahorn_admin","@id":"https:\/\/ahorn-camp.de\/#\/schema\/person\/9b60761ba82d5cb8e6db215a88925044"},"headline":"Das Reiseland Deutschland","datePublished":"2020-05-04T14:51:18+00:00","dateModified":"2022-03-17T13:33:16+00:00","mainEntityOfPage":{"@id":"https:\/\/ahorn-camp.de\/das-reiseland-deutschland\/"},"wordCount":2257,"publisher":{"@id":"https:\/\/ahorn-camp.de\/#organization"},"image":{"@id":"https:\/\/ahorn-camp.de\/das-reiseland-deutschland\/#primaryimage"},"thumbnailUrl":"https:\/\/ahorn-camp.de\/wp-content\/uploads\/2020\/05\/Reisen-durch-Deutschland_Ahorn-Camp.jpg","articleSection":["Blog"],"inLanguage":"es"},{"@type":"WebPage","@id":"https:\/\/ahorn-camp.de\/das-reiseland-deutschland\/","url":"https:\/\/ahorn-camp.de\/das-reiseland-deutschland\/","name":"El Pa\u00eds de Viajes Alemania - Blog - Ahorn Camp Autocaravanas","isPartOf":{"@id":"https:\/\/ahorn-camp.de\/#website"},"primaryImageOfPage":{"@id":"https:\/\/ahorn-camp.de\/das-reiseland-deutschland\/#primaryimage"},"image":{"@id":"https:\/\/ahorn-camp.de\/das-reiseland-deutschland\/#primaryimage"},"thumbnailUrl":"https:\/\/ahorn-camp.de\/wp-content\/uploads\/2020\/05\/Reisen-durch-Deutschland_Ahorn-Camp.jpg","datePublished":"2020-05-04T14:51:18+00:00","dateModified":"2022-03-17T13:33:16+00:00","description":"El pa\u00eds de viajes Alemania tiene mucho que ofrecer. Nos hemos propuesto planificar su pr\u00f3ximo viaje. Pase sus vacaciones en Alemania con nosotros.","breadcrumb":{"@id":"https:\/\/ahorn-camp.de\/das-reiseland-deutschland\/#breadcrumb"},"inLanguage":"es","potentialAction":[{"@type":"ReadAction","target":["https:\/\/ahorn-camp.de\/das-reiseland-deutschland\/"]}]},{"@type":"ImageObject","inLanguage":"es","@id":"https:\/\/ahorn-camp.de\/das-reiseland-deutschland\/#primaryimage","url":"https:\/\/ahorn-camp.de\/wp-content\/uploads\/2020\/05\/Reisen-durch-Deutschland_Ahorn-Camp.jpg","contentUrl":"https:\/\/ahorn-camp.de\/wp-content\/uploads\/2020\/05\/Reisen-durch-Deutschland_Ahorn-Camp.jpg","width":1500,"height":843},{"@type":"BreadcrumbList","@id":"https:\/\/ahorn-camp.de\/das-reiseland-deutschland\/#breadcrumb","itemListElement":[{"@type":"ListItem","position":1,"name":"Startseite","item":"https:\/\/ahorn-camp.de\/"},{"@type":"ListItem","position":2,"name":"Das Reiseland Deutschland"}]},{"@type":"WebSite","@id":"https:\/\/ahorn-camp.de\/#website","url":"https:\/\/ahorn-camp.de\/","name":"Ahorn Camp | Autocaravanas y furgonetas camper","description":"Desde hace m\u00e1s de 30 a\u00f1os, la empresa familiar, Ahorn Camp en Speyer, comercializa con \u00e9xito caravanas y furgonetas camper a la mejor relaci\u00f3n calidad-precio.","publisher":{"@id":"https:\/\/ahorn-camp.de\/#organization"},"potentialAction":[{"@type":"SearchAction","target":{"@type":"EntryPoint","urlTemplate":"https:\/\/ahorn-camp.de\/?s={search_term_string}"},"query-input":{"@type":"PropertyValueSpecification","valueRequired":true,"valueName":"search_term_string"}}],"inLanguage":"es"},{"@type":"Organization","@id":"https:\/\/ahorn-camp.de\/#organization","name":"Ahorn Camp GmbH &amp; Co. KG","url":"https:\/\/ahorn-camp.de\/","logo":{"@type":"ImageObject","inLanguage":"es","@id":"https:\/\/ahorn-camp.de\/#\/schema\/logo\/image\/","url":"https:\/\/ahorn-camp.de\/wp-content\/uploads\/2018\/12\/Ahorn_Logo.jpg","contentUrl":"https:\/\/ahorn-camp.de\/wp-content\/uploads\/2018\/12\/Ahorn_Logo.jpg","width":1437,"height":1000,"caption":"Ahorn Camp GmbH & Co. KG"},"image":{"@id":"https:\/\/ahorn-camp.de\/#\/schema\/logo\/image\/"},"sameAs":["https:\/\/www.facebook.com\/ahorn.wohnmobile\/","https:\/\/www.instagram.com\/ahorn.camp\/","https:\/\/www.youtube.com\/channel\/UCPFbPCts1JJ_A1k9vyH0yOQ"]},{"@type":"Person","@id":"https:\/\/ahorn-camp.de\/#\/schema\/person\/9b60761ba82d5cb8e6db215a88925044","name":"ahorn_admin","image":{"@type":"ImageObject","inLanguage":"es","@id":"https:\/\/secure.gravatar.com\/avatar\/d96b9a078083b0c14cee48589feadd939c3cdd66547e2f3f1569470371daaaa5?s=96&d=mm&r=g","url":"https:\/\/secure.gravatar.com\/avatar\/d96b9a078083b0c14cee48589feadd939c3cdd66547e2f3f1569470371daaaa5?s=96&d=mm&r=g","contentUrl":"https:\/\/secure.gravatar.com\/avatar\/d96b9a078083b0c14cee48589feadd939c3cdd66547e2f3f1569470371daaaa5?s=96&d=mm&r=g","caption":"ahorn_admin"},"sameAs":["http:\/\/Ahorn%20Camp"],"url":"https:\/\/ahorn-camp.de\/es\/author\/ahorn_admin\/"}]}},"_links":{"self":[{"href":"https:\/\/ahorn-camp.de\/es\/wp-json\/wp\/v2\/posts\/5709","targetHints":{"allow":["GET"]}}],"collection":[{"href":"https:\/\/ahorn-camp.de\/es\/wp-json\/wp\/v2\/posts"}],"about":[{"href":"https:\/\/ahorn-camp.de\/es\/wp-json\/wp\/v2\/types\/post"}],"author":[{"embeddable":true,"href":"https:\/\/ahorn-camp.de\/es\/wp-json\/wp\/v2\/users\/2"}],"replies":[{"embeddable":true,"href":"https:\/\/ahorn-camp.de\/es\/wp-json\/wp\/v2\/comments?post=5709"}],"version-history":[{"count":0,"href":"https:\/\/ahorn-camp.de\/es\/wp-json\/wp\/v2\/posts\/5709\/revisions"}],"wp:featuredmedia":[{"embeddable":true,"href":"https:\/\/ahorn-camp.de\/es\/wp-json\/wp\/v2\/media\/5706"}],"wp:attachment":[{"href":"https:\/\/ahorn-camp.de\/es\/wp-json\/wp\/v2\/media?parent=5709"}],"wp:term":[{"taxonomy":"category","embeddable":true,"href":"https:\/\/ahorn-camp.de\/es\/wp-json\/wp\/v2\/categories?post=5709"},{"taxonomy":"post_tag","embeddable":true,"href":"https:\/\/ahorn-camp.de\/es\/wp-json\/wp\/v2\/tags?post=5709"}],"curies":[{"name":"wp","href":"https:\/\/api.w.org\/{rel}","templated":true}]}}