{"id":3126,"date":"2019-12-12T13:42:57","date_gmt":"2019-12-12T12:42:57","guid":{"rendered":"https:\/\/ahorn-camp.de\/?p=3126"},"modified":"2022-04-25T15:39:00","modified_gmt":"2022-04-25T13:39:00","slug":"con-la-autocaravana-por-la-toscana","status":"publish","type":"post","link":"https:\/\/ahorn-camp.de\/es\/mit-dem-camper-van-durch-die-toskana\/","title":{"rendered":"En autocaravana por la Toscana"},"content":{"rendered":"<p><strong>Con la furgoneta camper por la Toscana \u2013 El viaje comenz\u00f3 con un desv\u00edo y una noche cerca de Heidelberg, ya que la recogida tuvo lugar en Espira.<\/strong><br \/>\n<strong>El s\u00e1bado por la ma\u00f1ana fui muy amablemente recibido por el<a href=\"https:\/\/ahorn-camp.de\/es\/\"> Equipo Ahorn<\/a> saludar e indicar al veh\u00edculo.<\/strong><\/p>\n<p>Con todas las nuevas impresiones, ya nos dirig\u00edamos a M\u00fanich para recoger a mi compa\u00f1ero de viaje. Despu\u00e9s de comprar r\u00e1pidamente todos los comestibles para las pr\u00f3ximas dos semanas, ya est\u00e1bamos de camino a nuestro primer destino. Al llegar a Tirol del Sur, a las Tres Cimas, el primer d\u00eda hab\u00eda terminado y la noche hab\u00eda ca\u00eddo. Solo comimos algo r\u00e1pido, porque como quer\u00edamos fotografiar el amanecer, nos esperaba una noche muy corta.<\/p>\n<p>Las fotos estaban en el bolsillo y ya hab\u00edamos caminado unos 15 km. As\u00ed que el desayuno lleg\u00f3 en el momento justo, lo disfrutamos en el sol frente a la autocaravana. Continuamos nuestro viaje al Lago de Garda pasando por el Brennero. Al llegar a un aparcamiento en Garda, no lejos del lago, estiramos las piernas y exploramos el centro de la ciudad y el paseo mar\u00edtimo. La noche termin\u00f3 junto al lago con una deliciosa pizza y la primera copa de vino.<\/p>\n<p><img fetchpriority=\"high\" decoding=\"async\" class=\"aligncenter\" title=\"En autocaravana por la Toscana\" src=\"https:\/\/ahorn-camp.de\/wp-content\/uploads\/2020\/01\/DJI_0101-scaled-682x374.jpg\" alt=\"En autocaravana por la Toscana\" width=\"669\" height=\"367\" \/><\/p>\n<blockquote>\n<hr \/>\n<p style=\"text-align: center;\">\u201e\u00a1Antes de que quisi\u00e9ramos cerrar los ojos, a\u00fan descubrimos la V\u00eda L\u00e1ctea en el cielo!\u201c<\/p>\n<\/blockquote>\n<hr \/>\n<p>Despu\u00e9s del desayuno, fuimos a una iglesia (<a href=\"https:\/\/de.wikipedia.org\/wiki\/Madonna_della_Corona_(Veneto)\" target=\"_blank\" rel=\"noopener noreferrer\">Madonna della Corona<\/a>), que fue construido muy cerca de la roca. La siguiente parada deb\u00eda ser un lugar hermoso justo al lado del mar, construido en los acantilados. Desafortunadamente, no hab\u00eda lugares para aparcar o pasar la noche cerca con la autocaravana. Por eso decidimos ir a un camping cercano al mar. Al d\u00eda siguiente, continuamos hacia la Toscana, y el plan inclu\u00eda pueblos peque\u00f1os como Volterra y San Gimignano. Ambos lugares se encuentran en colinas y desde all\u00ed se tiene una vista fant\u00e1stica de la Toscana. Debajo de Volterra encontramos un lugar estupendo para dormir. Despu\u00e9s de una noche corta, subimos a la ciudad para ver el amanecer. El ambiente por la ma\u00f1ana era maravillosamente hermoso, muy tranquilo y silencioso, y tuvimos mucha suerte con el tiempo.<\/p>\n<p>Despu\u00e9s de dos noches m\u00e1s en la Toscana, donde vimos algunos pueblos peque\u00f1os, m\u00e1s lugares para fotografiar y unas termas, fuimos a Florencia a un camping. Estaba ubicado en el pueblo de Fiesole y desde all\u00ed ten\u00edamos una vista de toda la ciudad. Nos quedamos aqu\u00ed dos noches para dejar el veh\u00edculo quieto por un tiempo. Visitamos Florencia y el peque\u00f1o pueblo de Fiesole. Ambos eran una recomendaci\u00f3n culinaria absoluta.<\/p>\n<p><img decoding=\"async\" class=\"aligncenter wp-image-4479\" title=\"En autocaravana por la Toscana\" src=\"https:\/\/ahorn-camp.de\/wp-content\/uploads\/2020\/03\/CamperVan_Toskana.jpg\" alt=\"En autocaravana por la Toscana\" width=\"669\" height=\"368\" srcset=\"https:\/\/ahorn-camp.de\/wp-content\/uploads\/2020\/03\/CamperVan_Toskana.jpg 1240w, https:\/\/ahorn-camp.de\/wp-content\/uploads\/2020\/03\/CamperVan_Toskana-300x165.jpg 300w, https:\/\/ahorn-camp.de\/wp-content\/uploads\/2020\/03\/CamperVan_Toskana-1024x562.jpg 1024w, https:\/\/ahorn-camp.de\/wp-content\/uploads\/2020\/03\/CamperVan_Toskana-768x422.jpg 768w, https:\/\/ahorn-camp.de\/wp-content\/uploads\/2020\/03\/CamperVan_Toskana-800x439.jpg 800w\" sizes=\"(max-width: 669px) 100vw, 669px\" \/><\/p>\n<hr \/>\n<blockquote>\n<p style=\"text-align: center;\">\u201e\u00a1La atm\u00f3sfera por la ma\u00f1ana era s\u00faper bonita, muy silenciosa y tranquila!\u201c<\/p>\n<\/blockquote>\n<hr \/>\n<p>Despu\u00e9s de eso, volvimos al Lago de Garda, donde metimos los pies en el agua de vez en cuando y disfrutamos de las \u00faltimas pizzas buenas. Despu\u00e9s de dejar a Caro en Verona, segu\u00ed mi camino hacia Suiza. Las temperaturas all\u00ed se volvieron m\u00e1s fr\u00edas, aqu\u00ed subimos a m\u00e1s de 2000 metros de altitud. La siguiente parada fue Sankt Moritz. El camino hasta all\u00ed me llev\u00f3 por muchas carreteras de monta\u00f1a y puertos de monta\u00f1a con vistas fant\u00e1sticas de las monta\u00f1as y los alrededores. Antes de emprender finalmente el camino de regreso a Alemania, visit\u00e9 la regi\u00f3n de Appenzell en Suiza y luego puse rumbo a Espira.<\/p>\n<p>Las \u00faltimas noches en la autocaravana las he disfrutado mucho y me he dado un capricho m\u00e1s con pasta y vino.<br \/>\nLa entrega en Speyer transcurri\u00f3 sin problemas y me recibieron de manera muy amable de nuevo.<\/p>\n<p>\u00bfPlaneas tambi\u00e9n un viaje en autocaravana por la Toscana? <a href=\"https:\/\/ahorn-camp.de\/es\/ahorn-reisemobile\/van\/\">Aqu\u00ed encontrar\u00e1 una descripci\u00f3n general de nuestras furgonetas Mercedes-Benz Sprinter.<\/a><\/p>\n<hr \/>\n<h6><u>Pr\u00f3ximo informe de viaje<\/u><\/h6>\n<p><a href=\"https:\/\/ahorn-camp.de\/es\/con-la-autocaravana-por-la-infinita-extension-de-escocia\/\"><img decoding=\"async\" class=\"alignleft wp-image-3125 size-medium\" src=\"https:\/\/ahorn-camp.de\/wp-content\/uploads\/2019\/05\/ahorn-full_res-3x2___7-300x200.jpg\" alt=\"\" width=\"300\" height=\"200\" srcset=\"https:\/\/ahorn-camp.de\/wp-content\/uploads\/2019\/05\/ahorn-full_res-3x2___7-300x200.jpg 300w, https:\/\/ahorn-camp.de\/wp-content\/uploads\/2019\/05\/ahorn-full_res-3x2___7-scaled-800x533.jpg 800w, https:\/\/ahorn-camp.de\/wp-content\/uploads\/2019\/05\/ahorn-full_res-3x2___7-1024x683.jpg 1024w, https:\/\/ahorn-camp.de\/wp-content\/uploads\/2019\/05\/ahorn-full_res-3x2___7-768x512.jpg 768w, https:\/\/ahorn-camp.de\/wp-content\/uploads\/2019\/05\/ahorn-full_res-3x2___7-1536x1024.jpg 1536w, https:\/\/ahorn-camp.de\/wp-content\/uploads\/2019\/05\/ahorn-full_res-3x2___7-2048x1365.jpg 2048w\" sizes=\"(max-width: 300px) 100vw, 300px\" \/><\/a><\/p>\n<p>&nbsp;<\/p>\n<p>&nbsp;<\/p>\n<p>&nbsp;<\/p>\n<p>&nbsp;<\/p>\n<p><a href=\"https:\/\/ahorn-camp.de\/es\/con-la-autocaravana-por-la-infinita-extension-de-escocia\/\" target=\"_blank\" rel=\"noopener noreferrer\">En autocaravana por la inmensidad de Escocia<\/a><\/p>","protected":false},"excerpt":{"rendered":"<p>\u201eLa atm\u00f3sfera por la ma\u00f1ana fue s\u00faper bonita, muy silenciosa y tranquila y tuvimos mucha suerte con el tiempo. Despu\u00e9s de dos noches m\u00e1s en la Toscana, donde visitamos algunos pueblos peque\u00f1os, m\u00e1s lugares para hacer fotos y un balneario, nos dirigimos a Florencia a un camping. Se encontraba en el pueblo de Fiesole, desde all\u00ed ten\u00edamos una vista de toda la ciudad.\u201c<\/p>","protected":false},"author":2,"featured_media":3127,"comment_status":"closed","ping_status":"closed","sticky":false,"template":"","format":"standard","meta":{"content-type":"","footnotes":""},"categories":[208],"tags":[],"class_list":["post-3126","post","type-post","status-publish","format-standard","has-post-thumbnail","hentry","category-blog"],"yoast_head":"<!-- This site is optimized with the Yoast SEO plugin v28.4 - https:\/\/yoast.com\/product\/yoast-seo-wordpress\/ -->\n<title>Mit dem Camper Van durch die Toskana - Ahorn Camp - Blog<\/title>\n<meta name=\"description\" content=\"Mit dem Camper Van durch die Toskana und die abwechslungsreiche Natur erleben. Ein Reisebericht \u00fcber die wundersch\u00f6ne Landschaft der Toskana.\" \/>\n<meta name=\"robots\" content=\"index, follow, max-snippet:-1, max-image-preview:large, max-video-preview:-1\" \/>\n<link rel=\"canonical\" href=\"https:\/\/ahorn-camp.de\/es\/con-la-autocaravana-por-la-toscana\/\" \/>\n<meta property=\"og:locale\" content=\"es_ES\" \/>\n<meta property=\"og:type\" content=\"article\" \/>\n<meta property=\"og:title\" content=\"Mit dem Camper Van durch die Toskana\" \/>\n<meta property=\"og:description\" content=\"Mit dem Camper Van durch die Toskana und die abwechslungsreiche Natur erleben. Ein Reisebericht \u00fcber die wundersch\u00f6ne Landschaft der Toskana.\" \/>\n<meta property=\"og:url\" content=\"https:\/\/ahorn-camp.de\/es\/con-la-autocaravana-por-la-toscana\/\" \/>\n<meta property=\"og:site_name\" content=\"Ahorn Camp | Reisemobile und Kastenwagen\" \/>\n<meta property=\"article:publisher\" content=\"https:\/\/www.facebook.com\/ahorn.wohnmobile\/\" \/>\n<meta property=\"article:published_time\" content=\"2019-12-12T12:42:57+00:00\" \/>\n<meta property=\"article:modified_time\" content=\"2022-04-25T13:39:00+00:00\" \/>\n<meta name=\"author\" content=\"ahorn_admin\" \/>\n<meta name=\"twitter:card\" content=\"summary_large_image\" \/>\n<meta name=\"twitter:title\" content=\"Mit dem Camper Van durch die Toskana\" \/>\n<meta name=\"twitter:description\" content=\"Mit dem Camper Van durch die Toskana und die abwechslungsreiche Natur erleben. Ein Reisebericht \u00fcber die wundersch\u00f6ne Landschaft der Toskana.\" \/>\n<meta name=\"twitter:label1\" content=\"Escrito por\" \/>\n\t<meta name=\"twitter:data1\" content=\"ahorn_admin\" \/>\n\t<meta name=\"twitter:label2\" content=\"Tiempo de lectura\" \/>\n\t<meta name=\"twitter:data2\" content=\"5 minutos\" \/>\n<script type=\"application\/ld+json\" class=\"yoast-schema-graph\">{\"@context\":\"https:\\\/\\\/schema.org\",\"@graph\":[{\"@type\":\"Article\",\"@id\":\"https:\\\/\\\/ahorn-camp.de\\\/mit-dem-camper-van-durch-die-toskana\\\/#article\",\"isPartOf\":{\"@id\":\"https:\\\/\\\/ahorn-camp.de\\\/mit-dem-camper-van-durch-die-toskana\\\/\"},\"author\":{\"name\":\"ahorn_admin\",\"@id\":\"https:\\\/\\\/ahorn-camp.de\\\/#\\\/schema\\\/person\\\/9b60761ba82d5cb8e6db215a88925044\"},\"headline\":\"Mit dem Camper Van durch die Toskana\",\"datePublished\":\"2019-12-12T12:42:57+00:00\",\"dateModified\":\"2022-04-25T13:39:00+00:00\",\"mainEntityOfPage\":{\"@id\":\"https:\\\/\\\/ahorn-camp.de\\\/mit-dem-camper-van-durch-die-toskana\\\/\"},\"wordCount\":672,\"publisher\":{\"@id\":\"https:\\\/\\\/ahorn-camp.de\\\/#organization\"},\"image\":{\"@id\":\"https:\\\/\\\/ahorn-camp.de\\\/mit-dem-camper-van-durch-die-toskana\\\/#primaryimage\"},\"thumbnailUrl\":\"https:\\\/\\\/ahorn-camp.de\\\/wp-content\\\/uploads\\\/2019\\\/12\\\/Toskana-mit-dem-Wohnmobil.jpg\",\"articleSection\":[\"Blog\"],\"inLanguage\":\"es\"},{\"@type\":\"WebPage\",\"@id\":\"https:\\\/\\\/ahorn-camp.de\\\/mit-dem-camper-van-durch-die-toskana\\\/\",\"url\":\"https:\\\/\\\/ahorn-camp.de\\\/mit-dem-camper-van-durch-die-toskana\\\/\",\"name\":\"Mit dem Camper Van durch die Toskana - Ahorn Camp - Blog\",\"isPartOf\":{\"@id\":\"https:\\\/\\\/ahorn-camp.de\\\/#website\"},\"primaryImageOfPage\":{\"@id\":\"https:\\\/\\\/ahorn-camp.de\\\/mit-dem-camper-van-durch-die-toskana\\\/#primaryimage\"},\"image\":{\"@id\":\"https:\\\/\\\/ahorn-camp.de\\\/mit-dem-camper-van-durch-die-toskana\\\/#primaryimage\"},\"thumbnailUrl\":\"https:\\\/\\\/ahorn-camp.de\\\/wp-content\\\/uploads\\\/2019\\\/12\\\/Toskana-mit-dem-Wohnmobil.jpg\",\"datePublished\":\"2019-12-12T12:42:57+00:00\",\"dateModified\":\"2022-04-25T13:39:00+00:00\",\"description\":\"Mit dem Camper Van durch die Toskana und die abwechslungsreiche Natur erleben. Ein Reisebericht \u00fcber die wundersch\u00f6ne Landschaft der Toskana.\",\"breadcrumb\":{\"@id\":\"https:\\\/\\\/ahorn-camp.de\\\/mit-dem-camper-van-durch-die-toskana\\\/#breadcrumb\"},\"inLanguage\":\"es\",\"potentialAction\":[{\"@type\":\"ReadAction\",\"target\":[\"https:\\\/\\\/ahorn-camp.de\\\/mit-dem-camper-van-durch-die-toskana\\\/\"]}]},{\"@type\":\"ImageObject\",\"inLanguage\":\"es\",\"@id\":\"https:\\\/\\\/ahorn-camp.de\\\/mit-dem-camper-van-durch-die-toskana\\\/#primaryimage\",\"url\":\"https:\\\/\\\/ahorn-camp.de\\\/wp-content\\\/uploads\\\/2019\\\/12\\\/Toskana-mit-dem-Wohnmobil.jpg\",\"contentUrl\":\"https:\\\/\\\/ahorn-camp.de\\\/wp-content\\\/uploads\\\/2019\\\/12\\\/Toskana-mit-dem-Wohnmobil.jpg\",\"width\":1500,\"height\":847},{\"@type\":\"BreadcrumbList\",\"@id\":\"https:\\\/\\\/ahorn-camp.de\\\/mit-dem-camper-van-durch-die-toskana\\\/#breadcrumb\",\"itemListElement\":[{\"@type\":\"ListItem\",\"position\":1,\"name\":\"Startseite\",\"item\":\"https:\\\/\\\/ahorn-camp.de\\\/\"},{\"@type\":\"ListItem\",\"position\":2,\"name\":\"Mit dem Camper Van durch die Toskana\"}]},{\"@type\":\"WebSite\",\"@id\":\"https:\\\/\\\/ahorn-camp.de\\\/#website\",\"url\":\"https:\\\/\\\/ahorn-camp.de\\\/\",\"name\":\"Ahorn Camp | Reisemobile und Kastenwagen\",\"description\":\"Seit \u00fcber 30 Jahren vermarktet das Familienunternehmen, Ahorn Camp in Speyer, erfolgreich Wohnmobile und Kastenwagen zum besten Preis-Leistungsverh\u00e4ltnis.\",\"publisher\":{\"@id\":\"https:\\\/\\\/ahorn-camp.de\\\/#organization\"},\"potentialAction\":[{\"@type\":\"SearchAction\",\"target\":{\"@type\":\"EntryPoint\",\"urlTemplate\":\"https:\\\/\\\/ahorn-camp.de\\\/?s={search_term_string}\"},\"query-input\":{\"@type\":\"PropertyValueSpecification\",\"valueRequired\":true,\"valueName\":\"search_term_string\"}}],\"inLanguage\":\"es\"},{\"@type\":\"Organization\",\"@id\":\"https:\\\/\\\/ahorn-camp.de\\\/#organization\",\"name\":\"Ahorn Camp GmbH & Co. KG\",\"url\":\"https:\\\/\\\/ahorn-camp.de\\\/\",\"logo\":{\"@type\":\"ImageObject\",\"inLanguage\":\"es\",\"@id\":\"https:\\\/\\\/ahorn-camp.de\\\/#\\\/schema\\\/logo\\\/image\\\/\",\"url\":\"https:\\\/\\\/ahorn-camp.de\\\/wp-content\\\/uploads\\\/2018\\\/12\\\/Ahorn_Logo.jpg\",\"contentUrl\":\"https:\\\/\\\/ahorn-camp.de\\\/wp-content\\\/uploads\\\/2018\\\/12\\\/Ahorn_Logo.jpg\",\"width\":1437,\"height\":1000,\"caption\":\"Ahorn Camp GmbH & Co. KG\"},\"image\":{\"@id\":\"https:\\\/\\\/ahorn-camp.de\\\/#\\\/schema\\\/logo\\\/image\\\/\"},\"sameAs\":[\"https:\\\/\\\/www.facebook.com\\\/ahorn.wohnmobile\\\/\",\"https:\\\/\\\/www.instagram.com\\\/ahorn.camp\\\/\",\"https:\\\/\\\/www.youtube.com\\\/channel\\\/UCPFbPCts1JJ_A1k9vyH0yOQ\"]},{\"@type\":\"Person\",\"@id\":\"https:\\\/\\\/ahorn-camp.de\\\/#\\\/schema\\\/person\\\/9b60761ba82d5cb8e6db215a88925044\",\"name\":\"ahorn_admin\",\"image\":{\"@type\":\"ImageObject\",\"inLanguage\":\"es\",\"@id\":\"https:\\\/\\\/secure.gravatar.com\\\/avatar\\\/d96b9a078083b0c14cee48589feadd939c3cdd66547e2f3f1569470371daaaa5?s=96&d=mm&r=g\",\"url\":\"https:\\\/\\\/secure.gravatar.com\\\/avatar\\\/d96b9a078083b0c14cee48589feadd939c3cdd66547e2f3f1569470371daaaa5?s=96&d=mm&r=g\",\"contentUrl\":\"https:\\\/\\\/secure.gravatar.com\\\/avatar\\\/d96b9a078083b0c14cee48589feadd939c3cdd66547e2f3f1569470371daaaa5?s=96&d=mm&r=g\",\"caption\":\"ahorn_admin\"},\"sameAs\":[\"http:\\\/\\\/Ahorn%20Camp\"],\"url\":\"https:\\\/\\\/ahorn-camp.de\\\/es\\\/author\\\/ahorn_admin\\\/\"}]}<\/script>\n<!-- \/ Yoast SEO plugin. -->","yoast_head_json":{"title":"Con la furgoneta camper por la Toscana - Ahorn Camp - Blog","description":"Un viaje en autocaravana por la Toscana y experimenta su diversa naturaleza. Un relato de viaje sobre el hermoso paisaje de la Toscana.","robots":{"index":"index","follow":"follow","max-snippet":"max-snippet:-1","max-image-preview":"max-image-preview:large","max-video-preview":"max-video-preview:-1"},"canonical":"https:\/\/ahorn-camp.de\/es\/con-la-autocaravana-por-la-toscana\/","og_locale":"es_ES","og_type":"article","og_title":"Mit dem Camper Van durch die Toskana","og_description":"Mit dem Camper Van durch die Toskana und die abwechslungsreiche Natur erleben. Ein Reisebericht \u00fcber die wundersch\u00f6ne Landschaft der Toskana.","og_url":"https:\/\/ahorn-camp.de\/es\/con-la-autocaravana-por-la-toscana\/","og_site_name":"Ahorn Camp | Reisemobile und Kastenwagen","article_publisher":"https:\/\/www.facebook.com\/ahorn.wohnmobile\/","article_published_time":"2019-12-12T12:42:57+00:00","article_modified_time":"2022-04-25T13:39:00+00:00","author":"ahorn_admin","twitter_card":"summary_large_image","twitter_title":"Mit dem Camper Van durch die Toskana","twitter_description":"Mit dem Camper Van durch die Toskana und die abwechslungsreiche Natur erleben. Ein Reisebericht \u00fcber die wundersch\u00f6ne Landschaft der Toskana.","twitter_misc":{"Escrito por":"ahorn_admin","Tiempo de lectura":"5 minutos"},"schema":{"@context":"https:\/\/schema.org","@graph":[{"@type":"Article","@id":"https:\/\/ahorn-camp.de\/mit-dem-camper-van-durch-die-toskana\/#article","isPartOf":{"@id":"https:\/\/ahorn-camp.de\/mit-dem-camper-van-durch-die-toskana\/"},"author":{"name":"ahorn_admin","@id":"https:\/\/ahorn-camp.de\/#\/schema\/person\/9b60761ba82d5cb8e6db215a88925044"},"headline":"Mit dem Camper Van durch die Toskana","datePublished":"2019-12-12T12:42:57+00:00","dateModified":"2022-04-25T13:39:00+00:00","mainEntityOfPage":{"@id":"https:\/\/ahorn-camp.de\/mit-dem-camper-van-durch-die-toskana\/"},"wordCount":672,"publisher":{"@id":"https:\/\/ahorn-camp.de\/#organization"},"image":{"@id":"https:\/\/ahorn-camp.de\/mit-dem-camper-van-durch-die-toskana\/#primaryimage"},"thumbnailUrl":"https:\/\/ahorn-camp.de\/wp-content\/uploads\/2019\/12\/Toskana-mit-dem-Wohnmobil.jpg","articleSection":["Blog"],"inLanguage":"es"},{"@type":"WebPage","@id":"https:\/\/ahorn-camp.de\/mit-dem-camper-van-durch-die-toskana\/","url":"https:\/\/ahorn-camp.de\/mit-dem-camper-van-durch-die-toskana\/","name":"Con la furgoneta camper por la Toscana - Ahorn Camp - Blog","isPartOf":{"@id":"https:\/\/ahorn-camp.de\/#website"},"primaryImageOfPage":{"@id":"https:\/\/ahorn-camp.de\/mit-dem-camper-van-durch-die-toskana\/#primaryimage"},"image":{"@id":"https:\/\/ahorn-camp.de\/mit-dem-camper-van-durch-die-toskana\/#primaryimage"},"thumbnailUrl":"https:\/\/ahorn-camp.de\/wp-content\/uploads\/2019\/12\/Toskana-mit-dem-Wohnmobil.jpg","datePublished":"2019-12-12T12:42:57+00:00","dateModified":"2022-04-25T13:39:00+00:00","description":"Un viaje en autocaravana por la Toscana y experimenta su diversa naturaleza. Un relato de viaje sobre el hermoso paisaje de la Toscana.","breadcrumb":{"@id":"https:\/\/ahorn-camp.de\/mit-dem-camper-van-durch-die-toskana\/#breadcrumb"},"inLanguage":"es","potentialAction":[{"@type":"ReadAction","target":["https:\/\/ahorn-camp.de\/mit-dem-camper-van-durch-die-toskana\/"]}]},{"@type":"ImageObject","inLanguage":"es","@id":"https:\/\/ahorn-camp.de\/mit-dem-camper-van-durch-die-toskana\/#primaryimage","url":"https:\/\/ahorn-camp.de\/wp-content\/uploads\/2019\/12\/Toskana-mit-dem-Wohnmobil.jpg","contentUrl":"https:\/\/ahorn-camp.de\/wp-content\/uploads\/2019\/12\/Toskana-mit-dem-Wohnmobil.jpg","width":1500,"height":847},{"@type":"BreadcrumbList","@id":"https:\/\/ahorn-camp.de\/mit-dem-camper-van-durch-die-toskana\/#breadcrumb","itemListElement":[{"@type":"ListItem","position":1,"name":"Startseite","item":"https:\/\/ahorn-camp.de\/"},{"@type":"ListItem","position":2,"name":"Mit dem Camper Van durch die Toskana"}]},{"@type":"WebSite","@id":"https:\/\/ahorn-camp.de\/#website","url":"https:\/\/ahorn-camp.de\/","name":"Ahorn Camp | Autocaravanas y furgonetas camper","description":"Desde hace m\u00e1s de 30 a\u00f1os, la empresa familiar, Ahorn Camp en Speyer, comercializa con \u00e9xito caravanas y furgonetas camper a la mejor relaci\u00f3n calidad-precio.","publisher":{"@id":"https:\/\/ahorn-camp.de\/#organization"},"potentialAction":[{"@type":"SearchAction","target":{"@type":"EntryPoint","urlTemplate":"https:\/\/ahorn-camp.de\/?s={search_term_string}"},"query-input":{"@type":"PropertyValueSpecification","valueRequired":true,"valueName":"search_term_string"}}],"inLanguage":"es"},{"@type":"Organization","@id":"https:\/\/ahorn-camp.de\/#organization","name":"Ahorn Camp GmbH &amp; Co. KG","url":"https:\/\/ahorn-camp.de\/","logo":{"@type":"ImageObject","inLanguage":"es","@id":"https:\/\/ahorn-camp.de\/#\/schema\/logo\/image\/","url":"https:\/\/ahorn-camp.de\/wp-content\/uploads\/2018\/12\/Ahorn_Logo.jpg","contentUrl":"https:\/\/ahorn-camp.de\/wp-content\/uploads\/2018\/12\/Ahorn_Logo.jpg","width":1437,"height":1000,"caption":"Ahorn Camp GmbH & Co. KG"},"image":{"@id":"https:\/\/ahorn-camp.de\/#\/schema\/logo\/image\/"},"sameAs":["https:\/\/www.facebook.com\/ahorn.wohnmobile\/","https:\/\/www.instagram.com\/ahorn.camp\/","https:\/\/www.youtube.com\/channel\/UCPFbPCts1JJ_A1k9vyH0yOQ"]},{"@type":"Person","@id":"https:\/\/ahorn-camp.de\/#\/schema\/person\/9b60761ba82d5cb8e6db215a88925044","name":"ahorn_admin","image":{"@type":"ImageObject","inLanguage":"es","@id":"https:\/\/secure.gravatar.com\/avatar\/d96b9a078083b0c14cee48589feadd939c3cdd66547e2f3f1569470371daaaa5?s=96&d=mm&r=g","url":"https:\/\/secure.gravatar.com\/avatar\/d96b9a078083b0c14cee48589feadd939c3cdd66547e2f3f1569470371daaaa5?s=96&d=mm&r=g","contentUrl":"https:\/\/secure.gravatar.com\/avatar\/d96b9a078083b0c14cee48589feadd939c3cdd66547e2f3f1569470371daaaa5?s=96&d=mm&r=g","caption":"ahorn_admin"},"sameAs":["http:\/\/Ahorn%20Camp"],"url":"https:\/\/ahorn-camp.de\/es\/author\/ahorn_admin\/"}]}},"_links":{"self":[{"href":"https:\/\/ahorn-camp.de\/es\/wp-json\/wp\/v2\/posts\/3126","targetHints":{"allow":["GET"]}}],"collection":[{"href":"https:\/\/ahorn-camp.de\/es\/wp-json\/wp\/v2\/posts"}],"about":[{"href":"https:\/\/ahorn-camp.de\/es\/wp-json\/wp\/v2\/types\/post"}],"author":[{"embeddable":true,"href":"https:\/\/ahorn-camp.de\/es\/wp-json\/wp\/v2\/users\/2"}],"replies":[{"embeddable":true,"href":"https:\/\/ahorn-camp.de\/es\/wp-json\/wp\/v2\/comments?post=3126"}],"version-history":[{"count":0,"href":"https:\/\/ahorn-camp.de\/es\/wp-json\/wp\/v2\/posts\/3126\/revisions"}],"wp:featuredmedia":[{"embeddable":true,"href":"https:\/\/ahorn-camp.de\/es\/wp-json\/wp\/v2\/media\/3127"}],"wp:attachment":[{"href":"https:\/\/ahorn-camp.de\/es\/wp-json\/wp\/v2\/media?parent=3126"}],"wp:term":[{"taxonomy":"category","embeddable":true,"href":"https:\/\/ahorn-camp.de\/es\/wp-json\/wp\/v2\/categories?post=3126"},{"taxonomy":"post_tag","embeddable":true,"href":"https:\/\/ahorn-camp.de\/es\/wp-json\/wp\/v2\/tags?post=3126"}],"curies":[{"name":"wp","href":"https:\/\/api.w.org\/{rel}","templated":true}]}}