{"id":27076,"date":"2024-12-17T19:33:36","date_gmt":"2024-12-17T18:33:36","guid":{"rendered":"https:\/\/ahorn-camp.de\/?p=27076"},"modified":"2024-12-17T19:50:48","modified_gmt":"2024-12-17T18:50:48","slug":"asiento-infantil-en-autocaravana","status":"publish","type":"post","link":"https:\/\/ahorn-camp.de\/es\/kindersitz-im-wohnmobil\/","title":{"rendered":"Asiento infantil en la autocaravana: seguridad a bordo"},"content":{"rendered":"<div class=\"wpb-content-wrapper\" id=\"wpb-content-root\"><div class=\"vc_row wpb_row vc_row-fluid\"><div class=\"wpb_column vc_column_container vc_col-sm-12\"><div class=\"vc_column-inner\"><div class=\"wpb_wrapper\">\n\t<div class=\"wpb_text_column wpb_content_element\" >\n\t\t<div class=\"wpb_wrapper\">\n\t\t\t<p data-pm-slice=\"1 1 &#091;&#093;\">Viajar con ni\u00f1os en autocaravana es toda una aventura para toda la familia. Para que el viaje no solo sea divertido, sino tambi\u00e9n seguro, la silla infantil adecuada juega un papel central. La seguridad de los pasajeros m\u00e1s peque\u00f1os es lo primero, por lo que es importante conocer e implementar las normativas adecuadas.<\/p>\n\n\t\t<\/div>\n\t<\/div>\n<div class=\"vc_empty_space\"   style=\"height: 15px\"><span class=\"vc_empty_space_inner\"><\/span><\/div><div class=\"vc_row wpb_row vc_inner vc_row-fluid\"><div class=\"wpb_column vc_column_container vc_col-sm-6\"><div class=\"vc_column-inner\"><div class=\"wpb_wrapper\">\n\t<div  class=\"wpb_single_image wpb_content_element vc_align_center wpb_content_element\">\n\t\t\n\t\t<figure class=\"wpb_wrapper vc_figure\">\n\t\t\t<div class=\"vc_single_image-wrapper\"><img fetchpriority=\"high\" decoding=\"async\" width=\"1707\" height=\"2560\" src=\"https:\/\/ahorn-camp.de\/wp-content\/uploads\/2024\/12\/LUK06466-scaled.jpg\" class=\"vc_single_image-img attachment-full\" alt=\"Asiento infantil en la autocaravana: seguridad a bordo\" title=\"Asiento infantil en la autocaravana: seguridad a bordo\" srcset=\"https:\/\/ahorn-camp.de\/wp-content\/uploads\/2024\/12\/LUK06466-scaled.jpg 1707w, https:\/\/ahorn-camp.de\/wp-content\/uploads\/2024\/12\/LUK06466-200x300.jpg 200w, https:\/\/ahorn-camp.de\/wp-content\/uploads\/2024\/12\/LUK06466-683x1024.jpg 683w, https:\/\/ahorn-camp.de\/wp-content\/uploads\/2024\/12\/LUK06466-768x1152.jpg 768w, https:\/\/ahorn-camp.de\/wp-content\/uploads\/2024\/12\/LUK06466-400x600.jpg 400w, https:\/\/ahorn-camp.de\/wp-content\/uploads\/2024\/12\/LUK06466-1024x1536.jpg 1024w, https:\/\/ahorn-camp.de\/wp-content\/uploads\/2024\/12\/LUK06466-1365x2048.jpg 1365w, https:\/\/ahorn-camp.de\/wp-content\/uploads\/2024\/12\/LUK06466-800x1200.jpg 800w\" sizes=\"(max-width: 1707px) 100vw, 1707px\" \/><\/div>\n\t\t<\/figure>\n\t<\/div>\n<\/div><\/div><\/div><div class=\"wpb_column vc_column_container vc_col-sm-6\"><div class=\"vc_column-inner\"><div class=\"wpb_wrapper\">\n\t<div  class=\"wpb_single_image wpb_content_element vc_align_center wpb_content_element\">\n\t\t\n\t\t<figure class=\"wpb_wrapper vc_figure\">\n\t\t\t<div class=\"vc_single_image-wrapper\"><img decoding=\"async\" width=\"1707\" height=\"2560\" src=\"https:\/\/ahorn-camp.de\/wp-content\/uploads\/2024\/12\/LUK06470-scaled.jpg\" class=\"vc_single_image-img attachment-full\" alt=\"Asiento infantil en la autocaravana: seguridad a bordo\" title=\"Asiento infantil en la autocaravana: seguridad a bordo\" srcset=\"https:\/\/ahorn-camp.de\/wp-content\/uploads\/2024\/12\/LUK06470-scaled.jpg 1707w, https:\/\/ahorn-camp.de\/wp-content\/uploads\/2024\/12\/LUK06470-200x300.jpg 200w, https:\/\/ahorn-camp.de\/wp-content\/uploads\/2024\/12\/LUK06470-683x1024.jpg 683w, https:\/\/ahorn-camp.de\/wp-content\/uploads\/2024\/12\/LUK06470-768x1152.jpg 768w, https:\/\/ahorn-camp.de\/wp-content\/uploads\/2024\/12\/LUK06470-400x600.jpg 400w, https:\/\/ahorn-camp.de\/wp-content\/uploads\/2024\/12\/LUK06470-1024x1536.jpg 1024w, https:\/\/ahorn-camp.de\/wp-content\/uploads\/2024\/12\/LUK06470-1365x2048.jpg 1365w, https:\/\/ahorn-camp.de\/wp-content\/uploads\/2024\/12\/LUK06470-800x1200.jpg 800w\" sizes=\"(max-width: 1707px) 100vw, 1707px\" \/><\/div>\n\t\t<\/figure>\n\t<\/div>\n<\/div><\/div><\/div><\/div><div class=\"vc_empty_space\"   style=\"height: 15px\"><span class=\"vc_empty_space_inner\"><\/span><\/div><h2 style=\"font-size: 30px;color: #1B508C;text-align: left\" class=\"vc_custom_heading vc_do_custom_heading\" >Asiento infantil en autocaravana: Ley y regulaciones<\/h2><div class=\"vc_empty_space\"   style=\"height: 15px\"><span class=\"vc_empty_space_inner\"><\/span><\/div>\n\t<div class=\"wpb_text_column wpb_content_element\" >\n\t\t<div class=\"wpb_wrapper\">\n\t\t\t<p>En Alemania y muchos otros pa\u00edses europeos existen normativas claras para la sujeci\u00f3n de ni\u00f1os en veh\u00edculos, incluso en autocaravanas. He aqu\u00ed un resumen:<br \/>\n<strong>Alemania <\/strong>Los ni\u00f1os de hasta 150 cent\u00edmetros de altura o hasta que cumplan los 12 a\u00f1os deben viajar en un asiento infantil.<br \/>\nLo decisivo es el n\u00famero de asientos registrados (documento de registro del veh\u00edculo, punto S.1.).<br \/>\n<strong>Austria: <\/strong>Aqu\u00ed rige la obligaci\u00f3n de usar silla infantil para ni\u00f1os de hasta 135 cent\u00edmetros o hasta los 14 a\u00f1os de edad.<br \/>\nTenga en cuenta que las regulaciones pueden variar seg\u00fan el pa\u00eds de viaje. Consulte las regulaciones del destino antes de partir para evitar multas y peligros.<\/p>\n\n\t\t<\/div>\n\t<\/div>\n<div class=\"vc_empty_space\"   style=\"height: 15px\"><span class=\"vc_empty_space_inner\"><\/span><\/div><\/div><\/div><\/div><\/div><div class=\"vc_row wpb_row vc_row-fluid\"><div class=\"wpb_column vc_column_container vc_col-sm-12\"><div class=\"vc_column-inner\"><div class=\"wpb_wrapper\"><h2 style=\"font-size: 30px;color: #1B508C;text-align: left\" class=\"vc_custom_heading vc_do_custom_heading\" >Elecci\u00f3n de la silla de coche adecuada<\/h2><div class=\"vc_empty_space\"   style=\"height: 15px\"><span class=\"vc_empty_space_inner\"><\/span><\/div>\n\t<div class=\"wpb_text_column wpb_content_element\" >\n\t\t<div class=\"wpb_wrapper\">\n\t\t\t<p><strong>Edades y Clases de Tama\u00f1o:<\/strong><br \/>\n\u2022 Sillas de coche para beb\u00e9s (Grupo 0\/0+): Para reci\u00e9n nacidos y beb\u00e9s de hasta unos 13 kg.<br \/>\n\u2022 Sillas para ni\u00f1os (Grupo 1): Para ni\u00f1os de 9 a 18 kg.<br \/>\n\u2022 Alzadores (Grupo 2\/3): Para ni\u00f1os mayores de 15 a 36 kg.<br \/>\n<strong>Norma de control de la ECE:<\/strong><br \/>\n\u2022 Aseg\u00farese de que el asiento cumpla con la norma ECE R44\/04 o ECE R129. Estas garantizan que el asiento ha superado pruebas de seguridad exhaustivas.<br \/>\n<strong>Tipos de fijaci\u00f3n:<\/strong><br \/>\n\u2022 Cintur\u00f3n de 3 puntos: Utiliza el cintur\u00f3n de la autocaravana.<br \/>\n\u2022 Cintur\u00f3n de 5 puntos: Arn\u00e9s integrado en la silla infantil para mayor seguridad.<br \/>\n\u2022 Reboarder: Asientos orientados hacia atr\u00e1s, especialmente recomendados para ni\u00f1os menores de 15 meses.<\/p>\n\n\t\t<\/div>\n\t<\/div>\n<\/div><\/div><\/div><\/div><div class=\"vc_row wpb_row vc_row-fluid\"><div class=\"wpb_column vc_column_container vc_col-sm-12\"><div class=\"vc_column-inner\"><div class=\"wpb_wrapper\"><div class=\"vc_empty_space\"   style=\"height: 25px\"><span class=\"vc_empty_space_inner\"><\/span><\/div><h2 style=\"font-size: 30px;color: #1B508C;text-align: left\" class=\"vc_custom_heading vc_do_custom_heading\" >Fijaci\u00f3n en la autocaravana<\/h2><div class=\"vc_empty_space\"   style=\"height: 15px\"><span class=\"vc_empty_space_inner\"><\/span><\/div>\n\t<div class=\"wpb_text_column wpb_content_element\" >\n\t\t<div class=\"wpb_wrapper\">\n\t\t\t<p>La posici\u00f3n de asiento m\u00e1s segura suele ser en el asiento trasero, preferiblemente en el centro. El asiento del pasajero solo debe usarse si el airbag se puede desactivar. Existen normativas especiales para veh\u00edculos sin asientos traseros.<br \/>\nUna instalaci\u00f3n correcta es esencial. Muchas autocaravanas ofrecen anclajes Isofix, que permiten una instalaci\u00f3n f\u00e1cil y segura de la silla infantil. Si no hay Isofix, este dispositivo puede ser instalado posteriormente en algunos casos.<\/p>\n\n\t\t<\/div>\n\t<\/div>\n<\/div><\/div><\/div><\/div><div class=\"vc_row wpb_row vc_row-fluid\"><div class=\"wpb_column vc_column_container vc_col-sm-12\"><div class=\"vc_column-inner\"><div class=\"wpb_wrapper\"><div class=\"vc_empty_space\"   style=\"height: 25px\"><span class=\"vc_empty_space_inner\"><\/span><\/div><h2 style=\"font-size: 30px;color: #1B508C;text-align: left\" class=\"vc_custom_heading vc_do_custom_heading\" >Controles de seguridad antes de conducir<\/h2><div class=\"vc_empty_space\"   style=\"height: 15px\"><span class=\"vc_empty_space_inner\"><\/span><\/div>\n\t<div class=\"wpb_text_column wpb_content_element\" >\n\t\t<div class=\"wpb_wrapper\">\n\t\t\t<p data-pm-slice=\"1 3 &#091;&#093;\">Una revisi\u00f3n del asiento infantil antes de cada viaje es indispensable. Aqu\u00ed est\u00e1n los puntos m\u00e1s importantes:<\/p>\n<ul data-spread=\"false\">\n<li>Comprobar fijaciones y apretar si es necesario.<\/li>\n<li>Asegurarse de que el ni\u00f1o est\u00e9 bien abrochado.<\/li>\n<li>Utilice \u00fanicamente sillas de coche de alta calidad con marca de homologaci\u00f3n v\u00e1lida.<\/li>\n<li>Adaptar el asiento al crecimiento del ni\u00f1o.<\/li>\n<li>No utilice asientos usados sin prueba de origen, ya que podr\u00edan tener da\u00f1os de accidente.<\/li>\n<\/ul>\n\n\t\t<\/div>\n\t<\/div>\n<\/div><\/div><\/div><\/div><div class=\"vc_row wpb_row vc_row-fluid\"><div class=\"wpb_column vc_column_container vc_col-sm-12\"><div class=\"vc_column-inner\"><div class=\"wpb_wrapper\"><div class=\"vc_empty_space\"   style=\"height: 25px\"><span class=\"vc_empty_space_inner\"><\/span><\/div><h2 style=\"font-size: 30px;color: #1B508C;text-align: left\" class=\"vc_custom_heading vc_do_custom_heading\" >Viajar con ni\u00f1os: seguridad y comodidad unidas<\/h2><div class=\"vc_empty_space\"   style=\"height: 15px\"><span class=\"vc_empty_space_inner\"><\/span><\/div>\n\t<div class=\"wpb_text_column wpb_content_element\" >\n\t\t<div class=\"wpb_wrapper\">\n\t\t\t<div class=\"flex max-w-full flex-col flex-grow\">\n<div class=\"min-h-&#091;20px&#093; text-message flex w-full flex-col items-end gap-2 whitespace-normal break-words &#091;.text-message+&amp;&#093;:mt-5\" dir=\"auto\" data-message-author-role=\"assistant\" data-message-id=\"cb85b4df-e8a5-45f8-a3d6-ca10b0554499\">\n<div class=\"flex w-full flex-col gap-1 empty:hidden first:pt-&#091;3px&#093;\">\n<div class=\"markdown prose w-full break-words dark:prose-invert light\">\n<p>Los viajes largos en autocaravana pueden ser agotadores, tanto para los padres como para los ni\u00f1os. Con estos consejos, podr\u00e1 combinar seguridad y comodidad de forma \u00f3ptima:<\/p>\n<ul>\n<li>Planificar pausas: paradas regulares para hacer ejercicio y relajarse.<\/li>\n<li>Entretenimiento: Los juegos y las pel\u00edculas apropiadas ofrecen distracci\u00f3n.<\/li>\n<li>Accesorios: Adiciones como acolchado protector para el asiento o protecci\u00f3n solar aumentan la comodidad.<\/li>\n<\/ul>\n<\/div>\n<\/div>\n<\/div>\n<\/div>\n\n\t\t<\/div>\n\t<\/div>\n<div class=\"vc_empty_space\"   style=\"height: 15px\"><span class=\"vc_empty_space_inner\"><\/span><\/div><div class=\"vc_row wpb_row vc_inner vc_row-fluid\"><div class=\"wpb_column vc_column_container vc_col-sm-4\"><div class=\"vc_column-inner\"><div class=\"wpb_wrapper\">\n\t<div  class=\"wpb_single_image wpb_content_element vc_align_center wpb_content_element\">\n\t\t\n\t\t<figure class=\"wpb_wrapper vc_figure\">\n\t\t\t<div class=\"vc_single_image-wrapper\"><img decoding=\"async\" width=\"1707\" height=\"2560\" src=\"https:\/\/ahorn-camp.de\/wp-content\/uploads\/2024\/12\/LUK06572-scaled.jpg\" class=\"vc_single_image-img attachment-full\" alt=\"Asiento infantil en la autocaravana: seguridad a bordo\" title=\"Asiento infantil en la autocaravana: seguridad a bordo\" srcset=\"https:\/\/ahorn-camp.de\/wp-content\/uploads\/2024\/12\/LUK06572-scaled.jpg 1707w, https:\/\/ahorn-camp.de\/wp-content\/uploads\/2024\/12\/LUK06572-200x300.jpg 200w, https:\/\/ahorn-camp.de\/wp-content\/uploads\/2024\/12\/LUK06572-683x1024.jpg 683w, https:\/\/ahorn-camp.de\/wp-content\/uploads\/2024\/12\/LUK06572-768x1152.jpg 768w, https:\/\/ahorn-camp.de\/wp-content\/uploads\/2024\/12\/LUK06572-400x600.jpg 400w, https:\/\/ahorn-camp.de\/wp-content\/uploads\/2024\/12\/LUK06572-1024x1536.jpg 1024w, https:\/\/ahorn-camp.de\/wp-content\/uploads\/2024\/12\/LUK06572-1365x2048.jpg 1365w, https:\/\/ahorn-camp.de\/wp-content\/uploads\/2024\/12\/LUK06572-800x1200.jpg 800w\" sizes=\"(max-width: 1707px) 100vw, 1707px\" \/><\/div>\n\t\t<\/figure>\n\t<\/div>\n<\/div><\/div><\/div><div class=\"wpb_column vc_column_container vc_col-sm-4\"><div class=\"vc_column-inner\"><div class=\"wpb_wrapper\">\n\t<div  class=\"wpb_single_image wpb_content_element vc_align_center wpb_content_element\">\n\t\t\n\t\t<figure class=\"wpb_wrapper vc_figure\">\n\t\t\t<div class=\"vc_single_image-wrapper\"><img loading=\"lazy\" decoding=\"async\" width=\"1707\" height=\"2560\" src=\"https:\/\/ahorn-camp.de\/wp-content\/uploads\/2024\/12\/LUK06312-scaled.jpg\" class=\"vc_single_image-img attachment-full\" alt=\"Asiento infantil en la autocaravana: seguridad a bordo\" title=\"Asiento infantil en la autocaravana: seguridad a bordo\" srcset=\"https:\/\/ahorn-camp.de\/wp-content\/uploads\/2024\/12\/LUK06312-scaled.jpg 1707w, https:\/\/ahorn-camp.de\/wp-content\/uploads\/2024\/12\/LUK06312-200x300.jpg 200w, https:\/\/ahorn-camp.de\/wp-content\/uploads\/2024\/12\/LUK06312-683x1024.jpg 683w, https:\/\/ahorn-camp.de\/wp-content\/uploads\/2024\/12\/LUK06312-768x1152.jpg 768w, https:\/\/ahorn-camp.de\/wp-content\/uploads\/2024\/12\/LUK06312-400x600.jpg 400w, https:\/\/ahorn-camp.de\/wp-content\/uploads\/2024\/12\/LUK06312-1024x1536.jpg 1024w, https:\/\/ahorn-camp.de\/wp-content\/uploads\/2024\/12\/LUK06312-1365x2048.jpg 1365w, https:\/\/ahorn-camp.de\/wp-content\/uploads\/2024\/12\/LUK06312-800x1200.jpg 800w\" sizes=\"(max-width: 1707px) 100vw, 1707px\" \/><\/div>\n\t\t<\/figure>\n\t<\/div>\n<\/div><\/div><\/div><div class=\"wpb_column vc_column_container vc_col-sm-4\"><div class=\"vc_column-inner\"><div class=\"wpb_wrapper\">\n\t<div  class=\"wpb_single_image wpb_content_element vc_align_center wpb_content_element\">\n\t\t\n\t\t<figure class=\"wpb_wrapper vc_figure\">\n\t\t\t<div class=\"vc_single_image-wrapper\"><img loading=\"lazy\" decoding=\"async\" width=\"1707\" height=\"2560\" src=\"https:\/\/ahorn-camp.de\/wp-content\/uploads\/2024\/12\/LUK06939-scaled.jpg\" class=\"vc_single_image-img attachment-full\" alt=\"Asiento infantil en la autocaravana: seguridad a bordo\" title=\"Asiento infantil en la autocaravana: seguridad a bordo\" srcset=\"https:\/\/ahorn-camp.de\/wp-content\/uploads\/2024\/12\/LUK06939-scaled.jpg 1707w, https:\/\/ahorn-camp.de\/wp-content\/uploads\/2024\/12\/LUK06939-200x300.jpg 200w, https:\/\/ahorn-camp.de\/wp-content\/uploads\/2024\/12\/LUK06939-683x1024.jpg 683w, https:\/\/ahorn-camp.de\/wp-content\/uploads\/2024\/12\/LUK06939-768x1152.jpg 768w, https:\/\/ahorn-camp.de\/wp-content\/uploads\/2024\/12\/LUK06939-400x600.jpg 400w, https:\/\/ahorn-camp.de\/wp-content\/uploads\/2024\/12\/LUK06939-1024x1536.jpg 1024w, https:\/\/ahorn-camp.de\/wp-content\/uploads\/2024\/12\/LUK06939-1365x2048.jpg 1365w, https:\/\/ahorn-camp.de\/wp-content\/uploads\/2024\/12\/LUK06939-800x1200.jpg 800w\" sizes=\"(max-width: 1707px) 100vw, 1707px\" \/><\/div>\n\t\t<\/figure>\n\t<\/div>\n<\/div><\/div><\/div><\/div><div class=\"vc_empty_space\"   style=\"height: 15px\"><span class=\"vc_empty_space_inner\"><\/span><\/div><h2 style=\"font-size: 30px;color: #1B508C;text-align: left\" class=\"vc_custom_heading vc_do_custom_heading\" >Conclusi\u00f3n: Silla infantil en la autocaravana: la seguridad ante la comodidad<\/h2><div class=\"vc_empty_space\"   style=\"height: 15px\"><span class=\"vc_empty_space_inner\"><\/span><\/div>\n\t<div class=\"wpb_text_column wpb_content_element\" >\n\t\t<div class=\"wpb_wrapper\">\n\t\t\t<div class=\"flex max-w-full flex-col flex-grow\">\n<div class=\"min-h-&#091;20px&#093; text-message flex w-full flex-col items-end gap-2 whitespace-normal break-words &#091;.text-message+&amp;&#093;:mt-5\" dir=\"auto\" data-message-author-role=\"assistant\" data-message-id=\"cb85b4df-e8a5-45f8-a3d6-ca10b0554499\">\n<div class=\"flex w-full flex-col gap-1 empty:hidden first:pt-&#091;3px&#093;\">\n<div class=\"markdown prose w-full break-words dark:prose-invert light\">\n<p data-pm-slice=\"1 1 &#091;&#093;\">La seguridad de los peque\u00f1os pasajeros es la m\u00e1xima prioridad. Tenga en cuenta las normativas espec\u00edficas de cada pa\u00eds, elija la silla infantil adecuada y asegure una instalaci\u00f3n correcta. Las revisiones peri\u00f3dicas garantizan un viaje seguro, \u00a1y con la planificaci\u00f3n adecuada, nada impedir\u00e1 la diversi\u00f3n en la autocaravana!<\/p>\n<\/div>\n<\/div>\n<\/div>\n<\/div>\n\n\t\t<\/div>\n\t<\/div>\n<div class=\"vc_empty_space\"   style=\"height: 25px\"><span class=\"vc_empty_space_inner\"><\/span><\/div><\/div><\/div><\/div><\/div>\n<\/div>","protected":false},"excerpt":{"rendered":"<p>Viajar con ni\u00f1os en autocaravana presenta exigencias especiales en cuanto a seguridad y confort. Explicamos c\u00f3mo elegir la silla infantil adecuada bas\u00e1ndose en la edad, talla y peso del ni\u00f1o, teniendo en cuenta las normas de seguridad y los tipos de arn\u00e9s. Adem\u00e1s, le ofrecemos consejos pr\u00e1cticos para su correcta sujeci\u00f3n y posicionamiento en la autocaravana, complementados con comprobaciones de seguridad antes de cada viaje. Nuestro objetivo es hacer que el viaje sea lo m\u00e1s seguro y agradable posible para sus peque\u00f1os, sin descuidar la diversi\u00f3n del descubrimiento.<\/p>","protected":false},"author":2,"featured_media":27077,"comment_status":"closed","ping_status":"closed","sticky":false,"template":"","format":"standard","meta":{"content-type":"","footnotes":""},"categories":[208],"tags":[],"class_list":["post-27076","post","type-post","status-publish","format-standard","has-post-thumbnail","hentry","category-blog"],"yoast_head":"<!-- This site is optimized with the Yoast SEO plugin v28.4 - https:\/\/yoast.com\/product\/yoast-seo-wordpress\/ -->\n<title>Kindersitz im Wohnmobil: Sicherheit an Bord<\/title>\n<meta name=\"description\" content=\"Ihr Leitfaden f\u00fcr Kindersitze im Wohnmobil. Von der Auswahl des richtigen Kindersitzes bis zur sicheren Befestigung.\" \/>\n<meta name=\"robots\" content=\"index, follow, max-snippet:-1, max-image-preview:large, max-video-preview:-1\" \/>\n<link rel=\"canonical\" href=\"https:\/\/ahorn-camp.de\/es\/asiento-infantil-en-autocaravana\/\" \/>\n<meta property=\"og:locale\" content=\"es_ES\" \/>\n<meta property=\"og:type\" content=\"article\" \/>\n<meta property=\"og:title\" content=\"Kindersitz im Wohnmobil: Sicherheit an Bord\" \/>\n<meta property=\"og:description\" content=\"Ihr Leitfaden f\u00fcr Kindersitze im Wohnmobil. Von der Auswahl des richtigen Kindersitzes bis zur sicheren Befestigung.\" \/>\n<meta property=\"og:url\" content=\"https:\/\/ahorn-camp.de\/es\/asiento-infantil-en-autocaravana\/\" \/>\n<meta property=\"og:site_name\" content=\"Ahorn Camp | Reisemobile und Kastenwagen\" \/>\n<meta property=\"article:publisher\" content=\"https:\/\/www.facebook.com\/ahorn.wohnmobile\/\" \/>\n<meta property=\"article:published_time\" content=\"2024-12-17T18:33:36+00:00\" \/>\n<meta property=\"article:modified_time\" content=\"2024-12-17T18:50:48+00:00\" \/>\n<meta property=\"og:image\" content=\"https:\/\/ahorn-camp.de\/wp-content\/uploads\/2024\/12\/LUK06470-scaled.jpg\" \/>\n\t<meta property=\"og:image:width\" content=\"1707\" \/>\n\t<meta property=\"og:image:height\" content=\"2560\" \/>\n\t<meta property=\"og:image:type\" content=\"image\/jpeg\" \/>\n<meta name=\"author\" content=\"ahorn_admin\" \/>\n<meta name=\"twitter:card\" content=\"summary_large_image\" \/>\n<meta name=\"twitter:label1\" content=\"Escrito por\" \/>\n\t<meta name=\"twitter:data1\" content=\"ahorn_admin\" \/>\n\t<meta name=\"twitter:label2\" content=\"Tiempo de lectura\" \/>\n\t<meta name=\"twitter:data2\" content=\"5 minutos\" \/>\n<script type=\"application\/ld+json\" class=\"yoast-schema-graph\">{\"@context\":\"https:\\\/\\\/schema.org\",\"@graph\":[{\"@type\":\"Article\",\"@id\":\"https:\\\/\\\/ahorn-camp.de\\\/kindersitz-im-wohnmobil\\\/#article\",\"isPartOf\":{\"@id\":\"https:\\\/\\\/ahorn-camp.de\\\/kindersitz-im-wohnmobil\\\/\"},\"author\":{\"name\":\"ahorn_admin\",\"@id\":\"https:\\\/\\\/ahorn-camp.de\\\/#\\\/schema\\\/person\\\/9b60761ba82d5cb8e6db215a88925044\"},\"headline\":\"Kindersitz im Wohnmobil: Sicherheit an Bord\",\"datePublished\":\"2024-12-17T18:33:36+00:00\",\"dateModified\":\"2024-12-17T18:50:48+00:00\",\"mainEntityOfPage\":{\"@id\":\"https:\\\/\\\/ahorn-camp.de\\\/kindersitz-im-wohnmobil\\\/\"},\"wordCount\":896,\"publisher\":{\"@id\":\"https:\\\/\\\/ahorn-camp.de\\\/#organization\"},\"image\":{\"@id\":\"https:\\\/\\\/ahorn-camp.de\\\/kindersitz-im-wohnmobil\\\/#primaryimage\"},\"thumbnailUrl\":\"https:\\\/\\\/ahorn-camp.de\\\/wp-content\\\/uploads\\\/2024\\\/12\\\/LUK06470-scaled.jpg\",\"articleSection\":[\"Blog\"],\"inLanguage\":\"es\"},{\"@type\":\"WebPage\",\"@id\":\"https:\\\/\\\/ahorn-camp.de\\\/kindersitz-im-wohnmobil\\\/\",\"url\":\"https:\\\/\\\/ahorn-camp.de\\\/kindersitz-im-wohnmobil\\\/\",\"name\":\"Kindersitz im Wohnmobil: Sicherheit an Bord\",\"isPartOf\":{\"@id\":\"https:\\\/\\\/ahorn-camp.de\\\/#website\"},\"primaryImageOfPage\":{\"@id\":\"https:\\\/\\\/ahorn-camp.de\\\/kindersitz-im-wohnmobil\\\/#primaryimage\"},\"image\":{\"@id\":\"https:\\\/\\\/ahorn-camp.de\\\/kindersitz-im-wohnmobil\\\/#primaryimage\"},\"thumbnailUrl\":\"https:\\\/\\\/ahorn-camp.de\\\/wp-content\\\/uploads\\\/2024\\\/12\\\/LUK06470-scaled.jpg\",\"datePublished\":\"2024-12-17T18:33:36+00:00\",\"dateModified\":\"2024-12-17T18:50:48+00:00\",\"description\":\"Ihr Leitfaden f\u00fcr Kindersitze im Wohnmobil. Von der Auswahl des richtigen Kindersitzes bis zur sicheren Befestigung.\",\"breadcrumb\":{\"@id\":\"https:\\\/\\\/ahorn-camp.de\\\/kindersitz-im-wohnmobil\\\/#breadcrumb\"},\"inLanguage\":\"es\",\"potentialAction\":[{\"@type\":\"ReadAction\",\"target\":[\"https:\\\/\\\/ahorn-camp.de\\\/kindersitz-im-wohnmobil\\\/\"]}]},{\"@type\":\"ImageObject\",\"inLanguage\":\"es\",\"@id\":\"https:\\\/\\\/ahorn-camp.de\\\/kindersitz-im-wohnmobil\\\/#primaryimage\",\"url\":\"https:\\\/\\\/ahorn-camp.de\\\/wp-content\\\/uploads\\\/2024\\\/12\\\/LUK06470-scaled.jpg\",\"contentUrl\":\"https:\\\/\\\/ahorn-camp.de\\\/wp-content\\\/uploads\\\/2024\\\/12\\\/LUK06470-scaled.jpg\",\"width\":1707,\"height\":2560,\"caption\":\"Kindersitz im Wohnmobil: Sicherheit an Bord\"},{\"@type\":\"BreadcrumbList\",\"@id\":\"https:\\\/\\\/ahorn-camp.de\\\/kindersitz-im-wohnmobil\\\/#breadcrumb\",\"itemListElement\":[{\"@type\":\"ListItem\",\"position\":1,\"name\":\"Startseite\",\"item\":\"https:\\\/\\\/ahorn-camp.de\\\/\"},{\"@type\":\"ListItem\",\"position\":2,\"name\":\"Kindersitz im Wohnmobil: Sicherheit an Bord\"}]},{\"@type\":\"WebSite\",\"@id\":\"https:\\\/\\\/ahorn-camp.de\\\/#website\",\"url\":\"https:\\\/\\\/ahorn-camp.de\\\/\",\"name\":\"Ahorn Camp | Reisemobile und Kastenwagen\",\"description\":\"Seit \u00fcber 30 Jahren vermarktet das Familienunternehmen, Ahorn Camp in Speyer, erfolgreich Wohnmobile und Kastenwagen zum besten Preis-Leistungsverh\u00e4ltnis.\",\"publisher\":{\"@id\":\"https:\\\/\\\/ahorn-camp.de\\\/#organization\"},\"potentialAction\":[{\"@type\":\"SearchAction\",\"target\":{\"@type\":\"EntryPoint\",\"urlTemplate\":\"https:\\\/\\\/ahorn-camp.de\\\/?s={search_term_string}\"},\"query-input\":{\"@type\":\"PropertyValueSpecification\",\"valueRequired\":true,\"valueName\":\"search_term_string\"}}],\"inLanguage\":\"es\"},{\"@type\":\"Organization\",\"@id\":\"https:\\\/\\\/ahorn-camp.de\\\/#organization\",\"name\":\"Ahorn Camp GmbH & Co. KG\",\"url\":\"https:\\\/\\\/ahorn-camp.de\\\/\",\"logo\":{\"@type\":\"ImageObject\",\"inLanguage\":\"es\",\"@id\":\"https:\\\/\\\/ahorn-camp.de\\\/#\\\/schema\\\/logo\\\/image\\\/\",\"url\":\"https:\\\/\\\/ahorn-camp.de\\\/wp-content\\\/uploads\\\/2018\\\/12\\\/Ahorn_Logo.jpg\",\"contentUrl\":\"https:\\\/\\\/ahorn-camp.de\\\/wp-content\\\/uploads\\\/2018\\\/12\\\/Ahorn_Logo.jpg\",\"width\":1437,\"height\":1000,\"caption\":\"Ahorn Camp GmbH & Co. KG\"},\"image\":{\"@id\":\"https:\\\/\\\/ahorn-camp.de\\\/#\\\/schema\\\/logo\\\/image\\\/\"},\"sameAs\":[\"https:\\\/\\\/www.facebook.com\\\/ahorn.wohnmobile\\\/\",\"https:\\\/\\\/www.instagram.com\\\/ahorn.camp\\\/\",\"https:\\\/\\\/www.youtube.com\\\/channel\\\/UCPFbPCts1JJ_A1k9vyH0yOQ\"]},{\"@type\":\"Person\",\"@id\":\"https:\\\/\\\/ahorn-camp.de\\\/#\\\/schema\\\/person\\\/9b60761ba82d5cb8e6db215a88925044\",\"name\":\"ahorn_admin\",\"image\":{\"@type\":\"ImageObject\",\"inLanguage\":\"es\",\"@id\":\"https:\\\/\\\/secure.gravatar.com\\\/avatar\\\/d96b9a078083b0c14cee48589feadd939c3cdd66547e2f3f1569470371daaaa5?s=96&d=mm&r=g\",\"url\":\"https:\\\/\\\/secure.gravatar.com\\\/avatar\\\/d96b9a078083b0c14cee48589feadd939c3cdd66547e2f3f1569470371daaaa5?s=96&d=mm&r=g\",\"contentUrl\":\"https:\\\/\\\/secure.gravatar.com\\\/avatar\\\/d96b9a078083b0c14cee48589feadd939c3cdd66547e2f3f1569470371daaaa5?s=96&d=mm&r=g\",\"caption\":\"ahorn_admin\"},\"sameAs\":[\"http:\\\/\\\/Ahorn%20Camp\"],\"url\":\"https:\\\/\\\/ahorn-camp.de\\\/es\\\/author\\\/ahorn_admin\\\/\"}]}<\/script>\n<!-- \/ Yoast SEO plugin. -->","yoast_head_json":{"title":"Asiento infantil en la autocaravana: seguridad a bordo","description":"Tu gu\u00eda para sillas infantiles en autocaravanas. Desde la elecci\u00f3n de la silla infantil adecuada hasta su fijaci\u00f3n segura.","robots":{"index":"index","follow":"follow","max-snippet":"max-snippet:-1","max-image-preview":"max-image-preview:large","max-video-preview":"max-video-preview:-1"},"canonical":"https:\/\/ahorn-camp.de\/es\/asiento-infantil-en-autocaravana\/","og_locale":"es_ES","og_type":"article","og_title":"Kindersitz im Wohnmobil: Sicherheit an Bord","og_description":"Ihr Leitfaden f\u00fcr Kindersitze im Wohnmobil. Von der Auswahl des richtigen Kindersitzes bis zur sicheren Befestigung.","og_url":"https:\/\/ahorn-camp.de\/es\/asiento-infantil-en-autocaravana\/","og_site_name":"Ahorn Camp | Reisemobile und Kastenwagen","article_publisher":"https:\/\/www.facebook.com\/ahorn.wohnmobile\/","article_published_time":"2024-12-17T18:33:36+00:00","article_modified_time":"2024-12-17T18:50:48+00:00","og_image":[{"width":1707,"height":2560,"url":"https:\/\/ahorn-camp.de\/wp-content\/uploads\/2024\/12\/LUK06470-scaled.jpg","type":"image\/jpeg"}],"author":"ahorn_admin","twitter_card":"summary_large_image","twitter_misc":{"Escrito por":"ahorn_admin","Tiempo de lectura":"5 minutos"},"schema":{"@context":"https:\/\/schema.org","@graph":[{"@type":"Article","@id":"https:\/\/ahorn-camp.de\/kindersitz-im-wohnmobil\/#article","isPartOf":{"@id":"https:\/\/ahorn-camp.de\/kindersitz-im-wohnmobil\/"},"author":{"name":"ahorn_admin","@id":"https:\/\/ahorn-camp.de\/#\/schema\/person\/9b60761ba82d5cb8e6db215a88925044"},"headline":"Kindersitz im Wohnmobil: Sicherheit an Bord","datePublished":"2024-12-17T18:33:36+00:00","dateModified":"2024-12-17T18:50:48+00:00","mainEntityOfPage":{"@id":"https:\/\/ahorn-camp.de\/kindersitz-im-wohnmobil\/"},"wordCount":896,"publisher":{"@id":"https:\/\/ahorn-camp.de\/#organization"},"image":{"@id":"https:\/\/ahorn-camp.de\/kindersitz-im-wohnmobil\/#primaryimage"},"thumbnailUrl":"https:\/\/ahorn-camp.de\/wp-content\/uploads\/2024\/12\/LUK06470-scaled.jpg","articleSection":["Blog"],"inLanguage":"es"},{"@type":"WebPage","@id":"https:\/\/ahorn-camp.de\/kindersitz-im-wohnmobil\/","url":"https:\/\/ahorn-camp.de\/kindersitz-im-wohnmobil\/","name":"Asiento infantil en la autocaravana: seguridad a bordo","isPartOf":{"@id":"https:\/\/ahorn-camp.de\/#website"},"primaryImageOfPage":{"@id":"https:\/\/ahorn-camp.de\/kindersitz-im-wohnmobil\/#primaryimage"},"image":{"@id":"https:\/\/ahorn-camp.de\/kindersitz-im-wohnmobil\/#primaryimage"},"thumbnailUrl":"https:\/\/ahorn-camp.de\/wp-content\/uploads\/2024\/12\/LUK06470-scaled.jpg","datePublished":"2024-12-17T18:33:36+00:00","dateModified":"2024-12-17T18:50:48+00:00","description":"Tu gu\u00eda para sillas infantiles en autocaravanas. Desde la elecci\u00f3n de la silla infantil adecuada hasta su fijaci\u00f3n segura.","breadcrumb":{"@id":"https:\/\/ahorn-camp.de\/kindersitz-im-wohnmobil\/#breadcrumb"},"inLanguage":"es","potentialAction":[{"@type":"ReadAction","target":["https:\/\/ahorn-camp.de\/kindersitz-im-wohnmobil\/"]}]},{"@type":"ImageObject","inLanguage":"es","@id":"https:\/\/ahorn-camp.de\/kindersitz-im-wohnmobil\/#primaryimage","url":"https:\/\/ahorn-camp.de\/wp-content\/uploads\/2024\/12\/LUK06470-scaled.jpg","contentUrl":"https:\/\/ahorn-camp.de\/wp-content\/uploads\/2024\/12\/LUK06470-scaled.jpg","width":1707,"height":2560,"caption":"Kindersitz im Wohnmobil: Sicherheit an Bord"},{"@type":"BreadcrumbList","@id":"https:\/\/ahorn-camp.de\/kindersitz-im-wohnmobil\/#breadcrumb","itemListElement":[{"@type":"ListItem","position":1,"name":"Startseite","item":"https:\/\/ahorn-camp.de\/"},{"@type":"ListItem","position":2,"name":"Kindersitz im Wohnmobil: Sicherheit an Bord"}]},{"@type":"WebSite","@id":"https:\/\/ahorn-camp.de\/#website","url":"https:\/\/ahorn-camp.de\/","name":"Ahorn Camp | Autocaravanas y furgonetas camper","description":"Desde hace m\u00e1s de 30 a\u00f1os, la empresa familiar, Ahorn Camp en Speyer, comercializa con \u00e9xito caravanas y furgonetas camper a la mejor relaci\u00f3n calidad-precio.","publisher":{"@id":"https:\/\/ahorn-camp.de\/#organization"},"potentialAction":[{"@type":"SearchAction","target":{"@type":"EntryPoint","urlTemplate":"https:\/\/ahorn-camp.de\/?s={search_term_string}"},"query-input":{"@type":"PropertyValueSpecification","valueRequired":true,"valueName":"search_term_string"}}],"inLanguage":"es"},{"@type":"Organization","@id":"https:\/\/ahorn-camp.de\/#organization","name":"Ahorn Camp GmbH &amp; Co. KG","url":"https:\/\/ahorn-camp.de\/","logo":{"@type":"ImageObject","inLanguage":"es","@id":"https:\/\/ahorn-camp.de\/#\/schema\/logo\/image\/","url":"https:\/\/ahorn-camp.de\/wp-content\/uploads\/2018\/12\/Ahorn_Logo.jpg","contentUrl":"https:\/\/ahorn-camp.de\/wp-content\/uploads\/2018\/12\/Ahorn_Logo.jpg","width":1437,"height":1000,"caption":"Ahorn Camp GmbH & Co. KG"},"image":{"@id":"https:\/\/ahorn-camp.de\/#\/schema\/logo\/image\/"},"sameAs":["https:\/\/www.facebook.com\/ahorn.wohnmobile\/","https:\/\/www.instagram.com\/ahorn.camp\/","https:\/\/www.youtube.com\/channel\/UCPFbPCts1JJ_A1k9vyH0yOQ"]},{"@type":"Person","@id":"https:\/\/ahorn-camp.de\/#\/schema\/person\/9b60761ba82d5cb8e6db215a88925044","name":"ahorn_admin","image":{"@type":"ImageObject","inLanguage":"es","@id":"https:\/\/secure.gravatar.com\/avatar\/d96b9a078083b0c14cee48589feadd939c3cdd66547e2f3f1569470371daaaa5?s=96&d=mm&r=g","url":"https:\/\/secure.gravatar.com\/avatar\/d96b9a078083b0c14cee48589feadd939c3cdd66547e2f3f1569470371daaaa5?s=96&d=mm&r=g","contentUrl":"https:\/\/secure.gravatar.com\/avatar\/d96b9a078083b0c14cee48589feadd939c3cdd66547e2f3f1569470371daaaa5?s=96&d=mm&r=g","caption":"ahorn_admin"},"sameAs":["http:\/\/Ahorn%20Camp"],"url":"https:\/\/ahorn-camp.de\/es\/author\/ahorn_admin\/"}]}},"_links":{"self":[{"href":"https:\/\/ahorn-camp.de\/es\/wp-json\/wp\/v2\/posts\/27076","targetHints":{"allow":["GET"]}}],"collection":[{"href":"https:\/\/ahorn-camp.de\/es\/wp-json\/wp\/v2\/posts"}],"about":[{"href":"https:\/\/ahorn-camp.de\/es\/wp-json\/wp\/v2\/types\/post"}],"author":[{"embeddable":true,"href":"https:\/\/ahorn-camp.de\/es\/wp-json\/wp\/v2\/users\/2"}],"replies":[{"embeddable":true,"href":"https:\/\/ahorn-camp.de\/es\/wp-json\/wp\/v2\/comments?post=27076"}],"version-history":[{"count":0,"href":"https:\/\/ahorn-camp.de\/es\/wp-json\/wp\/v2\/posts\/27076\/revisions"}],"wp:featuredmedia":[{"embeddable":true,"href":"https:\/\/ahorn-camp.de\/es\/wp-json\/wp\/v2\/media\/27077"}],"wp:attachment":[{"href":"https:\/\/ahorn-camp.de\/es\/wp-json\/wp\/v2\/media?parent=27076"}],"wp:term":[{"taxonomy":"category","embeddable":true,"href":"https:\/\/ahorn-camp.de\/es\/wp-json\/wp\/v2\/categories?post=27076"},{"taxonomy":"post_tag","embeddable":true,"href":"https:\/\/ahorn-camp.de\/es\/wp-json\/wp\/v2\/tags?post=27076"}],"curies":[{"name":"wp","href":"https:\/\/api.w.org\/{rel}","templated":true}]}}