{"id":26310,"date":"2024-11-04T11:32:40","date_gmt":"2024-11-04T10:32:40","guid":{"rendered":"https:\/\/ahorn-camp.de\/?p=26310"},"modified":"2024-11-20T09:31:49","modified_gmt":"2024-11-20T08:31:49","slug":"chico-y-carlino","status":"publish","type":"post","link":"https:\/\/ahorn-camp.de\/es\/illo-und-mops\/","title":{"rendered":"El YouTuber Illo y Mops con el T690 en ruta"},"content":{"rendered":"<div class=\"wpb-content-wrapper\"><div class=\"vc_row wpb_row vc_row-fluid\"><div class=\"wpb_column vc_column_container vc_col-sm-12\"><div class=\"vc_column-inner\"><div class=\"wpb_wrapper\">\n\t<div  class=\"wpb_single_image wpb_content_element vc_align_center wpb_content_element\">\n\t\t\n\t\t<figure class=\"wpb_wrapper vc_figure\">\n\t\t\t<div class=\"vc_single_image-wrapper   vc_box_border_grey\"><img fetchpriority=\"high\" decoding=\"async\" width=\"2560\" height=\"1707\" src=\"https:\/\/ahorn-camp.de\/wp-content\/uploads\/2024\/11\/Illo-und-Mops-scaled.jpg\" class=\"vc_single_image-img attachment-full\" alt=\"YouTubers Illo y Mops viajan en una autocaravana Ahorn Camp.\" title=\"YouTubers Illo y Mops viajan en una autocaravana Ahorn Camp.\" srcset=\"https:\/\/ahorn-camp.de\/wp-content\/uploads\/2024\/11\/Illo-und-Mops-scaled.jpg 2560w, https:\/\/ahorn-camp.de\/wp-content\/uploads\/2024\/11\/Illo-und-Mops-300x200.jpg 300w, https:\/\/ahorn-camp.de\/wp-content\/uploads\/2024\/11\/Illo-und-Mops-1024x683.jpg 1024w, https:\/\/ahorn-camp.de\/wp-content\/uploads\/2024\/11\/Illo-und-Mops-768x512.jpg 768w, https:\/\/ahorn-camp.de\/wp-content\/uploads\/2024\/11\/Illo-und-Mops-800x533.jpg 800w, https:\/\/ahorn-camp.de\/wp-content\/uploads\/2024\/11\/Illo-und-Mops-1536x1024.jpg 1536w, https:\/\/ahorn-camp.de\/wp-content\/uploads\/2024\/11\/Illo-und-Mops-2048x1365.jpg 2048w\" sizes=\"(max-width: 2560px) 100vw, 2560px\" \/><\/div>\n\t\t<\/figure>\n\t<\/div>\n<div class=\"vc_empty_space\"   style=\"height: 15px\"><span class=\"vc_empty_space_inner\"><\/span><\/div><h2 style=\"font-size: 30px;color: #1B508C;text-align: left\" class=\"vc_custom_heading vc_do_custom_heading\" >Viaje a Alemania con Ahorn Camp<\/h2><div class=\"vc_empty_space\"   style=\"height: 15px\"><span class=\"vc_empty_space_inner\"><\/span><\/div>\n\t<div class=\"wpb_text_column wpb_content_element\" >\n\t\t<div class=\"wpb_wrapper\">\n\t\t\t<p>La mayor\u00eda de nosotros tenemos hermosos recuerdos de aventuras de campamento pasadas, ya sea junto a un lago, en una tienda de campa\u00f1a o en un camping con la familia. Acampar significa libertad: sin horarios de comida fijos, conocer gente nueva y la posibilidad de moverse cuando quieras. Precisamente eso es lo que apreciamos de vivir en una caravana.<\/p>\n<p>Nosotros, Mops (34) e Illo (36), llevamos viajando por Europa en autocaravana desde mayo de 2022 con nuestro hijo (que entonces ten\u00eda 3 a\u00f1os). Originarios del Ruhr, vendimos nuestro piso, nuestro coche y nuestra caravana para comprarnos una autocaravana. Porque con la autocaravana somos mucho m\u00e1s flexibles: si llueve, simplemente nos mudamos al lugar soleado m\u00e1s cercano.<\/p>\n\n\t\t<\/div>\n\t<\/div>\n<div class=\"vc_empty_space\"   style=\"height: 15px\"><span class=\"vc_empty_space_inner\"><\/span><\/div><\/div><\/div><\/div><\/div><div class=\"vc_row wpb_row vc_row-fluid\"><div class=\"wpb_column vc_column_container vc_col-sm-12\"><div class=\"vc_column-inner\"><div class=\"wpb_wrapper\"><h2 style=\"font-size: 30px;color: #1B508C;text-align: left\" class=\"vc_custom_heading vc_do_custom_heading\" >Nuestra decisi\u00f3n: la vida sobre cuatro ruedas<\/h2><div class=\"vc_empty_space\"   style=\"height: 15px\"><span class=\"vc_empty_space_inner\"><\/span><\/div>\n\t<div class=\"wpb_text_column wpb_content_element\" >\n\t\t<div class=\"wpb_wrapper\">\n\t\t\t<p>Nuestro viaje comenz\u00f3 como un experimento: planeamos estar un a\u00f1o en ruta. Sin embargo, gracias a un consejo de nuestra comunidad de YouTube (canal: Illo und Mops), descubrimos que Illo pod\u00eda tomarse una excedencia de paternidad de dos a\u00f1os. As\u00ed que prolongamos nuestro viaje y descubrimos Europa de una forma completamente nueva. Desde el Cabo Norte hasta Sicilia, pasando por Marruecos y las Islas Canarias, hemos experimentado inviernos inimaginables en Alemania.<\/p>\n<p>Nuestra aventura se volvi\u00f3 a\u00fan m\u00e1s emocionante con el nacimiento de nuestro segundo hijo en el verano de 2023. Para un breve descanso, regresamos a Alemania y vivimos en un apartamento amueblado durante 3.5 meses antes de que continuara nuestro viaje.<\/p>\n\n\t\t<\/div>\n\t<\/div>\n<\/div><\/div><\/div><\/div><div class=\"vc_row wpb_row vc_row-fluid\"><div class=\"wpb_column vc_column_container vc_col-sm-12\"><div class=\"vc_column-inner\"><div class=\"wpb_wrapper\"><div class=\"vc_empty_space\"   style=\"height: 25px\"><span class=\"vc_empty_space_inner\"><\/span><\/div><h2 style=\"font-size: 30px;color: #1B508C;text-align: left\" class=\"vc_custom_heading vc_do_custom_heading\" >Ahorn Rent: Flexibilidad pr\u00e1ctica en nuestro viaje<\/h2><div class=\"vc_empty_space\"   style=\"height: 15px\"><span class=\"vc_empty_space_inner\"><\/span><\/div>\n\t<div class=\"wpb_text_column wpb_content_element\" >\n\t\t<div class=\"wpb_wrapper\">\n\t\t\t<p>Para nosotros fue especialmente pr\u00e1ctico que <strong><span style=\"color: #1b508c;\"><a style=\"color: #1b508c;\" href=\"http:\/\/www.ahorn-rent.de\" target=\"_blank\" rel=\"noopener\">Alquiler de arce<\/a><\/span><\/strong> tiene diferentes ubicaciones. Alquilamos una autocaravana en el sur, en Speyer, y la devolvimos en M\u00fclheim an der Ruhr. De este modo, pudimos descubrir lugares y granjas bonitas de camino a casa. Nos gust\u00f3 especialmente<span style=\"color: #1b508c;\"> <a style=\"color: #1b508c;\" href=\"https:\/\/www.alpacacamping.de\/\" target=\"_blank\" rel=\"noopener\"><strong>Camping de alpacas<\/strong><\/a><\/span> parado en granjas.<\/p>\n\n\t\t<\/div>\n\t<\/div>\n<div class=\"vc_empty_space\"   style=\"height: 15px\"><span class=\"vc_empty_space_inner\"><\/span><\/div><div class=\"vc_row wpb_row vc_inner vc_row-fluid\"><div class=\"wpb_column vc_column_container vc_col-sm-4\"><div class=\"vc_column-inner\"><div class=\"wpb_wrapper\">\n\t<div  class=\"wpb_single_image wpb_content_element vc_align_center wpb_content_element\">\n\t\t\n\t\t<figure class=\"wpb_wrapper vc_figure\">\n\t\t\t<div class=\"vc_single_image-wrapper   vc_box_border_grey\"><img decoding=\"async\" width=\"2560\" height=\"1440\" src=\"https:\/\/ahorn-camp.de\/wp-content\/uploads\/2024\/11\/Illo-und-Mops7-scaled.jpg\" class=\"vc_single_image-img attachment-full\" alt=\"YouTubers Illo y Mops viajan en una autocaravana Ahorn Camp.\" title=\"YouTubers Illo y Mops viajan en una autocaravana Ahorn Camp.\" srcset=\"https:\/\/ahorn-camp.de\/wp-content\/uploads\/2024\/11\/Illo-und-Mops7-scaled.jpg 2560w, https:\/\/ahorn-camp.de\/wp-content\/uploads\/2024\/11\/Illo-und-Mops7-300x169.jpg 300w, https:\/\/ahorn-camp.de\/wp-content\/uploads\/2024\/11\/Illo-und-Mops7-1024x576.jpg 1024w, https:\/\/ahorn-camp.de\/wp-content\/uploads\/2024\/11\/Illo-und-Mops7-768x432.jpg 768w, https:\/\/ahorn-camp.de\/wp-content\/uploads\/2024\/11\/Illo-und-Mops7-800x450.jpg 800w, https:\/\/ahorn-camp.de\/wp-content\/uploads\/2024\/11\/Illo-und-Mops7-1536x864.jpg 1536w, https:\/\/ahorn-camp.de\/wp-content\/uploads\/2024\/11\/Illo-und-Mops7-2048x1152.jpg 2048w\" sizes=\"(max-width: 2560px) 100vw, 2560px\" \/><\/div>\n\t\t<\/figure>\n\t<\/div>\n<\/div><\/div><\/div><div class=\"wpb_column vc_column_container vc_col-sm-4\"><div class=\"vc_column-inner\"><div class=\"wpb_wrapper\">\n\t<div  class=\"wpb_single_image wpb_content_element vc_align_center wpb_content_element\">\n\t\t\n\t\t<figure class=\"wpb_wrapper vc_figure\">\n\t\t\t<div class=\"vc_single_image-wrapper   vc_box_border_grey\"><img decoding=\"async\" width=\"2048\" height=\"1152\" src=\"https:\/\/ahorn-camp.de\/wp-content\/uploads\/2024\/11\/Design-ohne-Titel.png\" class=\"vc_single_image-img attachment-full\" alt=\"YouTubers Illo y Mops viajan en una autocaravana Ahorn Camp.\" title=\"YouTubers Illo y Mops viajan en una autocaravana Ahorn Camp.\" srcset=\"https:\/\/ahorn-camp.de\/wp-content\/uploads\/2024\/11\/Design-ohne-Titel.png 2048w, https:\/\/ahorn-camp.de\/wp-content\/uploads\/2024\/11\/Design-ohne-Titel-300x169.png 300w, https:\/\/ahorn-camp.de\/wp-content\/uploads\/2024\/11\/Design-ohne-Titel-1024x576.png 1024w, https:\/\/ahorn-camp.de\/wp-content\/uploads\/2024\/11\/Design-ohne-Titel-768x432.png 768w, https:\/\/ahorn-camp.de\/wp-content\/uploads\/2024\/11\/Design-ohne-Titel-800x450.png 800w, https:\/\/ahorn-camp.de\/wp-content\/uploads\/2024\/11\/Design-ohne-Titel-1536x864.png 1536w\" sizes=\"(max-width: 2048px) 100vw, 2048px\" \/><\/div>\n\t\t<\/figure>\n\t<\/div>\n<\/div><\/div><\/div><div class=\"wpb_column vc_column_container vc_col-sm-4\"><div class=\"vc_column-inner\"><div class=\"wpb_wrapper\">\n\t<div  class=\"wpb_single_image wpb_content_element vc_align_center wpb_content_element\">\n\t\t\n\t\t<figure class=\"wpb_wrapper vc_figure\">\n\t\t\t<div class=\"vc_single_image-wrapper   vc_box_border_grey\"><img loading=\"lazy\" decoding=\"async\" width=\"2048\" height=\"1152\" src=\"https:\/\/ahorn-camp.de\/wp-content\/uploads\/2024\/11\/Design-ohne-Titel-4.png\" class=\"vc_single_image-img attachment-full\" alt=\"YouTubers Illo y Mops viajan en una autocaravana Ahorn Camp.\" title=\"YouTubers Illo y Mops viajan en una autocaravana Ahorn Camp.\" srcset=\"https:\/\/ahorn-camp.de\/wp-content\/uploads\/2024\/11\/Design-ohne-Titel-4.png 2048w, https:\/\/ahorn-camp.de\/wp-content\/uploads\/2024\/11\/Design-ohne-Titel-4-300x169.png 300w, https:\/\/ahorn-camp.de\/wp-content\/uploads\/2024\/11\/Design-ohne-Titel-4-1024x576.png 1024w, https:\/\/ahorn-camp.de\/wp-content\/uploads\/2024\/11\/Design-ohne-Titel-4-768x432.png 768w, https:\/\/ahorn-camp.de\/wp-content\/uploads\/2024\/11\/Design-ohne-Titel-4-800x450.png 800w, https:\/\/ahorn-camp.de\/wp-content\/uploads\/2024\/11\/Design-ohne-Titel-4-1536x864.png 1536w\" sizes=\"(max-width: 2048px) 100vw, 2048px\" \/><\/div>\n\t\t<\/figure>\n\t<\/div>\n<\/div><\/div><\/div><\/div><div class=\"vc_empty_space\"   style=\"height: 15px\"><span class=\"vc_empty_space_inner\"><\/span><\/div><\/div><\/div><\/div><\/div><div class=\"vc_row wpb_row vc_row-fluid\"><div class=\"wpb_column vc_column_container vc_col-sm-12\"><div class=\"vc_column-inner\"><div class=\"wpb_wrapper\"><div class=\"vc_empty_space\"   style=\"height: 25px\"><span class=\"vc_empty_space_inner\"><\/span><\/div><h2 style=\"font-size: 30px;color: #1B508C;text-align: left\" class=\"vc_custom_heading vc_do_custom_heading\" >Aventuras en granjas y en la naturaleza<\/h2><div class=\"vc_empty_space\"   style=\"height: 15px\"><span class=\"vc_empty_space_inner\"><\/span><\/div>\n\t<div class=\"wpb_text_column wpb_content_element\" >\n\t\t<div class=\"wpb_wrapper\">\n\t\t\t<p>La vida en una autocaravana con dos ni\u00f1os no siempre es f\u00e1cil, especialmente cuando llueve y el aburrimiento puede empa\u00f1ar r\u00e1pidamente el estado de \u00e1nimo. Por eso, las paradas variadas, como en las granjas, son ideales. En Weiterstadt, cerca de Frankfurt, experimentamos de cerca la convivencia con cabras y cerdos. Los ni\u00f1os se divirtieron en el parque infantil mientras nosotros disfrut\u00e1bamos de la cercan\u00eda a la naturaleza.<\/p>\n<p>Con nuestra prestada <span style=\"color: #1b508c;\"><a style=\"color: #1b508c;\" href=\"https:\/\/ahorn-camp.de\/es\/ahorn-reisemobile\/autocaravanas-semi-integral\/modelos-semi-integrales-2024\/act-690\/\" target=\"_blank\" rel=\"noopener\"><strong>Ahorn T690<\/strong><\/a><\/span> experimentamos la flexibilidad que ofrece una autocaravana. Ya sea al conducir o al preparar los lugares para dormir, poco a poco nos fuimos acostumbrando bien a nuestro veh\u00edculo. Las amplias camas individuales nos ofrecieron a nosotros y a los ni\u00f1os espacio suficiente.<\/p>\n\n\t\t<\/div>\n\t<\/div>\n<div class=\"vc_empty_space\"   style=\"height: 15px\"><span class=\"vc_empty_space_inner\"><\/span><\/div><div class=\"vc_row wpb_row vc_inner vc_row-fluid\"><div class=\"wpb_column vc_column_container vc_col-sm-4\"><div class=\"vc_column-inner\"><div class=\"wpb_wrapper\">\n\t<div  class=\"wpb_single_image wpb_content_element vc_align_center wpb_content_element\">\n\t\t\n\t\t<figure class=\"wpb_wrapper vc_figure\">\n\t\t\t<div class=\"vc_single_image-wrapper   vc_box_border_grey\"><img loading=\"lazy\" decoding=\"async\" width=\"1920\" height=\"2560\" src=\"https:\/\/ahorn-camp.de\/wp-content\/uploads\/2024\/11\/Illo-und-Mops3-scaled.jpg\" class=\"vc_single_image-img attachment-full\" alt=\"YouTubers Illo y Mops viajan en una autocaravana Ahorn Camp.\" title=\"YouTubers Illo y Mops viajan en una autocaravana Ahorn Camp.\" srcset=\"https:\/\/ahorn-camp.de\/wp-content\/uploads\/2024\/11\/Illo-und-Mops3-scaled.jpg 1920w, https:\/\/ahorn-camp.de\/wp-content\/uploads\/2024\/11\/Illo-und-Mops3-225x300.jpg 225w, https:\/\/ahorn-camp.de\/wp-content\/uploads\/2024\/11\/Illo-und-Mops3-768x1024.jpg 768w, https:\/\/ahorn-camp.de\/wp-content\/uploads\/2024\/11\/Illo-und-Mops3-450x600.jpg 450w, https:\/\/ahorn-camp.de\/wp-content\/uploads\/2024\/11\/Illo-und-Mops3-1152x1536.jpg 1152w, https:\/\/ahorn-camp.de\/wp-content\/uploads\/2024\/11\/Illo-und-Mops3-1536x2048.jpg 1536w, https:\/\/ahorn-camp.de\/wp-content\/uploads\/2024\/11\/Illo-und-Mops3-800x1067.jpg 800w\" sizes=\"(max-width: 1920px) 100vw, 1920px\" \/><\/div>\n\t\t<\/figure>\n\t<\/div>\n<\/div><\/div><\/div><div class=\"wpb_column vc_column_container vc_col-sm-4\"><div class=\"vc_column-inner\"><div class=\"wpb_wrapper\">\n\t<div  class=\"wpb_single_image wpb_content_element vc_align_center wpb_content_element\">\n\t\t\n\t\t<figure class=\"wpb_wrapper vc_figure\">\n\t\t\t<div class=\"vc_single_image-wrapper   vc_box_border_grey\"><img loading=\"lazy\" decoding=\"async\" width=\"1536\" height=\"2048\" src=\"https:\/\/ahorn-camp.de\/wp-content\/uploads\/2024\/11\/Design-ohne-Titel-5.png\" class=\"vc_single_image-img attachment-full\" alt=\"YouTubers Illo y Mops viajan en una autocaravana Ahorn Camp.\" title=\"YouTubers Illo y Mops viajan en una autocaravana Ahorn Camp.\" srcset=\"https:\/\/ahorn-camp.de\/wp-content\/uploads\/2024\/11\/Design-ohne-Titel-5.png 1536w, https:\/\/ahorn-camp.de\/wp-content\/uploads\/2024\/11\/Design-ohne-Titel-5-225x300.png 225w, https:\/\/ahorn-camp.de\/wp-content\/uploads\/2024\/11\/Design-ohne-Titel-5-768x1024.png 768w, https:\/\/ahorn-camp.de\/wp-content\/uploads\/2024\/11\/Design-ohne-Titel-5-450x600.png 450w, https:\/\/ahorn-camp.de\/wp-content\/uploads\/2024\/11\/Design-ohne-Titel-5-1152x1536.png 1152w, https:\/\/ahorn-camp.de\/wp-content\/uploads\/2024\/11\/Design-ohne-Titel-5-800x1067.png 800w\" sizes=\"(max-width: 1536px) 100vw, 1536px\" \/><\/div>\n\t\t<\/figure>\n\t<\/div>\n<\/div><\/div><\/div><div class=\"wpb_column vc_column_container vc_col-sm-4\"><div class=\"vc_column-inner\"><div class=\"wpb_wrapper\">\n\t<div  class=\"wpb_single_image wpb_content_element vc_align_center wpb_content_element\">\n\t\t\n\t\t<figure class=\"wpb_wrapper vc_figure\">\n\t\t\t<div class=\"vc_single_image-wrapper   vc_box_border_grey\"><img loading=\"lazy\" decoding=\"async\" width=\"1536\" height=\"2048\" src=\"https:\/\/ahorn-camp.de\/wp-content\/uploads\/2024\/11\/Design-ohne-Titel-3.png\" class=\"vc_single_image-img attachment-full\" alt=\"YouTubers Illo y Mops viajan en una autocaravana Ahorn Camp.\" title=\"YouTubers Illo y Mops viajan en una autocaravana Ahorn Camp.\" srcset=\"https:\/\/ahorn-camp.de\/wp-content\/uploads\/2024\/11\/Design-ohne-Titel-3.png 1536w, https:\/\/ahorn-camp.de\/wp-content\/uploads\/2024\/11\/Design-ohne-Titel-3-225x300.png 225w, https:\/\/ahorn-camp.de\/wp-content\/uploads\/2024\/11\/Design-ohne-Titel-3-768x1024.png 768w, https:\/\/ahorn-camp.de\/wp-content\/uploads\/2024\/11\/Design-ohne-Titel-3-450x600.png 450w, https:\/\/ahorn-camp.de\/wp-content\/uploads\/2024\/11\/Design-ohne-Titel-3-1152x1536.png 1152w, https:\/\/ahorn-camp.de\/wp-content\/uploads\/2024\/11\/Design-ohne-Titel-3-800x1067.png 800w\" sizes=\"(max-width: 1536px) 100vw, 1536px\" \/><\/div>\n\t\t<\/figure>\n\t<\/div>\n<\/div><\/div><\/div><\/div><div class=\"vc_empty_space\"   style=\"height: 15px\"><span class=\"vc_empty_space_inner\"><\/span><\/div><\/div><\/div><\/div><\/div><div class=\"vc_row wpb_row vc_row-fluid\"><div class=\"wpb_column vc_column_container vc_col-sm-12\"><div class=\"vc_column-inner\"><div class=\"wpb_wrapper\"><div class=\"vc_empty_space\"   style=\"height: 25px\"><span class=\"vc_empty_space_inner\"><\/span><\/div><h2 style=\"font-size: 30px;color: #1B508C;text-align: left\" class=\"vc_custom_heading vc_do_custom_heading\" >Consejos y trucos para vivir en una autocaravana<\/h2><div class=\"vc_empty_space\"   style=\"height: 15px\"><span class=\"vc_empty_space_inner\"><\/span><\/div>\n\t<div class=\"wpb_text_column wpb_content_element\" >\n\t\t<div class=\"wpb_wrapper\">\n\t\t\t<div class=\"flex max-w-full flex-col flex-grow\">\n<div class=\"min-h-&#091;20px&#093; text-message flex w-full flex-col items-end gap-2 whitespace-normal break-words &#091;.text-message+&amp;&#093;:mt-5\" dir=\"auto\" data-message-author-role=\"assistant\" data-message-id=\"cb85b4df-e8a5-45f8-a3d6-ca10b0554499\">\n<div class=\"flex w-full flex-col gap-1 empty:hidden first:pt-&#091;3px&#093;\">\n<div class=\"markdown prose w-full break-words dark:prose-invert light\">\n<p>En nuestro viaje aprendimos que a menudo es la comunidad de campistas la que brinda apoyo con consejos y hechos. Los problemas a menudo se resuelven espont\u00e1neamente en el lugar. En todas partes del camping, conoces gente que siempre tiene un consejo \u00fatil a mano.<\/p>\n<\/div>\n<\/div>\n<\/div>\n<\/div>\n\n\t\t<\/div>\n\t<\/div>\n<div class=\"vc_empty_space\"   style=\"height: 15px\"><span class=\"vc_empty_space_inner\"><\/span><\/div><h2 style=\"font-size: 30px;color: #1B508C;text-align: left\" class=\"vc_custom_heading vc_do_custom_heading\" >El viaje de Illo y Mops en la Ahorn Camp autocaravana<\/h2><div class=\"vc_empty_space\"   style=\"height: 15px\"><span class=\"vc_empty_space_inner\"><\/span><\/div><div class=\"vc_row wpb_row vc_inner vc_row-fluid\"><div class=\"wpb_column vc_column_container vc_col-sm-6\"><div class=\"vc_column-inner\"><div class=\"wpb_wrapper\">\n\t<div class=\"wpb_video_widget wpb_content_element vc_clearfix   vc_video-aspect-ratio-169 vc_video-el-width-100 vc_video-align-center\" >\n\t\t<div class=\"wpb_wrapper\">\n\t\t\t\n\t\t\t<div class=\"wpb_video_wrapper\"><iframe title=\"Preguntamos en Speyer | Ahorn Camp y Ahorn Rent\" width=\"500\" height=\"281\" src=\"https:\/\/www.youtube.com\/embed\/jbAricu--48?feature=oembed\" frameborder=\"0\" allow=\"accelerometer; autoplay; clipboard-write; encrypted-media; gyroscope; picture-in-picture; web-share\" referrerpolicy=\"strict-origin-when-cross-origin\" allowfullscreen><\/iframe><\/div>\n\t\t<\/div>\n\t<\/div>\n<\/div><\/div><\/div><div class=\"wpb_column vc_column_container vc_col-sm-6\"><div class=\"vc_column-inner\"><div class=\"wpb_wrapper\">\n\t<div class=\"wpb_video_widget wpb_content_element vc_clearfix   vc_video-aspect-ratio-169 vc_video-el-width-100 vc_video-align-center\" >\n\t\t<div class=\"wpb_wrapper\">\n\t\t\t\n\t\t\t<div class=\"wpb_video_wrapper\"><iframe title=\"\u00bfNuestro nuevo compa\u00f1ero de viaje para la gira por Alemania \ud83c\udde9\ud83c\uddea Ahorn A690?\" width=\"500\" height=\"281\" src=\"https:\/\/www.youtube.com\/embed\/31upiirMoPI?feature=oembed\" frameborder=\"0\" allow=\"accelerometer; autoplay; clipboard-write; encrypted-media; gyroscope; picture-in-picture; web-share\" referrerpolicy=\"strict-origin-when-cross-origin\" allowfullscreen><\/iframe><\/div>\n\t\t<\/div>\n\t<\/div>\n<\/div><\/div><\/div><\/div><div class=\"vc_row wpb_row vc_inner vc_row-fluid\"><div class=\"wpb_column vc_column_container vc_col-sm-6\"><div class=\"vc_column-inner\"><div class=\"wpb_wrapper\">\n\t<div class=\"wpb_video_widget wpb_content_element vc_clearfix   vc_video-aspect-ratio-169 vc_video-el-width-100 vc_video-align-center\" >\n\t\t<div class=\"wpb_wrapper\">\n\t\t\t\n\t\t\t<div class=\"wpb_video_wrapper\"><iframe title=\"Camping de una manera totalmente diferente | \u00bfNos gusta? Lugar privado de AlpacaCamping\" width=\"500\" height=\"281\" src=\"https:\/\/www.youtube.com\/embed\/dJeHL40LdsY?feature=oembed\" frameborder=\"0\" allow=\"accelerometer; autoplay; clipboard-write; encrypted-media; gyroscope; picture-in-picture; web-share\" referrerpolicy=\"strict-origin-when-cross-origin\" allowfullscreen><\/iframe><\/div>\n\t\t<\/div>\n\t<\/div>\n<\/div><\/div><\/div><div class=\"wpb_column vc_column_container vc_col-sm-6\"><div class=\"vc_column-inner\"><div class=\"wpb_wrapper\">\n\t<div class=\"wpb_video_widget wpb_content_element vc_clearfix   vc_video-aspect-ratio-169 vc_video-el-width-100 vc_video-align-center\" >\n\t\t<div class=\"wpb_wrapper\">\n\t\t\t\n\t\t\t<div class=\"wpb_video_wrapper\"><iframe title=\"Hermosos campings en contacto con la naturaleza en granjas | Alemania puede ser tan bella ???????? AlpacaCamping\" width=\"500\" height=\"281\" src=\"https:\/\/www.youtube.com\/embed\/3Qv9EWqdJpA?feature=oembed\" frameborder=\"0\" allow=\"accelerometer; autoplay; clipboard-write; encrypted-media; gyroscope; picture-in-picture; web-share\" referrerpolicy=\"strict-origin-when-cross-origin\" allowfullscreen><\/iframe><\/div>\n\t\t<\/div>\n\t<\/div>\n<\/div><\/div><\/div><\/div><div class=\"vc_empty_space\"   style=\"height: 25px\"><span class=\"vc_empty_space_inner\"><\/span><\/div><\/div><\/div><\/div><\/div>\n<\/div>","protected":false},"excerpt":{"rendered":"<p>Acampar significa libertad: sin horarios fijos para comer, conocer gente nueva y la posibilidad de seguir adelante en cualquier momento. Eso es exactamente lo que los YouTubers aprecian de la vida en una caravana. Mops (34) e Illo (36) viajan en autocaravana desde mayo de 2022 con su hijo (entonces de 5 a\u00f1os) para recorrer Europa. Lea sobre el viaje de campamento en la T690 de los YouTubers.<\/p>","protected":false},"author":2,"featured_media":26333,"comment_status":"closed","ping_status":"closed","sticky":false,"template":"","format":"standard","meta":{"content-type":"","footnotes":""},"categories":[208],"tags":[],"class_list":["post-26310","post","type-post","status-publish","format-standard","has-post-thumbnail","hentry","category-blog"],"yoast_head":"<!-- This site is optimized with the Yoast SEO plugin v27.4 - https:\/\/yoast.com\/product\/yoast-seo-wordpress\/ -->\n<title>YouTuber Illo und Mops mit dem T690 unterwegs<\/title>\n<meta name=\"description\" content=\"Camping bedeutet Freiheit. Lesen Sie \u00fcber die Camping-Reise im Ahorn Camp Wohnmobil T690 von den YouTubern Illo und Mops.\" \/>\n<meta name=\"robots\" content=\"index, follow, max-snippet:-1, max-image-preview:large, max-video-preview:-1\" \/>\n<link rel=\"canonical\" href=\"https:\/\/ahorn-camp.de\/es\/chico-y-carlino\/\" \/>\n<meta property=\"og:locale\" content=\"es_ES\" \/>\n<meta property=\"og:type\" content=\"article\" \/>\n<meta property=\"og:title\" content=\"YouTuber Illo und Mops mit dem T690 unterwegs\" \/>\n<meta property=\"og:description\" content=\"Camping bedeutet Freiheit. Lesen Sie \u00fcber die Camping-Reise im Ahorn Camp Wohnmobil T690 von den YouTubern Illo und Mops.\" \/>\n<meta property=\"og:url\" content=\"https:\/\/ahorn-camp.de\/es\/chico-y-carlino\/\" \/>\n<meta property=\"og:site_name\" content=\"Ahorn Camp | Reisemobile und Kastenwagen\" \/>\n<meta property=\"article:publisher\" content=\"https:\/\/www.facebook.com\/ahorn.wohnmobile\/\" \/>\n<meta property=\"article:published_time\" content=\"2024-11-04T10:32:40+00:00\" \/>\n<meta property=\"article:modified_time\" content=\"2024-11-20T08:31:49+00:00\" \/>\n<meta property=\"og:image\" content=\"https:\/\/ahorn-camp.de\/wp-content\/uploads\/2024\/11\/Design-ohne-Titel-5-768x1024.png\" \/>\n\t<meta property=\"og:image:width\" content=\"768\" \/>\n\t<meta property=\"og:image:height\" content=\"1024\" \/>\n\t<meta property=\"og:image:type\" content=\"image\/png\" \/>\n<meta name=\"author\" content=\"ahorn_admin\" \/>\n<meta name=\"twitter:card\" content=\"summary_large_image\" \/>\n<meta name=\"twitter:label1\" content=\"Escrito por\" \/>\n\t<meta name=\"twitter:data1\" content=\"ahorn_admin\" \/>\n\t<meta name=\"twitter:label2\" content=\"Tiempo de lectura\" \/>\n\t<meta name=\"twitter:data2\" content=\"5 minutos\" \/>\n<script type=\"application\/ld+json\" class=\"yoast-schema-graph\">{\"@context\":\"https:\\\/\\\/schema.org\",\"@graph\":[{\"@type\":\"Article\",\"@id\":\"https:\\\/\\\/ahorn-camp.de\\\/illo-und-mops\\\/#article\",\"isPartOf\":{\"@id\":\"https:\\\/\\\/ahorn-camp.de\\\/illo-und-mops\\\/\"},\"author\":{\"name\":\"ahorn_admin\",\"@id\":\"https:\\\/\\\/ahorn-camp.de\\\/#\\\/schema\\\/person\\\/9b60761ba82d5cb8e6db215a88925044\"},\"headline\":\"YouTuber Illo und Mops mit dem T690 unterwegs\",\"datePublished\":\"2024-11-04T10:32:40+00:00\",\"dateModified\":\"2024-11-20T08:31:49+00:00\",\"mainEntityOfPage\":{\"@id\":\"https:\\\/\\\/ahorn-camp.de\\\/illo-und-mops\\\/\"},\"wordCount\":980,\"publisher\":{\"@id\":\"https:\\\/\\\/ahorn-camp.de\\\/#organization\"},\"image\":{\"@id\":\"https:\\\/\\\/ahorn-camp.de\\\/illo-und-mops\\\/#primaryimage\"},\"thumbnailUrl\":\"https:\\\/\\\/ahorn-camp.de\\\/wp-content\\\/uploads\\\/2024\\\/11\\\/Design-ohne-Titel-5.png\",\"articleSection\":[\"Blog\"],\"inLanguage\":\"es\"},{\"@type\":\"WebPage\",\"@id\":\"https:\\\/\\\/ahorn-camp.de\\\/illo-und-mops\\\/\",\"url\":\"https:\\\/\\\/ahorn-camp.de\\\/illo-und-mops\\\/\",\"name\":\"YouTuber Illo und Mops mit dem T690 unterwegs\",\"isPartOf\":{\"@id\":\"https:\\\/\\\/ahorn-camp.de\\\/#website\"},\"primaryImageOfPage\":{\"@id\":\"https:\\\/\\\/ahorn-camp.de\\\/illo-und-mops\\\/#primaryimage\"},\"image\":{\"@id\":\"https:\\\/\\\/ahorn-camp.de\\\/illo-und-mops\\\/#primaryimage\"},\"thumbnailUrl\":\"https:\\\/\\\/ahorn-camp.de\\\/wp-content\\\/uploads\\\/2024\\\/11\\\/Design-ohne-Titel-5.png\",\"datePublished\":\"2024-11-04T10:32:40+00:00\",\"dateModified\":\"2024-11-20T08:31:49+00:00\",\"description\":\"Camping bedeutet Freiheit. Lesen Sie \u00fcber die Camping-Reise im Ahorn Camp Wohnmobil T690 von den YouTubern Illo und Mops.\",\"breadcrumb\":{\"@id\":\"https:\\\/\\\/ahorn-camp.de\\\/illo-und-mops\\\/#breadcrumb\"},\"inLanguage\":\"es\",\"potentialAction\":[{\"@type\":\"ReadAction\",\"target\":[\"https:\\\/\\\/ahorn-camp.de\\\/illo-und-mops\\\/\"]}]},{\"@type\":\"ImageObject\",\"inLanguage\":\"es\",\"@id\":\"https:\\\/\\\/ahorn-camp.de\\\/illo-und-mops\\\/#primaryimage\",\"url\":\"https:\\\/\\\/ahorn-camp.de\\\/wp-content\\\/uploads\\\/2024\\\/11\\\/Design-ohne-Titel-5.png\",\"contentUrl\":\"https:\\\/\\\/ahorn-camp.de\\\/wp-content\\\/uploads\\\/2024\\\/11\\\/Design-ohne-Titel-5.png\",\"width\":1536,\"height\":2048,\"caption\":\"YouTuber Illo und Mops sind mit einem Ahorn Camp Wohnmobil auf Reise\"},{\"@type\":\"BreadcrumbList\",\"@id\":\"https:\\\/\\\/ahorn-camp.de\\\/illo-und-mops\\\/#breadcrumb\",\"itemListElement\":[{\"@type\":\"ListItem\",\"position\":1,\"name\":\"Startseite\",\"item\":\"https:\\\/\\\/ahorn-camp.de\\\/\"},{\"@type\":\"ListItem\",\"position\":2,\"name\":\"YouTuber Illo und Mops mit dem T690 unterwegs\"}]},{\"@type\":\"WebSite\",\"@id\":\"https:\\\/\\\/ahorn-camp.de\\\/#website\",\"url\":\"https:\\\/\\\/ahorn-camp.de\\\/\",\"name\":\"Ahorn Camp | Reisemobile und Kastenwagen\",\"description\":\"Seit \u00fcber 30 Jahren vermarktet das Familienunternehmen, Ahorn Camp in Speyer, erfolgreich Wohnmobile und Kastenwagen zum besten Preis-Leistungsverh\u00e4ltnis.\",\"publisher\":{\"@id\":\"https:\\\/\\\/ahorn-camp.de\\\/#organization\"},\"potentialAction\":[{\"@type\":\"SearchAction\",\"target\":{\"@type\":\"EntryPoint\",\"urlTemplate\":\"https:\\\/\\\/ahorn-camp.de\\\/?s={search_term_string}\"},\"query-input\":{\"@type\":\"PropertyValueSpecification\",\"valueRequired\":true,\"valueName\":\"search_term_string\"}}],\"inLanguage\":\"es\"},{\"@type\":\"Organization\",\"@id\":\"https:\\\/\\\/ahorn-camp.de\\\/#organization\",\"name\":\"Ahorn Camp GmbH & Co. KG\",\"url\":\"https:\\\/\\\/ahorn-camp.de\\\/\",\"logo\":{\"@type\":\"ImageObject\",\"inLanguage\":\"es\",\"@id\":\"https:\\\/\\\/ahorn-camp.de\\\/#\\\/schema\\\/logo\\\/image\\\/\",\"url\":\"https:\\\/\\\/ahorn-camp.de\\\/wp-content\\\/uploads\\\/2018\\\/12\\\/Ahorn_Logo.jpg\",\"contentUrl\":\"https:\\\/\\\/ahorn-camp.de\\\/wp-content\\\/uploads\\\/2018\\\/12\\\/Ahorn_Logo.jpg\",\"width\":1437,\"height\":1000,\"caption\":\"Ahorn Camp GmbH & Co. KG\"},\"image\":{\"@id\":\"https:\\\/\\\/ahorn-camp.de\\\/#\\\/schema\\\/logo\\\/image\\\/\"},\"sameAs\":[\"https:\\\/\\\/www.facebook.com\\\/ahorn.wohnmobile\\\/\",\"https:\\\/\\\/www.instagram.com\\\/ahorn.camp\\\/\",\"https:\\\/\\\/www.youtube.com\\\/channel\\\/UCPFbPCts1JJ_A1k9vyH0yOQ\"]},{\"@type\":\"Person\",\"@id\":\"https:\\\/\\\/ahorn-camp.de\\\/#\\\/schema\\\/person\\\/9b60761ba82d5cb8e6db215a88925044\",\"name\":\"ahorn_admin\",\"image\":{\"@type\":\"ImageObject\",\"inLanguage\":\"es\",\"@id\":\"https:\\\/\\\/secure.gravatar.com\\\/avatar\\\/d96b9a078083b0c14cee48589feadd939c3cdd66547e2f3f1569470371daaaa5?s=96&d=mm&r=g\",\"url\":\"https:\\\/\\\/secure.gravatar.com\\\/avatar\\\/d96b9a078083b0c14cee48589feadd939c3cdd66547e2f3f1569470371daaaa5?s=96&d=mm&r=g\",\"contentUrl\":\"https:\\\/\\\/secure.gravatar.com\\\/avatar\\\/d96b9a078083b0c14cee48589feadd939c3cdd66547e2f3f1569470371daaaa5?s=96&d=mm&r=g\",\"caption\":\"ahorn_admin\"},\"sameAs\":[\"http:\\\/\\\/Ahorn%20Camp\"],\"url\":\"https:\\\/\\\/ahorn-camp.de\\\/es\\\/author\\\/ahorn_admin\\\/\"}]}<\/script>\n<!-- \/ Yoast SEO plugin. -->","yoast_head_json":{"title":"El YouTuber Illo y Mops con el T690 en ruta","description":"Acampar significa libertad. Lee sobre la aventura de campamento en la autocaravana Ahorn Camp T690 de los YouTubers Illo y Mops.","robots":{"index":"index","follow":"follow","max-snippet":"max-snippet:-1","max-image-preview":"max-image-preview:large","max-video-preview":"max-video-preview:-1"},"canonical":"https:\/\/ahorn-camp.de\/es\/chico-y-carlino\/","og_locale":"es_ES","og_type":"article","og_title":"YouTuber Illo und Mops mit dem T690 unterwegs","og_description":"Camping bedeutet Freiheit. Lesen Sie \u00fcber die Camping-Reise im Ahorn Camp Wohnmobil T690 von den YouTubern Illo und Mops.","og_url":"https:\/\/ahorn-camp.de\/es\/chico-y-carlino\/","og_site_name":"Ahorn Camp | Reisemobile und Kastenwagen","article_publisher":"https:\/\/www.facebook.com\/ahorn.wohnmobile\/","article_published_time":"2024-11-04T10:32:40+00:00","article_modified_time":"2024-11-20T08:31:49+00:00","og_image":[{"width":768,"height":1024,"url":"https:\/\/ahorn-camp.de\/wp-content\/uploads\/2024\/11\/Design-ohne-Titel-5-768x1024.png","type":"image\/png"}],"author":"ahorn_admin","twitter_card":"summary_large_image","twitter_misc":{"Escrito por":"ahorn_admin","Tiempo de lectura":"5 minutos"},"schema":{"@context":"https:\/\/schema.org","@graph":[{"@type":"Article","@id":"https:\/\/ahorn-camp.de\/illo-und-mops\/#article","isPartOf":{"@id":"https:\/\/ahorn-camp.de\/illo-und-mops\/"},"author":{"name":"ahorn_admin","@id":"https:\/\/ahorn-camp.de\/#\/schema\/person\/9b60761ba82d5cb8e6db215a88925044"},"headline":"YouTuber Illo und Mops mit dem T690 unterwegs","datePublished":"2024-11-04T10:32:40+00:00","dateModified":"2024-11-20T08:31:49+00:00","mainEntityOfPage":{"@id":"https:\/\/ahorn-camp.de\/illo-und-mops\/"},"wordCount":980,"publisher":{"@id":"https:\/\/ahorn-camp.de\/#organization"},"image":{"@id":"https:\/\/ahorn-camp.de\/illo-und-mops\/#primaryimage"},"thumbnailUrl":"https:\/\/ahorn-camp.de\/wp-content\/uploads\/2024\/11\/Design-ohne-Titel-5.png","articleSection":["Blog"],"inLanguage":"es"},{"@type":"WebPage","@id":"https:\/\/ahorn-camp.de\/illo-und-mops\/","url":"https:\/\/ahorn-camp.de\/illo-und-mops\/","name":"El YouTuber Illo y Mops con el T690 en ruta","isPartOf":{"@id":"https:\/\/ahorn-camp.de\/#website"},"primaryImageOfPage":{"@id":"https:\/\/ahorn-camp.de\/illo-und-mops\/#primaryimage"},"image":{"@id":"https:\/\/ahorn-camp.de\/illo-und-mops\/#primaryimage"},"thumbnailUrl":"https:\/\/ahorn-camp.de\/wp-content\/uploads\/2024\/11\/Design-ohne-Titel-5.png","datePublished":"2024-11-04T10:32:40+00:00","dateModified":"2024-11-20T08:31:49+00:00","description":"Acampar significa libertad. Lee sobre la aventura de campamento en la autocaravana Ahorn Camp T690 de los YouTubers Illo y Mops.","breadcrumb":{"@id":"https:\/\/ahorn-camp.de\/illo-und-mops\/#breadcrumb"},"inLanguage":"es","potentialAction":[{"@type":"ReadAction","target":["https:\/\/ahorn-camp.de\/illo-und-mops\/"]}]},{"@type":"ImageObject","inLanguage":"es","@id":"https:\/\/ahorn-camp.de\/illo-und-mops\/#primaryimage","url":"https:\/\/ahorn-camp.de\/wp-content\/uploads\/2024\/11\/Design-ohne-Titel-5.png","contentUrl":"https:\/\/ahorn-camp.de\/wp-content\/uploads\/2024\/11\/Design-ohne-Titel-5.png","width":1536,"height":2048,"caption":"YouTuber Illo und Mops sind mit einem Ahorn Camp Wohnmobil auf Reise"},{"@type":"BreadcrumbList","@id":"https:\/\/ahorn-camp.de\/illo-und-mops\/#breadcrumb","itemListElement":[{"@type":"ListItem","position":1,"name":"Startseite","item":"https:\/\/ahorn-camp.de\/"},{"@type":"ListItem","position":2,"name":"YouTuber Illo und Mops mit dem T690 unterwegs"}]},{"@type":"WebSite","@id":"https:\/\/ahorn-camp.de\/#website","url":"https:\/\/ahorn-camp.de\/","name":"Ahorn Camp | Autocaravanas y furgonetas camper","description":"Desde hace m\u00e1s de 30 a\u00f1os, la empresa familiar, Ahorn Camp en Speyer, comercializa con \u00e9xito caravanas y furgonetas camper a la mejor relaci\u00f3n calidad-precio.","publisher":{"@id":"https:\/\/ahorn-camp.de\/#organization"},"potentialAction":[{"@type":"SearchAction","target":{"@type":"EntryPoint","urlTemplate":"https:\/\/ahorn-camp.de\/?s={search_term_string}"},"query-input":{"@type":"PropertyValueSpecification","valueRequired":true,"valueName":"search_term_string"}}],"inLanguage":"es"},{"@type":"Organization","@id":"https:\/\/ahorn-camp.de\/#organization","name":"Ahorn Camp GmbH &amp; Co. KG","url":"https:\/\/ahorn-camp.de\/","logo":{"@type":"ImageObject","inLanguage":"es","@id":"https:\/\/ahorn-camp.de\/#\/schema\/logo\/image\/","url":"https:\/\/ahorn-camp.de\/wp-content\/uploads\/2018\/12\/Ahorn_Logo.jpg","contentUrl":"https:\/\/ahorn-camp.de\/wp-content\/uploads\/2018\/12\/Ahorn_Logo.jpg","width":1437,"height":1000,"caption":"Ahorn Camp GmbH & Co. KG"},"image":{"@id":"https:\/\/ahorn-camp.de\/#\/schema\/logo\/image\/"},"sameAs":["https:\/\/www.facebook.com\/ahorn.wohnmobile\/","https:\/\/www.instagram.com\/ahorn.camp\/","https:\/\/www.youtube.com\/channel\/UCPFbPCts1JJ_A1k9vyH0yOQ"]},{"@type":"Person","@id":"https:\/\/ahorn-camp.de\/#\/schema\/person\/9b60761ba82d5cb8e6db215a88925044","name":"ahorn_admin","image":{"@type":"ImageObject","inLanguage":"es","@id":"https:\/\/secure.gravatar.com\/avatar\/d96b9a078083b0c14cee48589feadd939c3cdd66547e2f3f1569470371daaaa5?s=96&d=mm&r=g","url":"https:\/\/secure.gravatar.com\/avatar\/d96b9a078083b0c14cee48589feadd939c3cdd66547e2f3f1569470371daaaa5?s=96&d=mm&r=g","contentUrl":"https:\/\/secure.gravatar.com\/avatar\/d96b9a078083b0c14cee48589feadd939c3cdd66547e2f3f1569470371daaaa5?s=96&d=mm&r=g","caption":"ahorn_admin"},"sameAs":["http:\/\/Ahorn%20Camp"],"url":"https:\/\/ahorn-camp.de\/es\/author\/ahorn_admin\/"}]}},"_links":{"self":[{"href":"https:\/\/ahorn-camp.de\/es\/wp-json\/wp\/v2\/posts\/26310","targetHints":{"allow":["GET"]}}],"collection":[{"href":"https:\/\/ahorn-camp.de\/es\/wp-json\/wp\/v2\/posts"}],"about":[{"href":"https:\/\/ahorn-camp.de\/es\/wp-json\/wp\/v2\/types\/post"}],"author":[{"embeddable":true,"href":"https:\/\/ahorn-camp.de\/es\/wp-json\/wp\/v2\/users\/2"}],"replies":[{"embeddable":true,"href":"https:\/\/ahorn-camp.de\/es\/wp-json\/wp\/v2\/comments?post=26310"}],"version-history":[{"count":0,"href":"https:\/\/ahorn-camp.de\/es\/wp-json\/wp\/v2\/posts\/26310\/revisions"}],"wp:featuredmedia":[{"embeddable":true,"href":"https:\/\/ahorn-camp.de\/es\/wp-json\/wp\/v2\/media\/26333"}],"wp:attachment":[{"href":"https:\/\/ahorn-camp.de\/es\/wp-json\/wp\/v2\/media?parent=26310"}],"wp:term":[{"taxonomy":"category","embeddable":true,"href":"https:\/\/ahorn-camp.de\/es\/wp-json\/wp\/v2\/categories?post=26310"},{"taxonomy":"post_tag","embeddable":true,"href":"https:\/\/ahorn-camp.de\/es\/wp-json\/wp\/v2\/tags?post=26310"}],"curies":[{"name":"wp","href":"https:\/\/api.w.org\/{rel}","templated":true}]}}