{"id":24916,"date":"2024-08-26T14:39:26","date_gmt":"2024-08-26T12:39:26","guid":{"rendered":"https:\/\/ahorn-camp.de\/?p=24916"},"modified":"2024-12-17T22:08:04","modified_gmt":"2024-12-17T21:08:04","slug":"mejores-destinos-de-viaje-en-autocaravana","status":"publish","type":"post","link":"https:\/\/ahorn-camp.de\/es\/top-reiseziele-mit-dem-wohnmobil\/","title":{"rendered":"Los mejores destinos para viajar en autocaravana en 2024"},"content":{"rendered":"<div class=\"wpb-content-wrapper\"><div class=\"vc_row wpb_row vc_row-fluid\"><div class=\"wpb_column vc_column_container vc_col-sm-12\"><div class=\"vc_column-inner\"><div class=\"wpb_wrapper\"><div class=\"vc_empty_space\"   style=\"height: 25px\"><span class=\"vc_empty_space_inner\"><\/span><\/div>\n\t<div class=\"wpb_text_column wpb_content_element\" >\n\t\t<div class=\"wpb_wrapper\">\n\t\t\t<p>Un viaje en autocaravana abre un mundo de libertad y flexibilidad. Tienes la oportunidad de adaptar tu ruta a tu gusto y hacer desv\u00edos espont\u00e1neos que te llevar\u00e1n a destinos nuevos e inesperados. Sin embargo, es aconsejable planificar una ruta aproximada con antelaci\u00f3n para asegurarte de que tu viaje transcurra sin problemas. Ahorn Camp te presenta los destinos de viaje m\u00e1s bellos para 2024, que se adaptan perfectamente a las aventuras en autocaravana. Insp\u00edrate y descubre los mejores lugares que este a\u00f1o tiene para ofrecer.<\/p>\n\n\t\t<\/div>\n\t<\/div>\n<\/div><\/div><\/div><\/div><div class=\"vc_row wpb_row vc_row-fluid\"><div class=\"wpb_column vc_column_container vc_col-sm-12\"><div class=\"vc_column-inner\"><div class=\"wpb_wrapper\"><div class=\"vc_empty_space\"   style=\"height: 25px\"><span class=\"vc_empty_space_inner\"><\/span><\/div><h2 style=\"font-size: 25px;color: #1B508C;text-align: left\" class=\"vc_custom_heading vc_do_custom_heading\" >Explorar Alemania con una autocaravana<\/h2><div class=\"vc_empty_space\"   style=\"height: 25px\"><span class=\"vc_empty_space_inner\"><\/span><\/div>\n\t<div class=\"wpb_text_column wpb_content_element\" >\n\t\t<div class=\"wpb_wrapper\">\n\t\t\t<p>Alemania ofrece una gran variedad de lugares preciosos, que a menudo son subestimados. Quienes busquen aventura en las monta\u00f1as deber\u00edan explorar los Alpes de Allg\u00e4u. All\u00ed podr\u00e1n respirar aire puro de monta\u00f1a y disfrutar del paisaje impresionante. Para todos los que aman los desaf\u00edos, la Suiza Sajona es el destino perfecto. Con sus espectaculares formaciones rocosas, invita a atrevidas escaladas y promete experiencias inolvidables.<\/p>\n<p>Otro punto culminante le espera en el sur de Alemania, en el estado federado de Baviera. El Alto Palatinado, con sus numerosos lagos y densos bosques, es ideal para relajantes paseos en bicicleta. La ciudad de Ratisbona, en particular, juega un papel central en esta regi\u00f3n y sin duda merece una visita. Su encantador casco antiguo y su rica historia atraen m\u00e1gicamente a los visitantes.<\/p>\n<p>Para aquellos que prefieren relajarse junto al mar, el Mar B\u00e1ltico es la elecci\u00f3n correcta. Aqu\u00ed podr\u00e1 disfrutar del aire fresco del mar y dejar atr\u00e1s la vida cotidiana. El Parque Nacional Vorpommersche Boddenlandschaft ofrece una experiencia natural especialmente fascinante. Esta \u00e1rea \u00fanica no solo es un para\u00edso para los amantes de la naturaleza, sino tambi\u00e9n el hogar de majestuosos ciervos y espectaculares bandadas de aves. Una visita a este parque nacional vale la pena para cualquiera que quiera experimentar la belleza de la naturaleza de cerca.<\/p>\n\n\t\t<\/div>\n\t<\/div>\n<\/div><\/div><\/div><\/div><div class=\"vc_row wpb_row vc_row-fluid\"><div class=\"wpb_column vc_column_container vc_col-sm-12\"><div class=\"vc_column-inner\"><div class=\"wpb_wrapper\"><div class=\"vc_empty_space\"   style=\"height: 25px\"><span class=\"vc_empty_space_inner\"><\/span><\/div><h2 style=\"font-size: 25px;color: #1B508C;text-align: left\" class=\"vc_custom_heading vc_do_custom_heading\" >Italia: Del Dolce Vita, pura naturaleza a lugares maravillosos junto al mar<\/h2><div class=\"vc_empty_space\"   style=\"height: 15px\"><span class=\"vc_empty_space_inner\"><\/span><\/div>\n\t<div  class=\"wpb_single_image wpb_content_element vc_align_left wpb_content_element\">\n\t\t\n\t\t<figure class=\"wpb_wrapper vc_figure\">\n\t\t\t<div class=\"vc_single_image-wrapper   vc_box_border_grey\"><img fetchpriority=\"high\" decoding=\"async\" width=\"1500\" height=\"1125\" src=\"https:\/\/ahorn-camp.de\/wp-content\/uploads\/2024\/08\/DSF6800-3.jpg\" class=\"vc_single_image-img attachment-full\" alt=\"\" title=\"_DSF6800-3\" srcset=\"https:\/\/ahorn-camp.de\/wp-content\/uploads\/2024\/08\/DSF6800-3.jpg 1500w, https:\/\/ahorn-camp.de\/wp-content\/uploads\/2024\/08\/DSF6800-3-300x225.jpg 300w, https:\/\/ahorn-camp.de\/wp-content\/uploads\/2024\/08\/DSF6800-3-1024x768.jpg 1024w, https:\/\/ahorn-camp.de\/wp-content\/uploads\/2024\/08\/DSF6800-3-768x576.jpg 768w, https:\/\/ahorn-camp.de\/wp-content\/uploads\/2024\/08\/DSF6800-3-800x600.jpg 800w, https:\/\/ahorn-camp.de\/wp-content\/uploads\/2024\/08\/DSF6800-3-200x150.jpg 200w\" sizes=\"(max-width: 1500px) 100vw, 1500px\" \/><\/div>\n\t\t<\/figure>\n\t<\/div>\n<div class=\"vc_empty_space\"   style=\"height: 15px\"><span class=\"vc_empty_space_inner\"><\/span><\/div>\n\t<div class=\"wpb_text_column wpb_content_element\" >\n\t\t<div class=\"wpb_wrapper\">\n\t\t\t<div class=\"flex max-w-full flex-col flex-grow\">\n<div class=\"min-h-&#091;20px&#093; text-message flex w-full flex-col items-end gap-2 break-words &#091;.text-message+&amp;&#093;:mt-5 overflow-x-auto whitespace-normal\" dir=\"auto\" data-message-author-role=\"assistant\" data-message-id=\"91db7a9d-5423-4983-828b-fe0251135055\">\n<div class=\"flex w-full flex-col gap-1 empty:hidden first:pt-&#091;3px&#093;\">\n<div class=\"markdown prose w-full break-words dark:prose-invert light\">\n<p>Italia ofrece una impresionante variedad de ciudades, pueblos, monta\u00f1as y lagos de norte a sur, que esperan ser explorados. Comienza tu viaje en el norte del pa\u00eds, en la provincia de Tirol del Sur. Esta regi\u00f3n impresiona por su pintoresco paisaje monta\u00f1oso, que es perfecto para el senderismo. Numerosos pueblos peque\u00f1os, enclavados en las monta\u00f1as, te invitan a disfrutar de la tranquilidad de la naturaleza y a experimentar la aut\u00e9ntica hospitalidad italiana.<\/p>\n<p>Una visita obligada en tu viaje es una parada en el lago de Garda. Lugares como Limone o Bardolino te cautivar\u00e1n con su encantador ambiente, sus aguas cristalinas y sus magn\u00edficas vistas de las monta\u00f1as circundantes. M\u00e1s al sur se encuentra el lago de Como, otra joya entre los lagos italianos. Desde aqu\u00ed, puedes hacer una escapada a la vibrante metr\u00f3poli de Mil\u00e1n, que est\u00e1 a tiro de piedra.<\/p>\n<p>Para los amantes del mar, el camino contin\u00faa hacia el sur, a la Toscana, Las Marcas o Apulia. Estas regiones son conocidas por sus fant\u00e1sticos tramos de costa y ciudades hist\u00f3ricas. Un peque\u00f1o secreto en el camino a Bari: planifique una visita a Alberobello o Matera. Alberobello, con sus singulares casas trulli, es Patrimonio de la Humanidad por la UNESCO y ofrece una fascinante visi\u00f3n de la arquitectura tradicional de la regi\u00f3n. Matera, con sus impresionantes viviendas cueva, es otro punto culminante que no debe perderse en su viaje a Italia.<\/p>\n<\/div>\n<\/div>\n<\/div>\n<\/div>\n\n\t\t<\/div>\n\t<\/div>\n<\/div><\/div><\/div><\/div><div class=\"vc_row wpb_row vc_row-fluid\"><div class=\"wpb_column vc_column_container vc_col-sm-12\"><div class=\"vc_column-inner\"><div class=\"wpb_wrapper\"><div class=\"vc_empty_space\"   style=\"height: 25px\"><span class=\"vc_empty_space_inner\"><\/span><\/div><h2 style=\"font-size: 25px;color: #1B508C;text-align: left\" class=\"vc_custom_heading vc_do_custom_heading\" >Espa\u00f1a: mucho para ofrecer con poco presupuesto<\/h2><div class=\"vc_empty_space\"   style=\"height: 15px\"><span class=\"vc_empty_space_inner\"><\/span><\/div>\n\t<div class=\"wpb_text_column wpb_content_element\" >\n\t\t<div class=\"wpb_wrapper\">\n\t\t\t<p>Adem\u00e1s de Italia, Espa\u00f1a es un destino tur\u00edstico de gran demanda que impresiona por su diversidad de paisajes, ciudades y costas. Ya sea que te apasione la majestuosidad de las monta\u00f1as, las ciudades vibrantes o las playas de ensue\u00f1o, Espa\u00f1a tiene algo para todos.<\/p>\n<p>Una de las regiones vacacionales m\u00e1s populares es Catalu\u00f1a, en el noreste del pa\u00eds. Aqu\u00ed es apropiado planificar un viaje por la costa. Esta ruta es ideal para los sibaritas que quieren experimentar el impresionante panorama costero mientras pasean o conducen con el susurro de las olas. La Costa Brava y la Costa Dorada son solo dos de los tramos costeros que le cautivar\u00e1n en este viaje.<\/p>\n<p>Espa\u00f1a es, adem\u00e1s, un verdadero para\u00edso para los surfistas. Los tramos de costa, especialmente en el norte y el oeste, ofrecen condiciones ideales para surfistas de todos los niveles. Tanto si eres principiante como profesional, aqu\u00ed todos sacar\u00e1n provecho.<\/p>\n<p>Quienes est\u00e9n m\u00e1s interesados en la cultura y la historia deber\u00edan explorar el sur de Espa\u00f1a. Ciudades como Granada o Sevilla atraen con sus impresionantes edificios hist\u00f3ricos, su vibrante cultura y una atm\u00f3sfera \u00fanica. La Alhambra en Granada y la Catedral de Sevilla son solo algunos de los puntos destacados que le esperan aqu\u00ed.<\/p>\n<p>Espa\u00f1a es un pa\u00eds que cautiva a cada viajero con su diversidad, desde las monta\u00f1as hasta las costas infinitas, desde las ciudades vibrantes hasta los pueblos tranquilos. No importa a d\u00f3nde viaje, Espa\u00f1a lo encantar\u00e1 con su belleza y cultura.<\/p>\n\n\t\t<\/div>\n\t<\/div>\n<div class=\"vc_empty_space\"   style=\"height: 25px\"><span class=\"vc_empty_space_inner\"><\/span><\/div><h2 style=\"font-size: 25px;color: #1B508C;text-align: left\" class=\"vc_custom_heading vc_do_custom_heading\" >Francia: un viaje por carretera de primera clase<\/h2><div class=\"vc_empty_space\"   style=\"height: 15px\"><span class=\"vc_empty_space_inner\"><\/span><\/div>\n\t<div class=\"wpb_text_column wpb_content_element\" >\n\t\t<div class=\"wpb_wrapper\">\n\t\t\t<p>Francia es un pa\u00eds verdaderamente hermoso y perfecto para unas vacaciones en autocaravana. Ya sea que desee explorar la belleza agreste de Breta\u00f1a o las costas hist\u00f3ricas de Normand\u00eda, el impresionante paisaje y los pueblos id\u00edlicos har\u00e1n que cada viaje sea una experiencia inolvidable.<\/p>\n<p>Un punto culminante especial es la Provenza, conocida por sus interminables campos de lavanda que ofrecen un mar de lila y violeta en flor. Pero no es solo la naturaleza la que atrae a los visitantes: en la Provenza se celebran numerosos festivales de cine, y el Tour de Francia tambi\u00e9n atraviesa esta pintoresca regi\u00f3n.<\/p>\n<p>Para los amantes del sol y del Mediterr\u00e1neo, una escapada a la Costa Azul es obligatoria. Aqu\u00ed le espera el agua cristalina del mar Mediterr\u00e1neo y un toque de lujo mientras recorre famosos pueblos costeros como Niza o Cannes.<\/p>\n<p>Francia ofrece una gran variedad de opciones para los campistas, especialmente en el sur, donde hay numerosas y hermosas \u00e1reas de acampada. El pa\u00eds tambi\u00e9n es muy familiar, lo que lo convierte en un destino ideal para unas vacaciones con toda la familia. Desde los campos de lavanda de la Provenza y las playas de la Costa Azul hasta los encantadores pueblos de Breta\u00f1a y Normand\u00eda, Francia ofrece la experiencia adecuada para todos los gustos y es especialmente f\u00e1cil de explorar en autocaravana.<\/p>\n\n\t\t<\/div>\n\t<\/div>\n<\/div><\/div><\/div><\/div><div class=\"vc_row wpb_row vc_row-fluid\"><div class=\"wpb_column vc_column_container vc_col-sm-12\"><div class=\"vc_column-inner\"><div class=\"wpb_wrapper\"><div class=\"vc_empty_space\"   style=\"height: 25px\"><span class=\"vc_empty_space_inner\"><\/span><\/div><h2 style=\"font-size: 25px;color: #1B508C;text-align: left\" class=\"vc_custom_heading vc_do_custom_heading\" >Albania: el secreto mejor guardado para el campista<\/h2><div class=\"vc_empty_space\"   style=\"height: 15px\"><span class=\"vc_empty_space_inner\"><\/span><\/div>\n\t<div  class=\"wpb_single_image wpb_content_element vc_align_left wpb_content_element\">\n\t\t\n\t\t<figure class=\"wpb_wrapper vc_figure\">\n\t\t\t<div class=\"vc_single_image-wrapper   vc_box_border_grey\"><img decoding=\"async\" width=\"2560\" height=\"1024\" src=\"https:\/\/ahorn-camp.de\/wp-content\/uploads\/2024\/08\/11-Banner-scaled.jpg\" class=\"vc_single_image-img attachment-full\" alt=\"\" title=\"11-Banner\" srcset=\"https:\/\/ahorn-camp.de\/wp-content\/uploads\/2024\/08\/11-Banner-scaled.jpg 2560w, https:\/\/ahorn-camp.de\/wp-content\/uploads\/2024\/08\/11-Banner-300x120.jpg 300w, https:\/\/ahorn-camp.de\/wp-content\/uploads\/2024\/08\/11-Banner-1024x410.jpg 1024w, https:\/\/ahorn-camp.de\/wp-content\/uploads\/2024\/08\/11-Banner-768x307.jpg 768w, https:\/\/ahorn-camp.de\/wp-content\/uploads\/2024\/08\/11-Banner-800x320.jpg 800w, https:\/\/ahorn-camp.de\/wp-content\/uploads\/2024\/08\/11-Banner-1536x614.jpg 1536w, https:\/\/ahorn-camp.de\/wp-content\/uploads\/2024\/08\/11-Banner-2048x819.jpg 2048w\" sizes=\"(max-width: 2560px) 100vw, 2560px\" \/><\/div>\n\t\t<\/figure>\n\t<\/div>\n<div class=\"vc_empty_space\"   style=\"height: 15px\"><span class=\"vc_empty_space_inner\"><\/span><\/div>\n\t<div class=\"wpb_text_column wpb_content_element\" >\n\t\t<div class=\"wpb_wrapper\">\n\t\t\t<p>Albania es una verdadera joya en Europa, que hasta ahora se ha librado del turismo masivo y, por lo tanto, a menudo se subestima. El pa\u00eds ofrece una fascinante mezcla de mar, ciudad y naturaleza, lo que lo convierte en un verdadero secreto para los viajeros que desean salirse de los caminos trillados.<\/p>\n<p>Albania cautiva con su rica cultura e historia, que se reflejan en varios sitios del Patrimonio Mundial de la UNESCO que puedes descubrir en tu viaje. Desde las antiguas ruinas de Butrinto hasta la arquitectura otomana de Gjirokast\u00ebr, el pa\u00eds ofrece impresionantes tesoros culturales que esperan ser explorados.<\/p>\n<p>Si est\u00e1 planeando un viaje a Albania, deber\u00eda reservar aproximadamente una semana para visitar el norte o el sur del pa\u00eds. Si decide explorar el pintoresco sur con sus pueblos costeros y playas, o el norte con sus monta\u00f1as y ciudades hist\u00f3ricas, depender\u00e1 totalmente de sus preferencias y de si desea incluir otros pa\u00edses en su viaje.<\/p>\n<p>Otra gran ventaja de Albania es la asequibilidad. Los costes de los campings rondan los 10-15 \u20ac por noche, lo que hace del pa\u00eds un destino ideal para los viajeros que buscan una buena relaci\u00f3n calidad-precio. Adem\u00e1s, en algunas zonas incluso se permite acampar en libertad, lo que te ofrece a\u00fan m\u00e1s libertad y flexibilidad en tu viaje.<\/p>\n<p>Albania es el destino perfecto para aquellos que buscan una mezcla de cultura, naturaleza y costa, sin encontrarse con lugares tur\u00edsticos abarrotados. \u00a1Explora este pa\u00eds infravalorado antes de que se convierta en el pr\u00f3ximo punto caliente!<\/p>\n\n\t\t<\/div>\n\t<\/div>\n<div class=\"vc_empty_space\"   style=\"height: 25px\"><span class=\"vc_empty_space_inner\"><\/span><\/div><h2 style=\"font-size: 25px;color: #1B508C;text-align: left\" class=\"vc_custom_heading vc_do_custom_heading\" >Austria: los lugares m\u00e1s bellos para autocaravanas<\/h2><div class=\"vc_empty_space\"   style=\"height: 15px\"><span class=\"vc_empty_space_inner\"><\/span><\/div>\n\t<div class=\"wpb_text_column wpb_content_element\" >\n\t\t<div class=\"wpb_wrapper\">\n\t\t\t<p>Austria es un pa\u00eds de impresionantes paisajes alpinos, lagos cristalinos y naturaleza virgen que cautiva por su diversidad. Especialmente en los meses m\u00e1s c\u00e1lidos, ofrece innumerables oportunidades para actividades al aire libre. En el Tirol, donde las temperaturas en agosto son en promedio de unos agradables 18\u00b0C, el clima es perfecto para largas caminatas. La regi\u00f3n de Kitzb\u00fchel, conocida en invierno por su glamuroso esqu\u00ed, se transforma en verano en un para\u00edso para los amantes del senderismo. La zona alrededor del macizo del Wilder Kaiser es especialmente popular por sus variadas rutas de senderismo.<\/p>\n<p>Otro punto culminante es Salzburgo, la ciudad natal de Mozart. Esta encantadora ciudad merece una visita en cualquier \u00e9poca del a\u00f1o y cautiva con su casco antiguo hist\u00f3rico, sus imponentes fortalezas y su rica cultura. Aquellos que aman acampar deber\u00edan considerar el Panorama Camping, que destaca por sus impresionantes vistas y su cercan\u00eda a la naturaleza.<\/p>\n<p>La regi\u00f3n del lago de Constanza tambi\u00e9n es una visita obligada para los entusiastas del deporte. Aqu\u00ed hay numerosas oportunidades para practicar deportes acu\u00e1ticos, ciclismo y senderismo, por lo que hay algo para todos los gustos. Un viaje circular por Austria es especialmente recomendable en verano, primavera y oto\u00f1o. Puede explorar los muchos lagos maravillosos, como el Wolfgangsee o el Neusiedler See, y descubrir ciudades culinarias como Graz o Linz.<\/p>\n<p>Y, por supuesto, Viena, la capital de Austria, no puede faltar en ninguna lista de viajes. Como el destino m\u00e1s popular del pa\u00eds, Viena impresiona con su rica historia, su magn\u00edfica arquitectura y su vibrante escena cultural. Ya sea que desee hacer senderismo por los Alpes, relajarse junto a un lago o descubrir los tesoros culturales de las ciudades, Austria ofrece la experiencia perfecta para cada viajero.<\/p>\n\n\t\t<\/div>\n\t<\/div>\n<div class=\"vc_empty_space\"   style=\"height: 25px\"><span class=\"vc_empty_space_inner\"><\/span><\/div><h2 style=\"font-size: 25px;color: #1B508C;text-align: left\" class=\"vc_custom_heading vc_do_custom_heading\" >Suecia: un verano escandinavo<\/h2><div class=\"vc_empty_space\"   style=\"height: 15px\"><span class=\"vc_empty_space_inner\"><\/span><\/div>\n\t<div class=\"wpb_text_column wpb_content_element\" >\n\t\t<div class=\"wpb_wrapper\">\n\t\t\t<p>Suecia es un destino ideal para toda la familia, con sus pintorescos bosques, majestuosas monta\u00f1as y encantadoras ciudades. El pa\u00eds ofrece una mezcla perfecta de experiencias en la naturaleza y puntos de inter\u00e9s cultural que har\u00e1n que las vacaciones familiares sean inolvidables.<\/p>\n<p>Un punto culminante especial en Suecia es el llamado \"derecho de acceso p\u00fablico\", que le permite pasar la noche al aire libre. Esto ofrece una maravillosa oportunidad para experimentar de cerca el pr\u00edstino paisaje sueco. Sin embargo, cabe destacar que este derecho no se aplica a los veh\u00edculos motorizados, por lo que debe prestar atenci\u00f3n a las se\u00f1ales correspondientes. Otra ventaja: en Suecia no hay peajes, lo que hace que viajar sea especialmente agradable.<\/p>\n<p>La mayor\u00eda de los visitantes llegan a Suecia en ferry a trav\u00e9s de Trelleborg, el puerto m\u00e1s meridional del pa\u00eds. Desde aqu\u00ed, es aconsejable continuar el viaje por la costa o por el interior, hacia el norte hasta Estocolmo o incluso m\u00e1s al norte. Suecia ofrece una gran variedad de rutas que revelan tanto la belleza de los paisajes costeros como la paz y la amplitud del interior.<\/p>\n<p>Una experiencia especial para toda la familia es recolectar hongos y bayas en los extensos bosques suecos. Con un poco de suerte, \u00a1incluso podr\u00edas encontrarte con un alce, el majestuoso s\u00edmbolo de la naturaleza salvaje sueca! La naturaleza de Suecia ofrece innumerables oportunidades para vivir aventuras y relajar el alma.<\/p>\n<p>Suecia es un pa\u00eds que da la bienvenida a cada familia con su naturaleza diversa y sus ciudades acogedoras. Ya sea que desee explorar la naturaleza salvaje o descubrir la cultura de Suecia, aqu\u00ed todos encontrar\u00e1n la experiencia vacacional perfecta.<\/p>\n\n\t\t<\/div>\n\t<\/div>\n<div class=\"vc_empty_space\"   style=\"height: 25px\"><span class=\"vc_empty_space_inner\"><\/span><\/div><h2 style=\"font-size: 25px;color: #1B508C;text-align: left\" class=\"vc_custom_heading vc_do_custom_heading\" >Portugal: de Lisboa y Oporto al Algarve<\/h2><div class=\"vc_empty_space\"   style=\"height: 15px\"><span class=\"vc_empty_space_inner\"><\/span><\/div>\n\t<div class=\"wpb_text_column wpb_content_element\" >\n\t\t<div class=\"wpb_wrapper\">\n\t\t\t<p>Portugal es el destino ideal para unas vacaciones playeras perfectas, combinado con el encanto de id\u00edlicas ciudades costeras. Especialmente la ciudad de Porto, conocida por su pintoresco casco antiguo y su famoso vino de Oporto, atrae a numerosos visitantes cada a\u00f1o. La mezcla de cultura, historia y playas de ensue\u00f1o hace de Porto un destino popular para los viajeros.<\/p>\n<p>Si viaja de Lisboa a Oporto, no olvide planificar una parada en las ciudades de Co\u00edmbra, Sintra, Peniche y Nazar\u00e9. Co\u00edmbra, la hist\u00f3rica ciudad universitaria, ofrece lo m\u00e1s destacado de la cultura, mientras que Sintra encanta con sus palacios y jardines de cuento de hadas. Peniche es un para\u00edso para los surfistas y Nazar\u00e9, conocida por las olas m\u00e1s altas del mundo, atrae tanto a surfistas como a aventureros.<\/p>\n<p>Para unas vacaciones de ba\u00f1o prolongadas, se recomienda el Algarve, la regi\u00f3n m\u00e1s meridional de Portugal. Aqu\u00ed encontrar\u00e1 algunas de las ciudades costeras m\u00e1s hermosas, rodeadas de impresionantes acantilados y playas doradas. Planifique al menos una semana para disfrutar plenamente de esta regi\u00f3n. Un peque\u00f1o consejo: viaje fuera de la temporada alta para experimentar el Algarve en paz y lejos de las aglomeraciones tur\u00edsticas.<\/p>\n<p>El norte de Portugal tambi\u00e9n tiene su encanto y es especialmente interesante para los campistas y aficionados al senderismo. La naturaleza virgen, las suaves colinas y los encantadores pueblos ofrecen numerosas oportunidades para explorar el paisaje a pie y vivir el Portugal aut\u00e9ntico.<\/p>\n<p>Ya sea unas vacaciones en la playa, un viaje cultural o una experiencia en la naturaleza, Portugal ofrece algo para todos los gustos. Desde las playas ba\u00f1adas por el sol del Algarve hasta las verdes colinas del norte, el pa\u00eds es un verdadero para\u00edso para los viajeros.<\/p>\n\n\t\t<\/div>\n\t<\/div>\n<div class=\"vc_empty_space\"   style=\"height: 25px\"><span class=\"vc_empty_space_inner\"><\/span><\/div><h2 style=\"font-size: 25px;color: #1B508C;text-align: left\" class=\"vc_custom_heading vc_do_custom_heading\" >Islandia: Volcanes, glaciares y naturaleza impresionante<\/h2><div class=\"vc_empty_space\"   style=\"height: 15px\"><span class=\"vc_empty_space_inner\"><\/span><\/div>\n\t<div class=\"wpb_text_column wpb_content_element\" >\n\t\t<div class=\"wpb_wrapper\">\n\t\t\t<p>La isla Westfjords es un verdadero tesoro escondido que a menudo se subestima. Mientras muchos turistas visitan los lugares de inter\u00e9s conocidos en el sur y este de la isla, el impresionante paisaje de los Westfjords permanece en gran medida sin descubrir. Sin embargo, es precisamente esta remota regi\u00f3n la que ofrece una belleza \u00fanica que cautiva a cada visitante.<\/p>\n<p>Una visita obligada en cualquier viaje a Islandia es la capital, Reikiavik. Desde aqu\u00ed no solo puede explorar la ciudad en s\u00ed, sino tambi\u00e9n viajar por las pen\u00ednsulas circundantes, que cautivan con su belleza agreste y su fascinante naturaleza.<\/p>\n<p>Los fiordos del oeste se caracterizan por un paisaje impresionante cubierto de escaso musgo y hierba. La regi\u00f3n es rica en reservas naturales que esperan ser exploradas. En la naturaleza, a menudo tendr\u00e1 la oportunidad de observar zorros polares, nativos de esta \u00e1rea remota. El mar tambi\u00e9n ofrece experiencias espectaculares, ya que en las aguas de los fiordos del oeste a menudo se pueden ver ballenas desliz\u00e1ndose majestuosamente entre las olas.<\/p>\n<p>Un punto culminante especial de la regi\u00f3n son las fuentes termales de Deildartunguhver, la zona geot\u00e9rmica m\u00e1s grande y productiva de Europa. Las fuentes termales naturales son un verdadero espect\u00e1culo natural y una visita obligada para cualquier visitante.<\/p>\n<p>Para los aventureros, se ofrecen excursiones en glaciar en el Langj\u00f6kull. Estas experiencias te llevar\u00e1n a un mundo de hielo y nieve, donde podr\u00e1s experimentar de cerca el poder y la belleza de la naturaleza islandesa.<\/p>\n<p>Aunque viajar a la Isla Oeste es quiz\u00e1s menos com\u00fan, es precisamente por eso que tu viaje se convertir\u00e1 en una aventura \u00fanica. La naturaleza virgen, la fascinante vida salvaje y los espectaculares fen\u00f3menos naturales hacen de esta regi\u00f3n de Islandia un destino incomparable.<\/p>\n\n\t\t<\/div>\n\t<\/div>\n<div class=\"vc_empty_space\"   style=\"height: 25px\"><span class=\"vc_empty_space_inner\"><\/span><\/div><h2 style=\"font-size: 25px;color: #1B508C;text-align: left\" class=\"vc_custom_heading vc_do_custom_heading\" >Estos fueron los principales destinos de viaje en autocaravana en 2024<\/h2><div class=\"vc_empty_space\"   style=\"height: 15px\"><span class=\"vc_empty_space_inner\"><\/span><\/div>\n\t<div class=\"wpb_text_column wpb_content_element\" >\n\t\t<div class=\"wpb_wrapper\">\n\t\t\t<div class=\"flex max-w-full flex-col flex-grow\">\n<div class=\"min-h-&#091;20px&#093; text-message flex w-full flex-col items-end gap-2 break-words &#091;.text-message+&amp;&#093;:mt-5 overflow-x-auto whitespace-normal\" dir=\"auto\" data-message-author-role=\"assistant\" data-message-id=\"7b159c5f-98d4-42b5-9fac-66338e037b37\">\n<div class=\"flex w-full flex-col gap-1 empty:hidden first:pt-&#091;3px&#093;\">\n<div class=\"markdown prose w-full break-words dark:prose-invert light\">\n<p>Si est\u00e1 buscando el destino perfecto para su pr\u00f3xima aventura en autocaravana, hay numerosos lugares maravillosos que son ideales para un viaje por carretera inolvidable. Una excelente manera de hacerlo es combinar varios pa\u00edses y as\u00ed experimentar un viaje variado. Por ejemplo, de camino a Italia, ya puede planificar una parada en Austria. Ambos pa\u00edses no solo ofrecen paisajes impresionantes, sino tambi\u00e9n una gran variedad de campings y experiencias.<\/p>\n<p>Austria, con sus pintorescos Alpes, ciudades hist\u00f3ricas y lagos id\u00edlicos, es un lugar excelente para una parada. Desde all\u00ed, existen excelentes conexiones de ferry que lo llevar\u00e1n c\u00f3modamente a otros pa\u00edses europeos, lo que le permitir\u00e1 dise\u00f1ar su viaje con flexibilidad.<\/p>\n<p>Adem\u00e1s de un viaje por varios pa\u00edses, tambi\u00e9n puedes planificar varias vacaciones en autocaravana para experimentar diferentes zonas clim\u00e1ticas y paisajes. Algunos pa\u00edses son muy populares durante la temporada alta, mientras que otros son especialmente atractivos en temporada baja. Por ejemplo, podr\u00edas disfrutar del sur de Europa en verano, con sus c\u00e1lidas temperaturas y animadas localidades costeras, mientras exploras el norte de Europa en primavera u oto\u00f1o, donde el clima templado es ideal para actividades al aire libre.<\/p>\n<p>Al planificar dos viajes distintos, puedes experimentar lo mejor de ambos mundos: las playas soleadas y las ciudades vibrantes del sur, as\u00ed como la naturaleza serena e intacta del norte. Cada destino ofrece sus propios encantos y experiencias \u00fanicas que har\u00e1n de tus vacaciones en autocaravana una aventura inolvidable.<\/p>\n<p>As\u00ed que, ya sea que est\u00e9 planeando una ruta por Austria e Italia o que utilice diferentes \u00e9pocas del a\u00f1o para descubrir diferentes partes de Europa, las posibilidades son casi infinitas. Prepare su autocaravana y prep\u00e1rese para un viaje lleno de descubrimientos, maravillas naturales y puntos de inter\u00e9s cultural.<\/p>\n<\/div>\n<\/div>\n<\/div>\n<\/div>\n<div class=\"mt-1 flex gap-3 empty:hidden -ml-2\">\n<div class=\"items-center justify-start rounded-xl p-1 flex\">\n<div class=\"flex items-center\">\n<div class=\"flex items-center pb-0\">\n<div class=\"&#091;&amp;_svg&#093;:h-full &#091;&amp;_svg&#093;:w-full icon-md h-4 w-4\"><\/div>\n<\/div>\n<\/div>\n<\/div>\n<\/div>\n\n\t\t<\/div>\n\t<\/div>\n<\/div><\/div><\/div><\/div>\n<\/div>","protected":false},"excerpt":{"rendered":"<p>Un viaje en autocaravana abre un mundo de libertad y flexibilidad. Tienes la oportunidad de adaptar tu ruta a tu gusto y hacer desv\u00edos espont\u00e1neos que te llevar\u00e1n a destinos nuevos e inesperados. Ahorn Camp te presenta los destinos de viaje m\u00e1s bellos para 2024, perfectos para aventuras en autocaravana. D\u00e9jate inspirar y descubre los mejores lugares que este a\u00f1o tiene para ofrecer.<\/p>","protected":false},"author":2,"featured_media":24917,"comment_status":"closed","ping_status":"closed","sticky":false,"template":"","format":"standard","meta":{"content-type":"","footnotes":""},"categories":[208],"tags":[],"class_list":["post-24916","post","type-post","status-publish","format-standard","has-post-thumbnail","hentry","category-blog"],"yoast_head":"<!-- This site is optimized with the Yoast SEO plugin v27.4 - https:\/\/yoast.com\/product\/yoast-seo-wordpress\/ -->\n<title>Die Top Reiseziele mit dem Wohnmobil 2024<\/title>\n<meta name=\"description\" content=\"Auf der Suche nach dem perfekten n\u00e4chsten Reiseziel mit dem Wohnmobil? Hier werden Sie f\u00fcndig \u25ba jetzt inspirieren lassen!\" \/>\n<meta name=\"robots\" content=\"index, follow, max-snippet:-1, max-image-preview:large, max-video-preview:-1\" \/>\n<link rel=\"canonical\" href=\"https:\/\/ahorn-camp.de\/es\/mejores-destinos-de-viaje-en-autocaravana\/\" \/>\n<meta property=\"og:locale\" content=\"es_ES\" \/>\n<meta property=\"og:type\" content=\"article\" \/>\n<meta property=\"og:title\" content=\"Die Top Reiseziele mit dem Wohnmobil 2024\" \/>\n<meta property=\"og:description\" content=\"Auf der Suche nach dem perfekten n\u00e4chsten Reiseziel mit dem Wohnmobil? Hier werden Sie f\u00fcndig \u25ba jetzt inspirieren lassen!\" \/>\n<meta property=\"og:url\" content=\"https:\/\/ahorn-camp.de\/es\/mejores-destinos-de-viaje-en-autocaravana\/\" \/>\n<meta property=\"og:site_name\" content=\"Ahorn Camp | Reisemobile und Kastenwagen\" \/>\n<meta property=\"article:publisher\" content=\"https:\/\/www.facebook.com\/ahorn.wohnmobile\/\" \/>\n<meta property=\"article:published_time\" content=\"2024-08-26T12:39:26+00:00\" \/>\n<meta property=\"article:modified_time\" content=\"2024-12-17T21:08:04+00:00\" \/>\n<meta property=\"og:image\" content=\"https:\/\/ahorn-camp.de\/wp-content\/uploads\/2024\/08\/DSF6800-3.jpg\" \/>\n\t<meta property=\"og:image:width\" content=\"1500\" \/>\n\t<meta property=\"og:image:height\" content=\"1125\" \/>\n\t<meta property=\"og:image:type\" content=\"image\/jpeg\" \/>\n<meta name=\"author\" content=\"ahorn_admin\" \/>\n<meta name=\"twitter:card\" content=\"summary_large_image\" \/>\n<meta name=\"twitter:label1\" content=\"Escrito por\" \/>\n\t<meta name=\"twitter:data1\" content=\"ahorn_admin\" \/>\n\t<meta name=\"twitter:label2\" content=\"Tiempo de lectura\" \/>\n\t<meta name=\"twitter:data2\" content=\"15 minutos\" \/>\n<script type=\"application\/ld+json\" class=\"yoast-schema-graph\">{\"@context\":\"https:\\\/\\\/schema.org\",\"@graph\":[{\"@type\":\"Article\",\"@id\":\"https:\\\/\\\/ahorn-camp.de\\\/top-reiseziele-mit-dem-wohnmobil\\\/#article\",\"isPartOf\":{\"@id\":\"https:\\\/\\\/ahorn-camp.de\\\/top-reiseziele-mit-dem-wohnmobil\\\/\"},\"author\":{\"name\":\"ahorn_admin\",\"@id\":\"https:\\\/\\\/ahorn-camp.de\\\/#\\\/schema\\\/person\\\/9b60761ba82d5cb8e6db215a88925044\"},\"headline\":\"Die Top Reiseziele mit dem Wohnmobil 2024\",\"datePublished\":\"2024-08-26T12:39:26+00:00\",\"dateModified\":\"2024-12-17T21:08:04+00:00\",\"mainEntityOfPage\":{\"@id\":\"https:\\\/\\\/ahorn-camp.de\\\/top-reiseziele-mit-dem-wohnmobil\\\/\"},\"wordCount\":3220,\"publisher\":{\"@id\":\"https:\\\/\\\/ahorn-camp.de\\\/#organization\"},\"image\":{\"@id\":\"https:\\\/\\\/ahorn-camp.de\\\/top-reiseziele-mit-dem-wohnmobil\\\/#primaryimage\"},\"thumbnailUrl\":\"https:\\\/\\\/ahorn-camp.de\\\/wp-content\\\/uploads\\\/2024\\\/08\\\/DSF6800-3.jpg\",\"articleSection\":[\"Blog\"],\"inLanguage\":\"es\"},{\"@type\":\"WebPage\",\"@id\":\"https:\\\/\\\/ahorn-camp.de\\\/top-reiseziele-mit-dem-wohnmobil\\\/\",\"url\":\"https:\\\/\\\/ahorn-camp.de\\\/top-reiseziele-mit-dem-wohnmobil\\\/\",\"name\":\"Die Top Reiseziele mit dem Wohnmobil 2024\",\"isPartOf\":{\"@id\":\"https:\\\/\\\/ahorn-camp.de\\\/#website\"},\"primaryImageOfPage\":{\"@id\":\"https:\\\/\\\/ahorn-camp.de\\\/top-reiseziele-mit-dem-wohnmobil\\\/#primaryimage\"},\"image\":{\"@id\":\"https:\\\/\\\/ahorn-camp.de\\\/top-reiseziele-mit-dem-wohnmobil\\\/#primaryimage\"},\"thumbnailUrl\":\"https:\\\/\\\/ahorn-camp.de\\\/wp-content\\\/uploads\\\/2024\\\/08\\\/DSF6800-3.jpg\",\"datePublished\":\"2024-08-26T12:39:26+00:00\",\"dateModified\":\"2024-12-17T21:08:04+00:00\",\"description\":\"Auf der Suche nach dem perfekten n\u00e4chsten Reiseziel mit dem Wohnmobil? Hier werden Sie f\u00fcndig \u25ba jetzt inspirieren lassen!\",\"breadcrumb\":{\"@id\":\"https:\\\/\\\/ahorn-camp.de\\\/top-reiseziele-mit-dem-wohnmobil\\\/#breadcrumb\"},\"inLanguage\":\"es\",\"potentialAction\":[{\"@type\":\"ReadAction\",\"target\":[\"https:\\\/\\\/ahorn-camp.de\\\/top-reiseziele-mit-dem-wohnmobil\\\/\"]}]},{\"@type\":\"ImageObject\",\"inLanguage\":\"es\",\"@id\":\"https:\\\/\\\/ahorn-camp.de\\\/top-reiseziele-mit-dem-wohnmobil\\\/#primaryimage\",\"url\":\"https:\\\/\\\/ahorn-camp.de\\\/wp-content\\\/uploads\\\/2024\\\/08\\\/DSF6800-3.jpg\",\"contentUrl\":\"https:\\\/\\\/ahorn-camp.de\\\/wp-content\\\/uploads\\\/2024\\\/08\\\/DSF6800-3.jpg\",\"width\":1500,\"height\":1125},{\"@type\":\"BreadcrumbList\",\"@id\":\"https:\\\/\\\/ahorn-camp.de\\\/top-reiseziele-mit-dem-wohnmobil\\\/#breadcrumb\",\"itemListElement\":[{\"@type\":\"ListItem\",\"position\":1,\"name\":\"Startseite\",\"item\":\"https:\\\/\\\/ahorn-camp.de\\\/\"},{\"@type\":\"ListItem\",\"position\":2,\"name\":\"Die Top Reiseziele mit dem Wohnmobil 2024\"}]},{\"@type\":\"WebSite\",\"@id\":\"https:\\\/\\\/ahorn-camp.de\\\/#website\",\"url\":\"https:\\\/\\\/ahorn-camp.de\\\/\",\"name\":\"Ahorn Camp | Reisemobile und Kastenwagen\",\"description\":\"Seit \u00fcber 30 Jahren vermarktet das Familienunternehmen, Ahorn Camp in Speyer, erfolgreich Wohnmobile und Kastenwagen zum besten Preis-Leistungsverh\u00e4ltnis.\",\"publisher\":{\"@id\":\"https:\\\/\\\/ahorn-camp.de\\\/#organization\"},\"potentialAction\":[{\"@type\":\"SearchAction\",\"target\":{\"@type\":\"EntryPoint\",\"urlTemplate\":\"https:\\\/\\\/ahorn-camp.de\\\/?s={search_term_string}\"},\"query-input\":{\"@type\":\"PropertyValueSpecification\",\"valueRequired\":true,\"valueName\":\"search_term_string\"}}],\"inLanguage\":\"es\"},{\"@type\":\"Organization\",\"@id\":\"https:\\\/\\\/ahorn-camp.de\\\/#organization\",\"name\":\"Ahorn Camp GmbH & Co. KG\",\"url\":\"https:\\\/\\\/ahorn-camp.de\\\/\",\"logo\":{\"@type\":\"ImageObject\",\"inLanguage\":\"es\",\"@id\":\"https:\\\/\\\/ahorn-camp.de\\\/#\\\/schema\\\/logo\\\/image\\\/\",\"url\":\"https:\\\/\\\/ahorn-camp.de\\\/wp-content\\\/uploads\\\/2018\\\/12\\\/Ahorn_Logo.jpg\",\"contentUrl\":\"https:\\\/\\\/ahorn-camp.de\\\/wp-content\\\/uploads\\\/2018\\\/12\\\/Ahorn_Logo.jpg\",\"width\":1437,\"height\":1000,\"caption\":\"Ahorn Camp GmbH & Co. KG\"},\"image\":{\"@id\":\"https:\\\/\\\/ahorn-camp.de\\\/#\\\/schema\\\/logo\\\/image\\\/\"},\"sameAs\":[\"https:\\\/\\\/www.facebook.com\\\/ahorn.wohnmobile\\\/\",\"https:\\\/\\\/www.instagram.com\\\/ahorn.camp\\\/\",\"https:\\\/\\\/www.youtube.com\\\/channel\\\/UCPFbPCts1JJ_A1k9vyH0yOQ\"]},{\"@type\":\"Person\",\"@id\":\"https:\\\/\\\/ahorn-camp.de\\\/#\\\/schema\\\/person\\\/9b60761ba82d5cb8e6db215a88925044\",\"name\":\"ahorn_admin\",\"image\":{\"@type\":\"ImageObject\",\"inLanguage\":\"es\",\"@id\":\"https:\\\/\\\/secure.gravatar.com\\\/avatar\\\/d96b9a078083b0c14cee48589feadd939c3cdd66547e2f3f1569470371daaaa5?s=96&d=mm&r=g\",\"url\":\"https:\\\/\\\/secure.gravatar.com\\\/avatar\\\/d96b9a078083b0c14cee48589feadd939c3cdd66547e2f3f1569470371daaaa5?s=96&d=mm&r=g\",\"contentUrl\":\"https:\\\/\\\/secure.gravatar.com\\\/avatar\\\/d96b9a078083b0c14cee48589feadd939c3cdd66547e2f3f1569470371daaaa5?s=96&d=mm&r=g\",\"caption\":\"ahorn_admin\"},\"sameAs\":[\"http:\\\/\\\/Ahorn%20Camp\"],\"url\":\"https:\\\/\\\/ahorn-camp.de\\\/es\\\/author\\\/ahorn_admin\\\/\"}]}<\/script>\n<!-- \/ Yoast SEO plugin. -->","yoast_head_json":{"title":"Los mejores destinos para viajar en autocaravana en 2024","description":"\u00bfBuscas el destino perfecto para tu pr\u00f3xima escapada en autocaravana? Aqu\u00ed lo encontrar\u00e1s \u25ba \u00a1Insp\u00edrate ahora!","robots":{"index":"index","follow":"follow","max-snippet":"max-snippet:-1","max-image-preview":"max-image-preview:large","max-video-preview":"max-video-preview:-1"},"canonical":"https:\/\/ahorn-camp.de\/es\/mejores-destinos-de-viaje-en-autocaravana\/","og_locale":"es_ES","og_type":"article","og_title":"Die Top Reiseziele mit dem Wohnmobil 2024","og_description":"Auf der Suche nach dem perfekten n\u00e4chsten Reiseziel mit dem Wohnmobil? Hier werden Sie f\u00fcndig \u25ba jetzt inspirieren lassen!","og_url":"https:\/\/ahorn-camp.de\/es\/mejores-destinos-de-viaje-en-autocaravana\/","og_site_name":"Ahorn Camp | Reisemobile und Kastenwagen","article_publisher":"https:\/\/www.facebook.com\/ahorn.wohnmobile\/","article_published_time":"2024-08-26T12:39:26+00:00","article_modified_time":"2024-12-17T21:08:04+00:00","og_image":[{"width":1500,"height":1125,"url":"https:\/\/ahorn-camp.de\/wp-content\/uploads\/2024\/08\/DSF6800-3.jpg","type":"image\/jpeg"}],"author":"ahorn_admin","twitter_card":"summary_large_image","twitter_misc":{"Escrito por":"ahorn_admin","Tiempo de lectura":"15 minutos"},"schema":{"@context":"https:\/\/schema.org","@graph":[{"@type":"Article","@id":"https:\/\/ahorn-camp.de\/top-reiseziele-mit-dem-wohnmobil\/#article","isPartOf":{"@id":"https:\/\/ahorn-camp.de\/top-reiseziele-mit-dem-wohnmobil\/"},"author":{"name":"ahorn_admin","@id":"https:\/\/ahorn-camp.de\/#\/schema\/person\/9b60761ba82d5cb8e6db215a88925044"},"headline":"Die Top Reiseziele mit dem Wohnmobil 2024","datePublished":"2024-08-26T12:39:26+00:00","dateModified":"2024-12-17T21:08:04+00:00","mainEntityOfPage":{"@id":"https:\/\/ahorn-camp.de\/top-reiseziele-mit-dem-wohnmobil\/"},"wordCount":3220,"publisher":{"@id":"https:\/\/ahorn-camp.de\/#organization"},"image":{"@id":"https:\/\/ahorn-camp.de\/top-reiseziele-mit-dem-wohnmobil\/#primaryimage"},"thumbnailUrl":"https:\/\/ahorn-camp.de\/wp-content\/uploads\/2024\/08\/DSF6800-3.jpg","articleSection":["Blog"],"inLanguage":"es"},{"@type":"WebPage","@id":"https:\/\/ahorn-camp.de\/top-reiseziele-mit-dem-wohnmobil\/","url":"https:\/\/ahorn-camp.de\/top-reiseziele-mit-dem-wohnmobil\/","name":"Los mejores destinos para viajar en autocaravana en 2024","isPartOf":{"@id":"https:\/\/ahorn-camp.de\/#website"},"primaryImageOfPage":{"@id":"https:\/\/ahorn-camp.de\/top-reiseziele-mit-dem-wohnmobil\/#primaryimage"},"image":{"@id":"https:\/\/ahorn-camp.de\/top-reiseziele-mit-dem-wohnmobil\/#primaryimage"},"thumbnailUrl":"https:\/\/ahorn-camp.de\/wp-content\/uploads\/2024\/08\/DSF6800-3.jpg","datePublished":"2024-08-26T12:39:26+00:00","dateModified":"2024-12-17T21:08:04+00:00","description":"\u00bfBuscas el destino perfecto para tu pr\u00f3xima escapada en autocaravana? Aqu\u00ed lo encontrar\u00e1s \u25ba \u00a1Insp\u00edrate ahora!","breadcrumb":{"@id":"https:\/\/ahorn-camp.de\/top-reiseziele-mit-dem-wohnmobil\/#breadcrumb"},"inLanguage":"es","potentialAction":[{"@type":"ReadAction","target":["https:\/\/ahorn-camp.de\/top-reiseziele-mit-dem-wohnmobil\/"]}]},{"@type":"ImageObject","inLanguage":"es","@id":"https:\/\/ahorn-camp.de\/top-reiseziele-mit-dem-wohnmobil\/#primaryimage","url":"https:\/\/ahorn-camp.de\/wp-content\/uploads\/2024\/08\/DSF6800-3.jpg","contentUrl":"https:\/\/ahorn-camp.de\/wp-content\/uploads\/2024\/08\/DSF6800-3.jpg","width":1500,"height":1125},{"@type":"BreadcrumbList","@id":"https:\/\/ahorn-camp.de\/top-reiseziele-mit-dem-wohnmobil\/#breadcrumb","itemListElement":[{"@type":"ListItem","position":1,"name":"Startseite","item":"https:\/\/ahorn-camp.de\/"},{"@type":"ListItem","position":2,"name":"Die Top Reiseziele mit dem Wohnmobil 2024"}]},{"@type":"WebSite","@id":"https:\/\/ahorn-camp.de\/#website","url":"https:\/\/ahorn-camp.de\/","name":"Ahorn Camp | Autocaravanas y furgonetas camper","description":"Desde hace m\u00e1s de 30 a\u00f1os, la empresa familiar, Ahorn Camp en Speyer, comercializa con \u00e9xito caravanas y furgonetas camper a la mejor relaci\u00f3n calidad-precio.","publisher":{"@id":"https:\/\/ahorn-camp.de\/#organization"},"potentialAction":[{"@type":"SearchAction","target":{"@type":"EntryPoint","urlTemplate":"https:\/\/ahorn-camp.de\/?s={search_term_string}"},"query-input":{"@type":"PropertyValueSpecification","valueRequired":true,"valueName":"search_term_string"}}],"inLanguage":"es"},{"@type":"Organization","@id":"https:\/\/ahorn-camp.de\/#organization","name":"Ahorn Camp GmbH &amp; Co. KG","url":"https:\/\/ahorn-camp.de\/","logo":{"@type":"ImageObject","inLanguage":"es","@id":"https:\/\/ahorn-camp.de\/#\/schema\/logo\/image\/","url":"https:\/\/ahorn-camp.de\/wp-content\/uploads\/2018\/12\/Ahorn_Logo.jpg","contentUrl":"https:\/\/ahorn-camp.de\/wp-content\/uploads\/2018\/12\/Ahorn_Logo.jpg","width":1437,"height":1000,"caption":"Ahorn Camp GmbH & Co. KG"},"image":{"@id":"https:\/\/ahorn-camp.de\/#\/schema\/logo\/image\/"},"sameAs":["https:\/\/www.facebook.com\/ahorn.wohnmobile\/","https:\/\/www.instagram.com\/ahorn.camp\/","https:\/\/www.youtube.com\/channel\/UCPFbPCts1JJ_A1k9vyH0yOQ"]},{"@type":"Person","@id":"https:\/\/ahorn-camp.de\/#\/schema\/person\/9b60761ba82d5cb8e6db215a88925044","name":"ahorn_admin","image":{"@type":"ImageObject","inLanguage":"es","@id":"https:\/\/secure.gravatar.com\/avatar\/d96b9a078083b0c14cee48589feadd939c3cdd66547e2f3f1569470371daaaa5?s=96&d=mm&r=g","url":"https:\/\/secure.gravatar.com\/avatar\/d96b9a078083b0c14cee48589feadd939c3cdd66547e2f3f1569470371daaaa5?s=96&d=mm&r=g","contentUrl":"https:\/\/secure.gravatar.com\/avatar\/d96b9a078083b0c14cee48589feadd939c3cdd66547e2f3f1569470371daaaa5?s=96&d=mm&r=g","caption":"ahorn_admin"},"sameAs":["http:\/\/Ahorn%20Camp"],"url":"https:\/\/ahorn-camp.de\/es\/author\/ahorn_admin\/"}]}},"_links":{"self":[{"href":"https:\/\/ahorn-camp.de\/es\/wp-json\/wp\/v2\/posts\/24916","targetHints":{"allow":["GET"]}}],"collection":[{"href":"https:\/\/ahorn-camp.de\/es\/wp-json\/wp\/v2\/posts"}],"about":[{"href":"https:\/\/ahorn-camp.de\/es\/wp-json\/wp\/v2\/types\/post"}],"author":[{"embeddable":true,"href":"https:\/\/ahorn-camp.de\/es\/wp-json\/wp\/v2\/users\/2"}],"replies":[{"embeddable":true,"href":"https:\/\/ahorn-camp.de\/es\/wp-json\/wp\/v2\/comments?post=24916"}],"version-history":[{"count":0,"href":"https:\/\/ahorn-camp.de\/es\/wp-json\/wp\/v2\/posts\/24916\/revisions"}],"wp:featuredmedia":[{"embeddable":true,"href":"https:\/\/ahorn-camp.de\/es\/wp-json\/wp\/v2\/media\/24917"}],"wp:attachment":[{"href":"https:\/\/ahorn-camp.de\/es\/wp-json\/wp\/v2\/media?parent=24916"}],"wp:term":[{"taxonomy":"category","embeddable":true,"href":"https:\/\/ahorn-camp.de\/es\/wp-json\/wp\/v2\/categories?post=24916"},{"taxonomy":"post_tag","embeddable":true,"href":"https:\/\/ahorn-camp.de\/es\/wp-json\/wp\/v2\/tags?post=24916"}],"curies":[{"name":"wp","href":"https:\/\/api.w.org\/{rel}","templated":true}]}}