{"id":20298,"date":"2023-10-26T16:34:32","date_gmt":"2023-10-26T14:34:32","guid":{"rendered":"https:\/\/ahorn-camp.de\/?p=20298"},"modified":"2024-03-12T11:19:23","modified_gmt":"2024-03-12T10:19:23","slug":"das-goldene-reisemobil-2023","status":"publish","type":"post","link":"https:\/\/ahorn-camp.de\/es\/das-goldene-reisemobil-2023\/","title":{"rendered":"\u00a1Has votado y hemos ganado!"},"content":{"rendered":"<div class=\"wpb-content-wrapper\"><div class=\"vc_row wpb_row vc_row-fluid\"><div class=\"wpb_column vc_column_container vc_col-sm-6\"><div class=\"vc_column-inner\"><div class=\"wpb_wrapper\">\n\t<div class=\"wpb_text_column wpb_content_element\" >\n\t\t<div class=\"wpb_wrapper\">\n\t\t\t<p>Wir, freuen uns auch dieses Jahr wieder bekannt zu geben, den begehrten Preis des Goldenen Reisemobils gewonnen zu haben. Dieser Preis wird j\u00e4hrlich von den Lesern der renommierten Auto Bild vergeben und gilt als eine der wichtigsten Auszeichnungen in der Branche.<\/p>\n<p>In diesem Jahr konnte Ahorn Camp sich in gleich drei Kategorien Pl\u00e4tze auf dem Siegertreppchen sichern. Die Leser stimmten f\u00fcr den Ahorn Camp Van City by Irmscher in der Kategorie Campervan auf Platz zwei, ebenso konnte ein weiteres <a href=\"https:\/\/ahorn-camp.de\/es\/ahorn-reisemobile\/autocaravanas\/620-irmscher-van\/\">Irmscher Modell der Van 620<\/a> die Silbermedaille in der Kategorie Kastenwagen f\u00fcr sich gewinnen. Zus\u00e4tzlich gewann der Ahorn Camp <a href=\"https:\/\/ahorn-camp.de\/es\/ahorn-reisemobile\/autocaravanas-semi-integral\/modelos-2023\/canada-tu\/\">Canad\u00e1 T\u00fa<\/a> den dritten Platz in der Kategorie der teilintegrierten Reisemobile. \u201eWir sind \u00fcberw\u00e4ltigt von diesem Erfolg und m\u00f6chten uns bei allen Lesern bedanken, die erneut f\u00fcr uns gestimmt haben\u201c, sagt Alexander Reichmann Gesch\u00e4ftsf\u00fchrer von Ahorn Camp. \u201eEs ist eine gro\u00dfe Ehre, dass auch in diesem Jahr wieder drei unserer Fahrzeuge f\u00fcr das Goldenen Reisemobil nominiert wurden und \u00fcberzeugt haben. Dies zeigt uns, dass sich immer mehr Ahorn Fahrzeuge auf dem Markt etablieren.\u201c<\/p>\n<p>Ahorn Camp legt gro\u00dfen Wert auf die Zufriedenheit seiner Kunden und arbeitet kontinuierlich daran, die Qualit\u00e4t und das Design seiner Reisemobile zu verbessern. Die Auszeichnung des Goldenen Reisemobils best\u00e4tigt, dass Ahorn Camp auf dem richtigen Weg ist und die individuellen Bed\u00fcrfnisse der Kunden in verschiedenen Lebenslagen erf\u00fcllt. \u201eWir werden uns weiterhin bem\u00fchen, innovative und hochwertige Fahrzeuge im Campingbereich zu entwickeln, die den Anspr\u00fcchen unserer Kunden gerecht werden\u201c, f\u00fcgt Reichmann hinzu. \u201eDer Gewinn des Goldenen Reisemobils ist eine Motivation f\u00fcr uns, immer besser zu werden und unseren Kunden weiterhin erstklassige Begleiter f\u00fcr ihre Traumreisen anzubieten.\u201c<\/p>\n<p><strong>Das k\u00f6nnen unsere Gewinner:<\/strong><\/p>\n<p>Gemeinsam mit Irmscher Automobilbau entwickelte Ahorn Camp ein dynamisches Renault Trafic Sondermodell. Die Highlights des f\u00fcr die Sonderedition ausgew\u00e4hlten <strong>Van Big City Modells<\/strong> zeigen sich sowohl \u00e4u\u00dferlich als auch beim Blick in das Fahrzeug und unterstreichen den dynamischen Look des neu erschienenen Trafic Face Lifts. Gerade durch seine perfekte Gr\u00f6\u00dfe vereint der Van Big City die Funktionen eines Alltags- und Freizeitfahrzeug ideal miteinander. Durch seine kompakten Ma\u00dfe von gerade mal 5,40 Metern L\u00e4nge, 1,96 Metern Breite und 2,03 Metern H\u00f6he ist der Campervan auf Renault Trafic-Basis sehr wendig. Trotz seiner kompakten Bauweise bietet der Van Big City alles, was das Campingherz h\u00f6herschlagen l\u00e4sst, und sorgt mit<br \/>\neinem integrierten Aufstelldach auch tags\u00fcber f\u00fcr eine ausreichende Stehh\u00f6he.<\/p>\n<p>Der preisgekr\u00f6nte <a href=\"https:\/\/ahorn-camp.de\/es\/ahorn-reisemobile\/autocaravanas\/620-irmscher-van\/\"><strong>Van 620 by Irmscher<\/strong><\/a> ist das perfekte Fahrzeug f\u00fcr Reisende, die kompakt reisen und gleichzeitig von einer umfangreichen Ausstattung profitieren wollen. Die gem\u00fctlichen L\u00e4ngsbetten im Heck k\u00f6nnen durch das Einsetzen eines Zusatzelements verbunden werden. N\u00fctzlicher Stauraum befindet sich unter den Betten. Die Dinette im vorderen Bereich kann mit wenigen Handgriffen zum Einzelbett umgebaut werden. Durch viele Schr\u00e4nke und durch das geringe Grundgewicht bietet der Van viele M\u00f6glichkeiten, Gep\u00e4ck zu transportieren. Aufgrund der einzigartigen Kooperation mit dem Tuning Spezialisten Irmscher besticht die sportliche Sonderedition des Van 620 mit Frontspoiler, 18 Zoll Alufelgen, Karosserie-Akzente und vieles mehr und macht dieses Modell zu einem richtigen Eyecatcher.<\/p>\n<p>Ob f\u00fcr jung oder alt der <a href=\"https:\/\/ahorn-camp.de\/es\/ahorn-reisemobile\/autocaravanas-semi-integral\/modelos-2023\/canada-tu\/\"><strong>Canad\u00e1 T\u00fa<\/strong><\/a> sorgt mit seiner ger\u00e4umigen Grundrissaufteilung f\u00fcr jede Menge Platz im eignen Reisemobil. Mit der Rundsitzgruppe im Heck sind geselligen Campingabenden keine Grenzen gesetzt. Der Esstisch in edler Marmoroptik ist ausklappbar. Zus\u00e4tzlich zur Dinette im Frontbereich bietet der TU gem\u00fctliche Sitzpl\u00e4tze in der einladenden Hecklounge, insgesamt also 10 Sitzpl\u00e4tze. Die komfortablen und breiten Polster bieten einen angenehmen Sitzkomfort. Abends dient das elektrisch h\u00f6henverstellbare Hubbett \u00fcber der Hecklounge als gem\u00fctliches Doppelbett. Optional kann ein weiteres Doppelhubbett \u00fcber der Frontdinette bestellt werden.<\/p>\n\n\t\t<\/div>\n\t<\/div>\n<\/div><\/div><\/div><div class=\"wpb_column vc_column_container vc_col-sm-6\"><div class=\"vc_column-inner\"><div class=\"wpb_wrapper\">\n\t<div  class=\"wpb_single_image wpb_content_element vc_align_left wpb_content_element\">\n\t\t\n\t\t<figure class=\"wpb_wrapper vc_figure\">\n\t\t\t<div class=\"vc_single_image-wrapper   vc_box_border_grey\"><img fetchpriority=\"high\" decoding=\"async\" width=\"1200\" height=\"627\" src=\"https:\/\/ahorn-camp.de\/wp-content\/uploads\/2023\/10\/DGRM_Auszeichnung_Gruppe_LinkedIn.jpg\" class=\"vc_single_image-img attachment-full\" alt=\"Premio DGRM\" title=\"Premio DGRM\" srcset=\"https:\/\/ahorn-camp.de\/wp-content\/uploads\/2023\/10\/DGRM_Auszeichnung_Gruppe_LinkedIn.jpg 1200w, https:\/\/ahorn-camp.de\/wp-content\/uploads\/2023\/10\/DGRM_Auszeichnung_Gruppe_LinkedIn-300x157.jpg 300w, https:\/\/ahorn-camp.de\/wp-content\/uploads\/2023\/10\/DGRM_Auszeichnung_Gruppe_LinkedIn-1024x535.jpg 1024w, https:\/\/ahorn-camp.de\/wp-content\/uploads\/2023\/10\/DGRM_Auszeichnung_Gruppe_LinkedIn-768x401.jpg 768w, https:\/\/ahorn-camp.de\/wp-content\/uploads\/2023\/10\/DGRM_Auszeichnung_Gruppe_LinkedIn-800x418.jpg 800w, https:\/\/ahorn-camp.de\/wp-content\/uploads\/2023\/10\/DGRM_Auszeichnung_Gruppe_LinkedIn-270x140.jpg 270w\" sizes=\"(max-width: 1200px) 100vw, 1200px\" \/><\/div>\n\t\t<\/figure>\n\t<\/div>\n<h3 style=\"text-align: left\" class=\"vc_custom_heading vc_do_custom_heading\" >DESCARGAR<\/h3>\n\t<div class=\"wpb_text_column wpb_content_element\" >\n\t\t<div class=\"wpb_wrapper\">\n\t\t\t<p><a href=\"https:\/\/ahorn-camp.de\/wp-content\/uploads\/2023\/10\/Pressemitteilung_DGRM.pdf\" target=\"_blank\" rel=\"noopener\">Comunicado de prensa | PDF<\/a><br \/>\n<a href=\"https:\/\/www.dropbox.com\/scl\/fo\/ammh60t3ste1hvth9weuo\/h?rlkey=h74t74dkbou5wlbqmb8necc14&amp;dl=0\" target=\"_blank\" rel=\"noopener\">Material gr\u00e1fico | JPEG<\/a><\/p>\n\n\t\t<\/div>\n\t<\/div>\n<h3 style=\"text-align: left\" class=\"vc_custom_heading vc_do_custom_heading\" >CONTACTO DE PRENSA<\/h3>\n\t<div class=\"wpb_text_column wpb_content_element\" >\n\t\t<div class=\"wpb_wrapper\">\n\t\t\t<p>Franziska Reichmann<br \/>\nDirector de Marketing<br \/>\nCorreo electr\u00f3nico: f.reichmann@ahorn-camp.de<br \/>\nTel.: +49 (0) 6232 \/ 10028-165<br \/>\nFax: +49 (0) 6232 \/ 10028-105<\/p>\n\n\t\t<\/div>\n\t<\/div>\n<\/div><\/div><\/div><\/div>\n<\/div>","protected":false},"excerpt":{"rendered":"<p>Ahorn Camp gana tres de nueve categor\u00edas en la Motorhome de Oro 2023 y obtiene los primeros puestos. Los lectores votaron por la furgoneta camper Ahorn Camp Van City by Irmscher en la categor\u00eda de Campervan en segundo lugar, y otro modelo de Irmscher, la Van 620, tambi\u00e9n obtuvo la medalla de plata en la categor\u00eda de Furgonetas. Adem\u00e1s, la Ahorn Camp Canada TU gan\u00f3 el tercer puesto en la categor\u00eda de autocaravanas semi-integrales.<\/p>","protected":false},"author":2,"featured_media":20299,"comment_status":"closed","ping_status":"closed","sticky":false,"template":"","format":"standard","meta":{"content-type":"","footnotes":""},"categories":[277],"tags":[],"class_list":["post-20298","post","type-post","status-publish","format-standard","has-post-thumbnail","hentry","category-pressemitteilungen"],"yoast_head":"<!-- This site is optimized with the Yoast SEO plugin v27.4 - https:\/\/yoast.com\/product\/yoast-seo-wordpress\/ -->\n<title>Sie haben abgestimmt &amp; wir haben gewonnen!<\/title>\n<meta name=\"description\" content=\"Ahorn Camp erzielt 3 von neun Kategorien f\u00fcr das Goldene Reisemobil 2023 und ist vorne mit dabei.\" \/>\n<meta name=\"robots\" content=\"index, follow, max-snippet:-1, max-image-preview:large, max-video-preview:-1\" \/>\n<link rel=\"canonical\" href=\"https:\/\/ahorn-camp.de\/es\/das-goldene-reisemobil-2023\/\" \/>\n<meta property=\"og:locale\" content=\"es_ES\" \/>\n<meta property=\"og:type\" content=\"article\" \/>\n<meta property=\"og:title\" content=\"Sie haben abgestimmt &amp; wir haben gewonnen!\" \/>\n<meta property=\"og:description\" content=\"Ahorn Camp erzielt 3 von neun Kategorien f\u00fcr das Goldene Reisemobil 2023 und ist vorne mit dabei.\" \/>\n<meta property=\"og:url\" content=\"https:\/\/ahorn-camp.de\/es\/das-goldene-reisemobil-2023\/\" \/>\n<meta property=\"og:site_name\" content=\"Ahorn Camp | Reisemobile und Kastenwagen\" \/>\n<meta property=\"article:publisher\" content=\"https:\/\/www.facebook.com\/ahorn.wohnmobile\/\" \/>\n<meta property=\"article:published_time\" content=\"2023-10-26T14:34:32+00:00\" \/>\n<meta property=\"article:modified_time\" content=\"2024-03-12T10:19:23+00:00\" \/>\n<meta property=\"og:image\" content=\"https:\/\/ahorn-camp.de\/wp-content\/uploads\/2023\/10\/DGRM_Auszeichnung_Gruppe_LinkedIn.jpg\" \/>\n\t<meta property=\"og:image:width\" content=\"1200\" \/>\n\t<meta property=\"og:image:height\" content=\"627\" \/>\n\t<meta property=\"og:image:type\" content=\"image\/jpeg\" \/>\n<meta name=\"author\" content=\"ahorn_admin\" \/>\n<meta name=\"twitter:card\" content=\"summary_large_image\" \/>\n<meta name=\"twitter:label1\" content=\"Escrito por\" \/>\n\t<meta name=\"twitter:data1\" content=\"ahorn_admin\" \/>\n\t<meta name=\"twitter:label2\" content=\"Tiempo de lectura\" \/>\n\t<meta name=\"twitter:data2\" content=\"4 minutos\" \/>\n<script type=\"application\/ld+json\" class=\"yoast-schema-graph\">{\"@context\":\"https:\\\/\\\/schema.org\",\"@graph\":[{\"@type\":\"Article\",\"@id\":\"https:\\\/\\\/ahorn-camp.de\\\/das-goldene-reisemobil-2023\\\/#article\",\"isPartOf\":{\"@id\":\"https:\\\/\\\/ahorn-camp.de\\\/das-goldene-reisemobil-2023\\\/\"},\"author\":{\"name\":\"ahorn_admin\",\"@id\":\"https:\\\/\\\/ahorn-camp.de\\\/#\\\/schema\\\/person\\\/9b60761ba82d5cb8e6db215a88925044\"},\"headline\":\"Sie haben abgestimmt &#038; wir haben gewonnen!\",\"datePublished\":\"2023-10-26T14:34:32+00:00\",\"dateModified\":\"2024-03-12T10:19:23+00:00\",\"mainEntityOfPage\":{\"@id\":\"https:\\\/\\\/ahorn-camp.de\\\/das-goldene-reisemobil-2023\\\/\"},\"wordCount\":716,\"publisher\":{\"@id\":\"https:\\\/\\\/ahorn-camp.de\\\/#organization\"},\"image\":{\"@id\":\"https:\\\/\\\/ahorn-camp.de\\\/das-goldene-reisemobil-2023\\\/#primaryimage\"},\"thumbnailUrl\":\"https:\\\/\\\/ahorn-camp.de\\\/wp-content\\\/uploads\\\/2023\\\/10\\\/DGRM_Auszeichnung_Gruppe_LinkedIn.jpg\",\"articleSection\":[\"Pressemitteilungen\"],\"inLanguage\":\"es\"},{\"@type\":\"WebPage\",\"@id\":\"https:\\\/\\\/ahorn-camp.de\\\/das-goldene-reisemobil-2023\\\/\",\"url\":\"https:\\\/\\\/ahorn-camp.de\\\/das-goldene-reisemobil-2023\\\/\",\"name\":\"Sie haben abgestimmt & wir haben gewonnen!\",\"isPartOf\":{\"@id\":\"https:\\\/\\\/ahorn-camp.de\\\/#website\"},\"primaryImageOfPage\":{\"@id\":\"https:\\\/\\\/ahorn-camp.de\\\/das-goldene-reisemobil-2023\\\/#primaryimage\"},\"image\":{\"@id\":\"https:\\\/\\\/ahorn-camp.de\\\/das-goldene-reisemobil-2023\\\/#primaryimage\"},\"thumbnailUrl\":\"https:\\\/\\\/ahorn-camp.de\\\/wp-content\\\/uploads\\\/2023\\\/10\\\/DGRM_Auszeichnung_Gruppe_LinkedIn.jpg\",\"datePublished\":\"2023-10-26T14:34:32+00:00\",\"dateModified\":\"2024-03-12T10:19:23+00:00\",\"description\":\"Ahorn Camp erzielt 3 von neun Kategorien f\u00fcr das Goldene Reisemobil 2023 und ist vorne mit dabei.\",\"breadcrumb\":{\"@id\":\"https:\\\/\\\/ahorn-camp.de\\\/das-goldene-reisemobil-2023\\\/#breadcrumb\"},\"inLanguage\":\"es\",\"potentialAction\":[{\"@type\":\"ReadAction\",\"target\":[\"https:\\\/\\\/ahorn-camp.de\\\/das-goldene-reisemobil-2023\\\/\"]}]},{\"@type\":\"ImageObject\",\"inLanguage\":\"es\",\"@id\":\"https:\\\/\\\/ahorn-camp.de\\\/das-goldene-reisemobil-2023\\\/#primaryimage\",\"url\":\"https:\\\/\\\/ahorn-camp.de\\\/wp-content\\\/uploads\\\/2023\\\/10\\\/DGRM_Auszeichnung_Gruppe_LinkedIn.jpg\",\"contentUrl\":\"https:\\\/\\\/ahorn-camp.de\\\/wp-content\\\/uploads\\\/2023\\\/10\\\/DGRM_Auszeichnung_Gruppe_LinkedIn.jpg\",\"width\":1200,\"height\":627,\"caption\":\"DGRM Auszeichnung\"},{\"@type\":\"BreadcrumbList\",\"@id\":\"https:\\\/\\\/ahorn-camp.de\\\/das-goldene-reisemobil-2023\\\/#breadcrumb\",\"itemListElement\":[{\"@type\":\"ListItem\",\"position\":1,\"name\":\"Startseite\",\"item\":\"https:\\\/\\\/ahorn-camp.de\\\/\"},{\"@type\":\"ListItem\",\"position\":2,\"name\":\"Sie haben abgestimmt &#038; wir haben gewonnen!\"}]},{\"@type\":\"WebSite\",\"@id\":\"https:\\\/\\\/ahorn-camp.de\\\/#website\",\"url\":\"https:\\\/\\\/ahorn-camp.de\\\/\",\"name\":\"Ahorn Camp | Reisemobile und Kastenwagen\",\"description\":\"Seit \u00fcber 30 Jahren vermarktet das Familienunternehmen, Ahorn Camp in Speyer, erfolgreich Wohnmobile und Kastenwagen zum besten Preis-Leistungsverh\u00e4ltnis.\",\"publisher\":{\"@id\":\"https:\\\/\\\/ahorn-camp.de\\\/#organization\"},\"potentialAction\":[{\"@type\":\"SearchAction\",\"target\":{\"@type\":\"EntryPoint\",\"urlTemplate\":\"https:\\\/\\\/ahorn-camp.de\\\/?s={search_term_string}\"},\"query-input\":{\"@type\":\"PropertyValueSpecification\",\"valueRequired\":true,\"valueName\":\"search_term_string\"}}],\"inLanguage\":\"es\"},{\"@type\":\"Organization\",\"@id\":\"https:\\\/\\\/ahorn-camp.de\\\/#organization\",\"name\":\"Ahorn Camp GmbH & Co. KG\",\"url\":\"https:\\\/\\\/ahorn-camp.de\\\/\",\"logo\":{\"@type\":\"ImageObject\",\"inLanguage\":\"es\",\"@id\":\"https:\\\/\\\/ahorn-camp.de\\\/#\\\/schema\\\/logo\\\/image\\\/\",\"url\":\"https:\\\/\\\/ahorn-camp.de\\\/wp-content\\\/uploads\\\/2018\\\/12\\\/Ahorn_Logo.jpg\",\"contentUrl\":\"https:\\\/\\\/ahorn-camp.de\\\/wp-content\\\/uploads\\\/2018\\\/12\\\/Ahorn_Logo.jpg\",\"width\":1437,\"height\":1000,\"caption\":\"Ahorn Camp GmbH & Co. KG\"},\"image\":{\"@id\":\"https:\\\/\\\/ahorn-camp.de\\\/#\\\/schema\\\/logo\\\/image\\\/\"},\"sameAs\":[\"https:\\\/\\\/www.facebook.com\\\/ahorn.wohnmobile\\\/\",\"https:\\\/\\\/www.instagram.com\\\/ahorn.camp\\\/\",\"https:\\\/\\\/www.youtube.com\\\/channel\\\/UCPFbPCts1JJ_A1k9vyH0yOQ\"]},{\"@type\":\"Person\",\"@id\":\"https:\\\/\\\/ahorn-camp.de\\\/#\\\/schema\\\/person\\\/9b60761ba82d5cb8e6db215a88925044\",\"name\":\"ahorn_admin\",\"image\":{\"@type\":\"ImageObject\",\"inLanguage\":\"es\",\"@id\":\"https:\\\/\\\/secure.gravatar.com\\\/avatar\\\/d96b9a078083b0c14cee48589feadd939c3cdd66547e2f3f1569470371daaaa5?s=96&d=mm&r=g\",\"url\":\"https:\\\/\\\/secure.gravatar.com\\\/avatar\\\/d96b9a078083b0c14cee48589feadd939c3cdd66547e2f3f1569470371daaaa5?s=96&d=mm&r=g\",\"contentUrl\":\"https:\\\/\\\/secure.gravatar.com\\\/avatar\\\/d96b9a078083b0c14cee48589feadd939c3cdd66547e2f3f1569470371daaaa5?s=96&d=mm&r=g\",\"caption\":\"ahorn_admin\"},\"sameAs\":[\"http:\\\/\\\/Ahorn%20Camp\"],\"url\":\"https:\\\/\\\/ahorn-camp.de\\\/es\\\/author\\\/ahorn_admin\\\/\"}]}<\/script>\n<!-- \/ Yoast SEO plugin. -->","yoast_head_json":{"title":"Sie haben abgestimmt & wir haben gewonnen!","description":"Ahorn Camp erzielt 3 von neun Kategorien f\u00fcr das Goldene Reisemobil 2023 und ist vorne mit dabei.","robots":{"index":"index","follow":"follow","max-snippet":"max-snippet:-1","max-image-preview":"max-image-preview:large","max-video-preview":"max-video-preview:-1"},"canonical":"https:\/\/ahorn-camp.de\/es\/das-goldene-reisemobil-2023\/","og_locale":"es_ES","og_type":"article","og_title":"Sie haben abgestimmt & wir haben gewonnen!","og_description":"Ahorn Camp erzielt 3 von neun Kategorien f\u00fcr das Goldene Reisemobil 2023 und ist vorne mit dabei.","og_url":"https:\/\/ahorn-camp.de\/es\/das-goldene-reisemobil-2023\/","og_site_name":"Ahorn Camp | Reisemobile und Kastenwagen","article_publisher":"https:\/\/www.facebook.com\/ahorn.wohnmobile\/","article_published_time":"2023-10-26T14:34:32+00:00","article_modified_time":"2024-03-12T10:19:23+00:00","og_image":[{"width":1200,"height":627,"url":"https:\/\/ahorn-camp.de\/wp-content\/uploads\/2023\/10\/DGRM_Auszeichnung_Gruppe_LinkedIn.jpg","type":"image\/jpeg"}],"author":"ahorn_admin","twitter_card":"summary_large_image","twitter_misc":{"Escrito por":"ahorn_admin","Tiempo de lectura":"4 minutos"},"schema":{"@context":"https:\/\/schema.org","@graph":[{"@type":"Article","@id":"https:\/\/ahorn-camp.de\/das-goldene-reisemobil-2023\/#article","isPartOf":{"@id":"https:\/\/ahorn-camp.de\/das-goldene-reisemobil-2023\/"},"author":{"name":"ahorn_admin","@id":"https:\/\/ahorn-camp.de\/#\/schema\/person\/9b60761ba82d5cb8e6db215a88925044"},"headline":"Sie haben abgestimmt &#038; wir haben gewonnen!","datePublished":"2023-10-26T14:34:32+00:00","dateModified":"2024-03-12T10:19:23+00:00","mainEntityOfPage":{"@id":"https:\/\/ahorn-camp.de\/das-goldene-reisemobil-2023\/"},"wordCount":716,"publisher":{"@id":"https:\/\/ahorn-camp.de\/#organization"},"image":{"@id":"https:\/\/ahorn-camp.de\/das-goldene-reisemobil-2023\/#primaryimage"},"thumbnailUrl":"https:\/\/ahorn-camp.de\/wp-content\/uploads\/2023\/10\/DGRM_Auszeichnung_Gruppe_LinkedIn.jpg","articleSection":["Pressemitteilungen"],"inLanguage":"es"},{"@type":"WebPage","@id":"https:\/\/ahorn-camp.de\/das-goldene-reisemobil-2023\/","url":"https:\/\/ahorn-camp.de\/das-goldene-reisemobil-2023\/","name":"Sie haben abgestimmt & wir haben gewonnen!","isPartOf":{"@id":"https:\/\/ahorn-camp.de\/#website"},"primaryImageOfPage":{"@id":"https:\/\/ahorn-camp.de\/das-goldene-reisemobil-2023\/#primaryimage"},"image":{"@id":"https:\/\/ahorn-camp.de\/das-goldene-reisemobil-2023\/#primaryimage"},"thumbnailUrl":"https:\/\/ahorn-camp.de\/wp-content\/uploads\/2023\/10\/DGRM_Auszeichnung_Gruppe_LinkedIn.jpg","datePublished":"2023-10-26T14:34:32+00:00","dateModified":"2024-03-12T10:19:23+00:00","description":"Ahorn Camp erzielt 3 von neun Kategorien f\u00fcr das Goldene Reisemobil 2023 und ist vorne mit dabei.","breadcrumb":{"@id":"https:\/\/ahorn-camp.de\/das-goldene-reisemobil-2023\/#breadcrumb"},"inLanguage":"es","potentialAction":[{"@type":"ReadAction","target":["https:\/\/ahorn-camp.de\/das-goldene-reisemobil-2023\/"]}]},{"@type":"ImageObject","inLanguage":"es","@id":"https:\/\/ahorn-camp.de\/das-goldene-reisemobil-2023\/#primaryimage","url":"https:\/\/ahorn-camp.de\/wp-content\/uploads\/2023\/10\/DGRM_Auszeichnung_Gruppe_LinkedIn.jpg","contentUrl":"https:\/\/ahorn-camp.de\/wp-content\/uploads\/2023\/10\/DGRM_Auszeichnung_Gruppe_LinkedIn.jpg","width":1200,"height":627,"caption":"DGRM Auszeichnung"},{"@type":"BreadcrumbList","@id":"https:\/\/ahorn-camp.de\/das-goldene-reisemobil-2023\/#breadcrumb","itemListElement":[{"@type":"ListItem","position":1,"name":"Startseite","item":"https:\/\/ahorn-camp.de\/"},{"@type":"ListItem","position":2,"name":"Sie haben abgestimmt &#038; wir haben gewonnen!"}]},{"@type":"WebSite","@id":"https:\/\/ahorn-camp.de\/#website","url":"https:\/\/ahorn-camp.de\/","name":"Ahorn Camp | Autocaravanas y furgonetas camper","description":"Desde hace m\u00e1s de 30 a\u00f1os, la empresa familiar, Ahorn Camp en Speyer, comercializa con \u00e9xito caravanas y furgonetas camper a la mejor relaci\u00f3n calidad-precio.","publisher":{"@id":"https:\/\/ahorn-camp.de\/#organization"},"potentialAction":[{"@type":"SearchAction","target":{"@type":"EntryPoint","urlTemplate":"https:\/\/ahorn-camp.de\/?s={search_term_string}"},"query-input":{"@type":"PropertyValueSpecification","valueRequired":true,"valueName":"search_term_string"}}],"inLanguage":"es"},{"@type":"Organization","@id":"https:\/\/ahorn-camp.de\/#organization","name":"Ahorn Camp GmbH &amp; Co. KG","url":"https:\/\/ahorn-camp.de\/","logo":{"@type":"ImageObject","inLanguage":"es","@id":"https:\/\/ahorn-camp.de\/#\/schema\/logo\/image\/","url":"https:\/\/ahorn-camp.de\/wp-content\/uploads\/2018\/12\/Ahorn_Logo.jpg","contentUrl":"https:\/\/ahorn-camp.de\/wp-content\/uploads\/2018\/12\/Ahorn_Logo.jpg","width":1437,"height":1000,"caption":"Ahorn Camp GmbH & Co. KG"},"image":{"@id":"https:\/\/ahorn-camp.de\/#\/schema\/logo\/image\/"},"sameAs":["https:\/\/www.facebook.com\/ahorn.wohnmobile\/","https:\/\/www.instagram.com\/ahorn.camp\/","https:\/\/www.youtube.com\/channel\/UCPFbPCts1JJ_A1k9vyH0yOQ"]},{"@type":"Person","@id":"https:\/\/ahorn-camp.de\/#\/schema\/person\/9b60761ba82d5cb8e6db215a88925044","name":"ahorn_admin","image":{"@type":"ImageObject","inLanguage":"es","@id":"https:\/\/secure.gravatar.com\/avatar\/d96b9a078083b0c14cee48589feadd939c3cdd66547e2f3f1569470371daaaa5?s=96&d=mm&r=g","url":"https:\/\/secure.gravatar.com\/avatar\/d96b9a078083b0c14cee48589feadd939c3cdd66547e2f3f1569470371daaaa5?s=96&d=mm&r=g","contentUrl":"https:\/\/secure.gravatar.com\/avatar\/d96b9a078083b0c14cee48589feadd939c3cdd66547e2f3f1569470371daaaa5?s=96&d=mm&r=g","caption":"ahorn_admin"},"sameAs":["http:\/\/Ahorn%20Camp"],"url":"https:\/\/ahorn-camp.de\/es\/author\/ahorn_admin\/"}]}},"_links":{"self":[{"href":"https:\/\/ahorn-camp.de\/es\/wp-json\/wp\/v2\/posts\/20298","targetHints":{"allow":["GET"]}}],"collection":[{"href":"https:\/\/ahorn-camp.de\/es\/wp-json\/wp\/v2\/posts"}],"about":[{"href":"https:\/\/ahorn-camp.de\/es\/wp-json\/wp\/v2\/types\/post"}],"author":[{"embeddable":true,"href":"https:\/\/ahorn-camp.de\/es\/wp-json\/wp\/v2\/users\/2"}],"replies":[{"embeddable":true,"href":"https:\/\/ahorn-camp.de\/es\/wp-json\/wp\/v2\/comments?post=20298"}],"version-history":[{"count":0,"href":"https:\/\/ahorn-camp.de\/es\/wp-json\/wp\/v2\/posts\/20298\/revisions"}],"wp:featuredmedia":[{"embeddable":true,"href":"https:\/\/ahorn-camp.de\/es\/wp-json\/wp\/v2\/media\/20299"}],"wp:attachment":[{"href":"https:\/\/ahorn-camp.de\/es\/wp-json\/wp\/v2\/media?parent=20298"}],"wp:term":[{"taxonomy":"category","embeddable":true,"href":"https:\/\/ahorn-camp.de\/es\/wp-json\/wp\/v2\/categories?post=20298"},{"taxonomy":"post_tag","embeddable":true,"href":"https:\/\/ahorn-camp.de\/es\/wp-json\/wp\/v2\/tags?post=20298"}],"curies":[{"name":"wp","href":"https:\/\/api.w.org\/{rel}","templated":true}]}}