{"id":16529,"date":"2022-06-10T16:52:14","date_gmt":"2022-06-10T14:52:14","guid":{"rendered":"https:\/\/ahorn-camp.de\/?p=16529"},"modified":"2024-09-24T10:35:34","modified_gmt":"2024-09-24T08:35:34","slug":"6-consejos-para-viajar-con-portabicicletas-en-autocaravana","status":"publish","type":"post","link":"https:\/\/ahorn-camp.de\/es\/6-tipps-zum-reisen-mit-fahrradtraeger-am-wohnmobil\/","title":{"rendered":"6 consejos para viajar con portabicicletas en autocaravana"},"content":{"rendered":"<div class=\"wpb-content-wrapper\" id=\"wpb-content-root\"><div class=\"vc_row wpb_row vc_row-fluid\"><div class=\"wpb_column vc_column_container vc_col-sm-12\"><div class=\"vc_column-inner\"><div class=\"wpb_wrapper\">\n\t<div class=\"wpb_text_column wpb_content_element\" >\n\t\t<div class=\"wpb_wrapper\">\n\t\t\t<p><a href=\"https:\/\/ahorn-camp.de\/es\/autark-in-una-caravana\/\">Flexibilidad y libertad<\/a> como ninguna otra forma de viajar, es lo que cada vez m\u00e1s personas aprecian especialmente de viajar en autocaravana o camper. Y quienes quieran sacar el m\u00e1ximo partido a su viaje, tambi\u00e9n cargan su propia bicicleta o e-bike. Para que la autocaravana y las bicicletas permanezcan intactas y no haya conflictos con la ley, hay algunas cosas a tener en cuenta:<\/p>\n\n\t\t<\/div>\n\t<\/div>\n<\/div><\/div><\/div><\/div><div class=\"vc_row wpb_row vc_row-fluid\"><div class=\"wpb_column vc_column_container vc_col-sm-12\"><div class=\"vc_column-inner\"><div class=\"wpb_wrapper\"><h2 style=\"font-size: 18px;text-align: left\" class=\"vc_custom_heading vc_do_custom_heading\" >1. Montaje por expertos<\/h2>\n\t<div class=\"wpb_text_column wpb_content_element\" >\n\t\t<div class=\"wpb_wrapper\">\n\t\t\t<p>Existen muchos sistemas de portabicicletas diferentes que puede acoplar a su veh\u00edculo, siempre que se adapten a \u00e9l y a sus deseos individuales de transporte. En la mayor\u00eda de los sistemas de portabicicletas, se recomienda dejar que los profesionales se encarguen del montaje. Normalmente, <a href=\"https:\/\/ahorn-camp.de\/es\/ahorn-reisemobile\/\">Casas rodantes\u00a0<\/a> hoy en d\u00eda, aunque vienen de serie con una pared trasera reforzada, que es un requisito previo para fijar un soporte con tornillos, estos refuerzos no son visibles desde el exterior. Para evitar errores antiest\u00e9ticos y posibles da\u00f1os en el veh\u00edculo, es aconsejable que el montaje lo realice un profesional que sepa d\u00f3nde se puede fijar de forma segura.<\/p>\n<p>bei <a href=\"https:\/\/ahorn-camp.de\/es\/norte-de-espana-ciudad\/\">Autocaravanas<\/a> la instalaci\u00f3n se ve dificultada para los profanos por el hecho de que el soporte debe abrirse con las puertas traseras. Un sistema portabicicletas excepcional, que tambi\u00e9n puede ser montado y desmontado sin problemas por profanos, es el <em>Portaesqu\u00eds para enganche de remolque<\/em>. Nuestro equipo de servicio y taller estar\u00e1 encantado de asesorarle y ayudarle en todo momento con todas las preguntas relacionadas con los sistemas portabicicletas.<\/p>\n\n\t\t<\/div>\n\t<\/div>\n<\/div><\/div><\/div><\/div><div class=\"vc_row wpb_row vc_row-fluid\"><div class=\"wpb_column vc_column_container vc_col-sm-12\"><div class=\"vc_column-inner\"><div class=\"wpb_wrapper\"><h2 style=\"font-size: 18px;text-align: left\" class=\"vc_custom_heading vc_do_custom_heading\" >2. Peso total<\/h2>\n\t<div class=\"wpb_text_column wpb_content_element\" >\n\t\t<div class=\"wpb_wrapper\">\n\t\t\t<p>Antes de comprar un portabicicletas, debe comprobar cu\u00e1nto pesan juntos el portabicicletas y sus bicicletas. Despu\u00e9s de todo, el peso total permitido de su autocaravana o furgoneta camper no debe superarse con la carga adicional. Especialmente las bicicletas el\u00e9ctricas pesadas o varias bicicletas pueden afectar r\u00e1pidamente al peso total. Por lo tanto, sume el peso del portabicicletas y sus bicicletas al peso de su veh\u00edculo de camping para estar seguro.<\/p>\n<p><strong>Es bueno saberlo:<\/strong> Las autocaravanas de Ahorn Camp tienen b\u00e1sicamente un peso total permitido de 3,5 toneladas. La suspensi\u00f3n neum\u00e1tica optimiza la direcci\u00f3n y hace que la autocaravana sea menos sensible al viento lateral. Adem\u00e1s, la suspensi\u00f3n neum\u00e1tica es necesaria para un aumento de peso a 4 toneladas. Por lo tanto, si desea llevar un poco m\u00e1s de equipaje o ya tiene un peso en vac\u00edo bastante alto debido a accesorios extensos, puede considerar un aumento de peso a 4 toneladas. La pared trasera de nuestras autocaravanas soporta hasta 60 kilogramos de carga, mientras que en nuestras campervans son 35 kilogramos.<\/p>\n<p>Aseg\u00farese tambi\u00e9n de que su sistema portabicicletas pueda soportar el peso de sus bicicletas. Nuestros portabicicletas tienen una capacidad de carga de 19 kilogramos por riel, que en ning\u00fan caso, independientemente de la capacidad de carga de la pared, debe superarse. <strong>Un consejo para las bicicletas el\u00e9ctricas<\/strong>Puede quitar la bater\u00eda de su bicicleta el\u00e9ctrica durante el trayecto y guardarla en el veh\u00edculo para aliviar el portabicicletas.<\/p>\n<p>Es importante tambi\u00e9n pensar de antemano cu\u00e1ntas bicicletas o bicicletas el\u00e9ctricas desea transportar, ya que los portabicicletas suelen tener carriles limitados.<\/p>\n\n\t\t<\/div>\n\t<\/div>\n<\/div><\/div><\/div><\/div><div class=\"vc_row wpb_row vc_row-fluid\"><div class=\"wpb_column vc_column_container vc_col-sm-12\"><div class=\"vc_column-inner\"><div class=\"wpb_wrapper\"><h2 style=\"font-size: 18px;text-align: left\" class=\"vc_custom_heading vc_do_custom_heading\" >3. Visibilidad de la matr\u00edcula y las luces de freno<\/h2>\n\t<div class=\"wpb_text_column wpb_content_element\" >\n\t\t<div class=\"wpb_wrapper\">\n\t\t\t<p>Para evitar conflictos con la ley, debe asegurarse de que su matr\u00edcula y las luces de freno no queden ocultas por su portabicicletas. Los portabicicletas traseros son los que menos problemas suelen dar, ya que la mayor\u00eda son regulables en altura y se pueden ajustar en consecuencia. Los portabicicletas de bola de remolque tambi\u00e9n suelen venir con su propio soporte para matr\u00edcula y luces. Sin embargo, si elige otro sistema, puede ser necesario montar matr\u00edculas y luces por separado.<\/p>\n\n\t\t<\/div>\n\t<\/div>\n<\/div><\/div><\/div><\/div><div class=\"vc_row wpb_row vc_row-fluid\"><div class=\"wpb_column vc_column_container vc_col-sm-12\"><div class=\"vc_column-inner\"><div class=\"wpb_wrapper\"><h2 style=\"font-size: 18px;text-align: left\" class=\"vc_custom_heading vc_do_custom_heading\" >4. Se\u00f1ales de advertencia<\/h2>\n\t<div class=\"wpb_text_column wpb_content_element\" >\n\t\t<div class=\"wpb_wrapper\">\n\t\t\t<p>En algunos pa\u00edses (como los populares destinos tur\u00edsticos Espa\u00f1a y <a href=\"https:\/\/ahorn-camp.de\/es\/con-la-autocaravana-por-la-toscana\/\">Italia<\/a>Es obligatorio colocar una se\u00f1al de advertencia roja y blanca del tama\u00f1o prescrito en las partes sobresalientes que extienden el veh\u00edculo m\u00e1s all\u00e1 de la longitud registrada en el certificado del veh\u00edculo. Es importante saber que no existe una placa de advertencia europea uniforme, sino que cada pa\u00eds tiene la suya propia: en Espa\u00f1a tiene tres franjas rojas, en Italia cinco. Para usted, esto significa que antes del viaje, debe informarse de qu\u00e9 pa\u00eds tiene qu\u00e9 regulaci\u00f3n aqu\u00ed y preparar las se\u00f1ales necesarias como precauci\u00f3n. Esto tambi\u00e9n se aplica si s\u00f3lo se planea un tr\u00e1nsito por el pa\u00eds respectivo.<\/p>\n\n\t\t<\/div>\n\t<\/div>\n<\/div><\/div><\/div><\/div><div class=\"vc_row wpb_row vc_row-fluid\"><div class=\"wpb_column vc_column_container vc_col-sm-12\"><div class=\"vc_column-inner\"><div class=\"wpb_wrapper\"><h2 style=\"font-size: 18px;text-align: left\" class=\"vc_custom_heading vc_do_custom_heading\" >5. Velocidad de desplazamiento<\/h2>\n\t<div class=\"wpb_text_column wpb_content_element\" >\n\t\t<div class=\"wpb_wrapper\">\n\t\t\t<p>Por supuesto, debe respetar los l\u00edmites de velocidad prescritos de una forma u otra; con su bicicleta en el portaequipajes (exterior) esto es a\u00fan m\u00e1s importante para evitar accidentes. En la autopista se recomienda no superar los 100 km\/h. En general, tambi\u00e9n es aconsejable hacer una peque\u00f1a prueba de conducci\u00f3n con su portabicicletas antes de su viaje para poder evaluar c\u00f3mo se comporta su sistema de transporte en las curvas y c\u00f3mo debe adaptar su estilo de conducci\u00f3n a su equipaje adicional. Esto es especialmente cierto para los portabicicletas de bola de remolque.<\/p>\n<p>Bueno saberlo: Las bicicletas no son visibles en los espejos retrovisores. As\u00ed que det\u00e9ngase despu\u00e9s de los primeros kil\u00f3metros y compruebe si todo est\u00e1 sujeto.<\/p>\n\n\t\t<\/div>\n\t<\/div>\n<\/div><\/div><\/div><\/div><div class=\"vc_row wpb_row vc_row-fluid\"><div class=\"wpb_column vc_column_container vc_col-sm-12\"><div class=\"vc_column-inner\"><div class=\"wpb_wrapper\"><h2 style=\"font-size: 18px;text-align: left\" class=\"vc_custom_heading vc_do_custom_heading\" >6. Prevenci\u00f3n de robos<\/h2>\n\t<div class=\"wpb_text_column wpb_content_element\" >\n\t\t<div class=\"wpb_wrapper\">\n\t\t\t<p>\u00bfIr r\u00e1pidamente al supermercado o explorar los alrededores a pie? Para que pueda disfrutar de cada minuto de sus vacaciones relajado, los ladrones de bicicletas no deben tener ninguna oportunidad. Recomendamos asegurar su sistema portabicicletas y las bicicletas contra robos. Para ello, ofrecemos, por ejemplo, brazos de sujeci\u00f3n con cerradura.<\/p>\n\n\t\t<\/div>\n\t<\/div>\n<\/div><\/div><\/div><\/div>\n<\/div>","protected":false},"excerpt":{"rendered":"<p>Flexibilidad y libertad como en ninguna otra forma de viajar: eso es lo que cada vez m\u00e1s personas valoran especialmente de viajar en autocaravana o camper. Y quien quiera sacarle el m\u00e1ximo partido a su viaje, se lleva su propia bicicleta o bicicleta el\u00e9ctrica. Para que la autocaravana y las bicicletas permanezcan intactas y no haya conflictos con la ley, hay que tener en cuenta algunas cosas.<\/p>","protected":false},"author":2,"featured_media":16588,"comment_status":"closed","ping_status":"open","sticky":false,"template":"","format":"standard","meta":{"content-type":"","footnotes":""},"categories":[208],"tags":[],"class_list":["post-16529","post","type-post","status-publish","format-standard","has-post-thumbnail","hentry","category-blog"],"yoast_head":"<!-- This site is optimized with the Yoast SEO plugin v28.4 - https:\/\/yoast.com\/product\/yoast-seo-wordpress\/ -->\n<title>Reisen mit Fahrradtraeger am Ahorn Camp Wohnmobil<\/title>\n<meta name=\"description\" content=\"Das sollten Sie beim Reisen mit Wohnmobil und Fahrrad und bei der Montage eines Fahrradtr\u00e4gers beachten. Erfahren Sie mehr.\" \/>\n<meta name=\"robots\" content=\"index, follow, max-snippet:-1, max-image-preview:large, max-video-preview:-1\" \/>\n<link rel=\"canonical\" href=\"https:\/\/ahorn-camp.de\/es\/6-consejos-para-viajar-con-portabicicletas-en-autocaravana\/\" \/>\n<meta property=\"og:locale\" content=\"es_ES\" \/>\n<meta property=\"og:type\" content=\"article\" \/>\n<meta property=\"og:title\" content=\"Reisen mit Fahrradtraeger am Ahorn Camp Wohnmobil\" \/>\n<meta property=\"og:description\" content=\"Das sollten Sie beim Reisen mit Wohnmobil und Fahrrad und bei der Montage eines Fahrradtr\u00e4gers beachten. Erfahren Sie mehr.\" \/>\n<meta property=\"og:url\" content=\"https:\/\/ahorn-camp.de\/es\/6-consejos-para-viajar-con-portabicicletas-en-autocaravana\/\" \/>\n<meta property=\"og:site_name\" content=\"Ahorn Camp | Reisemobile und Kastenwagen\" \/>\n<meta property=\"article:publisher\" content=\"https:\/\/www.facebook.com\/ahorn.wohnmobile\/\" \/>\n<meta property=\"article:published_time\" content=\"2022-06-10T14:52:14+00:00\" \/>\n<meta property=\"article:modified_time\" content=\"2024-09-24T08:35:34+00:00\" \/>\n<meta property=\"og:image\" content=\"https:\/\/ahorn-camp.de\/wp-content\/uploads\/2022\/06\/Ahorn-Camp_-AlaskaTD_hikebike-8-scaled.jpg\" \/>\n\t<meta property=\"og:image:width\" content=\"2560\" \/>\n\t<meta property=\"og:image:height\" content=\"1855\" \/>\n\t<meta property=\"og:image:type\" content=\"image\/jpeg\" \/>\n<meta name=\"author\" content=\"ahorn_admin\" \/>\n<meta name=\"twitter:card\" content=\"summary_large_image\" \/>\n<meta name=\"twitter:label1\" content=\"Escrito por\" \/>\n\t<meta name=\"twitter:data1\" content=\"ahorn_admin\" \/>\n\t<meta name=\"twitter:label2\" content=\"Tiempo de lectura\" \/>\n\t<meta name=\"twitter:data2\" content=\"5 minutos\" \/>\n<script type=\"application\/ld+json\" class=\"yoast-schema-graph\">{\"@context\":\"https:\\\/\\\/schema.org\",\"@graph\":[{\"@type\":\"Article\",\"@id\":\"https:\\\/\\\/ahorn-camp.de\\\/6-tipps-zum-reisen-mit-fahrradtraeger-am-wohnmobil\\\/#article\",\"isPartOf\":{\"@id\":\"https:\\\/\\\/ahorn-camp.de\\\/6-tipps-zum-reisen-mit-fahrradtraeger-am-wohnmobil\\\/\"},\"author\":{\"name\":\"ahorn_admin\",\"@id\":\"https:\\\/\\\/ahorn-camp.de\\\/#\\\/schema\\\/person\\\/9b60761ba82d5cb8e6db215a88925044\"},\"headline\":\"6 Tipps zum Reisen mit Fahrradtr\u00e4ger am Wohnmobil\",\"datePublished\":\"2022-06-10T14:52:14+00:00\",\"dateModified\":\"2024-09-24T08:35:34+00:00\",\"mainEntityOfPage\":{\"@id\":\"https:\\\/\\\/ahorn-camp.de\\\/6-tipps-zum-reisen-mit-fahrradtraeger-am-wohnmobil\\\/\"},\"wordCount\":1108,\"publisher\":{\"@id\":\"https:\\\/\\\/ahorn-camp.de\\\/#organization\"},\"image\":{\"@id\":\"https:\\\/\\\/ahorn-camp.de\\\/6-tipps-zum-reisen-mit-fahrradtraeger-am-wohnmobil\\\/#primaryimage\"},\"thumbnailUrl\":\"https:\\\/\\\/ahorn-camp.de\\\/wp-content\\\/uploads\\\/2022\\\/06\\\/Ahorn-Camp_-AlaskaTD_hikebike-8-scaled.jpg\",\"articleSection\":[\"Blog\"],\"inLanguage\":\"es\"},{\"@type\":\"WebPage\",\"@id\":\"https:\\\/\\\/ahorn-camp.de\\\/6-tipps-zum-reisen-mit-fahrradtraeger-am-wohnmobil\\\/\",\"url\":\"https:\\\/\\\/ahorn-camp.de\\\/6-tipps-zum-reisen-mit-fahrradtraeger-am-wohnmobil\\\/\",\"name\":\"Reisen mit Fahrradtraeger am Ahorn Camp Wohnmobil\",\"isPartOf\":{\"@id\":\"https:\\\/\\\/ahorn-camp.de\\\/#website\"},\"primaryImageOfPage\":{\"@id\":\"https:\\\/\\\/ahorn-camp.de\\\/6-tipps-zum-reisen-mit-fahrradtraeger-am-wohnmobil\\\/#primaryimage\"},\"image\":{\"@id\":\"https:\\\/\\\/ahorn-camp.de\\\/6-tipps-zum-reisen-mit-fahrradtraeger-am-wohnmobil\\\/#primaryimage\"},\"thumbnailUrl\":\"https:\\\/\\\/ahorn-camp.de\\\/wp-content\\\/uploads\\\/2022\\\/06\\\/Ahorn-Camp_-AlaskaTD_hikebike-8-scaled.jpg\",\"datePublished\":\"2022-06-10T14:52:14+00:00\",\"dateModified\":\"2024-09-24T08:35:34+00:00\",\"description\":\"Das sollten Sie beim Reisen mit Wohnmobil und Fahrrad und bei der Montage eines Fahrradtr\u00e4gers beachten. Erfahren Sie mehr.\",\"breadcrumb\":{\"@id\":\"https:\\\/\\\/ahorn-camp.de\\\/6-tipps-zum-reisen-mit-fahrradtraeger-am-wohnmobil\\\/#breadcrumb\"},\"inLanguage\":\"es\",\"potentialAction\":[{\"@type\":\"ReadAction\",\"target\":[\"https:\\\/\\\/ahorn-camp.de\\\/6-tipps-zum-reisen-mit-fahrradtraeger-am-wohnmobil\\\/\"]}]},{\"@type\":\"ImageObject\",\"inLanguage\":\"es\",\"@id\":\"https:\\\/\\\/ahorn-camp.de\\\/6-tipps-zum-reisen-mit-fahrradtraeger-am-wohnmobil\\\/#primaryimage\",\"url\":\"https:\\\/\\\/ahorn-camp.de\\\/wp-content\\\/uploads\\\/2022\\\/06\\\/Ahorn-Camp_-AlaskaTD_hikebike-8-scaled.jpg\",\"contentUrl\":\"https:\\\/\\\/ahorn-camp.de\\\/wp-content\\\/uploads\\\/2022\\\/06\\\/Ahorn-Camp_-AlaskaTD_hikebike-8-scaled.jpg\",\"width\":2560,\"height\":1855,\"caption\":\"6 Tipps zum Reisen mit Fahrradtr\u00e4ger am Wohnmobil\"},{\"@type\":\"BreadcrumbList\",\"@id\":\"https:\\\/\\\/ahorn-camp.de\\\/6-tipps-zum-reisen-mit-fahrradtraeger-am-wohnmobil\\\/#breadcrumb\",\"itemListElement\":[{\"@type\":\"ListItem\",\"position\":1,\"name\":\"Startseite\",\"item\":\"https:\\\/\\\/ahorn-camp.de\\\/\"},{\"@type\":\"ListItem\",\"position\":2,\"name\":\"6 Tipps zum Reisen mit Fahrradtr\u00e4ger am Wohnmobil\"}]},{\"@type\":\"WebSite\",\"@id\":\"https:\\\/\\\/ahorn-camp.de\\\/#website\",\"url\":\"https:\\\/\\\/ahorn-camp.de\\\/\",\"name\":\"Ahorn Camp | Reisemobile und Kastenwagen\",\"description\":\"Seit \u00fcber 30 Jahren vermarktet das Familienunternehmen, Ahorn Camp in Speyer, erfolgreich Wohnmobile und Kastenwagen zum besten Preis-Leistungsverh\u00e4ltnis.\",\"publisher\":{\"@id\":\"https:\\\/\\\/ahorn-camp.de\\\/#organization\"},\"potentialAction\":[{\"@type\":\"SearchAction\",\"target\":{\"@type\":\"EntryPoint\",\"urlTemplate\":\"https:\\\/\\\/ahorn-camp.de\\\/?s={search_term_string}\"},\"query-input\":{\"@type\":\"PropertyValueSpecification\",\"valueRequired\":true,\"valueName\":\"search_term_string\"}}],\"inLanguage\":\"es\"},{\"@type\":\"Organization\",\"@id\":\"https:\\\/\\\/ahorn-camp.de\\\/#organization\",\"name\":\"Ahorn Camp GmbH & Co. KG\",\"url\":\"https:\\\/\\\/ahorn-camp.de\\\/\",\"logo\":{\"@type\":\"ImageObject\",\"inLanguage\":\"es\",\"@id\":\"https:\\\/\\\/ahorn-camp.de\\\/#\\\/schema\\\/logo\\\/image\\\/\",\"url\":\"https:\\\/\\\/ahorn-camp.de\\\/wp-content\\\/uploads\\\/2018\\\/12\\\/Ahorn_Logo.jpg\",\"contentUrl\":\"https:\\\/\\\/ahorn-camp.de\\\/wp-content\\\/uploads\\\/2018\\\/12\\\/Ahorn_Logo.jpg\",\"width\":1437,\"height\":1000,\"caption\":\"Ahorn Camp GmbH & Co. KG\"},\"image\":{\"@id\":\"https:\\\/\\\/ahorn-camp.de\\\/#\\\/schema\\\/logo\\\/image\\\/\"},\"sameAs\":[\"https:\\\/\\\/www.facebook.com\\\/ahorn.wohnmobile\\\/\",\"https:\\\/\\\/www.instagram.com\\\/ahorn.camp\\\/\",\"https:\\\/\\\/www.youtube.com\\\/channel\\\/UCPFbPCts1JJ_A1k9vyH0yOQ\"]},{\"@type\":\"Person\",\"@id\":\"https:\\\/\\\/ahorn-camp.de\\\/#\\\/schema\\\/person\\\/9b60761ba82d5cb8e6db215a88925044\",\"name\":\"ahorn_admin\",\"image\":{\"@type\":\"ImageObject\",\"inLanguage\":\"es\",\"@id\":\"https:\\\/\\\/secure.gravatar.com\\\/avatar\\\/d96b9a078083b0c14cee48589feadd939c3cdd66547e2f3f1569470371daaaa5?s=96&d=mm&r=g\",\"url\":\"https:\\\/\\\/secure.gravatar.com\\\/avatar\\\/d96b9a078083b0c14cee48589feadd939c3cdd66547e2f3f1569470371daaaa5?s=96&d=mm&r=g\",\"contentUrl\":\"https:\\\/\\\/secure.gravatar.com\\\/avatar\\\/d96b9a078083b0c14cee48589feadd939c3cdd66547e2f3f1569470371daaaa5?s=96&d=mm&r=g\",\"caption\":\"ahorn_admin\"},\"sameAs\":[\"http:\\\/\\\/Ahorn%20Camp\"],\"url\":\"https:\\\/\\\/ahorn-camp.de\\\/es\\\/author\\\/ahorn_admin\\\/\"}]}<\/script>\n<!-- \/ Yoast SEO plugin. -->","yoast_head_json":{"title":"Viajar con portabicicletas en autocaravana Ahorn Camp","description":"Esto es lo que debe tener en cuenta al viajar en autocaravana con bicicletas y al montar un portabicicletas. Obtenga m\u00e1s informaci\u00f3n.","robots":{"index":"index","follow":"follow","max-snippet":"max-snippet:-1","max-image-preview":"max-image-preview:large","max-video-preview":"max-video-preview:-1"},"canonical":"https:\/\/ahorn-camp.de\/es\/6-consejos-para-viajar-con-portabicicletas-en-autocaravana\/","og_locale":"es_ES","og_type":"article","og_title":"Reisen mit Fahrradtraeger am Ahorn Camp Wohnmobil","og_description":"Das sollten Sie beim Reisen mit Wohnmobil und Fahrrad und bei der Montage eines Fahrradtr\u00e4gers beachten. Erfahren Sie mehr.","og_url":"https:\/\/ahorn-camp.de\/es\/6-consejos-para-viajar-con-portabicicletas-en-autocaravana\/","og_site_name":"Ahorn Camp | Reisemobile und Kastenwagen","article_publisher":"https:\/\/www.facebook.com\/ahorn.wohnmobile\/","article_published_time":"2022-06-10T14:52:14+00:00","article_modified_time":"2024-09-24T08:35:34+00:00","og_image":[{"width":2560,"height":1855,"url":"https:\/\/ahorn-camp.de\/wp-content\/uploads\/2022\/06\/Ahorn-Camp_-AlaskaTD_hikebike-8-scaled.jpg","type":"image\/jpeg"}],"author":"ahorn_admin","twitter_card":"summary_large_image","twitter_misc":{"Escrito por":"ahorn_admin","Tiempo de lectura":"5 minutos"},"schema":{"@context":"https:\/\/schema.org","@graph":[{"@type":"Article","@id":"https:\/\/ahorn-camp.de\/6-tipps-zum-reisen-mit-fahrradtraeger-am-wohnmobil\/#article","isPartOf":{"@id":"https:\/\/ahorn-camp.de\/6-tipps-zum-reisen-mit-fahrradtraeger-am-wohnmobil\/"},"author":{"name":"ahorn_admin","@id":"https:\/\/ahorn-camp.de\/#\/schema\/person\/9b60761ba82d5cb8e6db215a88925044"},"headline":"6 Tipps zum Reisen mit Fahrradtr\u00e4ger am Wohnmobil","datePublished":"2022-06-10T14:52:14+00:00","dateModified":"2024-09-24T08:35:34+00:00","mainEntityOfPage":{"@id":"https:\/\/ahorn-camp.de\/6-tipps-zum-reisen-mit-fahrradtraeger-am-wohnmobil\/"},"wordCount":1108,"publisher":{"@id":"https:\/\/ahorn-camp.de\/#organization"},"image":{"@id":"https:\/\/ahorn-camp.de\/6-tipps-zum-reisen-mit-fahrradtraeger-am-wohnmobil\/#primaryimage"},"thumbnailUrl":"https:\/\/ahorn-camp.de\/wp-content\/uploads\/2022\/06\/Ahorn-Camp_-AlaskaTD_hikebike-8-scaled.jpg","articleSection":["Blog"],"inLanguage":"es"},{"@type":"WebPage","@id":"https:\/\/ahorn-camp.de\/6-tipps-zum-reisen-mit-fahrradtraeger-am-wohnmobil\/","url":"https:\/\/ahorn-camp.de\/6-tipps-zum-reisen-mit-fahrradtraeger-am-wohnmobil\/","name":"Viajar con portabicicletas en autocaravana Ahorn Camp","isPartOf":{"@id":"https:\/\/ahorn-camp.de\/#website"},"primaryImageOfPage":{"@id":"https:\/\/ahorn-camp.de\/6-tipps-zum-reisen-mit-fahrradtraeger-am-wohnmobil\/#primaryimage"},"image":{"@id":"https:\/\/ahorn-camp.de\/6-tipps-zum-reisen-mit-fahrradtraeger-am-wohnmobil\/#primaryimage"},"thumbnailUrl":"https:\/\/ahorn-camp.de\/wp-content\/uploads\/2022\/06\/Ahorn-Camp_-AlaskaTD_hikebike-8-scaled.jpg","datePublished":"2022-06-10T14:52:14+00:00","dateModified":"2024-09-24T08:35:34+00:00","description":"Esto es lo que debe tener en cuenta al viajar en autocaravana con bicicletas y al montar un portabicicletas. Obtenga m\u00e1s informaci\u00f3n.","breadcrumb":{"@id":"https:\/\/ahorn-camp.de\/6-tipps-zum-reisen-mit-fahrradtraeger-am-wohnmobil\/#breadcrumb"},"inLanguage":"es","potentialAction":[{"@type":"ReadAction","target":["https:\/\/ahorn-camp.de\/6-tipps-zum-reisen-mit-fahrradtraeger-am-wohnmobil\/"]}]},{"@type":"ImageObject","inLanguage":"es","@id":"https:\/\/ahorn-camp.de\/6-tipps-zum-reisen-mit-fahrradtraeger-am-wohnmobil\/#primaryimage","url":"https:\/\/ahorn-camp.de\/wp-content\/uploads\/2022\/06\/Ahorn-Camp_-AlaskaTD_hikebike-8-scaled.jpg","contentUrl":"https:\/\/ahorn-camp.de\/wp-content\/uploads\/2022\/06\/Ahorn-Camp_-AlaskaTD_hikebike-8-scaled.jpg","width":2560,"height":1855,"caption":"6 Tipps zum Reisen mit Fahrradtr\u00e4ger am Wohnmobil"},{"@type":"BreadcrumbList","@id":"https:\/\/ahorn-camp.de\/6-tipps-zum-reisen-mit-fahrradtraeger-am-wohnmobil\/#breadcrumb","itemListElement":[{"@type":"ListItem","position":1,"name":"Startseite","item":"https:\/\/ahorn-camp.de\/"},{"@type":"ListItem","position":2,"name":"6 Tipps zum Reisen mit Fahrradtr\u00e4ger am Wohnmobil"}]},{"@type":"WebSite","@id":"https:\/\/ahorn-camp.de\/#website","url":"https:\/\/ahorn-camp.de\/","name":"Ahorn Camp | Autocaravanas y furgonetas camper","description":"Desde hace m\u00e1s de 30 a\u00f1os, la empresa familiar, Ahorn Camp en Speyer, comercializa con \u00e9xito caravanas y furgonetas camper a la mejor relaci\u00f3n calidad-precio.","publisher":{"@id":"https:\/\/ahorn-camp.de\/#organization"},"potentialAction":[{"@type":"SearchAction","target":{"@type":"EntryPoint","urlTemplate":"https:\/\/ahorn-camp.de\/?s={search_term_string}"},"query-input":{"@type":"PropertyValueSpecification","valueRequired":true,"valueName":"search_term_string"}}],"inLanguage":"es"},{"@type":"Organization","@id":"https:\/\/ahorn-camp.de\/#organization","name":"Ahorn Camp GmbH &amp; Co. KG","url":"https:\/\/ahorn-camp.de\/","logo":{"@type":"ImageObject","inLanguage":"es","@id":"https:\/\/ahorn-camp.de\/#\/schema\/logo\/image\/","url":"https:\/\/ahorn-camp.de\/wp-content\/uploads\/2018\/12\/Ahorn_Logo.jpg","contentUrl":"https:\/\/ahorn-camp.de\/wp-content\/uploads\/2018\/12\/Ahorn_Logo.jpg","width":1437,"height":1000,"caption":"Ahorn Camp GmbH & Co. KG"},"image":{"@id":"https:\/\/ahorn-camp.de\/#\/schema\/logo\/image\/"},"sameAs":["https:\/\/www.facebook.com\/ahorn.wohnmobile\/","https:\/\/www.instagram.com\/ahorn.camp\/","https:\/\/www.youtube.com\/channel\/UCPFbPCts1JJ_A1k9vyH0yOQ"]},{"@type":"Person","@id":"https:\/\/ahorn-camp.de\/#\/schema\/person\/9b60761ba82d5cb8e6db215a88925044","name":"ahorn_admin","image":{"@type":"ImageObject","inLanguage":"es","@id":"https:\/\/secure.gravatar.com\/avatar\/d96b9a078083b0c14cee48589feadd939c3cdd66547e2f3f1569470371daaaa5?s=96&d=mm&r=g","url":"https:\/\/secure.gravatar.com\/avatar\/d96b9a078083b0c14cee48589feadd939c3cdd66547e2f3f1569470371daaaa5?s=96&d=mm&r=g","contentUrl":"https:\/\/secure.gravatar.com\/avatar\/d96b9a078083b0c14cee48589feadd939c3cdd66547e2f3f1569470371daaaa5?s=96&d=mm&r=g","caption":"ahorn_admin"},"sameAs":["http:\/\/Ahorn%20Camp"],"url":"https:\/\/ahorn-camp.de\/es\/author\/ahorn_admin\/"}]}},"_links":{"self":[{"href":"https:\/\/ahorn-camp.de\/es\/wp-json\/wp\/v2\/posts\/16529","targetHints":{"allow":["GET"]}}],"collection":[{"href":"https:\/\/ahorn-camp.de\/es\/wp-json\/wp\/v2\/posts"}],"about":[{"href":"https:\/\/ahorn-camp.de\/es\/wp-json\/wp\/v2\/types\/post"}],"author":[{"embeddable":true,"href":"https:\/\/ahorn-camp.de\/es\/wp-json\/wp\/v2\/users\/2"}],"replies":[{"embeddable":true,"href":"https:\/\/ahorn-camp.de\/es\/wp-json\/wp\/v2\/comments?post=16529"}],"version-history":[{"count":0,"href":"https:\/\/ahorn-camp.de\/es\/wp-json\/wp\/v2\/posts\/16529\/revisions"}],"wp:featuredmedia":[{"embeddable":true,"href":"https:\/\/ahorn-camp.de\/es\/wp-json\/wp\/v2\/media\/16588"}],"wp:attachment":[{"href":"https:\/\/ahorn-camp.de\/es\/wp-json\/wp\/v2\/media?parent=16529"}],"wp:term":[{"taxonomy":"category","embeddable":true,"href":"https:\/\/ahorn-camp.de\/es\/wp-json\/wp\/v2\/categories?post=16529"},{"taxonomy":"post_tag","embeddable":true,"href":"https:\/\/ahorn-camp.de\/es\/wp-json\/wp\/v2\/tags?post=16529"}],"curies":[{"name":"wp","href":"https:\/\/api.w.org\/{rel}","templated":true}]}}