{"id":16325,"date":"2022-05-05T10:46:42","date_gmt":"2022-05-05T08:46:42","guid":{"rendered":"https:\/\/ahorn-camp.de\/?p=16325"},"modified":"2022-06-14T13:53:46","modified_gmt":"2022-06-14T11:53:46","slug":"apertura-centro-de-servicio-speyer","status":"publish","type":"post","link":"https:\/\/ahorn-camp.de\/es\/eroeffnung-service-center-speyer\/","title":{"rendered":"El nuevo centro de servicios en Espira"},"content":{"rendered":"<div class=\"wpb-content-wrapper\" id=\"wpb-content-root\"><div class=\"vc_row wpb_row vc_row-fluid\"><div class=\"wpb_column vc_column_container vc_col-sm-6\"><div class=\"vc_column-inner\"><div class=\"wpb_wrapper\">\n\t<div class=\"wpb_text_column wpb_content_element\" >\n\t\t<div class=\"wpb_wrapper\">\n\t\t\t<p>Como empresa, es importante para nosotros crecer junto con las necesidades de nuestros clientes y clientas y satisfacerlos a largo plazo. En este contexto, no solo nos centramos en el desarrollo de dise\u00f1os innovadores o en un asesoramiento experto durante la compra, sino tambi\u00e9n, y especialmente, en el apoyo continuo ante preguntas y servicios postventa, as\u00ed como en la implementaci\u00f3n de deseos individuales. Para poder cumplir estos objetivos con mayor intensidad en el futuro, hemos abierto solemnemente las puertas de nuestro nuevo Ahorn Camp centro de servicio y alquiler en Franz-Kirrmeier-Stra\u00dfe 21a el 8 de abril de 2022, tras varias semanas de intenso trabajo y en presencia de representantes de la econom\u00eda, la prensa y la pol\u00edtica.<\/p>\n<p>Entre otros, nos honraron con su presencia la alcaldesa de Speyer, la Sra. Seiler, y la Sra. Kabs, alcaldesa de Speyer. En el marco de nuestros Ahorn Days de 4 d\u00edas en Speyer, que estuvieron llenos de muchas actividades para ni\u00f1os y adultos, as\u00ed como de premios instant\u00e1neos, los clientes tambi\u00e9n pudieron conocer nuestro nuevo centro.<\/p>\n\n\t\t<\/div>\n\t<\/div>\n<\/div><\/div><\/div><div class=\"wpb_column vc_column_container vc_col-sm-6\"><div class=\"vc_column-inner\"><div class=\"wpb_wrapper\">\n\t<div  class=\"wpb_single_image wpb_content_element vc_align_left wpb_content_element\">\n\t\t\n\t\t<figure class=\"wpb_wrapper vc_figure\">\n\t\t\t<div class=\"vc_single_image-wrapper\"><img fetchpriority=\"high\" decoding=\"async\" width=\"300\" height=\"200\" src=\"https:\/\/ahorn-camp.de\/wp-content\/uploads\/2022\/05\/AHORN-RENT-12518-300x200.jpg\" class=\"vc_single_image-img attachment-medium\" alt=\"Estaci\u00f3n de alquiler Ahorn Rent Speyer\" title=\"Estaci\u00f3n de alquiler Ahorn Rent Speyer\" srcset=\"https:\/\/ahorn-camp.de\/wp-content\/uploads\/2022\/05\/AHORN-RENT-12518-300x200.jpg 300w, https:\/\/ahorn-camp.de\/wp-content\/uploads\/2022\/05\/AHORN-RENT-12518-1024x683.jpg 1024w, https:\/\/ahorn-camp.de\/wp-content\/uploads\/2022\/05\/AHORN-RENT-12518-768x512.jpg 768w, https:\/\/ahorn-camp.de\/wp-content\/uploads\/2022\/05\/AHORN-RENT-12518-800x533.jpg 800w, https:\/\/ahorn-camp.de\/wp-content\/uploads\/2022\/05\/AHORN-RENT-12518-1536x1024.jpg 1536w, https:\/\/ahorn-camp.de\/wp-content\/uploads\/2022\/05\/AHORN-RENT-12518.jpg 2048w\" sizes=\"(max-width: 300px) 100vw, 300px\" \/><\/div>\n\t\t<\/figure>\n\t<\/div>\n<h3 style=\"text-align: left\" class=\"vc_custom_heading vc_do_custom_heading\" >DESCARGAS<\/h3>\n\t<div class=\"wpb_text_column wpb_content_element\" >\n\t\t<div class=\"wpb_wrapper\">\n\t\t\t<p><a href=\"https:\/\/ahorn-camp.de\/wp-content\/uploads\/2022\/05\/Eroeffnung-des-neuen-Service-Centers.pdf\">Comunicado de prensa | PDF<\/a><br \/>\n<a href=\"https:\/\/www.dropbox.com\/sh\/4qw61lmox2cgszi\/AACQk-id0mygI48ReZFftswda?dl=0\">Material gr\u00e1fico | JPEG<\/a><\/p>\n\n\t\t<\/div>\n\t<\/div>\n<h3 style=\"text-align: left\" class=\"vc_custom_heading vc_do_custom_heading\" >CONTACTO DE PRENSA<\/h3>\n\t<div class=\"wpb_text_column wpb_content_element\" >\n\t\t<div class=\"wpb_wrapper\">\n\t\t\t<p>Franziska Reichmann<br \/>\nfreichmann@ahorn-camp.de<br \/>\nTel: +49 (0) 6232 10028 165<\/p>\n\n\t\t<\/div>\n\t<\/div>\n<\/div><\/div><\/div><\/div><div class=\"vc_row wpb_row vc_row-fluid\"><div class=\"wpb_column vc_column_container vc_col-sm-12\"><div class=\"vc_column-inner\"><div class=\"wpb_wrapper\"><h3 style=\"text-align: left\" class=\"vc_custom_heading vc_do_custom_heading\" >\u00bfQu\u00e9 ofrece el nuevo centro de servicio?<\/h3>\n\t<div class=\"wpb_text_column wpb_content_element\" >\n\t\t<div class=\"wpb_wrapper\">\n\t\t\t<p>El centro de servicio nos permite ofrecer ahora una gran variedad de servicios para autocaravanas directamente en el sitio en Speyer. Estos incluyen servicios de mantenimiento como inspecciones peri\u00f3dicas de estanqueidad, limpieza y cuidado de los veh\u00edculos, as\u00ed como reparaciones tras accidentes. Por \u00faltimo, aqu\u00ed tambi\u00e9n existe la posibilidad de atender solicitudes individuales de instalaci\u00f3n de accesorios, como por ejemplo, enganches para remolques o televisores inteligentes. Adem\u00e1s, el nuevo centro de servicio tambi\u00e9n integra la primera estaci\u00f3n de alquiler de Ahorn Rent en Speyer, con una selecci\u00f3n de 50 veh\u00edculos de alquiler y 18 modelos diferentes. Con la posibilidad adicional de comprar una autocaravana y una tienda de accesorios integrada, el Ahorn Camp Customer Experience Center re\u00fane finalmente todo bajo un mismo techo lo que el coraz\u00f3n de los autocaravanistas desea.<\/p>\n<p>En un terreno de 600 m\u00b2, un equipo de 15 personas se dedica a brindar asesoramiento experto tras la compra de la autocaravana, atendiendo lo mejor posible las consultas de servicio por tel\u00e9fono, correo electr\u00f3nico o en persona. All\u00ed tambi\u00e9n se puede solicitar una gran variedad de repuestos, que se env\u00edan directamente al lugar deseado desde nuestra log\u00edstica de almac\u00e9n. Mientras tanto, nuestro equipo de servicio de taller de 7 personas se encarga en el espacioso taller de que las autocaravanas de nuestros clientes est\u00e9n listas lo antes posible para las pr\u00f3ximas aventuras de viaje. Nuestro moderno centro de servicio tambi\u00e9n contribuye a la satisfacci\u00f3n de los empleados, que es muy importante para nosotros. Dado que la ubicaci\u00f3n en Espira funciona no solo como sucursal, sino tambi\u00e9n como sede central de la marca para toda Europa, aqu\u00ed se impulsan proyectos estrat\u00e9gicos de posventa y se coordina nuestra red de servicio con 64 socios de servicio en toda Europa bajo la exitosa direcci\u00f3n de la Sra. Armeni.<\/p>\n\n\t\t<\/div>\n\t<\/div>\n\n\t<div class=\"wpb_raw_code wpb_raw_html wpb_content_element\" >\n\t\t<div class=\"wpb_wrapper\">\n\t\t\t\t\t<div data-elementor-type=\"section\" data-elementor-id=\"16472\" class=\"elementor elementor-16472\" data-elementor-post-type=\"elementor_library\">\n\t\t\t\t\t<section class=\"elementor-section elementor-top-section elementor-element elementor-element-57f652b elementor-section-boxed elementor-section-height-default elementor-section-height-default\" data-id=\"57f652b\" data-element_type=\"section\" data-e-type=\"section\">\n\t\t\t\t\t\t<div class=\"elementor-container elementor-column-gap-default\">\n\t\t\t\t\t<div class=\"elementor-column elementor-col-100 elementor-top-column elementor-element elementor-element-e055056\" data-id=\"e055056\" data-element_type=\"column\" data-e-type=\"column\">\n\t\t\t<div class=\"elementor-widget-wrap elementor-element-populated\">\n\t\t\t\t\t\t<div class=\"elementor-element elementor-element-a922120 elementor-arrows-position-outside elementor-pagination-position-outside elementor-widget elementor-widget-image-carousel\" data-id=\"a922120\" data-element_type=\"widget\" data-e-type=\"widget\" data-settings=\"{&quot;slides_to_show&quot;:&quot;4&quot;,&quot;navigation&quot;:&quot;both&quot;,&quot;autoplay&quot;:&quot;yes&quot;,&quot;pause_on_hover&quot;:&quot;yes&quot;,&quot;pause_on_interaction&quot;:&quot;yes&quot;,&quot;autoplay_speed&quot;:5000,&quot;infinite&quot;:&quot;yes&quot;,&quot;speed&quot;:500}\" data-widget_type=\"image-carousel.default\">\n\t\t\t\t<div class=\"elementor-widget-container\">\n\t\t\t\t\t\t\t<div class=\"elementor-image-carousel-wrapper swiper\" role=\"region\" aria-roledescription=\"carousel\" aria-label=\"Carrusel de im\u00e1genes\" dir=\"ltr\">\n\t\t\t<div class=\"elementor-image-carousel swiper-wrapper\" aria-live=\"off\">\n\t\t\t\t\t\t\t\t<div class=\"swiper-slide\" role=\"group\" aria-roledescription=\"slide\" aria-label=\"1 de 6\"><a data-elementor-open-lightbox=\"yes\" data-elementor-lightbox-slideshow=\"a922120\" data-elementor-lightbox-title=\"Ahorn Camp Service Center\" data-e-action-hash=\"#elementor-action%3Aaction%3Dlightbox%26settings%3DeyJpZCI6MTYzMjksInVybCI6Imh0dHBzOlwvXC9haG9ybi1jYW1wLmRlXC93cC1jb250ZW50XC91cGxvYWRzXC8yMDIyXC8wNVwvQUhPUk4tU0VSVklDRS1DRU5URVItMjk2Mi5qcGciLCJzbGlkZXNob3ciOiJhOTIyMTIwIn0%3D\" href=\"https:\/\/ahorn-camp.de\/wp-content\/uploads\/2022\/05\/AHORN-SERVICE-CENTER-2962.jpg\"><figure class=\"swiper-slide-inner\"><img decoding=\"async\" class=\"swiper-slide-image\" src=\"https:\/\/ahorn-camp.de\/wp-content\/uploads\/2022\/05\/AHORN-SERVICE-CENTER-2962-1024x683.jpg\" alt=\"Ahorn Camp Centro de Servicio\" \/><\/figure><\/a><\/div><div class=\"swiper-slide\" role=\"group\" aria-roledescription=\"slide\" aria-label=\"2 de 6\"><a data-elementor-open-lightbox=\"yes\" data-elementor-lightbox-slideshow=\"a922120\" data-elementor-lightbox-title=\"Ahorn Rent Vermietung\" data-e-action-hash=\"#elementor-action%3Aaction%3Dlightbox%26settings%3DeyJpZCI6MTYzMzIsInVybCI6Imh0dHBzOlwvXC9haG9ybi1jYW1wLmRlXC93cC1jb250ZW50XC91cGxvYWRzXC8yMDIyXC8wNVwvQUhPUk4tUkVOVC0xMjc2MS5qcGciLCJzbGlkZXNob3ciOiJhOTIyMTIwIn0%3D\" href=\"https:\/\/ahorn-camp.de\/wp-content\/uploads\/2022\/05\/AHORN-RENT-12761.jpg\"><figure class=\"swiper-slide-inner\"><img decoding=\"async\" class=\"swiper-slide-image\" src=\"https:\/\/ahorn-camp.de\/wp-content\/uploads\/2022\/05\/AHORN-RENT-12761-1024x683.jpg\" alt=\"Alquiler de arces\" \/><\/figure><\/a><\/div><div class=\"swiper-slide\" role=\"group\" aria-roledescription=\"slide\" aria-label=\"3 de 6\"><a data-elementor-open-lightbox=\"yes\" data-elementor-lightbox-slideshow=\"a922120\" data-elementor-lightbox-title=\"Ahorn Camp Service und Werkstatt in der Niederlassung in Speyer\" data-elementor-lightbox-description=\"Ahorn Camp Service und Werkstatt in der Niederlassung in Speyer\" data-e-action-hash=\"#elementor-action%3Aaction%3Dlightbox%26settings%3DeyJpZCI6MTYzMzEsInVybCI6Imh0dHBzOlwvXC9haG9ybi1jYW1wLmRlXC93cC1jb250ZW50XC91cGxvYWRzXC8yMDIyXC8wNVwvQUhPUk4tV0VSS1NUQVRULTEyNzgxLmpwZyIsInNsaWRlc2hvdyI6ImE5MjIxMjAifQ%3D%3D\" href=\"https:\/\/ahorn-camp.de\/wp-content\/uploads\/2022\/05\/AHORN-WERKSTATT-12781.jpg\"><figure class=\"swiper-slide-inner\"><img decoding=\"async\" class=\"swiper-slide-image\" src=\"https:\/\/ahorn-camp.de\/wp-content\/uploads\/2022\/05\/AHORN-WERKSTATT-12781-1024x683.jpg\" alt=\"Ahorn Camp Servicio y taller en la sucursal de Speyer\" \/><\/figure><\/a><\/div><div class=\"swiper-slide\" role=\"group\" aria-roledescription=\"slide\" aria-label=\"4 de 6\"><a data-elementor-open-lightbox=\"yes\" data-elementor-lightbox-slideshow=\"a922120\" data-elementor-lightbox-title=\"Ahorn Camp Service Center\" data-e-action-hash=\"#elementor-action%3Aaction%3Dlightbox%26settings%3DeyJpZCI6MTYzMzAsInVybCI6Imh0dHBzOlwvXC9haG9ybi1jYW1wLmRlXC93cC1jb250ZW50XC91cGxvYWRzXC8yMDIyXC8wNVwvQUhPUk4tU0VSVklDRS0xMjcyOC5qcGciLCJzbGlkZXNob3ciOiJhOTIyMTIwIn0%3D\" href=\"https:\/\/ahorn-camp.de\/wp-content\/uploads\/2022\/05\/AHORN-SERVICE-12728.jpg\"><figure class=\"swiper-slide-inner\"><img decoding=\"async\" class=\"swiper-slide-image\" src=\"https:\/\/ahorn-camp.de\/wp-content\/uploads\/2022\/05\/AHORN-SERVICE-12728-1024x683.jpg\" alt=\"Ahorn Camp Centro de Servicio\" \/><\/figure><\/a><\/div><div class=\"swiper-slide\" role=\"group\" aria-roledescription=\"slide\" aria-label=\"5 de 6\"><a data-elementor-open-lightbox=\"yes\" data-elementor-lightbox-slideshow=\"a922120\" data-elementor-lightbox-title=\"Ahorn Camp Merchandise Shop\" data-e-action-hash=\"#elementor-action%3Aaction%3Dlightbox%26settings%3DeyJpZCI6MTYzMjgsInVybCI6Imh0dHBzOlwvXC9haG9ybi1jYW1wLmRlXC93cC1jb250ZW50XC91cGxvYWRzXC8yMDIyXC8wNVwvQUhPUk4tU0VSVklDRS1DRU5URVItMjkzMS5qcGciLCJzbGlkZXNob3ciOiJhOTIyMTIwIn0%3D\" href=\"https:\/\/ahorn-camp.de\/wp-content\/uploads\/2022\/05\/AHORN-SERVICE-CENTER-2931.jpg\"><figure class=\"swiper-slide-inner\"><img decoding=\"async\" class=\"swiper-slide-image\" src=\"https:\/\/ahorn-camp.de\/wp-content\/uploads\/2022\/05\/AHORN-SERVICE-CENTER-2931-1024x683.jpg\" alt=\"Ahorn Camp Tienda de Merchandise\" \/><\/figure><\/a><\/div><div class=\"swiper-slide\" role=\"group\" aria-roledescription=\"slide\" aria-label=\"6 de 6\"><a data-elementor-open-lightbox=\"yes\" data-elementor-lightbox-slideshow=\"a922120\" data-elementor-lightbox-title=\"Ahorn Camp Service Center\" data-e-action-hash=\"#elementor-action%3Aaction%3Dlightbox%26settings%3DeyJpZCI6MTYzMjcsInVybCI6Imh0dHBzOlwvXC9haG9ybi1jYW1wLmRlXC93cC1jb250ZW50XC91cGxvYWRzXC8yMDIyXC8wNVwvQUhPUk4tQ0FMTENFTlRFUi0xMjYyMC5qcGciLCJzbGlkZXNob3ciOiJhOTIyMTIwIn0%3D\" href=\"https:\/\/ahorn-camp.de\/wp-content\/uploads\/2022\/05\/AHORN-CALLCENTER-12620.jpg\"><figure class=\"swiper-slide-inner\"><img decoding=\"async\" class=\"swiper-slide-image\" src=\"https:\/\/ahorn-camp.de\/wp-content\/uploads\/2022\/05\/AHORN-CALLCENTER-12620-1024x683.jpg\" alt=\"Ahorn Camp Centro de Servicio\" \/><\/figure><\/a><\/div>\t\t\t<\/div>\n\t\t\t\t\t\t\t\t\t\t\t\t<div class=\"elementor-swiper-button elementor-swiper-button-prev\" role=\"button\" tabindex=\"0\">\n\t\t\t\t\t\t<i aria-hidden=\"true\" class=\"eicon-chevron-left\"><\/i>\t\t\t\t\t<\/div>\n\t\t\t\t\t<div class=\"elementor-swiper-button elementor-swiper-button-next\" role=\"button\" tabindex=\"0\">\n\t\t\t\t\t\t<i aria-hidden=\"true\" class=\"eicon-chevron-right\"><\/i>\t\t\t\t\t<\/div>\n\t\t\t\t\n\t\t\t\t\t\t\t\t\t<div class=\"swiper-pagination\"><\/div>\n\t\t\t\t\t\t\t\t\t<\/div>\n\t\t\t\t\t\t<\/div>\n\t\t\t\t<\/div>\n\t\t\t\t\t<\/div>\n\t\t<\/div>\n\t\t\t\t\t<\/div>\n\t\t<\/section>\n\t\t\t\t<\/div>\n\t\t\n\t\t<\/div>\n\t<\/div>\n<h3 style=\"text-align: left\" class=\"vc_custom_heading vc_do_custom_heading\" >Posicionamiento estrat\u00e9gico de Ahorn Camp y Ahorn Rent<\/h3>\n\t<div class=\"wpb_text_column wpb_content_element\" >\n\t\t<div class=\"wpb_wrapper\">\n\t\t\t<p>Con nuestro nuevo centro de servicio y alquiler, nos posicionamos de cara al futuro y con visi\u00f3n de futuro con respecto a las exigencias de los pr\u00f3ximos a\u00f1os. \u201cHemos crecido muy r\u00e1pido y seguimos expandi\u00e9ndonos, reconociendo as\u00ed la gran necesidad y el potencial en el \u00e1rea de postventa. Nuestro objetivo es acompa\u00f1ar a los clientes durante el ciclo de vida de su autocaravana adquirida y brindarles el mejor apoyo posible en asuntos como la mejora o el mantenimiento de su veh\u00edculo. Esto tambi\u00e9n incluye la identificaci\u00f3n de la marca, que ampliamos con productos de merchandising y nuestra mascota\u201d, afirma Ahorn Camp el director general Alexander Reichmann. Adem\u00e1s, se centra en ofrecer c\u00f3modas opciones de alquiler in situ a personas que no contemplan una compra directa, acerc\u00e1ndoles as\u00ed el tema de las autocaravanas. \u201cAh\u00ed vemos nuestra gran misi\u00f3n\u201d, explica Reichmann, \u201cporque as\u00ed ganamos al cliente de autocaravanas del ma\u00f1ana\u201d.<\/p>\n\n\t\t<\/div>\n\t<\/div>\n<\/div><\/div><\/div><\/div><div class=\"vc_row wpb_row vc_row-fluid\"><div class=\"wpb_column vc_column_container vc_col-sm-12\"><div class=\"vc_column-inner\"><div class=\"wpb_wrapper\"><\/div><\/div><\/div><\/div>\n<\/div>","protected":false},"excerpt":{"rendered":"<p>El 8 de abril de 2022, abrimos solemnemente las puertas de nuestro nuevo Centro de Servicio Ahorn y de nuestra estaci\u00f3n de alquiler Ahorn Rent en Speyer. <\/p>","protected":false},"author":2,"featured_media":16340,"comment_status":"closed","ping_status":"closed","sticky":false,"template":"","format":"standard","meta":{"content-type":"","footnotes":""},"categories":[277],"tags":[],"class_list":["post-16325","post","type-post","status-publish","format-standard","has-post-thumbnail","hentry","category-pressemitteilungen"],"yoast_head":"<!-- This site is optimized with the Yoast SEO plugin v28.4 - https:\/\/yoast.com\/product\/yoast-seo-wordpress\/ -->\n<title>- Ahorn Camp | Reisemobile und Kastenwagen<\/title>\n<meta name=\"description\" content=\"Am 8. April 2022 er\u00f6ffneten wir feierlich die T\u00fcren zu unserem neuen Ahorn Camp Service und Miet-Center in Speyer er\u00f6ffnet.\" \/>\n<meta name=\"robots\" content=\"index, follow, max-snippet:-1, max-image-preview:large, max-video-preview:-1\" \/>\n<link rel=\"canonical\" href=\"https:\/\/ahorn-camp.de\/es\/apertura-centro-de-servicio-speyer\/\" \/>\n<meta property=\"og:locale\" content=\"es_ES\" \/>\n<meta property=\"og:type\" content=\"article\" \/>\n<meta property=\"og:title\" content=\"- Ahorn Camp | Reisemobile und Kastenwagen\" \/>\n<meta property=\"og:description\" content=\"Am 8. April 2022 er\u00f6ffneten wir feierlich die T\u00fcren zu unserem neuen Ahorn Camp Service und Miet-Center in Speyer er\u00f6ffnet.\" \/>\n<meta property=\"og:url\" content=\"https:\/\/ahorn-camp.de\/es\/apertura-centro-de-servicio-speyer\/\" \/>\n<meta property=\"og:site_name\" content=\"Ahorn Camp | Reisemobile und Kastenwagen\" \/>\n<meta property=\"article:publisher\" content=\"https:\/\/www.facebook.com\/ahorn.wohnmobile\/\" \/>\n<meta property=\"article:published_time\" content=\"2022-05-05T08:46:42+00:00\" \/>\n<meta property=\"article:modified_time\" content=\"2022-06-14T11:53:46+00:00\" \/>\n<meta property=\"og:image\" content=\"https:\/\/ahorn-camp.de\/wp-content\/uploads\/2022\/05\/Ahorn-Camp-Service-Center-1024x683.png\" \/>\n\t<meta property=\"og:image:width\" content=\"1024\" \/>\n\t<meta property=\"og:image:height\" content=\"683\" \/>\n\t<meta property=\"og:image:type\" content=\"image\/png\" \/>\n<meta name=\"author\" content=\"ahorn_admin\" \/>\n<meta name=\"twitter:card\" content=\"summary_large_image\" \/>\n<meta name=\"twitter:label1\" content=\"Escrito por\" \/>\n\t<meta name=\"twitter:data1\" content=\"ahorn_admin\" \/>\n\t<meta name=\"twitter:label2\" content=\"Tiempo de lectura\" \/>\n\t<meta name=\"twitter:data2\" content=\"4 minutos\" \/>\n<script type=\"application\/ld+json\" class=\"yoast-schema-graph\">{\"@context\":\"https:\\\/\\\/schema.org\",\"@graph\":[{\"@type\":\"Article\",\"@id\":\"https:\\\/\\\/ahorn-camp.de\\\/eroeffnung-service-center-speyer\\\/#article\",\"isPartOf\":{\"@id\":\"https:\\\/\\\/ahorn-camp.de\\\/eroeffnung-service-center-speyer\\\/\"},\"author\":{\"name\":\"ahorn_admin\",\"@id\":\"https:\\\/\\\/ahorn-camp.de\\\/#\\\/schema\\\/person\\\/9b60761ba82d5cb8e6db215a88925044\"},\"headline\":\"Das neue Service Center in Speyer\",\"datePublished\":\"2022-05-05T08:46:42+00:00\",\"dateModified\":\"2022-06-14T11:53:46+00:00\",\"mainEntityOfPage\":{\"@id\":\"https:\\\/\\\/ahorn-camp.de\\\/eroeffnung-service-center-speyer\\\/\"},\"wordCount\":750,\"publisher\":{\"@id\":\"https:\\\/\\\/ahorn-camp.de\\\/#organization\"},\"image\":{\"@id\":\"https:\\\/\\\/ahorn-camp.de\\\/eroeffnung-service-center-speyer\\\/#primaryimage\"},\"thumbnailUrl\":\"https:\\\/\\\/ahorn-camp.de\\\/wp-content\\\/uploads\\\/2022\\\/05\\\/Ahorn-Camp-Service-Center.png\",\"articleSection\":[\"Pressemitteilungen\"],\"inLanguage\":\"es\"},{\"@type\":\"WebPage\",\"@id\":\"https:\\\/\\\/ahorn-camp.de\\\/eroeffnung-service-center-speyer\\\/\",\"url\":\"https:\\\/\\\/ahorn-camp.de\\\/eroeffnung-service-center-speyer\\\/\",\"name\":\"- Ahorn Camp | Reisemobile und Kastenwagen\",\"isPartOf\":{\"@id\":\"https:\\\/\\\/ahorn-camp.de\\\/#website\"},\"primaryImageOfPage\":{\"@id\":\"https:\\\/\\\/ahorn-camp.de\\\/eroeffnung-service-center-speyer\\\/#primaryimage\"},\"image\":{\"@id\":\"https:\\\/\\\/ahorn-camp.de\\\/eroeffnung-service-center-speyer\\\/#primaryimage\"},\"thumbnailUrl\":\"https:\\\/\\\/ahorn-camp.de\\\/wp-content\\\/uploads\\\/2022\\\/05\\\/Ahorn-Camp-Service-Center.png\",\"datePublished\":\"2022-05-05T08:46:42+00:00\",\"dateModified\":\"2022-06-14T11:53:46+00:00\",\"description\":\"Am 8. April 2022 er\u00f6ffneten wir feierlich die T\u00fcren zu unserem neuen Ahorn Camp Service und Miet-Center in Speyer er\u00f6ffnet.\",\"breadcrumb\":{\"@id\":\"https:\\\/\\\/ahorn-camp.de\\\/eroeffnung-service-center-speyer\\\/#breadcrumb\"},\"inLanguage\":\"es\",\"potentialAction\":[{\"@type\":\"ReadAction\",\"target\":[\"https:\\\/\\\/ahorn-camp.de\\\/eroeffnung-service-center-speyer\\\/\"]}]},{\"@type\":\"ImageObject\",\"inLanguage\":\"es\",\"@id\":\"https:\\\/\\\/ahorn-camp.de\\\/eroeffnung-service-center-speyer\\\/#primaryimage\",\"url\":\"https:\\\/\\\/ahorn-camp.de\\\/wp-content\\\/uploads\\\/2022\\\/05\\\/Ahorn-Camp-Service-Center.png\",\"contentUrl\":\"https:\\\/\\\/ahorn-camp.de\\\/wp-content\\\/uploads\\\/2022\\\/05\\\/Ahorn-Camp-Service-Center.png\",\"width\":1500,\"height\":1000,\"caption\":\"Ahorn Camp Service Center\"},{\"@type\":\"BreadcrumbList\",\"@id\":\"https:\\\/\\\/ahorn-camp.de\\\/eroeffnung-service-center-speyer\\\/#breadcrumb\",\"itemListElement\":[{\"@type\":\"ListItem\",\"position\":1,\"name\":\"Startseite\",\"item\":\"https:\\\/\\\/ahorn-camp.de\\\/\"},{\"@type\":\"ListItem\",\"position\":2,\"name\":\"Das neue Service Center in Speyer\"}]},{\"@type\":\"WebSite\",\"@id\":\"https:\\\/\\\/ahorn-camp.de\\\/#website\",\"url\":\"https:\\\/\\\/ahorn-camp.de\\\/\",\"name\":\"Ahorn Camp | Reisemobile und Kastenwagen\",\"description\":\"Seit \u00fcber 30 Jahren vermarktet das Familienunternehmen, Ahorn Camp in Speyer, erfolgreich Wohnmobile und Kastenwagen zum besten Preis-Leistungsverh\u00e4ltnis.\",\"publisher\":{\"@id\":\"https:\\\/\\\/ahorn-camp.de\\\/#organization\"},\"potentialAction\":[{\"@type\":\"SearchAction\",\"target\":{\"@type\":\"EntryPoint\",\"urlTemplate\":\"https:\\\/\\\/ahorn-camp.de\\\/?s={search_term_string}\"},\"query-input\":{\"@type\":\"PropertyValueSpecification\",\"valueRequired\":true,\"valueName\":\"search_term_string\"}}],\"inLanguage\":\"es\"},{\"@type\":\"Organization\",\"@id\":\"https:\\\/\\\/ahorn-camp.de\\\/#organization\",\"name\":\"Ahorn Camp GmbH & Co. KG\",\"url\":\"https:\\\/\\\/ahorn-camp.de\\\/\",\"logo\":{\"@type\":\"ImageObject\",\"inLanguage\":\"es\",\"@id\":\"https:\\\/\\\/ahorn-camp.de\\\/#\\\/schema\\\/logo\\\/image\\\/\",\"url\":\"https:\\\/\\\/ahorn-camp.de\\\/wp-content\\\/uploads\\\/2018\\\/12\\\/Ahorn_Logo.jpg\",\"contentUrl\":\"https:\\\/\\\/ahorn-camp.de\\\/wp-content\\\/uploads\\\/2018\\\/12\\\/Ahorn_Logo.jpg\",\"width\":1437,\"height\":1000,\"caption\":\"Ahorn Camp GmbH & Co. KG\"},\"image\":{\"@id\":\"https:\\\/\\\/ahorn-camp.de\\\/#\\\/schema\\\/logo\\\/image\\\/\"},\"sameAs\":[\"https:\\\/\\\/www.facebook.com\\\/ahorn.wohnmobile\\\/\",\"https:\\\/\\\/www.instagram.com\\\/ahorn.camp\\\/\",\"https:\\\/\\\/www.youtube.com\\\/channel\\\/UCPFbPCts1JJ_A1k9vyH0yOQ\"]},{\"@type\":\"Person\",\"@id\":\"https:\\\/\\\/ahorn-camp.de\\\/#\\\/schema\\\/person\\\/9b60761ba82d5cb8e6db215a88925044\",\"name\":\"ahorn_admin\",\"image\":{\"@type\":\"ImageObject\",\"inLanguage\":\"es\",\"@id\":\"https:\\\/\\\/secure.gravatar.com\\\/avatar\\\/d96b9a078083b0c14cee48589feadd939c3cdd66547e2f3f1569470371daaaa5?s=96&d=mm&r=g\",\"url\":\"https:\\\/\\\/secure.gravatar.com\\\/avatar\\\/d96b9a078083b0c14cee48589feadd939c3cdd66547e2f3f1569470371daaaa5?s=96&d=mm&r=g\",\"contentUrl\":\"https:\\\/\\\/secure.gravatar.com\\\/avatar\\\/d96b9a078083b0c14cee48589feadd939c3cdd66547e2f3f1569470371daaaa5?s=96&d=mm&r=g\",\"caption\":\"ahorn_admin\"},\"sameAs\":[\"http:\\\/\\\/Ahorn%20Camp\"],\"url\":\"https:\\\/\\\/ahorn-camp.de\\\/es\\\/author\\\/ahorn_admin\\\/\"}]}<\/script>\n<!-- \/ Yoast SEO plugin. -->","yoast_head_json":{"title":"- Ahorn Camp | Autocaravanas y furgonetas camper","description":"El 8 de abril de 2022, abrimos oficialmente las puertas de nuestro nuevo Ahorn Camp Centro de Servicio y Alquiler en Speyer.","robots":{"index":"index","follow":"follow","max-snippet":"max-snippet:-1","max-image-preview":"max-image-preview:large","max-video-preview":"max-video-preview:-1"},"canonical":"https:\/\/ahorn-camp.de\/es\/apertura-centro-de-servicio-speyer\/","og_locale":"es_ES","og_type":"article","og_title":"- Ahorn Camp | Reisemobile und Kastenwagen","og_description":"Am 8. April 2022 er\u00f6ffneten wir feierlich die T\u00fcren zu unserem neuen Ahorn Camp Service und Miet-Center in Speyer er\u00f6ffnet.","og_url":"https:\/\/ahorn-camp.de\/es\/apertura-centro-de-servicio-speyer\/","og_site_name":"Ahorn Camp | Reisemobile und Kastenwagen","article_publisher":"https:\/\/www.facebook.com\/ahorn.wohnmobile\/","article_published_time":"2022-05-05T08:46:42+00:00","article_modified_time":"2022-06-14T11:53:46+00:00","og_image":[{"width":1024,"height":683,"url":"https:\/\/ahorn-camp.de\/wp-content\/uploads\/2022\/05\/Ahorn-Camp-Service-Center-1024x683.png","type":"image\/png"}],"author":"ahorn_admin","twitter_card":"summary_large_image","twitter_misc":{"Escrito por":"ahorn_admin","Tiempo de lectura":"4 minutos"},"schema":{"@context":"https:\/\/schema.org","@graph":[{"@type":"Article","@id":"https:\/\/ahorn-camp.de\/eroeffnung-service-center-speyer\/#article","isPartOf":{"@id":"https:\/\/ahorn-camp.de\/eroeffnung-service-center-speyer\/"},"author":{"name":"ahorn_admin","@id":"https:\/\/ahorn-camp.de\/#\/schema\/person\/9b60761ba82d5cb8e6db215a88925044"},"headline":"Das neue Service Center in Speyer","datePublished":"2022-05-05T08:46:42+00:00","dateModified":"2022-06-14T11:53:46+00:00","mainEntityOfPage":{"@id":"https:\/\/ahorn-camp.de\/eroeffnung-service-center-speyer\/"},"wordCount":750,"publisher":{"@id":"https:\/\/ahorn-camp.de\/#organization"},"image":{"@id":"https:\/\/ahorn-camp.de\/eroeffnung-service-center-speyer\/#primaryimage"},"thumbnailUrl":"https:\/\/ahorn-camp.de\/wp-content\/uploads\/2022\/05\/Ahorn-Camp-Service-Center.png","articleSection":["Pressemitteilungen"],"inLanguage":"es"},{"@type":"WebPage","@id":"https:\/\/ahorn-camp.de\/eroeffnung-service-center-speyer\/","url":"https:\/\/ahorn-camp.de\/eroeffnung-service-center-speyer\/","name":"- Ahorn Camp | Autocaravanas y furgonetas camper","isPartOf":{"@id":"https:\/\/ahorn-camp.de\/#website"},"primaryImageOfPage":{"@id":"https:\/\/ahorn-camp.de\/eroeffnung-service-center-speyer\/#primaryimage"},"image":{"@id":"https:\/\/ahorn-camp.de\/eroeffnung-service-center-speyer\/#primaryimage"},"thumbnailUrl":"https:\/\/ahorn-camp.de\/wp-content\/uploads\/2022\/05\/Ahorn-Camp-Service-Center.png","datePublished":"2022-05-05T08:46:42+00:00","dateModified":"2022-06-14T11:53:46+00:00","description":"El 8 de abril de 2022, abrimos oficialmente las puertas de nuestro nuevo Ahorn Camp Centro de Servicio y Alquiler en Speyer.","breadcrumb":{"@id":"https:\/\/ahorn-camp.de\/eroeffnung-service-center-speyer\/#breadcrumb"},"inLanguage":"es","potentialAction":[{"@type":"ReadAction","target":["https:\/\/ahorn-camp.de\/eroeffnung-service-center-speyer\/"]}]},{"@type":"ImageObject","inLanguage":"es","@id":"https:\/\/ahorn-camp.de\/eroeffnung-service-center-speyer\/#primaryimage","url":"https:\/\/ahorn-camp.de\/wp-content\/uploads\/2022\/05\/Ahorn-Camp-Service-Center.png","contentUrl":"https:\/\/ahorn-camp.de\/wp-content\/uploads\/2022\/05\/Ahorn-Camp-Service-Center.png","width":1500,"height":1000,"caption":"Ahorn Camp Service Center"},{"@type":"BreadcrumbList","@id":"https:\/\/ahorn-camp.de\/eroeffnung-service-center-speyer\/#breadcrumb","itemListElement":[{"@type":"ListItem","position":1,"name":"Startseite","item":"https:\/\/ahorn-camp.de\/"},{"@type":"ListItem","position":2,"name":"Das neue Service Center in Speyer"}]},{"@type":"WebSite","@id":"https:\/\/ahorn-camp.de\/#website","url":"https:\/\/ahorn-camp.de\/","name":"Ahorn Camp | Autocaravanas y furgonetas camper","description":"Desde hace m\u00e1s de 30 a\u00f1os, la empresa familiar, Ahorn Camp en Speyer, comercializa con \u00e9xito caravanas y furgonetas camper a la mejor relaci\u00f3n calidad-precio.","publisher":{"@id":"https:\/\/ahorn-camp.de\/#organization"},"potentialAction":[{"@type":"SearchAction","target":{"@type":"EntryPoint","urlTemplate":"https:\/\/ahorn-camp.de\/?s={search_term_string}"},"query-input":{"@type":"PropertyValueSpecification","valueRequired":true,"valueName":"search_term_string"}}],"inLanguage":"es"},{"@type":"Organization","@id":"https:\/\/ahorn-camp.de\/#organization","name":"Ahorn Camp GmbH &amp; Co. KG","url":"https:\/\/ahorn-camp.de\/","logo":{"@type":"ImageObject","inLanguage":"es","@id":"https:\/\/ahorn-camp.de\/#\/schema\/logo\/image\/","url":"https:\/\/ahorn-camp.de\/wp-content\/uploads\/2018\/12\/Ahorn_Logo.jpg","contentUrl":"https:\/\/ahorn-camp.de\/wp-content\/uploads\/2018\/12\/Ahorn_Logo.jpg","width":1437,"height":1000,"caption":"Ahorn Camp GmbH & Co. KG"},"image":{"@id":"https:\/\/ahorn-camp.de\/#\/schema\/logo\/image\/"},"sameAs":["https:\/\/www.facebook.com\/ahorn.wohnmobile\/","https:\/\/www.instagram.com\/ahorn.camp\/","https:\/\/www.youtube.com\/channel\/UCPFbPCts1JJ_A1k9vyH0yOQ"]},{"@type":"Person","@id":"https:\/\/ahorn-camp.de\/#\/schema\/person\/9b60761ba82d5cb8e6db215a88925044","name":"ahorn_admin","image":{"@type":"ImageObject","inLanguage":"es","@id":"https:\/\/secure.gravatar.com\/avatar\/d96b9a078083b0c14cee48589feadd939c3cdd66547e2f3f1569470371daaaa5?s=96&d=mm&r=g","url":"https:\/\/secure.gravatar.com\/avatar\/d96b9a078083b0c14cee48589feadd939c3cdd66547e2f3f1569470371daaaa5?s=96&d=mm&r=g","contentUrl":"https:\/\/secure.gravatar.com\/avatar\/d96b9a078083b0c14cee48589feadd939c3cdd66547e2f3f1569470371daaaa5?s=96&d=mm&r=g","caption":"ahorn_admin"},"sameAs":["http:\/\/Ahorn%20Camp"],"url":"https:\/\/ahorn-camp.de\/es\/author\/ahorn_admin\/"}]}},"_links":{"self":[{"href":"https:\/\/ahorn-camp.de\/es\/wp-json\/wp\/v2\/posts\/16325","targetHints":{"allow":["GET"]}}],"collection":[{"href":"https:\/\/ahorn-camp.de\/es\/wp-json\/wp\/v2\/posts"}],"about":[{"href":"https:\/\/ahorn-camp.de\/es\/wp-json\/wp\/v2\/types\/post"}],"author":[{"embeddable":true,"href":"https:\/\/ahorn-camp.de\/es\/wp-json\/wp\/v2\/users\/2"}],"replies":[{"embeddable":true,"href":"https:\/\/ahorn-camp.de\/es\/wp-json\/wp\/v2\/comments?post=16325"}],"version-history":[{"count":0,"href":"https:\/\/ahorn-camp.de\/es\/wp-json\/wp\/v2\/posts\/16325\/revisions"}],"wp:featuredmedia":[{"embeddable":true,"href":"https:\/\/ahorn-camp.de\/es\/wp-json\/wp\/v2\/media\/16340"}],"wp:attachment":[{"href":"https:\/\/ahorn-camp.de\/es\/wp-json\/wp\/v2\/media?parent=16325"}],"wp:term":[{"taxonomy":"category","embeddable":true,"href":"https:\/\/ahorn-camp.de\/es\/wp-json\/wp\/v2\/categories?post=16325"},{"taxonomy":"post_tag","embeddable":true,"href":"https:\/\/ahorn-camp.de\/es\/wp-json\/wp\/v2\/tags?post=16325"}],"curies":[{"name":"wp","href":"https:\/\/api.w.org\/{rel}","templated":true}]}}