{"id":16123,"date":"2022-04-20T10:42:31","date_gmt":"2022-04-20T08:42:31","guid":{"rendered":"https:\/\/ahorn-camp.de\/?p=16123"},"modified":"2024-04-04T12:53:51","modified_gmt":"2024-04-04T10:53:51","slug":"pequeno-zorro","status":"publish","type":"post","link":"https:\/\/ahorn-camp.de\/es\/ahoernchen\/","title":{"rendered":"Nuestra nueva mascota Ahorn Camp: El Ardillita"},"content":{"rendered":"<div class=\"wpb-content-wrapper\" id=\"wpb-content-root\"><div class=\"vc_row wpb_row vc_row-fluid\"><div class=\"wpb_column vc_column_container vc_col-sm-12\"><div class=\"vc_column-inner\"><div class=\"wpb_wrapper\">\n\t<div class=\"wpb_text_column wpb_content_element\" >\n\t\t<div class=\"wpb_wrapper\">\n\t\t\t<p style=\"margin: 0cm; margin-bottom: .0001pt; background: white;\"><strong>Desde el 7 de abril de 2022, Ahorn Camp cuenta con una mascota propia: el suave y mimoso, y amante de los viajes\u00a0<a href=\"https:\/\/ahorn-camp.de\/es\/product\/pequeno-zorro\/\"><i>Peque\u00f1o cuerno<\/i>.<\/a><\/strong><\/p>\n\n\t\t<\/div>\n\t<\/div>\n<\/div><\/div><\/div><\/div><div class=\"vc_row wpb_row vc_row-fluid\"><div class=\"wpb_column vc_column_container vc_col-sm-6\"><div class=\"vc_column-inner\"><div class=\"wpb_wrapper\">\n\t<div class=\"wpb_text_column wpb_content_element\" >\n\t\t<div class=\"wpb_wrapper\">\n\t\t\t<p style=\"margin: 0cm; margin-bottom: .0001pt; background: white;\">De hecho, tras enterarnos de que muchos de nuestros clientes le ponen a su autocaravana este apodo \u2014que es una mezcla de las palabras \u00abarce\u00bb y \u00abardilla\u00bb\u2014 y de que tanto ellos como los empleados de Ahorn Camp deseaban tener una mascota con la que poder interactuar, nos pusimos manos a la obra, junto con la empresa de peluches de Heidelberg openmindz GmbH, para desarrollar un s\u00edmbolo para nuestra empresa. Tras una fase de desarrollo de cuatro a\u00f1os, desde la idea inicial hasta la producci\u00f3n y la entrega, hace dos semanas, con motivo de la inauguraci\u00f3n de nuestro centro de servicio, pudimos por fin presentar con orgullo el resultado: una ardilla marr\u00f3n y blanca que lleva en el pecho nuestro logotipo de Ahorn-Camp y un pa\u00f1uelo azul al cuello.<\/p>\n<p>&nbsp;<\/p>\n<p style=\"margin: 0cm; margin-bottom: .0001pt; background: white;\">Las ventajas de nuestro Ah\u00f6rnchen son variadas. No solo es dulce a la vista, un buen compa\u00f1ero de abrazos y un gran compa\u00f1ero de viaje, sino que adem\u00e1s se ha fabricado de forma neutra en carbono y con amor a mano, ofreciendo una dimensi\u00f3n completamente nueva de identificaci\u00f3n de marca, y todo ello sin remordimientos hacia nuestra naturaleza. De hecho, todos los Ah\u00f6rnchen se han producido y entregado de manera que se apoyan de forma sostenible los objetivos de la ONU en la lucha contra el cambio clim\u00e1tico. Por lo tanto, incluso en este aspecto, el Ah\u00f6rnchen representa completamente nuestra marca, que aboga por los viajes respetuosos con el clima.<\/p>\n\n\t\t<\/div>\n\t<\/div>\n<\/div><\/div><\/div><div class=\"wpb_column vc_column_container vc_col-sm-6\"><div class=\"vc_column-inner\"><div class=\"wpb_wrapper\">\n\t<div  class=\"wpb_single_image wpb_content_element vc_align_left wpb_content_element\">\n\t\t\n\t\t<figure class=\"wpb_wrapper vc_figure\">\n\t\t\t<div class=\"vc_single_image-wrapper\"><img fetchpriority=\"high\" decoding=\"async\" width=\"300\" height=\"200\" src=\"https:\/\/ahorn-camp.de\/wp-content\/uploads\/2022\/04\/AHORN-DAYS-D1-2849-300x200.jpg\" class=\"vc_single_image-img attachment-medium\" alt=\"Peque\u00f1o cuerno\" title=\"Peque\u00f1o cuerno\" srcset=\"https:\/\/ahorn-camp.de\/wp-content\/uploads\/2022\/04\/AHORN-DAYS-D1-2849-300x200.jpg 300w, https:\/\/ahorn-camp.de\/wp-content\/uploads\/2022\/04\/AHORN-DAYS-D1-2849-1024x683.jpg 1024w, https:\/\/ahorn-camp.de\/wp-content\/uploads\/2022\/04\/AHORN-DAYS-D1-2849-768x512.jpg 768w, https:\/\/ahorn-camp.de\/wp-content\/uploads\/2022\/04\/AHORN-DAYS-D1-2849-800x533.jpg 800w, https:\/\/ahorn-camp.de\/wp-content\/uploads\/2022\/04\/AHORN-DAYS-D1-2849-1536x1024.jpg 1536w, https:\/\/ahorn-camp.de\/wp-content\/uploads\/2022\/04\/AHORN-DAYS-D1-2849.jpg 2048w\" sizes=\"(max-width: 300px) 100vw, 300px\" \/><\/div>\n\t\t<\/figure>\n\t<\/div>\n<h3 style=\"text-align: left\" class=\"vc_custom_heading vc_do_custom_heading\" >DESCARGAS<\/h3>\n\t<div class=\"wpb_text_column wpb_content_element\" >\n\t\t<div class=\"wpb_wrapper\">\n\t\t\t<p><a href=\"https:\/\/ahorn-camp.de\/wp-content\/uploads\/2022\/04\/Ahoernchen.pdf\">Comunicado de prensa | PDF<\/a><br \/>\n<a href=\"https:\/\/www.dropbox.com\/sh\/4tulxawk3m8j8ek\/AAA4nCmCXdFdQJb_vqrK-guza?dl=0\">Material gr\u00e1fico | JPEG<\/a><\/p>\n\n\t\t<\/div>\n\t<\/div>\n<h3 style=\"text-align: left\" class=\"vc_custom_heading vc_do_custom_heading\" >CONTACTO DE PRENSA<\/h3>\n\t<div class=\"wpb_text_column wpb_content_element\" >\n\t\t<div class=\"wpb_wrapper\">\n\t\t\t<p>Franziska Reichmann<br \/>\nfreichmann@ahorn-camp.de<br \/>\nTel: +49 (0) 6232 10028 165<\/p>\n\n\t\t<\/div>\n\t<\/div>\n<\/div><\/div><\/div><\/div><div class=\"vc_row wpb_row vc_row-fluid\"><div class=\"wpb_column vc_column_container vc_col-sm-12\"><div class=\"vc_column-inner\"><div class=\"wpb_wrapper\">\n<div class=\"vc_grid-container-wrapper vc_clearfix vc_grid-animation-fadeIn\">\n\t<div class=\"vc_grid-container vc_clearfix wpb_content_element vc_media_grid\" style=\"--vc-grid-gap:5px;--vc-grid-arrows-color:#5472D2;--vc-grid-paging-color:#EBEBEB;\" data-initial-loading-animation=\"fadeIn\" data-vc-grid-settings=\"{&quot;page_id&quot;:16123,&quot;style&quot;:&quot;all&quot;,&quot;action&quot;:&quot;vc_get_vc_grid_data&quot;,&quot;shortcode_id&quot;:&quot;1650461351955-d049e0a1-67bb-8&quot;,&quot;tag&quot;:&quot;vc_media_grid&quot;}\" data-vc-request=\"https:\/\/ahorn-camp.de\/wp-admin\/admin-ajax.php\" data-vc-post-id=\"16123\" data-vc-public-nonce=\"fcab567e5f\">\n\t\t\n\t<\/div>\n<\/div><\/div><\/div><\/div><\/div>\n<\/div>","protected":false},"excerpt":{"rendered":"<p>\u00a1Acogedor, aventurero y adorable! Recientemente hemos dado la bienvenida a nuestra familia de arces a nuestra mascota, el peque\u00f1o ardilla. De arce y ardilla naci\u00f3 \"Ah\u00f6rnchen\". <\/p>","protected":false},"author":2,"featured_media":16131,"comment_status":"closed","ping_status":"closed","sticky":false,"template":"","format":"standard","meta":{"content-type":"","footnotes":""},"categories":[277,67],"tags":[],"class_list":["post-16123","post","type-post","status-publish","format-standard","has-post-thumbnail","hentry","category-pressemitteilungen","category-unternehmen"],"yoast_head":"<!-- This site is optimized with the Yoast SEO plugin v28.4 - https:\/\/yoast.com\/product\/yoast-seo-wordpress\/ -->\n<title>Unser neues Ahorn Camp Maskottchen: Das Ah\u00f6rnchen<\/title>\n<meta name=\"description\" content=\"Kuschelweich, reiselustig und liebenswert! Seit neustem haben wir unser Maskottchen, das Ah\u00f6rnchen in die Ahorn-Familie aufgenommen.\" \/>\n<meta name=\"robots\" content=\"index, follow, max-snippet:-1, max-image-preview:large, max-video-preview:-1\" \/>\n<link rel=\"canonical\" href=\"https:\/\/ahorn-camp.de\/es\/pequeno-zorro\/\" \/>\n<meta property=\"og:locale\" content=\"es_ES\" \/>\n<meta property=\"og:type\" content=\"article\" \/>\n<meta property=\"og:title\" content=\"Unser neues Ahorn Camp Maskottchen: Das Ah\u00f6rnchen\" \/>\n<meta property=\"og:description\" content=\"Kuschelweich, reiselustig und liebenswert! Seit neustem haben wir unser Maskottchen, das Ah\u00f6rnchen in die Ahorn-Familie aufgenommen.\" \/>\n<meta property=\"og:url\" content=\"https:\/\/ahorn-camp.de\/es\/pequeno-zorro\/\" \/>\n<meta property=\"og:site_name\" content=\"Ahorn Camp | Reisemobile und Kastenwagen\" \/>\n<meta property=\"article:publisher\" content=\"https:\/\/www.facebook.com\/ahorn.wohnmobile\/\" \/>\n<meta property=\"article:published_time\" content=\"2022-04-20T08:42:31+00:00\" \/>\n<meta property=\"article:modified_time\" content=\"2024-04-04T10:53:51+00:00\" \/>\n<meta property=\"og:image\" content=\"https:\/\/ahorn-camp.de\/wp-content\/uploads\/2022\/04\/Ahoernchen.png\" \/>\n\t<meta property=\"og:image:width\" content=\"2000\" \/>\n\t<meta property=\"og:image:height\" content=\"1333\" \/>\n\t<meta property=\"og:image:type\" content=\"image\/png\" \/>\n<meta name=\"author\" content=\"ahorn_admin\" \/>\n<meta name=\"twitter:card\" content=\"summary_large_image\" \/>\n<meta name=\"twitter:label1\" content=\"Escrito por\" \/>\n\t<meta name=\"twitter:data1\" content=\"ahorn_admin\" \/>\n\t<meta name=\"twitter:label2\" content=\"Tiempo de lectura\" \/>\n\t<meta name=\"twitter:data2\" content=\"2 minutos\" \/>\n<script type=\"application\/ld+json\" class=\"yoast-schema-graph\">{\"@context\":\"https:\\\/\\\/schema.org\",\"@graph\":[{\"@type\":\"Article\",\"@id\":\"https:\\\/\\\/ahorn-camp.de\\\/ahoernchen\\\/#article\",\"isPartOf\":{\"@id\":\"https:\\\/\\\/ahorn-camp.de\\\/ahoernchen\\\/\"},\"author\":{\"name\":\"ahorn_admin\",\"@id\":\"https:\\\/\\\/ahorn-camp.de\\\/#\\\/schema\\\/person\\\/9b60761ba82d5cb8e6db215a88925044\"},\"headline\":\"Unser neues Ahorn Camp Maskottchen: Das Ah\u00f6rnchen\",\"datePublished\":\"2022-04-20T08:42:31+00:00\",\"dateModified\":\"2024-04-04T10:53:51+00:00\",\"mainEntityOfPage\":{\"@id\":\"https:\\\/\\\/ahorn-camp.de\\\/ahoernchen\\\/\"},\"wordCount\":355,\"publisher\":{\"@id\":\"https:\\\/\\\/ahorn-camp.de\\\/#organization\"},\"image\":{\"@id\":\"https:\\\/\\\/ahorn-camp.de\\\/ahoernchen\\\/#primaryimage\"},\"thumbnailUrl\":\"https:\\\/\\\/ahorn-camp.de\\\/wp-content\\\/uploads\\\/2022\\\/04\\\/Ahoernchen.png\",\"articleSection\":[\"Pressemitteilungen\",\"Unternehmen\"],\"inLanguage\":\"es\"},{\"@type\":\"WebPage\",\"@id\":\"https:\\\/\\\/ahorn-camp.de\\\/ahoernchen\\\/\",\"url\":\"https:\\\/\\\/ahorn-camp.de\\\/ahoernchen\\\/\",\"name\":\"Unser neues Ahorn Camp Maskottchen: Das Ah\u00f6rnchen\",\"isPartOf\":{\"@id\":\"https:\\\/\\\/ahorn-camp.de\\\/#website\"},\"primaryImageOfPage\":{\"@id\":\"https:\\\/\\\/ahorn-camp.de\\\/ahoernchen\\\/#primaryimage\"},\"image\":{\"@id\":\"https:\\\/\\\/ahorn-camp.de\\\/ahoernchen\\\/#primaryimage\"},\"thumbnailUrl\":\"https:\\\/\\\/ahorn-camp.de\\\/wp-content\\\/uploads\\\/2022\\\/04\\\/Ahoernchen.png\",\"datePublished\":\"2022-04-20T08:42:31+00:00\",\"dateModified\":\"2024-04-04T10:53:51+00:00\",\"description\":\"Kuschelweich, reiselustig und liebenswert! Seit neustem haben wir unser Maskottchen, das Ah\u00f6rnchen in die Ahorn-Familie aufgenommen.\",\"breadcrumb\":{\"@id\":\"https:\\\/\\\/ahorn-camp.de\\\/ahoernchen\\\/#breadcrumb\"},\"inLanguage\":\"es\",\"potentialAction\":[{\"@type\":\"ReadAction\",\"target\":[\"https:\\\/\\\/ahorn-camp.de\\\/ahoernchen\\\/\"]}]},{\"@type\":\"ImageObject\",\"inLanguage\":\"es\",\"@id\":\"https:\\\/\\\/ahorn-camp.de\\\/ahoernchen\\\/#primaryimage\",\"url\":\"https:\\\/\\\/ahorn-camp.de\\\/wp-content\\\/uploads\\\/2022\\\/04\\\/Ahoernchen.png\",\"contentUrl\":\"https:\\\/\\\/ahorn-camp.de\\\/wp-content\\\/uploads\\\/2022\\\/04\\\/Ahoernchen.png\",\"width\":2000,\"height\":1333},{\"@type\":\"BreadcrumbList\",\"@id\":\"https:\\\/\\\/ahorn-camp.de\\\/ahoernchen\\\/#breadcrumb\",\"itemListElement\":[{\"@type\":\"ListItem\",\"position\":1,\"name\":\"Startseite\",\"item\":\"https:\\\/\\\/ahorn-camp.de\\\/\"},{\"@type\":\"ListItem\",\"position\":2,\"name\":\"Unser neues Ahorn Camp Maskottchen: Das Ah\u00f6rnchen\"}]},{\"@type\":\"WebSite\",\"@id\":\"https:\\\/\\\/ahorn-camp.de\\\/#website\",\"url\":\"https:\\\/\\\/ahorn-camp.de\\\/\",\"name\":\"Ahorn Camp | Reisemobile und Kastenwagen\",\"description\":\"Seit \u00fcber 30 Jahren vermarktet das Familienunternehmen, Ahorn Camp in Speyer, erfolgreich Wohnmobile und Kastenwagen zum besten Preis-Leistungsverh\u00e4ltnis.\",\"publisher\":{\"@id\":\"https:\\\/\\\/ahorn-camp.de\\\/#organization\"},\"potentialAction\":[{\"@type\":\"SearchAction\",\"target\":{\"@type\":\"EntryPoint\",\"urlTemplate\":\"https:\\\/\\\/ahorn-camp.de\\\/?s={search_term_string}\"},\"query-input\":{\"@type\":\"PropertyValueSpecification\",\"valueRequired\":true,\"valueName\":\"search_term_string\"}}],\"inLanguage\":\"es\"},{\"@type\":\"Organization\",\"@id\":\"https:\\\/\\\/ahorn-camp.de\\\/#organization\",\"name\":\"Ahorn Camp GmbH & Co. KG\",\"url\":\"https:\\\/\\\/ahorn-camp.de\\\/\",\"logo\":{\"@type\":\"ImageObject\",\"inLanguage\":\"es\",\"@id\":\"https:\\\/\\\/ahorn-camp.de\\\/#\\\/schema\\\/logo\\\/image\\\/\",\"url\":\"https:\\\/\\\/ahorn-camp.de\\\/wp-content\\\/uploads\\\/2018\\\/12\\\/Ahorn_Logo.jpg\",\"contentUrl\":\"https:\\\/\\\/ahorn-camp.de\\\/wp-content\\\/uploads\\\/2018\\\/12\\\/Ahorn_Logo.jpg\",\"width\":1437,\"height\":1000,\"caption\":\"Ahorn Camp GmbH & Co. KG\"},\"image\":{\"@id\":\"https:\\\/\\\/ahorn-camp.de\\\/#\\\/schema\\\/logo\\\/image\\\/\"},\"sameAs\":[\"https:\\\/\\\/www.facebook.com\\\/ahorn.wohnmobile\\\/\",\"https:\\\/\\\/www.instagram.com\\\/ahorn.camp\\\/\",\"https:\\\/\\\/www.youtube.com\\\/channel\\\/UCPFbPCts1JJ_A1k9vyH0yOQ\"]},{\"@type\":\"Person\",\"@id\":\"https:\\\/\\\/ahorn-camp.de\\\/#\\\/schema\\\/person\\\/9b60761ba82d5cb8e6db215a88925044\",\"name\":\"ahorn_admin\",\"image\":{\"@type\":\"ImageObject\",\"inLanguage\":\"es\",\"@id\":\"https:\\\/\\\/secure.gravatar.com\\\/avatar\\\/d96b9a078083b0c14cee48589feadd939c3cdd66547e2f3f1569470371daaaa5?s=96&d=mm&r=g\",\"url\":\"https:\\\/\\\/secure.gravatar.com\\\/avatar\\\/d96b9a078083b0c14cee48589feadd939c3cdd66547e2f3f1569470371daaaa5?s=96&d=mm&r=g\",\"contentUrl\":\"https:\\\/\\\/secure.gravatar.com\\\/avatar\\\/d96b9a078083b0c14cee48589feadd939c3cdd66547e2f3f1569470371daaaa5?s=96&d=mm&r=g\",\"caption\":\"ahorn_admin\"},\"sameAs\":[\"http:\\\/\\\/Ahorn%20Camp\"],\"url\":\"https:\\\/\\\/ahorn-camp.de\\\/es\\\/author\\\/ahorn_admin\\\/\"}]}<\/script>\n<!-- \/ Yoast SEO plugin. -->","yoast_head_json":{"title":"Nuestra nueva mascota Ahorn Camp: El Ardillita","description":"\u00a1Tiernos, viajeras y adorables! Recientemente hemos incorporado a nuestra familia de arces a nuestra mascota, la ardilla roja.","robots":{"index":"index","follow":"follow","max-snippet":"max-snippet:-1","max-image-preview":"max-image-preview:large","max-video-preview":"max-video-preview:-1"},"canonical":"https:\/\/ahorn-camp.de\/es\/pequeno-zorro\/","og_locale":"es_ES","og_type":"article","og_title":"Unser neues Ahorn Camp Maskottchen: Das Ah\u00f6rnchen","og_description":"Kuschelweich, reiselustig und liebenswert! Seit neustem haben wir unser Maskottchen, das Ah\u00f6rnchen in die Ahorn-Familie aufgenommen.","og_url":"https:\/\/ahorn-camp.de\/es\/pequeno-zorro\/","og_site_name":"Ahorn Camp | Reisemobile und Kastenwagen","article_publisher":"https:\/\/www.facebook.com\/ahorn.wohnmobile\/","article_published_time":"2022-04-20T08:42:31+00:00","article_modified_time":"2024-04-04T10:53:51+00:00","og_image":[{"width":2000,"height":1333,"url":"https:\/\/ahorn-camp.de\/wp-content\/uploads\/2022\/04\/Ahoernchen.png","type":"image\/png"}],"author":"ahorn_admin","twitter_card":"summary_large_image","twitter_misc":{"Escrito por":"ahorn_admin","Tiempo de lectura":"2 minutos"},"schema":{"@context":"https:\/\/schema.org","@graph":[{"@type":"Article","@id":"https:\/\/ahorn-camp.de\/ahoernchen\/#article","isPartOf":{"@id":"https:\/\/ahorn-camp.de\/ahoernchen\/"},"author":{"name":"ahorn_admin","@id":"https:\/\/ahorn-camp.de\/#\/schema\/person\/9b60761ba82d5cb8e6db215a88925044"},"headline":"Unser neues Ahorn Camp Maskottchen: Das Ah\u00f6rnchen","datePublished":"2022-04-20T08:42:31+00:00","dateModified":"2024-04-04T10:53:51+00:00","mainEntityOfPage":{"@id":"https:\/\/ahorn-camp.de\/ahoernchen\/"},"wordCount":355,"publisher":{"@id":"https:\/\/ahorn-camp.de\/#organization"},"image":{"@id":"https:\/\/ahorn-camp.de\/ahoernchen\/#primaryimage"},"thumbnailUrl":"https:\/\/ahorn-camp.de\/wp-content\/uploads\/2022\/04\/Ahoernchen.png","articleSection":["Pressemitteilungen","Unternehmen"],"inLanguage":"es"},{"@type":"WebPage","@id":"https:\/\/ahorn-camp.de\/ahoernchen\/","url":"https:\/\/ahorn-camp.de\/ahoernchen\/","name":"Nuestra nueva mascota Ahorn Camp: El Ardillita","isPartOf":{"@id":"https:\/\/ahorn-camp.de\/#website"},"primaryImageOfPage":{"@id":"https:\/\/ahorn-camp.de\/ahoernchen\/#primaryimage"},"image":{"@id":"https:\/\/ahorn-camp.de\/ahoernchen\/#primaryimage"},"thumbnailUrl":"https:\/\/ahorn-camp.de\/wp-content\/uploads\/2022\/04\/Ahoernchen.png","datePublished":"2022-04-20T08:42:31+00:00","dateModified":"2024-04-04T10:53:51+00:00","description":"\u00a1Tiernos, viajeras y adorables! Recientemente hemos incorporado a nuestra familia de arces a nuestra mascota, la ardilla roja.","breadcrumb":{"@id":"https:\/\/ahorn-camp.de\/ahoernchen\/#breadcrumb"},"inLanguage":"es","potentialAction":[{"@type":"ReadAction","target":["https:\/\/ahorn-camp.de\/ahoernchen\/"]}]},{"@type":"ImageObject","inLanguage":"es","@id":"https:\/\/ahorn-camp.de\/ahoernchen\/#primaryimage","url":"https:\/\/ahorn-camp.de\/wp-content\/uploads\/2022\/04\/Ahoernchen.png","contentUrl":"https:\/\/ahorn-camp.de\/wp-content\/uploads\/2022\/04\/Ahoernchen.png","width":2000,"height":1333},{"@type":"BreadcrumbList","@id":"https:\/\/ahorn-camp.de\/ahoernchen\/#breadcrumb","itemListElement":[{"@type":"ListItem","position":1,"name":"Startseite","item":"https:\/\/ahorn-camp.de\/"},{"@type":"ListItem","position":2,"name":"Unser neues Ahorn Camp Maskottchen: Das Ah\u00f6rnchen"}]},{"@type":"WebSite","@id":"https:\/\/ahorn-camp.de\/#website","url":"https:\/\/ahorn-camp.de\/","name":"Ahorn Camp | Autocaravanas y furgonetas camper","description":"Desde hace m\u00e1s de 30 a\u00f1os, la empresa familiar, Ahorn Camp en Speyer, comercializa con \u00e9xito caravanas y furgonetas camper a la mejor relaci\u00f3n calidad-precio.","publisher":{"@id":"https:\/\/ahorn-camp.de\/#organization"},"potentialAction":[{"@type":"SearchAction","target":{"@type":"EntryPoint","urlTemplate":"https:\/\/ahorn-camp.de\/?s={search_term_string}"},"query-input":{"@type":"PropertyValueSpecification","valueRequired":true,"valueName":"search_term_string"}}],"inLanguage":"es"},{"@type":"Organization","@id":"https:\/\/ahorn-camp.de\/#organization","name":"Ahorn Camp GmbH &amp; Co. KG","url":"https:\/\/ahorn-camp.de\/","logo":{"@type":"ImageObject","inLanguage":"es","@id":"https:\/\/ahorn-camp.de\/#\/schema\/logo\/image\/","url":"https:\/\/ahorn-camp.de\/wp-content\/uploads\/2018\/12\/Ahorn_Logo.jpg","contentUrl":"https:\/\/ahorn-camp.de\/wp-content\/uploads\/2018\/12\/Ahorn_Logo.jpg","width":1437,"height":1000,"caption":"Ahorn Camp GmbH & Co. KG"},"image":{"@id":"https:\/\/ahorn-camp.de\/#\/schema\/logo\/image\/"},"sameAs":["https:\/\/www.facebook.com\/ahorn.wohnmobile\/","https:\/\/www.instagram.com\/ahorn.camp\/","https:\/\/www.youtube.com\/channel\/UCPFbPCts1JJ_A1k9vyH0yOQ"]},{"@type":"Person","@id":"https:\/\/ahorn-camp.de\/#\/schema\/person\/9b60761ba82d5cb8e6db215a88925044","name":"ahorn_admin","image":{"@type":"ImageObject","inLanguage":"es","@id":"https:\/\/secure.gravatar.com\/avatar\/d96b9a078083b0c14cee48589feadd939c3cdd66547e2f3f1569470371daaaa5?s=96&d=mm&r=g","url":"https:\/\/secure.gravatar.com\/avatar\/d96b9a078083b0c14cee48589feadd939c3cdd66547e2f3f1569470371daaaa5?s=96&d=mm&r=g","contentUrl":"https:\/\/secure.gravatar.com\/avatar\/d96b9a078083b0c14cee48589feadd939c3cdd66547e2f3f1569470371daaaa5?s=96&d=mm&r=g","caption":"ahorn_admin"},"sameAs":["http:\/\/Ahorn%20Camp"],"url":"https:\/\/ahorn-camp.de\/es\/author\/ahorn_admin\/"}]}},"_links":{"self":[{"href":"https:\/\/ahorn-camp.de\/es\/wp-json\/wp\/v2\/posts\/16123","targetHints":{"allow":["GET"]}}],"collection":[{"href":"https:\/\/ahorn-camp.de\/es\/wp-json\/wp\/v2\/posts"}],"about":[{"href":"https:\/\/ahorn-camp.de\/es\/wp-json\/wp\/v2\/types\/post"}],"author":[{"embeddable":true,"href":"https:\/\/ahorn-camp.de\/es\/wp-json\/wp\/v2\/users\/2"}],"replies":[{"embeddable":true,"href":"https:\/\/ahorn-camp.de\/es\/wp-json\/wp\/v2\/comments?post=16123"}],"version-history":[{"count":0,"href":"https:\/\/ahorn-camp.de\/es\/wp-json\/wp\/v2\/posts\/16123\/revisions"}],"wp:featuredmedia":[{"embeddable":true,"href":"https:\/\/ahorn-camp.de\/es\/wp-json\/wp\/v2\/media\/16131"}],"wp:attachment":[{"href":"https:\/\/ahorn-camp.de\/es\/wp-json\/wp\/v2\/media?parent=16123"}],"wp:term":[{"taxonomy":"category","embeddable":true,"href":"https:\/\/ahorn-camp.de\/es\/wp-json\/wp\/v2\/categories?post=16123"},{"taxonomy":"post_tag","embeddable":true,"href":"https:\/\/ahorn-camp.de\/es\/wp-json\/wp\/v2\/tags?post=16123"}],"curies":[{"name":"wp","href":"https:\/\/api.w.org\/{rel}","templated":true}]}}