{"id":14647,"date":"2022-01-11T10:21:06","date_gmt":"2022-01-11T09:21:06","guid":{"rendered":"https:\/\/ahorn-camp.de\/?p=14647"},"modified":"2024-09-24T10:37:24","modified_gmt":"2024-09-24T08:37:24","slug":"acampar-con-perros","status":"publish","type":"post","link":"https:\/\/ahorn-camp.de\/es\/campen-mit-hunden\/","title":{"rendered":"Acampar con perros"},"content":{"rendered":"<div class=\"wpb-content-wrapper\" id=\"wpb-content-root\"><div class=\"vc_row wpb_row vc_row-fluid\"><div class=\"wpb_column vc_column_container vc_col-sm-12\"><div class=\"vc_column-inner\"><div class=\"wpb_wrapper\">\n\t<div class=\"wpb_text_column wpb_content_element\" >\n\t\t<div class=\"wpb_wrapper\">\n\t\t\t<p>Nuestras queridas mascotas no siempre nos facilitan los viajes. Los viajes en avi\u00f3n son casi imposibles, los largos trayectos en coche suelen ser una tortura y en la mayor\u00eda de los hoteles no se admiten animales. \u00bfAs\u00ed que solo queda el balc\u00f3n o dejar a nuestro querido amigo de cuatro patas al cuidado durante las vacaciones? Absolutamente no. Porque la autocaravana no solo ofrece una soluci\u00f3n intermedia, sino que satisface todas las necesidades de ambas partes. Sin embargo, para que las vacaciones en nuestro hogar rodante transcurran sin problemas, hay algunas cosas a tener en cuenta. Lea ahora c\u00f3mo <a href=\"https:\/\/www.alpacacamping.de\/discover\/camping-mit-hund\" target=\"_blank\" rel=\"noopener\">Acampar con perros<\/a> funciona sin complicaciones.<\/p>\n\n\t\t<\/div>\n\t<\/div>\n<h3 style=\"font-size: 15px;color: #000000;text-align: left\" class=\"vc_custom_heading vc_do_custom_heading\" >\u00cdndice<\/h3>\n\t<div class=\"wpb_text_column wpb_content_element\" >\n\t\t<div class=\"wpb_wrapper\">\n\t\t\t<ul>\n<li><strong><span style=\"color: #003770;\"><a style=\"color: #003770;\" href=\"#Fahrzeugauswahl\">Para la selecci\u00f3n del veh\u00edculo<\/a><\/span><\/strong><\/li>\n<li><strong><span style=\"color: #003770;\"><a style=\"color: #003770;\" href=\"#Reiseplanung\">Para la planificaci\u00f3n de viajes<\/a><\/span><\/strong><\/li>\n<li><strong><span style=\"color: #003770;\"><a style=\"color: #003770;\" href=\"#Stell--und-Campingpl\u00e4tze\">A las plazas de estacionamiento y campings<\/a><\/span><\/strong><\/li>\n<li><strong><span style=\"color: #003770;\"><a style=\"color: #003770;\" href=\"#Wo-schl\u00e4ft-mein-Hund\">Al lugar perfecto para dormir<\/a><\/span><\/strong><\/li>\n<\/ul>\n\n\t\t<\/div>\n\t<\/div>\n<\/div><\/div><\/div><\/div><div class=\"vc_row wpb_row vc_row-fluid\"><div class=\"wpb_column vc_column_container vc_col-sm-6\"><div class=\"vc_column-inner\"><div class=\"wpb_wrapper\">\n\t<div class=\"wpb_text_column wpb_content_element\" >\n\t\t<div class=\"wpb_wrapper\">\n\t\t\t<h3 id=\"Fahrzeugauswahl\">Selecci\u00f3n del veh\u00edculo<\/h3>\n<p>Los argumentos generales a favor de alquilar o comprar pueden en esta <a href=\"https:\/\/ahorn-camp.de\/es\/comprar-o-alquilar\/\">Entrada de blog<\/a> debe ser le\u00eddo. Si desea viajar con su amigo de cuatro patas con m\u00e1s frecuencia, debe considerar cu\u00e1nto espacio ocupa su perro antes de tomar una decisi\u00f3n. Despu\u00e9s de todo, acampar con perros tambi\u00e9n es una cuesti\u00f3n de espacio. Las siguientes preguntas son relevantes: \u00bfD\u00f3nde dormir\u00e1 mi perro? \u00bfCu\u00e1nto espacio necesitan los accesorios para perros? \u00bfTiene el veh\u00edculo acceso interno al garaje? \u00bfTiene el veh\u00edculo una conexi\u00f3n externa de agua para limpiar al perro?<\/p>\n\n\t\t<\/div>\n\t<\/div>\n<\/div><\/div><\/div><div class=\"wpb_column vc_column_container vc_col-sm-6\"><div class=\"vc_column-inner\"><div class=\"wpb_wrapper\">\n\t<div  class=\"wpb_single_image wpb_content_element vc_align_left wpb_content_element\">\n\t\t\n\t\t<figure class=\"wpb_wrapper vc_figure\">\n\t\t\t<div class=\"vc_single_image-wrapper\"><img fetchpriority=\"high\" decoding=\"async\" width=\"1024\" height=\"819\" src=\"https:\/\/ahorn-camp.de\/wp-content\/uploads\/2022\/01\/DSC07036-1024x819.jpg\" class=\"vc_single_image-img attachment-large\" alt=\"\" title=\"DSC07036\" srcset=\"https:\/\/ahorn-camp.de\/wp-content\/uploads\/2022\/01\/DSC07036-1024x819.jpg 1024w, https:\/\/ahorn-camp.de\/wp-content\/uploads\/2022\/01\/DSC07036-300x240.jpg 300w, https:\/\/ahorn-camp.de\/wp-content\/uploads\/2022\/01\/DSC07036-768x615.jpg 768w, https:\/\/ahorn-camp.de\/wp-content\/uploads\/2022\/01\/DSC07036-750x600.jpg 750w, https:\/\/ahorn-camp.de\/wp-content\/uploads\/2022\/01\/DSC07036-800x640.jpg 800w, https:\/\/ahorn-camp.de\/wp-content\/uploads\/2022\/01\/DSC07036.jpg 1341w\" sizes=\"(max-width: 1024px) 100vw, 1024px\" \/><\/div>\n\t\t<\/figure>\n\t<\/div>\n<\/div><\/div><\/div><\/div><div class=\"vc_row wpb_row vc_row-fluid\"><div class=\"wpb_column vc_column_container vc_col-sm-6\"><div class=\"vc_column-inner\"><div class=\"wpb_wrapper\">\n\t<div  class=\"wpb_single_image wpb_content_element vc_align_left wpb_content_element\">\n\t\t\n\t\t<figure class=\"wpb_wrapper vc_figure\">\n\t\t\t<div class=\"vc_single_image-wrapper\"><img decoding=\"async\" width=\"576\" height=\"1024\" src=\"https:\/\/ahorn-camp.de\/wp-content\/uploads\/2022\/01\/20210813_123512-576x1024.jpg\" class=\"vc_single_image-img attachment-large\" alt=\"\" title=\"20210813_123512\" srcset=\"https:\/\/ahorn-camp.de\/wp-content\/uploads\/2022\/01\/20210813_123512-576x1024.jpg 576w, https:\/\/ahorn-camp.de\/wp-content\/uploads\/2022\/01\/20210813_123512-169x300.jpg 169w, https:\/\/ahorn-camp.de\/wp-content\/uploads\/2022\/01\/20210813_123512-768x1365.jpg 768w, https:\/\/ahorn-camp.de\/wp-content\/uploads\/2022\/01\/20210813_123512-338x600.jpg 338w, https:\/\/ahorn-camp.de\/wp-content\/uploads\/2022\/01\/20210813_123512-864x1536.jpg 864w, https:\/\/ahorn-camp.de\/wp-content\/uploads\/2022\/01\/20210813_123512-1152x2048.jpg 1152w, https:\/\/ahorn-camp.de\/wp-content\/uploads\/2022\/01\/20210813_123512-800x1422.jpg 800w, https:\/\/ahorn-camp.de\/wp-content\/uploads\/2022\/01\/20210813_123512-scaled.jpg 1440w\" sizes=\"(max-width: 576px) 100vw, 576px\" \/><\/div>\n\t\t<\/figure>\n\t<\/div>\n<\/div><\/div><\/div><div class=\"wpb_column vc_column_container vc_col-sm-6\"><div class=\"vc_column-inner\"><div class=\"wpb_wrapper\">\n\t<div class=\"wpb_text_column wpb_content_element\" >\n\t\t<div class=\"wpb_wrapper\">\n\t\t\t<h3 id=\"Reiseplanung\">Planificaci\u00f3n de viajes<\/h3>\n<p>El inicio del viaje debe ir precedido de algunos pasos de planificaci\u00f3n. El primer paso es el destino. Las preguntas esenciales en este punto son: \u00bfQu\u00e9 distancia hay hasta mi destino? \u00bfEs necesario conducir por etapas debido a la longitud del viaje? \u00bfSe admiten perros en los campings? \u00bfTendr\u00e9 que pagar un suplemento por los perros? \u00bfEs mi perro sensible al calor? La \u00e9poca del viaje tambi\u00e9n es crucial. En lugar de a mediados de agosto, deber\u00eda viajar al Mediterr\u00e1neo a finales de septiembre para poder disfrutar al mismo tiempo de campings vac\u00edos. Una vez respondidas estas preguntas, es hora de prepararse. El primer paso es prever suficiente agua y comida para su perro. Esto es especialmente importante en los viajes largos. Los cuencos plegables y los bebederos port\u00e1tiles para perros son muy recomendables. Ocupan poco espacio y apenas pesan. Mantener a tu perro seguro durante el viaje tambi\u00e9n es siempre una cuesti\u00f3n importante. La jaula del perro debe ser segura, ocupar poco espacio y ser c\u00f3moda. Dependiendo del tama\u00f1o del perro, recomendamos guardarlo en el garaje de la autocaravana. En muchos modelos Ahorn Camp, se puede acceder al garaje a trav\u00e9s de la puerta situada debajo de la zona de la cama.<\/p>\n<p>Antes de viajar, aseg\u00farese de informarse sobre las disposiciones legales. Especialmente los due\u00f1os de perros considerados \u201ede razas peligrosas\u201c deben prestar especial atenci\u00f3n a las regulaciones espec\u00edficas de cada pa\u00eds. Tambi\u00e9n hay algunas regulaciones generales a tener en cuenta. Por ejemplo, en Suiza est\u00e1 prohibida la importaci\u00f3n de perros con orejas y colas cortadas, y en Austria, en algunos estados federales, es obligatorio el uso de bozal. En Suecia, el perro debe ser declarado en la aduana con antelaci\u00f3n. Para los viajes al sur de Europa, se recomienda proteger al perro de las llamadas enfermedades mediterr\u00e1neas. Adem\u00e1s, es obligatorio que cada due\u00f1o de perro lleve consigo un pasaporte de la UE para mascotas de su animal. As\u00ed que no olvide solo el pasaporte para usted y sus seres queridos, sino tambi\u00e9n el pasaporte de la mascota. Adem\u00e1s, es posible averiguar mediante una investigaci\u00f3n previa cualquier regulaci\u00f3n, como la obligatoriedad de vacunaci\u00f3n o microchip en algunos pa\u00edses.<\/p>\n<p>Si su perro a\u00fan no est\u00e1 familiarizado con la autocaravana, es una buena idea empezar a acostumbrar al perro a la autocaravana y tambi\u00e9n a practicar la conducci\u00f3n en ella dos semanas antes del inicio del viaje.<\/p>\n\n\t\t<\/div>\n\t<\/div>\n<\/div><\/div><\/div><\/div><div class=\"vc_row wpb_row vc_row-fluid\"><div class=\"wpb_column vc_column_container vc_col-sm-6\"><div class=\"vc_column-inner\"><div class=\"wpb_wrapper\">\n\t<div class=\"wpb_text_column wpb_content_element\" >\n\t\t<div class=\"wpb_wrapper\">\n\t\t\t<h3 id=\"Stell--und-Campingpl\u00e4tze\">\u00c1reas de estacionamiento y campings<\/h3>\n<p>Wenn Sie mit Ihrem Hund auf einem <a href=\"https:\/\/www.alpacacamping.de\/\" target=\"_blank\" rel=\"noopener\">\u00c1rea de autocaravanas o camping<\/a> Una vez que hayas llegado, tambi\u00e9n hay algunas reglas b\u00e1sicas a tener en cuenta. Por un lado, siempre debes llevar a tu perro con correa. En muchos campings hay una normativa que obliga a llevar a los perros con correa. En tu propia parcela, existen algunos artilugios \u00fatiles como una valla plegable o una pica para perros DogSitter, que se puede acoplar f\u00e1cilmente a los neum\u00e1ticos para que puedas dejar a tu perro suelto de forma segura. Alternativamente, tambi\u00e9n existen estacas de tierra para fijar la correa. Tambi\u00e9n debes tener cuidado si dejas a tu perro solo en la autocaravana, ya que con el tiempo se calentar\u00e1 tanto como en un coche. Lo importante es elegir una parcela con sombra y mantener abiertas las claraboyas.<\/p>\n<p>Al llegar a su destino, por supuesto, querr\u00e1 llevar a su perro a todas partes. Para averiguar cu\u00e1l es la mejor playa para perros, el restaurante m\u00e1s amigable para perros o un prado para perros, existen aplicaciones \u00fatiles. Algunas de ellas se enumeran aqu\u00ed:<\/p>\n<ul>\n<li>Lugares para perros<\/li>\n<li>Playas para perros<\/li>\n<li>Mascotas de gira<\/li>\n<\/ul>\n\n\t\t<\/div>\n\t<\/div>\n<\/div><\/div><\/div><div class=\"wpb_column vc_column_container vc_col-sm-6\"><div class=\"vc_column-inner\"><div class=\"wpb_wrapper\">\n\t<div  class=\"wpb_single_image wpb_content_element vc_align_left wpb_content_element\">\n\t\t\n\t\t<figure class=\"wpb_wrapper vc_figure\">\n\t\t\t<div class=\"vc_single_image-wrapper\"><img decoding=\"async\" width=\"1024\" height=\"576\" src=\"https:\/\/ahorn-camp.de\/wp-content\/uploads\/2022\/01\/20210816173413-1024x576.jpg\" class=\"vc_single_image-img attachment-large\" alt=\"\" title=\"20210816173413\" srcset=\"https:\/\/ahorn-camp.de\/wp-content\/uploads\/2022\/01\/20210816173413-1024x576.jpg 1024w, https:\/\/ahorn-camp.de\/wp-content\/uploads\/2022\/01\/20210816173413-300x169.jpg 300w, https:\/\/ahorn-camp.de\/wp-content\/uploads\/2022\/01\/20210816173413-768x432.jpg 768w, https:\/\/ahorn-camp.de\/wp-content\/uploads\/2022\/01\/20210816173413-800x450.jpg 800w, https:\/\/ahorn-camp.de\/wp-content\/uploads\/2022\/01\/20210816173413-1536x865.jpg 1536w, https:\/\/ahorn-camp.de\/wp-content\/uploads\/2022\/01\/20210816173413-2048x1153.jpg 2048w\" sizes=\"(max-width: 1024px) 100vw, 1024px\" \/><\/div>\n\t\t<\/figure>\n\t<\/div>\n<\/div><\/div><\/div><\/div><div class=\"vc_row wpb_row vc_row-fluid\"><div class=\"wpb_column vc_column_container vc_col-sm-6\"><div class=\"vc_column-inner\"><div class=\"wpb_wrapper\">\n\t<div  class=\"wpb_single_image wpb_content_element vc_align_left wpb_content_element\">\n\t\t\n\t\t<figure class=\"wpb_wrapper vc_figure\">\n\t\t\t<div class=\"vc_single_image-wrapper\"><img loading=\"lazy\" decoding=\"async\" width=\"1024\" height=\"576\" src=\"https:\/\/ahorn-camp.de\/wp-content\/uploads\/2022\/01\/Aussenbild-mit-Hund-1024x576.jpeg\" class=\"vc_single_image-img attachment-large\" alt=\"\" title=\"Ahorn Camp\" srcset=\"https:\/\/ahorn-camp.de\/wp-content\/uploads\/2022\/01\/Aussenbild-mit-Hund-1024x576.jpeg 1024w, https:\/\/ahorn-camp.de\/wp-content\/uploads\/2022\/01\/Aussenbild-mit-Hund-300x169.jpeg 300w, https:\/\/ahorn-camp.de\/wp-content\/uploads\/2022\/01\/Aussenbild-mit-Hund-768x432.jpeg 768w, https:\/\/ahorn-camp.de\/wp-content\/uploads\/2022\/01\/Aussenbild-mit-Hund-800x450.jpeg 800w, https:\/\/ahorn-camp.de\/wp-content\/uploads\/2022\/01\/Aussenbild-mit-Hund-1536x864.jpeg 1536w, https:\/\/ahorn-camp.de\/wp-content\/uploads\/2022\/01\/Aussenbild-mit-Hund-2048x1152.jpeg 2048w\" sizes=\"(max-width: 1024px) 100vw, 1024px\" \/><\/div>\n\t\t<\/figure>\n\t<\/div>\n<\/div><\/div><\/div><div class=\"wpb_column vc_column_container vc_col-sm-6\"><div class=\"vc_column-inner\"><div class=\"wpb_wrapper\">\n\t<div class=\"wpb_text_column wpb_content_element\" >\n\t\t<div class=\"wpb_wrapper\">\n\t\t\t<h3 id=\"Wo-schl\u00e4ft-mein-Hund\">\u00bfD\u00f3nde duerme mi perro?<\/h3>\n<p>Lo mejor es que el perro tenga un lugar fijo y asignado en la autocaravana. En las autocaravanas con camas individuales longitudinales, un lugar entre las camas es ideal. De lo contrario, el espacio para los pies en la cabina del conductor tambi\u00e9n es una opci\u00f3n si el veh\u00edculo va a estar parado por un tiempo. Durante el d\u00eda, el espacio frente a la autocaravana tambi\u00e9n es un lugar favorito para acostarse para los amigos peludos. Siempre se debe prestar atenci\u00f3n a la sombra suficiente y a un cuenco de agua al alcance del perro. Tambi\u00e9n es mejor tener una toalla vieja a mano para poder limpiar r\u00e1pidamente a su cuadr\u00fapedo de la arena o la suciedad de las patas antes de que entre en la autocaravana.<\/p>\n\n\t\t<\/div>\n\t<\/div>\n<\/div><\/div><\/div><\/div><div class=\"vc_row wpb_row vc_row-fluid\"><div class=\"wpb_column vc_column_container vc_col-sm-12\"><div class=\"vc_column-inner\"><div class=\"wpb_wrapper\">\n\t<div class=\"wpb_text_column wpb_content_element\" >\n\t\t<div class=\"wpb_wrapper\">\n\t\t\t<p>Si se tiene en cuenta algunos aspectos en el manejo del perro durante el viaje de camping y se prepara adecuadamente para las vacaciones juntos, un viaje con el perro se convierte en unas verdaderas vacaciones de ensue\u00f1o. Sin grandes preocupaciones ni estr\u00e9s, no solo disfrutar\u00e1 de sus vacaciones, sino tambi\u00e9n del tiempo con toda su familia, incluido el perro. Por lo tanto, <a href=\"https:\/\/www.alpacacamping.de\/discover\/camping-mit-hund\" target=\"_blank\" rel=\"noopener\">Acampar con perros<\/a> facilitado.<\/p>\n\n\t\t<\/div>\n\t<\/div>\n<\/div><\/div><\/div><\/div>\n<\/div>","protected":false},"excerpt":{"rendered":"<p>Vacaciones en autocaravana con perro, f\u00e1ciles. Le mostramos c\u00f3mo viajar sin complicaciones con su mascota favorita y c\u00f3mo convertirlo en unas vacaciones inolvidables. Lea aqu\u00ed consejos y trucos. <\/p>","protected":false},"author":2,"featured_media":14657,"comment_status":"closed","ping_status":"closed","sticky":false,"template":"","format":"standard","meta":{"content-type":"","footnotes":""},"categories":[208],"tags":[],"class_list":["post-14647","post","type-post","status-publish","format-standard","has-post-thumbnail","hentry","category-blog"],"yoast_head":"<!-- This site is optimized with the Yoast SEO plugin v28.4 - https:\/\/yoast.com\/product\/yoast-seo-wordpress\/ -->\n<title>Campen mit Hunden<\/title>\n<meta name=\"description\" content=\"Campen mit Hunden leicht gemacht. Wir zeigen Ihnen wie Sie unkompliziert mit Ihrem liebsten Haustier verreisen k\u00f6nnen.\" \/>\n<meta name=\"robots\" content=\"index, follow, max-snippet:-1, max-image-preview:large, max-video-preview:-1\" \/>\n<link rel=\"canonical\" href=\"https:\/\/ahorn-camp.de\/es\/acampar-con-perros\/\" \/>\n<meta property=\"og:locale\" content=\"es_ES\" \/>\n<meta property=\"og:type\" content=\"article\" \/>\n<meta property=\"og:title\" content=\"Campen mit Hunden\" \/>\n<meta property=\"og:description\" content=\"Campen mit Hunden leicht gemacht. Wir zeigen Ihnen wie Sie unkompliziert mit Ihrem liebsten Haustier verreisen k\u00f6nnen.\" \/>\n<meta property=\"og:url\" content=\"https:\/\/ahorn-camp.de\/es\/acampar-con-perros\/\" \/>\n<meta property=\"og:site_name\" content=\"Ahorn Camp | Reisemobile und Kastenwagen\" \/>\n<meta property=\"article:publisher\" content=\"https:\/\/www.facebook.com\/ahorn.wohnmobile\/\" \/>\n<meta property=\"article:published_time\" content=\"2022-01-11T09:21:06+00:00\" \/>\n<meta property=\"article:modified_time\" content=\"2024-09-24T08:37:24+00:00\" \/>\n<meta property=\"og:image\" content=\"https:\/\/ahorn-camp.de\/wp-content\/uploads\/2022\/01\/Aussenbild-mit-Hund-scaled.jpeg\" \/>\n\t<meta property=\"og:image:width\" content=\"2560\" \/>\n\t<meta property=\"og:image:height\" content=\"1440\" \/>\n\t<meta property=\"og:image:type\" content=\"image\/jpeg\" \/>\n<meta name=\"author\" content=\"ahorn_admin\" \/>\n<meta name=\"twitter:card\" content=\"summary_large_image\" \/>\n<meta name=\"twitter:label1\" content=\"Escrito por\" \/>\n\t<meta name=\"twitter:data1\" content=\"ahorn_admin\" \/>\n\t<meta name=\"twitter:label2\" content=\"Tiempo de lectura\" \/>\n\t<meta name=\"twitter:data2\" content=\"6 minutos\" \/>\n<script type=\"application\/ld+json\" class=\"yoast-schema-graph\">{\"@context\":\"https:\\\/\\\/schema.org\",\"@graph\":[{\"@type\":\"Article\",\"@id\":\"https:\\\/\\\/ahorn-camp.de\\\/campen-mit-hunden\\\/#article\",\"isPartOf\":{\"@id\":\"https:\\\/\\\/ahorn-camp.de\\\/campen-mit-hunden\\\/\"},\"author\":{\"name\":\"ahorn_admin\",\"@id\":\"https:\\\/\\\/ahorn-camp.de\\\/#\\\/schema\\\/person\\\/9b60761ba82d5cb8e6db215a88925044\"},\"headline\":\"Campen mit Hunden\",\"datePublished\":\"2022-01-11T09:21:06+00:00\",\"dateModified\":\"2024-09-24T08:37:24+00:00\",\"mainEntityOfPage\":{\"@id\":\"https:\\\/\\\/ahorn-camp.de\\\/campen-mit-hunden\\\/\"},\"wordCount\":1094,\"publisher\":{\"@id\":\"https:\\\/\\\/ahorn-camp.de\\\/#organization\"},\"image\":{\"@id\":\"https:\\\/\\\/ahorn-camp.de\\\/campen-mit-hunden\\\/#primaryimage\"},\"thumbnailUrl\":\"https:\\\/\\\/ahorn-camp.de\\\/wp-content\\\/uploads\\\/2022\\\/01\\\/Aussenbild-mit-Hund-scaled.jpeg\",\"articleSection\":[\"Blog\"],\"inLanguage\":\"es\"},{\"@type\":\"WebPage\",\"@id\":\"https:\\\/\\\/ahorn-camp.de\\\/campen-mit-hunden\\\/\",\"url\":\"https:\\\/\\\/ahorn-camp.de\\\/campen-mit-hunden\\\/\",\"name\":\"Campen mit Hunden\",\"isPartOf\":{\"@id\":\"https:\\\/\\\/ahorn-camp.de\\\/#website\"},\"primaryImageOfPage\":{\"@id\":\"https:\\\/\\\/ahorn-camp.de\\\/campen-mit-hunden\\\/#primaryimage\"},\"image\":{\"@id\":\"https:\\\/\\\/ahorn-camp.de\\\/campen-mit-hunden\\\/#primaryimage\"},\"thumbnailUrl\":\"https:\\\/\\\/ahorn-camp.de\\\/wp-content\\\/uploads\\\/2022\\\/01\\\/Aussenbild-mit-Hund-scaled.jpeg\",\"datePublished\":\"2022-01-11T09:21:06+00:00\",\"dateModified\":\"2024-09-24T08:37:24+00:00\",\"description\":\"Campen mit Hunden leicht gemacht. Wir zeigen Ihnen wie Sie unkompliziert mit Ihrem liebsten Haustier verreisen k\u00f6nnen.\",\"breadcrumb\":{\"@id\":\"https:\\\/\\\/ahorn-camp.de\\\/campen-mit-hunden\\\/#breadcrumb\"},\"inLanguage\":\"es\",\"potentialAction\":[{\"@type\":\"ReadAction\",\"target\":[\"https:\\\/\\\/ahorn-camp.de\\\/campen-mit-hunden\\\/\"]}]},{\"@type\":\"ImageObject\",\"inLanguage\":\"es\",\"@id\":\"https:\\\/\\\/ahorn-camp.de\\\/campen-mit-hunden\\\/#primaryimage\",\"url\":\"https:\\\/\\\/ahorn-camp.de\\\/wp-content\\\/uploads\\\/2022\\\/01\\\/Aussenbild-mit-Hund-scaled.jpeg\",\"contentUrl\":\"https:\\\/\\\/ahorn-camp.de\\\/wp-content\\\/uploads\\\/2022\\\/01\\\/Aussenbild-mit-Hund-scaled.jpeg\",\"width\":2560,\"height\":1440,\"caption\":\"Ahorn Camp\"},{\"@type\":\"BreadcrumbList\",\"@id\":\"https:\\\/\\\/ahorn-camp.de\\\/campen-mit-hunden\\\/#breadcrumb\",\"itemListElement\":[{\"@type\":\"ListItem\",\"position\":1,\"name\":\"Startseite\",\"item\":\"https:\\\/\\\/ahorn-camp.de\\\/\"},{\"@type\":\"ListItem\",\"position\":2,\"name\":\"Campen mit Hunden\"}]},{\"@type\":\"WebSite\",\"@id\":\"https:\\\/\\\/ahorn-camp.de\\\/#website\",\"url\":\"https:\\\/\\\/ahorn-camp.de\\\/\",\"name\":\"Ahorn Camp | Reisemobile und Kastenwagen\",\"description\":\"Seit \u00fcber 30 Jahren vermarktet das Familienunternehmen, Ahorn Camp in Speyer, erfolgreich Wohnmobile und Kastenwagen zum besten Preis-Leistungsverh\u00e4ltnis.\",\"publisher\":{\"@id\":\"https:\\\/\\\/ahorn-camp.de\\\/#organization\"},\"potentialAction\":[{\"@type\":\"SearchAction\",\"target\":{\"@type\":\"EntryPoint\",\"urlTemplate\":\"https:\\\/\\\/ahorn-camp.de\\\/?s={search_term_string}\"},\"query-input\":{\"@type\":\"PropertyValueSpecification\",\"valueRequired\":true,\"valueName\":\"search_term_string\"}}],\"inLanguage\":\"es\"},{\"@type\":\"Organization\",\"@id\":\"https:\\\/\\\/ahorn-camp.de\\\/#organization\",\"name\":\"Ahorn Camp GmbH & Co. KG\",\"url\":\"https:\\\/\\\/ahorn-camp.de\\\/\",\"logo\":{\"@type\":\"ImageObject\",\"inLanguage\":\"es\",\"@id\":\"https:\\\/\\\/ahorn-camp.de\\\/#\\\/schema\\\/logo\\\/image\\\/\",\"url\":\"https:\\\/\\\/ahorn-camp.de\\\/wp-content\\\/uploads\\\/2018\\\/12\\\/Ahorn_Logo.jpg\",\"contentUrl\":\"https:\\\/\\\/ahorn-camp.de\\\/wp-content\\\/uploads\\\/2018\\\/12\\\/Ahorn_Logo.jpg\",\"width\":1437,\"height\":1000,\"caption\":\"Ahorn Camp GmbH & Co. KG\"},\"image\":{\"@id\":\"https:\\\/\\\/ahorn-camp.de\\\/#\\\/schema\\\/logo\\\/image\\\/\"},\"sameAs\":[\"https:\\\/\\\/www.facebook.com\\\/ahorn.wohnmobile\\\/\",\"https:\\\/\\\/www.instagram.com\\\/ahorn.camp\\\/\",\"https:\\\/\\\/www.youtube.com\\\/channel\\\/UCPFbPCts1JJ_A1k9vyH0yOQ\"]},{\"@type\":\"Person\",\"@id\":\"https:\\\/\\\/ahorn-camp.de\\\/#\\\/schema\\\/person\\\/9b60761ba82d5cb8e6db215a88925044\",\"name\":\"ahorn_admin\",\"image\":{\"@type\":\"ImageObject\",\"inLanguage\":\"es\",\"@id\":\"https:\\\/\\\/secure.gravatar.com\\\/avatar\\\/d96b9a078083b0c14cee48589feadd939c3cdd66547e2f3f1569470371daaaa5?s=96&d=mm&r=g\",\"url\":\"https:\\\/\\\/secure.gravatar.com\\\/avatar\\\/d96b9a078083b0c14cee48589feadd939c3cdd66547e2f3f1569470371daaaa5?s=96&d=mm&r=g\",\"contentUrl\":\"https:\\\/\\\/secure.gravatar.com\\\/avatar\\\/d96b9a078083b0c14cee48589feadd939c3cdd66547e2f3f1569470371daaaa5?s=96&d=mm&r=g\",\"caption\":\"ahorn_admin\"},\"sameAs\":[\"http:\\\/\\\/Ahorn%20Camp\"],\"url\":\"https:\\\/\\\/ahorn-camp.de\\\/es\\\/author\\\/ahorn_admin\\\/\"}]}<\/script>\n<!-- \/ Yoast SEO plugin. -->","yoast_head_json":{"title":"Acampar con perros","description":"Camping con perros facilitado. Te mostramos c\u00f3mo viajar sin complicaciones con tu mascota favorita.","robots":{"index":"index","follow":"follow","max-snippet":"max-snippet:-1","max-image-preview":"max-image-preview:large","max-video-preview":"max-video-preview:-1"},"canonical":"https:\/\/ahorn-camp.de\/es\/acampar-con-perros\/","og_locale":"es_ES","og_type":"article","og_title":"Campen mit Hunden","og_description":"Campen mit Hunden leicht gemacht. Wir zeigen Ihnen wie Sie unkompliziert mit Ihrem liebsten Haustier verreisen k\u00f6nnen.","og_url":"https:\/\/ahorn-camp.de\/es\/acampar-con-perros\/","og_site_name":"Ahorn Camp | Reisemobile und Kastenwagen","article_publisher":"https:\/\/www.facebook.com\/ahorn.wohnmobile\/","article_published_time":"2022-01-11T09:21:06+00:00","article_modified_time":"2024-09-24T08:37:24+00:00","og_image":[{"width":2560,"height":1440,"url":"https:\/\/ahorn-camp.de\/wp-content\/uploads\/2022\/01\/Aussenbild-mit-Hund-scaled.jpeg","type":"image\/jpeg"}],"author":"ahorn_admin","twitter_card":"summary_large_image","twitter_misc":{"Escrito por":"ahorn_admin","Tiempo de lectura":"6 minutos"},"schema":{"@context":"https:\/\/schema.org","@graph":[{"@type":"Article","@id":"https:\/\/ahorn-camp.de\/campen-mit-hunden\/#article","isPartOf":{"@id":"https:\/\/ahorn-camp.de\/campen-mit-hunden\/"},"author":{"name":"ahorn_admin","@id":"https:\/\/ahorn-camp.de\/#\/schema\/person\/9b60761ba82d5cb8e6db215a88925044"},"headline":"Campen mit Hunden","datePublished":"2022-01-11T09:21:06+00:00","dateModified":"2024-09-24T08:37:24+00:00","mainEntityOfPage":{"@id":"https:\/\/ahorn-camp.de\/campen-mit-hunden\/"},"wordCount":1094,"publisher":{"@id":"https:\/\/ahorn-camp.de\/#organization"},"image":{"@id":"https:\/\/ahorn-camp.de\/campen-mit-hunden\/#primaryimage"},"thumbnailUrl":"https:\/\/ahorn-camp.de\/wp-content\/uploads\/2022\/01\/Aussenbild-mit-Hund-scaled.jpeg","articleSection":["Blog"],"inLanguage":"es"},{"@type":"WebPage","@id":"https:\/\/ahorn-camp.de\/campen-mit-hunden\/","url":"https:\/\/ahorn-camp.de\/campen-mit-hunden\/","name":"Acampar con perros","isPartOf":{"@id":"https:\/\/ahorn-camp.de\/#website"},"primaryImageOfPage":{"@id":"https:\/\/ahorn-camp.de\/campen-mit-hunden\/#primaryimage"},"image":{"@id":"https:\/\/ahorn-camp.de\/campen-mit-hunden\/#primaryimage"},"thumbnailUrl":"https:\/\/ahorn-camp.de\/wp-content\/uploads\/2022\/01\/Aussenbild-mit-Hund-scaled.jpeg","datePublished":"2022-01-11T09:21:06+00:00","dateModified":"2024-09-24T08:37:24+00:00","description":"Camping con perros facilitado. Te mostramos c\u00f3mo viajar sin complicaciones con tu mascota favorita.","breadcrumb":{"@id":"https:\/\/ahorn-camp.de\/campen-mit-hunden\/#breadcrumb"},"inLanguage":"es","potentialAction":[{"@type":"ReadAction","target":["https:\/\/ahorn-camp.de\/campen-mit-hunden\/"]}]},{"@type":"ImageObject","inLanguage":"es","@id":"https:\/\/ahorn-camp.de\/campen-mit-hunden\/#primaryimage","url":"https:\/\/ahorn-camp.de\/wp-content\/uploads\/2022\/01\/Aussenbild-mit-Hund-scaled.jpeg","contentUrl":"https:\/\/ahorn-camp.de\/wp-content\/uploads\/2022\/01\/Aussenbild-mit-Hund-scaled.jpeg","width":2560,"height":1440,"caption":"Ahorn Camp"},{"@type":"BreadcrumbList","@id":"https:\/\/ahorn-camp.de\/campen-mit-hunden\/#breadcrumb","itemListElement":[{"@type":"ListItem","position":1,"name":"Startseite","item":"https:\/\/ahorn-camp.de\/"},{"@type":"ListItem","position":2,"name":"Campen mit Hunden"}]},{"@type":"WebSite","@id":"https:\/\/ahorn-camp.de\/#website","url":"https:\/\/ahorn-camp.de\/","name":"Ahorn Camp | Autocaravanas y furgonetas camper","description":"Desde hace m\u00e1s de 30 a\u00f1os, la empresa familiar, Ahorn Camp en Speyer, comercializa con \u00e9xito caravanas y furgonetas camper a la mejor relaci\u00f3n calidad-precio.","publisher":{"@id":"https:\/\/ahorn-camp.de\/#organization"},"potentialAction":[{"@type":"SearchAction","target":{"@type":"EntryPoint","urlTemplate":"https:\/\/ahorn-camp.de\/?s={search_term_string}"},"query-input":{"@type":"PropertyValueSpecification","valueRequired":true,"valueName":"search_term_string"}}],"inLanguage":"es"},{"@type":"Organization","@id":"https:\/\/ahorn-camp.de\/#organization","name":"Ahorn Camp GmbH &amp; Co. KG","url":"https:\/\/ahorn-camp.de\/","logo":{"@type":"ImageObject","inLanguage":"es","@id":"https:\/\/ahorn-camp.de\/#\/schema\/logo\/image\/","url":"https:\/\/ahorn-camp.de\/wp-content\/uploads\/2018\/12\/Ahorn_Logo.jpg","contentUrl":"https:\/\/ahorn-camp.de\/wp-content\/uploads\/2018\/12\/Ahorn_Logo.jpg","width":1437,"height":1000,"caption":"Ahorn Camp GmbH & Co. KG"},"image":{"@id":"https:\/\/ahorn-camp.de\/#\/schema\/logo\/image\/"},"sameAs":["https:\/\/www.facebook.com\/ahorn.wohnmobile\/","https:\/\/www.instagram.com\/ahorn.camp\/","https:\/\/www.youtube.com\/channel\/UCPFbPCts1JJ_A1k9vyH0yOQ"]},{"@type":"Person","@id":"https:\/\/ahorn-camp.de\/#\/schema\/person\/9b60761ba82d5cb8e6db215a88925044","name":"ahorn_admin","image":{"@type":"ImageObject","inLanguage":"es","@id":"https:\/\/secure.gravatar.com\/avatar\/d96b9a078083b0c14cee48589feadd939c3cdd66547e2f3f1569470371daaaa5?s=96&d=mm&r=g","url":"https:\/\/secure.gravatar.com\/avatar\/d96b9a078083b0c14cee48589feadd939c3cdd66547e2f3f1569470371daaaa5?s=96&d=mm&r=g","contentUrl":"https:\/\/secure.gravatar.com\/avatar\/d96b9a078083b0c14cee48589feadd939c3cdd66547e2f3f1569470371daaaa5?s=96&d=mm&r=g","caption":"ahorn_admin"},"sameAs":["http:\/\/Ahorn%20Camp"],"url":"https:\/\/ahorn-camp.de\/es\/author\/ahorn_admin\/"}]}},"_links":{"self":[{"href":"https:\/\/ahorn-camp.de\/es\/wp-json\/wp\/v2\/posts\/14647","targetHints":{"allow":["GET"]}}],"collection":[{"href":"https:\/\/ahorn-camp.de\/es\/wp-json\/wp\/v2\/posts"}],"about":[{"href":"https:\/\/ahorn-camp.de\/es\/wp-json\/wp\/v2\/types\/post"}],"author":[{"embeddable":true,"href":"https:\/\/ahorn-camp.de\/es\/wp-json\/wp\/v2\/users\/2"}],"replies":[{"embeddable":true,"href":"https:\/\/ahorn-camp.de\/es\/wp-json\/wp\/v2\/comments?post=14647"}],"version-history":[{"count":0,"href":"https:\/\/ahorn-camp.de\/es\/wp-json\/wp\/v2\/posts\/14647\/revisions"}],"wp:featuredmedia":[{"embeddable":true,"href":"https:\/\/ahorn-camp.de\/es\/wp-json\/wp\/v2\/media\/14657"}],"wp:attachment":[{"href":"https:\/\/ahorn-camp.de\/es\/wp-json\/wp\/v2\/media?parent=14647"}],"wp:term":[{"taxonomy":"category","embeddable":true,"href":"https:\/\/ahorn-camp.de\/es\/wp-json\/wp\/v2\/categories?post=14647"},{"taxonomy":"post_tag","embeddable":true,"href":"https:\/\/ahorn-camp.de\/es\/wp-json\/wp\/v2\/tags?post=14647"}],"curies":[{"name":"wp","href":"https:\/\/api.w.org\/{rel}","templated":true}]}}