{"id":10414,"date":"2021-01-19T11:54:51","date_gmt":"2021-01-19T10:54:51","guid":{"rendered":"https:\/\/ahorn-camp.de\/?p=10414"},"modified":"2024-02-16T15:37:59","modified_gmt":"2024-02-16T14:37:59","slug":"campinglife-30years","status":"publish","type":"post","link":"https:\/\/ahorn-camp.de\/es\/campinglife-30years\/","title":{"rendered":"Ahorn Camp Modelos especiales"},"content":{"rendered":"<p>&nbsp;<\/p>\n<p><span class=\"fontstyle0\"><a href=\"https:\/\/ahorn-camp.de\/wp-content\/uploads\/2021\/01\/Ahorn-Camp-30y.jpg\"><img fetchpriority=\"high\" decoding=\"async\" class=\"alignnone wp-image-10415 size-full\" src=\"https:\/\/ahorn-camp.de\/wp-content\/uploads\/2021\/01\/Ahorn-Camp-AutoZeitung-Camping-Life-Geburtstags-Edition.jpg\" alt=\"\" width=\"1000\" height=\"599\" srcset=\"https:\/\/ahorn-camp.de\/wp-content\/uploads\/2021\/01\/Ahorn-Camp-AutoZeitung-Camping-Life-Geburtstags-Edition.jpg 1000w, https:\/\/ahorn-camp.de\/wp-content\/uploads\/2021\/01\/Ahorn-Camp-AutoZeitung-Camping-Life-Geburtstags-Edition-300x180.jpg 300w, https:\/\/ahorn-camp.de\/wp-content\/uploads\/2021\/01\/Ahorn-Camp-AutoZeitung-Camping-Life-Geburtstags-Edition-768x460.jpg 768w, https:\/\/ahorn-camp.de\/wp-content\/uploads\/2021\/01\/Ahorn-Camp-AutoZeitung-Camping-Life-Geburtstags-Edition-800x479.jpg 800w, https:\/\/ahorn-camp.de\/wp-content\/uploads\/2021\/01\/Ahorn-Camp-AutoZeitung-Camping-Life-Geburtstags-Edition-762x456.jpg 762w\" sizes=\"(max-width: 1000px) 100vw, 1000px\" \/><\/a><\/span><\/p>\n<p>Das Ahorn Camp Editions-Paket zum 30-j\u00e4hrigen Jubil\u00e4um<\/p>\n<p><a href=\"https:\/\/ahorn-camp.de\/wp-content\/uploads\/2021\/01\/Ahorn-Camp-30y.jpg\">Leer el informe de prensa\u00a0<\/a><\/p>","protected":false},"excerpt":{"rendered":"<p>Enero 2021<br \/>\nEl paquete de edici\u00f3n Ahorn Camp del 30 aniversario.<br \/>\nVIDA DE ACAMPADA<\/p>","protected":false},"author":2,"featured_media":10415,"comment_status":"closed","ping_status":"closed","sticky":false,"template":"","format":"standard","meta":{"content-type":"","footnotes":""},"categories":[68],"tags":[],"class_list":["post-10414","post","type-post","status-publish","format-standard","has-post-thumbnail","hentry","category-fahrzeugberichte"],"yoast_head":"<!-- This site is optimized with the Yoast SEO plugin v27.5 - https:\/\/yoast.com\/product\/yoast-seo-wordpress\/ -->\n<title>Ahorn Camp Sondermodelle<\/title>\n<meta name=\"description\" content=\"Im Jahr 2021 wird Ahorn Camp 30 Jahre alt! Wir feiern zusammen das Jubili\u00e4um mit einem R\u00fcckblick mit der Familie Reichmann zusammen. Jetzt lesen\" \/>\n<meta name=\"robots\" content=\"index, follow, max-snippet:-1, max-image-preview:large, max-video-preview:-1\" \/>\n<link rel=\"canonical\" href=\"https:\/\/ahorn-camp.de\/es\/campinglife-30years\/\" \/>\n<meta property=\"og:locale\" content=\"es_ES\" \/>\n<meta property=\"og:type\" content=\"article\" \/>\n<meta property=\"og:title\" content=\"Ahorn Camp Sondermodelle\" \/>\n<meta property=\"og:description\" content=\"Im Jahr 2021 wird Ahorn Camp 30 Jahre alt! Wir feiern zusammen das Jubili\u00e4um mit einem R\u00fcckblick mit der Familie Reichmann zusammen. Jetzt lesen\" \/>\n<meta property=\"og:url\" content=\"https:\/\/ahorn-camp.de\/es\/campinglife-30years\/\" \/>\n<meta property=\"og:site_name\" content=\"Ahorn Camp | Reisemobile und Kastenwagen\" \/>\n<meta property=\"article:publisher\" content=\"https:\/\/www.facebook.com\/ahorn.wohnmobile\/\" \/>\n<meta property=\"article:published_time\" content=\"2021-01-19T10:54:51+00:00\" \/>\n<meta property=\"article:modified_time\" content=\"2024-02-16T14:37:59+00:00\" \/>\n<meta property=\"og:image\" content=\"https:\/\/ahorn-camp.de\/wp-content\/uploads\/2021\/01\/Ahorn-Camp-AutoZeitung-Camping-Life-Geburtstags-Edition.jpg\" \/>\n\t<meta property=\"og:image:width\" content=\"1000\" \/>\n\t<meta property=\"og:image:height\" content=\"599\" \/>\n\t<meta property=\"og:image:type\" content=\"image\/jpeg\" \/>\n<meta name=\"author\" content=\"ahorn_admin\" \/>\n<meta name=\"twitter:card\" content=\"summary_large_image\" \/>\n<meta name=\"twitter:label1\" content=\"Escrito por\" \/>\n\t<meta name=\"twitter:data1\" content=\"ahorn_admin\" \/>\n\t<meta name=\"twitter:label2\" content=\"Tiempo de lectura\" \/>\n\t<meta name=\"twitter:data2\" content=\"1 minuto\" \/>\n<script type=\"application\/ld+json\" class=\"yoast-schema-graph\">{\"@context\":\"https:\\\/\\\/schema.org\",\"@graph\":[{\"@type\":\"Article\",\"@id\":\"https:\\\/\\\/ahorn-camp.de\\\/campinglife-30years\\\/#article\",\"isPartOf\":{\"@id\":\"https:\\\/\\\/ahorn-camp.de\\\/campinglife-30years\\\/\"},\"author\":{\"name\":\"ahorn_admin\",\"@id\":\"https:\\\/\\\/ahorn-camp.de\\\/#\\\/schema\\\/person\\\/9b60761ba82d5cb8e6db215a88925044\"},\"headline\":\"Ahorn Camp Sondermodelle\",\"datePublished\":\"2021-01-19T10:54:51+00:00\",\"dateModified\":\"2024-02-16T14:37:59+00:00\",\"mainEntityOfPage\":{\"@id\":\"https:\\\/\\\/ahorn-camp.de\\\/campinglife-30years\\\/\"},\"wordCount\":15,\"publisher\":{\"@id\":\"https:\\\/\\\/ahorn-camp.de\\\/#organization\"},\"image\":{\"@id\":\"https:\\\/\\\/ahorn-camp.de\\\/campinglife-30years\\\/#primaryimage\"},\"thumbnailUrl\":\"https:\\\/\\\/ahorn-camp.de\\\/wp-content\\\/uploads\\\/2021\\\/01\\\/Ahorn-Camp-AutoZeitung-Camping-Life-Geburtstags-Edition.jpg\",\"articleSection\":[\"Fahrzeugberichte\"],\"inLanguage\":\"es\"},{\"@type\":\"WebPage\",\"@id\":\"https:\\\/\\\/ahorn-camp.de\\\/campinglife-30years\\\/\",\"url\":\"https:\\\/\\\/ahorn-camp.de\\\/campinglife-30years\\\/\",\"name\":\"Ahorn Camp Sondermodelle\",\"isPartOf\":{\"@id\":\"https:\\\/\\\/ahorn-camp.de\\\/#website\"},\"primaryImageOfPage\":{\"@id\":\"https:\\\/\\\/ahorn-camp.de\\\/campinglife-30years\\\/#primaryimage\"},\"image\":{\"@id\":\"https:\\\/\\\/ahorn-camp.de\\\/campinglife-30years\\\/#primaryimage\"},\"thumbnailUrl\":\"https:\\\/\\\/ahorn-camp.de\\\/wp-content\\\/uploads\\\/2021\\\/01\\\/Ahorn-Camp-AutoZeitung-Camping-Life-Geburtstags-Edition.jpg\",\"datePublished\":\"2021-01-19T10:54:51+00:00\",\"dateModified\":\"2024-02-16T14:37:59+00:00\",\"description\":\"Im Jahr 2021 wird Ahorn Camp 30 Jahre alt! Wir feiern zusammen das Jubili\u00e4um mit einem R\u00fcckblick mit der Familie Reichmann zusammen. Jetzt lesen\",\"breadcrumb\":{\"@id\":\"https:\\\/\\\/ahorn-camp.de\\\/campinglife-30years\\\/#breadcrumb\"},\"inLanguage\":\"es\",\"potentialAction\":[{\"@type\":\"ReadAction\",\"target\":[\"https:\\\/\\\/ahorn-camp.de\\\/campinglife-30years\\\/\"]}]},{\"@type\":\"ImageObject\",\"inLanguage\":\"es\",\"@id\":\"https:\\\/\\\/ahorn-camp.de\\\/campinglife-30years\\\/#primaryimage\",\"url\":\"https:\\\/\\\/ahorn-camp.de\\\/wp-content\\\/uploads\\\/2021\\\/01\\\/Ahorn-Camp-AutoZeitung-Camping-Life-Geburtstags-Edition.jpg\",\"contentUrl\":\"https:\\\/\\\/ahorn-camp.de\\\/wp-content\\\/uploads\\\/2021\\\/01\\\/Ahorn-Camp-AutoZeitung-Camping-Life-Geburtstags-Edition.jpg\",\"width\":1000,\"height\":599,\"caption\":\"AutoZeitung Bericht\"},{\"@type\":\"BreadcrumbList\",\"@id\":\"https:\\\/\\\/ahorn-camp.de\\\/campinglife-30years\\\/#breadcrumb\",\"itemListElement\":[{\"@type\":\"ListItem\",\"position\":1,\"name\":\"Startseite\",\"item\":\"https:\\\/\\\/ahorn-camp.de\\\/\"},{\"@type\":\"ListItem\",\"position\":2,\"name\":\"Ahorn Camp Sondermodelle\"}]},{\"@type\":\"WebSite\",\"@id\":\"https:\\\/\\\/ahorn-camp.de\\\/#website\",\"url\":\"https:\\\/\\\/ahorn-camp.de\\\/\",\"name\":\"Ahorn Camp | Reisemobile und Kastenwagen\",\"description\":\"Seit \u00fcber 30 Jahren vermarktet das Familienunternehmen, Ahorn Camp in Speyer, erfolgreich Wohnmobile und Kastenwagen zum besten Preis-Leistungsverh\u00e4ltnis.\",\"publisher\":{\"@id\":\"https:\\\/\\\/ahorn-camp.de\\\/#organization\"},\"potentialAction\":[{\"@type\":\"SearchAction\",\"target\":{\"@type\":\"EntryPoint\",\"urlTemplate\":\"https:\\\/\\\/ahorn-camp.de\\\/?s={search_term_string}\"},\"query-input\":{\"@type\":\"PropertyValueSpecification\",\"valueRequired\":true,\"valueName\":\"search_term_string\"}}],\"inLanguage\":\"es\"},{\"@type\":\"Organization\",\"@id\":\"https:\\\/\\\/ahorn-camp.de\\\/#organization\",\"name\":\"Ahorn Camp GmbH & Co. KG\",\"url\":\"https:\\\/\\\/ahorn-camp.de\\\/\",\"logo\":{\"@type\":\"ImageObject\",\"inLanguage\":\"es\",\"@id\":\"https:\\\/\\\/ahorn-camp.de\\\/#\\\/schema\\\/logo\\\/image\\\/\",\"url\":\"https:\\\/\\\/ahorn-camp.de\\\/wp-content\\\/uploads\\\/2018\\\/12\\\/Ahorn_Logo.jpg\",\"contentUrl\":\"https:\\\/\\\/ahorn-camp.de\\\/wp-content\\\/uploads\\\/2018\\\/12\\\/Ahorn_Logo.jpg\",\"width\":1437,\"height\":1000,\"caption\":\"Ahorn Camp GmbH & Co. KG\"},\"image\":{\"@id\":\"https:\\\/\\\/ahorn-camp.de\\\/#\\\/schema\\\/logo\\\/image\\\/\"},\"sameAs\":[\"https:\\\/\\\/www.facebook.com\\\/ahorn.wohnmobile\\\/\",\"https:\\\/\\\/www.instagram.com\\\/ahorn.camp\\\/\",\"https:\\\/\\\/www.youtube.com\\\/channel\\\/UCPFbPCts1JJ_A1k9vyH0yOQ\"]},{\"@type\":\"Person\",\"@id\":\"https:\\\/\\\/ahorn-camp.de\\\/#\\\/schema\\\/person\\\/9b60761ba82d5cb8e6db215a88925044\",\"name\":\"ahorn_admin\",\"image\":{\"@type\":\"ImageObject\",\"inLanguage\":\"es\",\"@id\":\"https:\\\/\\\/secure.gravatar.com\\\/avatar\\\/d96b9a078083b0c14cee48589feadd939c3cdd66547e2f3f1569470371daaaa5?s=96&d=mm&r=g\",\"url\":\"https:\\\/\\\/secure.gravatar.com\\\/avatar\\\/d96b9a078083b0c14cee48589feadd939c3cdd66547e2f3f1569470371daaaa5?s=96&d=mm&r=g\",\"contentUrl\":\"https:\\\/\\\/secure.gravatar.com\\\/avatar\\\/d96b9a078083b0c14cee48589feadd939c3cdd66547e2f3f1569470371daaaa5?s=96&d=mm&r=g\",\"caption\":\"ahorn_admin\"},\"sameAs\":[\"http:\\\/\\\/Ahorn%20Camp\"],\"url\":\"https:\\\/\\\/ahorn-camp.de\\\/es\\\/author\\\/ahorn_admin\\\/\"}]}<\/script>\n<!-- \/ Yoast SEO plugin. -->","yoast_head_json":{"title":"Ahorn Camp Modelos especiales","description":"Im Jahr 2021 wird Ahorn Camp 30 Jahre alt! Wir feiern zusammen das Jubili\u00e4um mit einem R\u00fcckblick mit der Familie Reichmann zusammen. Jetzt lesen","robots":{"index":"index","follow":"follow","max-snippet":"max-snippet:-1","max-image-preview":"max-image-preview:large","max-video-preview":"max-video-preview:-1"},"canonical":"https:\/\/ahorn-camp.de\/es\/campinglife-30years\/","og_locale":"es_ES","og_type":"article","og_title":"Ahorn Camp Sondermodelle","og_description":"Im Jahr 2021 wird Ahorn Camp 30 Jahre alt! Wir feiern zusammen das Jubili\u00e4um mit einem R\u00fcckblick mit der Familie Reichmann zusammen. Jetzt lesen","og_url":"https:\/\/ahorn-camp.de\/es\/campinglife-30years\/","og_site_name":"Ahorn Camp | Reisemobile und Kastenwagen","article_publisher":"https:\/\/www.facebook.com\/ahorn.wohnmobile\/","article_published_time":"2021-01-19T10:54:51+00:00","article_modified_time":"2024-02-16T14:37:59+00:00","og_image":[{"width":1000,"height":599,"url":"https:\/\/ahorn-camp.de\/wp-content\/uploads\/2021\/01\/Ahorn-Camp-AutoZeitung-Camping-Life-Geburtstags-Edition.jpg","type":"image\/jpeg"}],"author":"ahorn_admin","twitter_card":"summary_large_image","twitter_misc":{"Escrito por":"ahorn_admin","Tiempo de lectura":"1 minuto"},"schema":{"@context":"https:\/\/schema.org","@graph":[{"@type":"Article","@id":"https:\/\/ahorn-camp.de\/campinglife-30years\/#article","isPartOf":{"@id":"https:\/\/ahorn-camp.de\/campinglife-30years\/"},"author":{"name":"ahorn_admin","@id":"https:\/\/ahorn-camp.de\/#\/schema\/person\/9b60761ba82d5cb8e6db215a88925044"},"headline":"Ahorn Camp Sondermodelle","datePublished":"2021-01-19T10:54:51+00:00","dateModified":"2024-02-16T14:37:59+00:00","mainEntityOfPage":{"@id":"https:\/\/ahorn-camp.de\/campinglife-30years\/"},"wordCount":15,"publisher":{"@id":"https:\/\/ahorn-camp.de\/#organization"},"image":{"@id":"https:\/\/ahorn-camp.de\/campinglife-30years\/#primaryimage"},"thumbnailUrl":"https:\/\/ahorn-camp.de\/wp-content\/uploads\/2021\/01\/Ahorn-Camp-AutoZeitung-Camping-Life-Geburtstags-Edition.jpg","articleSection":["Fahrzeugberichte"],"inLanguage":"es"},{"@type":"WebPage","@id":"https:\/\/ahorn-camp.de\/campinglife-30years\/","url":"https:\/\/ahorn-camp.de\/campinglife-30years\/","name":"Ahorn Camp Modelos especiales","isPartOf":{"@id":"https:\/\/ahorn-camp.de\/#website"},"primaryImageOfPage":{"@id":"https:\/\/ahorn-camp.de\/campinglife-30years\/#primaryimage"},"image":{"@id":"https:\/\/ahorn-camp.de\/campinglife-30years\/#primaryimage"},"thumbnailUrl":"https:\/\/ahorn-camp.de\/wp-content\/uploads\/2021\/01\/Ahorn-Camp-AutoZeitung-Camping-Life-Geburtstags-Edition.jpg","datePublished":"2021-01-19T10:54:51+00:00","dateModified":"2024-02-16T14:37:59+00:00","description":"Im Jahr 2021 wird Ahorn Camp 30 Jahre alt! Wir feiern zusammen das Jubili\u00e4um mit einem R\u00fcckblick mit der Familie Reichmann zusammen. Jetzt lesen","breadcrumb":{"@id":"https:\/\/ahorn-camp.de\/campinglife-30years\/#breadcrumb"},"inLanguage":"es","potentialAction":[{"@type":"ReadAction","target":["https:\/\/ahorn-camp.de\/campinglife-30years\/"]}]},{"@type":"ImageObject","inLanguage":"es","@id":"https:\/\/ahorn-camp.de\/campinglife-30years\/#primaryimage","url":"https:\/\/ahorn-camp.de\/wp-content\/uploads\/2021\/01\/Ahorn-Camp-AutoZeitung-Camping-Life-Geburtstags-Edition.jpg","contentUrl":"https:\/\/ahorn-camp.de\/wp-content\/uploads\/2021\/01\/Ahorn-Camp-AutoZeitung-Camping-Life-Geburtstags-Edition.jpg","width":1000,"height":599,"caption":"AutoZeitung Bericht"},{"@type":"BreadcrumbList","@id":"https:\/\/ahorn-camp.de\/campinglife-30years\/#breadcrumb","itemListElement":[{"@type":"ListItem","position":1,"name":"Startseite","item":"https:\/\/ahorn-camp.de\/"},{"@type":"ListItem","position":2,"name":"Ahorn Camp Sondermodelle"}]},{"@type":"WebSite","@id":"https:\/\/ahorn-camp.de\/#website","url":"https:\/\/ahorn-camp.de\/","name":"Ahorn Camp | Autocaravanas y furgonetas camper","description":"Desde hace m\u00e1s de 30 a\u00f1os, la empresa familiar, Ahorn Camp en Speyer, comercializa con \u00e9xito caravanas y furgonetas camper a la mejor relaci\u00f3n calidad-precio.","publisher":{"@id":"https:\/\/ahorn-camp.de\/#organization"},"potentialAction":[{"@type":"SearchAction","target":{"@type":"EntryPoint","urlTemplate":"https:\/\/ahorn-camp.de\/?s={search_term_string}"},"query-input":{"@type":"PropertyValueSpecification","valueRequired":true,"valueName":"search_term_string"}}],"inLanguage":"es"},{"@type":"Organization","@id":"https:\/\/ahorn-camp.de\/#organization","name":"Ahorn Camp GmbH &amp; Co. KG","url":"https:\/\/ahorn-camp.de\/","logo":{"@type":"ImageObject","inLanguage":"es","@id":"https:\/\/ahorn-camp.de\/#\/schema\/logo\/image\/","url":"https:\/\/ahorn-camp.de\/wp-content\/uploads\/2018\/12\/Ahorn_Logo.jpg","contentUrl":"https:\/\/ahorn-camp.de\/wp-content\/uploads\/2018\/12\/Ahorn_Logo.jpg","width":1437,"height":1000,"caption":"Ahorn Camp GmbH & Co. KG"},"image":{"@id":"https:\/\/ahorn-camp.de\/#\/schema\/logo\/image\/"},"sameAs":["https:\/\/www.facebook.com\/ahorn.wohnmobile\/","https:\/\/www.instagram.com\/ahorn.camp\/","https:\/\/www.youtube.com\/channel\/UCPFbPCts1JJ_A1k9vyH0yOQ"]},{"@type":"Person","@id":"https:\/\/ahorn-camp.de\/#\/schema\/person\/9b60761ba82d5cb8e6db215a88925044","name":"ahorn_admin","image":{"@type":"ImageObject","inLanguage":"es","@id":"https:\/\/secure.gravatar.com\/avatar\/d96b9a078083b0c14cee48589feadd939c3cdd66547e2f3f1569470371daaaa5?s=96&d=mm&r=g","url":"https:\/\/secure.gravatar.com\/avatar\/d96b9a078083b0c14cee48589feadd939c3cdd66547e2f3f1569470371daaaa5?s=96&d=mm&r=g","contentUrl":"https:\/\/secure.gravatar.com\/avatar\/d96b9a078083b0c14cee48589feadd939c3cdd66547e2f3f1569470371daaaa5?s=96&d=mm&r=g","caption":"ahorn_admin"},"sameAs":["http:\/\/Ahorn%20Camp"],"url":"https:\/\/ahorn-camp.de\/es\/author\/ahorn_admin\/"}]}},"_links":{"self":[{"href":"https:\/\/ahorn-camp.de\/es\/wp-json\/wp\/v2\/posts\/10414","targetHints":{"allow":["GET"]}}],"collection":[{"href":"https:\/\/ahorn-camp.de\/es\/wp-json\/wp\/v2\/posts"}],"about":[{"href":"https:\/\/ahorn-camp.de\/es\/wp-json\/wp\/v2\/types\/post"}],"author":[{"embeddable":true,"href":"https:\/\/ahorn-camp.de\/es\/wp-json\/wp\/v2\/users\/2"}],"replies":[{"embeddable":true,"href":"https:\/\/ahorn-camp.de\/es\/wp-json\/wp\/v2\/comments?post=10414"}],"version-history":[{"count":0,"href":"https:\/\/ahorn-camp.de\/es\/wp-json\/wp\/v2\/posts\/10414\/revisions"}],"wp:featuredmedia":[{"embeddable":true,"href":"https:\/\/ahorn-camp.de\/es\/wp-json\/wp\/v2\/media\/10415"}],"wp:attachment":[{"href":"https:\/\/ahorn-camp.de\/es\/wp-json\/wp\/v2\/media?parent=10414"}],"wp:term":[{"taxonomy":"category","embeddable":true,"href":"https:\/\/ahorn-camp.de\/es\/wp-json\/wp\/v2\/categories?post=10414"},{"taxonomy":"post_tag","embeddable":true,"href":"https:\/\/ahorn-camp.de\/es\/wp-json\/wp\/v2\/tags?post=10414"}],"curies":[{"name":"wp","href":"https:\/\/api.w.org\/{rel}","templated":true}]}}